{"id":3797,"date":"2020-07-28T22:38:05","date_gmt":"2020-07-28T20:38:05","guid":{"rendered":"http:\/\/www.italiaeconomiaonline.it\/web\/?p=3797"},"modified":"2020-07-28T22:38:05","modified_gmt":"2020-07-28T20:38:05","slug":"pensioni-ganga-cisl-positivo-incontro-con-catalfo","status":"publish","type":"post","link":"https:\/\/www.italiaeconomiaonline.it\/web\/pensioni-ganga-cisl-positivo-incontro-con-catalfo\/","title":{"rendered":"Pensioni, Ganga (Cisl) : positivo incontro con Catalfo"},"content":{"rendered":"<p><span class=\"dropcap dropcap3\">I<\/span>l video incontro di <a class=\"matchTooltip\">oggi<\/a> con la Ministra del lavoro Nunzia Catalfo sulla previdenza \u00e8 stato positivo anche se interlocutorio&#8221;. Lo dichiara in una nota il Segretario confederale della Cisl, Ignazio Ganga, che ha partecipato per la Cisl all&#8217; incontro con il Ministro Catalfo.<\/p>\n<p>&#8220;E&#8217; stato condiviso un percorso per la prosecuzione del confronto che si svilupper\u00e0 all&#8217;inizio di settembre con due appuntamenti: uno focalizzato sui temi di maggiore urgenza che dovranno trovare risposta gi\u00e0 nella prossima legge di bilancio anche rispetto a provvedimenti importanti che sono in scadenza, come ad esempio l&#8217;Ape sociale di cui chiediamo la stabilizzazione e l&#8217;ampliamento; un altro, invece, riguarder\u00e0 altre questioni di pi\u00f9 ampio respiro contenute nella piattaforma sindacale unitaria per una riforma complessiva del sistema previdenziale da \u00a0attuare a partire dal 2022. La crisi sanitaria determinata dal Covid-19 ha bruscamente prodotto nuove e gravi \u00a0emergenze sociali in un contesto economico da tempo in stallo.<\/p>\n<p>In questa situazione la priorit\u00e0 deve essere data senza dubbio allo sviluppo e al lavoro ma al contempo l&#8217;importanza dello stato sociale quale strumento fondamentale per sostenere la coesione sociale e la democrazia del nostro Paese \u00e8 emersa con forza. Finalmente anche l&#8217;Europa ha preso atto nei giorni scorsi della intrinseca debolezza di un approccio che guardi alla finanza pubblica solo nella prospettiva \u00a0dell&#8217;equilibrio di bilancio e sembra finalmente aver voltato pagina verso una visione di pi\u00f9 lungo respiro. In tale contesto tuttavia sono riemerse critiche, decisamente strumentali, al nostro sistema di previdenza tacciato di essere &#8220;troppo generoso&#8221;.<\/p>\n<p>La CISL respinge questa valutazione e la respinge anche rispetto a &#8220;quota 100&#8221;, misura che deve essere confermata fino alla sua naturale scadenza a dicembre 2021 e su questo punto la Ministra Catalfo ha confermato la volont\u00e0 di non modificarla. Bisogna sottolineare che sono stati spese molte meno risorse del previsto e &#8220;quota 100&#8221; \u00e8 stata chiesta da molti lavoratori non per &#8220;capriccio&#8221; ma perch\u00e8 che si sono ritrovati senza reddito da lavoro. Oltre &#8220;quota 100&#8243;, i temi della piattaforma sindacale unitaria sulla previdenza rimangono tutti validi.<\/p>\n<p>Abbiamo sottolineato l&#8217;urgenza di attivare la Commissione di studio sulla spesa previdenziale e assistenziale anche per scongiurare strumentalizzazioni e false notizie e la Commissione sui lavori gravosi. E&#8217; necessaria una maggiore flessibilit\u00e0 nell&#8217;accesso alla pensione, il superamento dell&#8217;automatisto dell&#8217;aspettativa di vita applicato ai requisiti per la pensione e la correzione degli aspetti pi\u00f9 iniqui del sistema previdenziale.<\/p>\n<p>E&#8217; importante sostenere la previdenza delle donne, costruire una pensione contributiva di garanzia per chi ha carriere discontinue con basse retribuzioni, tutelare il potere di acquisto dei pensionati con misure atte a contenere gli effetti del calo del PIL e ampliare la cosiddetta quttordicesima. Anche la previdenza complementare, in particolare quella di matrice negoziale merita attenzione e deve essere incentivata rispetto alle potenzialit\u00e0 che potrebbe esprimere in riferimento agli investimenti in economia reale.<\/p>\n<p>Inoltre al Ministro abbiamo chiesto di risolvere definitivamente il problema degli esodati, quello relativo all&#8217;accesso alla pensione dei lavoratori in part-time verticale per i quali l&#8217;Italia \u00e8 stata condannata per discriminazione anni fa dalla Corte di Giustizia UE e dare attuazione alla riforma del Fondo Esattoriali tutelando adeguatamente questi lavoratori. Sar\u00e0 nostra cura continuare a vigilare affinch\u00e8 la disponibilit\u00e0 ministeriale si traduca in fatti concreti a partire dall\u2019atteso insediamento delle Commissioni&#8221;.<\/p>\n<p>&nbsp;<\/p>\n","protected":false},"excerpt":{"rendered":"<p>Il video incontro di oggi con la Ministra del lavoro Nunzia Catalfo sulla previdenza \u00e8 stato positivo anche se interlocutorio&#8221;. Lo dichiara in una nota il Segretario confederale della Cisl, Ignazio Ganga, che ha partecipato per la Cisl all&#8217; incontro con il Ministro Catalfo. &#8220;E&#8217; stato condiviso un percorso per la prosecuzione del confronto che [&hellip;]<\/p>\n","protected":false},"author":1,"featured_media":21,"comment_status":"closed","ping_status":"open","sticky":false,"template":"","format":"standard","meta":{"footnotes":""},"categories":[490],"tags":[],"yoast_head":"<!-- This site is optimized with the Yoast SEO plugin v22.2 - https:\/\/yoast.com\/wordpress\/plugins\/seo\/ -->\n<title>Pensioni, Ganga (Cisl) : positivo incontro con Catalfo -<\/title>\n<meta name=\"robots\" content=\"index, follow, max-snippet:-1, max-image-preview:large, max-video-preview:-1\" \/>\n<link rel=\"canonical\" href=\"https:\/\/www.italiaeconomiaonline.it\/web\/pensioni-ganga-cisl-positivo-incontro-con-catalfo\/\" \/>\n<meta property=\"og:locale\" content=\"it_IT\" \/>\n<meta property=\"og:type\" content=\"article\" \/>\n<meta property=\"og:title\" content=\"Pensioni, Ganga (Cisl) : positivo incontro con Catalfo -\" \/>\n<meta property=\"og:description\" content=\"Il video incontro di oggi con la Ministra del lavoro Nunzia Catalfo sulla previdenza \u00e8 stato positivo anche se interlocutorio&#8221;. Lo dichiara in una nota il Segretario confederale della Cisl, Ignazio Ganga, che ha partecipato per la Cisl all&#8217; incontro con il Ministro Catalfo. &#8220;E&#8217; stato condiviso un percorso per la prosecuzione del confronto che [&hellip;]\" \/>\n<meta property=\"og:url\" content=\"https:\/\/www.italiaeconomiaonline.it\/web\/pensioni-ganga-cisl-positivo-incontro-con-catalfo\/\" \/>\n<meta property=\"og:site_name\" content=\"ItaliaEconomiaOnline\" \/>\n<meta property=\"article:published_time\" content=\"2020-07-28T20:38:05+00:00\" \/>\n<meta property=\"og:image\" content=\"https:\/\/www.italiaeconomiaonline.it\/web\/wp-content\/uploads\/2018\/07\/p2-e1531909427362.jpg\" \/>\n\t<meta property=\"og:image:width\" content=\"1065\" \/>\n\t<meta property=\"og:image:height\" content=\"782\" \/>\n\t<meta property=\"og:image:type\" content=\"image\/jpeg\" \/>\n<meta name=\"author\" content=\"ladyitaliaeconomia\" \/>\n<meta name=\"twitter:card\" content=\"summary_large_image\" \/>\n<meta name=\"twitter:label1\" content=\"Scritto da\" \/>\n\t<meta name=\"twitter:data1\" content=\"ladyitaliaeconomia\" \/>\n\t<meta name=\"twitter:label2\" content=\"Tempo di lettura stimato\" \/>\n\t<meta name=\"twitter:data2\" content=\"3 minuti\" \/>\n<script type=\"application\/ld+json\" class=\"yoast-schema-graph\">{\"@context\":\"https:\/\/schema.org\",\"@graph\":[{\"@type\":\"WebPage\",\"@id\":\"https:\/\/www.italiaeconomiaonline.it\/web\/pensioni-ganga-cisl-positivo-incontro-con-catalfo\/\",\"url\":\"https:\/\/www.italiaeconomiaonline.it\/web\/pensioni-ganga-cisl-positivo-incontro-con-catalfo\/\",\"name\":\"Pensioni, Ganga (Cisl) : positivo incontro con Catalfo -\",\"isPartOf\":{\"@id\":\"https:\/\/www.italiaeconomiaonline.it\/web\/#website\"},\"primaryImageOfPage\":{\"@id\":\"https:\/\/www.italiaeconomiaonline.it\/web\/pensioni-ganga-cisl-positivo-incontro-con-catalfo\/#primaryimage\"},\"image\":{\"@id\":\"https:\/\/www.italiaeconomiaonline.it\/web\/pensioni-ganga-cisl-positivo-incontro-con-catalfo\/#primaryimage\"},\"thumbnailUrl\":\"https:\/\/www.italiaeconomiaonline.it\/web\/wp-content\/uploads\/2018\/07\/p2-e1531909427362.jpg\",\"datePublished\":\"2020-07-28T20:38:05+00:00\",\"dateModified\":\"2020-07-28T20:38:05+00:00\",\"author\":{\"@id\":\"https:\/\/www.italiaeconomiaonline.it\/web\/#\/schema\/person\/909a49cce752523b020fbc37d5ab1c31\"},\"breadcrumb\":{\"@id\":\"https:\/\/www.italiaeconomiaonline.it\/web\/pensioni-ganga-cisl-positivo-incontro-con-catalfo\/#breadcrumb\"},\"inLanguage\":\"it-IT\",\"potentialAction\":[{\"@type\":\"ReadAction\",\"target\":[\"https:\/\/www.italiaeconomiaonline.it\/web\/pensioni-ganga-cisl-positivo-incontro-con-catalfo\/\"]}]},{\"@type\":\"ImageObject\",\"inLanguage\":\"it-IT\",\"@id\":\"https:\/\/www.italiaeconomiaonline.it\/web\/pensioni-ganga-cisl-positivo-incontro-con-catalfo\/#primaryimage\",\"url\":\"https:\/\/www.italiaeconomiaonline.it\/web\/wp-content\/uploads\/2018\/07\/p2-e1531909427362.jpg\",\"contentUrl\":\"https:\/\/www.italiaeconomiaonline.it\/web\/wp-content\/uploads\/2018\/07\/p2-e1531909427362.jpg\",\"width\":1065,\"height\":782},{\"@type\":\"BreadcrumbList\",\"@id\":\"https:\/\/www.italiaeconomiaonline.it\/web\/pensioni-ganga-cisl-positivo-incontro-con-catalfo\/#breadcrumb\",\"itemListElement\":[{\"@type\":\"ListItem\",\"position\":1,\"name\":\"Home\",\"item\":\"https:\/\/www.italiaeconomiaonline.it\/web\/\"},{\"@type\":\"ListItem\",\"position\":2,\"name\":\"Pensioni, Ganga (Cisl) : positivo incontro con Catalfo\"}]},{\"@type\":\"WebSite\",\"@id\":\"https:\/\/www.italiaeconomiaonline.it\/web\/#website\",\"url\":\"https:\/\/www.italiaeconomiaonline.it\/web\/\",\"name\":\"ItaliaEconomiaOnline\",\"description\":\"Quotidiano Economico Online\",\"potentialAction\":[{\"@type\":\"SearchAction\",\"target\":{\"@type\":\"EntryPoint\",\"urlTemplate\":\"https:\/\/www.italiaeconomiaonline.it\/web\/?s={search_term_string}\"},\"query-input\":\"required name=search_term_string\"}],\"inLanguage\":\"it-IT\"},{\"@type\":\"Person\",\"@id\":\"https:\/\/www.italiaeconomiaonline.it\/web\/#\/schema\/person\/909a49cce752523b020fbc37d5ab1c31\",\"name\":\"ladyitaliaeconomia\",\"image\":{\"@type\":\"ImageObject\",\"inLanguage\":\"it-IT\",\"@id\":\"https:\/\/www.italiaeconomiaonline.it\/web\/#\/schema\/person\/image\/\",\"url\":\"https:\/\/secure.gravatar.com\/avatar\/cedca10ce7416a579b9fa6bce9c0a8f2?s=96&d=mm&r=g\",\"contentUrl\":\"https:\/\/secure.gravatar.com\/avatar\/cedca10ce7416a579b9fa6bce9c0a8f2?s=96&d=mm&r=g\",\"caption\":\"ladyitaliaeconomia\"},\"url\":\"https:\/\/www.italiaeconomiaonline.it\/web\/author\/ladyitaliaeconomia\/\"}]}<\/script>\n<!-- \/ Yoast SEO plugin. -->","yoast_head_json":{"title":"Pensioni, Ganga (Cisl) : positivo incontro con Catalfo -","robots":{"index":"index","follow":"follow","max-snippet":"max-snippet:-1","max-image-preview":"max-image-preview:large","max-video-preview":"max-video-preview:-1"},"canonical":"https:\/\/www.italiaeconomiaonline.it\/web\/pensioni-ganga-cisl-positivo-incontro-con-catalfo\/","og_locale":"it_IT","og_type":"article","og_title":"Pensioni, Ganga (Cisl) : positivo incontro con Catalfo -","og_description":"Il video incontro di oggi con la Ministra del lavoro Nunzia Catalfo sulla previdenza \u00e8 stato positivo anche se interlocutorio&#8221;. Lo dichiara in una nota il Segretario confederale della Cisl, Ignazio Ganga, che ha partecipato per la Cisl all&#8217; incontro con il Ministro Catalfo. &#8220;E&#8217; stato condiviso un percorso per la prosecuzione del confronto che [&hellip;]","og_url":"https:\/\/www.italiaeconomiaonline.it\/web\/pensioni-ganga-cisl-positivo-incontro-con-catalfo\/","og_site_name":"ItaliaEconomiaOnline","article_published_time":"2020-07-28T20:38:05+00:00","og_image":[{"width":1065,"height":782,"url":"https:\/\/www.italiaeconomiaonline.it\/web\/wp-content\/uploads\/2018\/07\/p2-e1531909427362.jpg","type":"image\/jpeg"}],"author":"ladyitaliaeconomia","twitter_card":"summary_large_image","twitter_misc":{"Scritto da":"ladyitaliaeconomia","Tempo di lettura stimato":"3 minuti"},"schema":{"@context":"https:\/\/schema.org","@graph":[{"@type":"WebPage","@id":"https:\/\/www.italiaeconomiaonline.it\/web\/pensioni-ganga-cisl-positivo-incontro-con-catalfo\/","url":"https:\/\/www.italiaeconomiaonline.it\/web\/pensioni-ganga-cisl-positivo-incontro-con-catalfo\/","name":"Pensioni, Ganga (Cisl) : positivo incontro con Catalfo -","isPartOf":{"@id":"https:\/\/www.italiaeconomiaonline.it\/web\/#website"},"primaryImageOfPage":{"@id":"https:\/\/www.italiaeconomiaonline.it\/web\/pensioni-ganga-cisl-positivo-incontro-con-catalfo\/#primaryimage"},"image":{"@id":"https:\/\/www.italiaeconomiaonline.it\/web\/pensioni-ganga-cisl-positivo-incontro-con-catalfo\/#primaryimage"},"thumbnailUrl":"https:\/\/www.italiaeconomiaonline.it\/web\/wp-content\/uploads\/2018\/07\/p2-e1531909427362.jpg","datePublished":"2020-07-28T20:38:05+00:00","dateModified":"2020-07-28T20:38:05+00:00","author":{"@id":"https:\/\/www.italiaeconomiaonline.it\/web\/#\/schema\/person\/909a49cce752523b020fbc37d5ab1c31"},"breadcrumb":{"@id":"https:\/\/www.italiaeconomiaonline.it\/web\/pensioni-ganga-cisl-positivo-incontro-con-catalfo\/#breadcrumb"},"inLanguage":"it-IT","potentialAction":[{"@type":"ReadAction","target":["https:\/\/www.italiaeconomiaonline.it\/web\/pensioni-ganga-cisl-positivo-incontro-con-catalfo\/"]}]},{"@type":"ImageObject","inLanguage":"it-IT","@id":"https:\/\/www.italiaeconomiaonline.it\/web\/pensioni-ganga-cisl-positivo-incontro-con-catalfo\/#primaryimage","url":"https:\/\/www.italiaeconomiaonline.it\/web\/wp-content\/uploads\/2018\/07\/p2-e1531909427362.jpg","contentUrl":"https:\/\/www.italiaeconomiaonline.it\/web\/wp-content\/uploads\/2018\/07\/p2-e1531909427362.jpg","width":1065,"height":782},{"@type":"BreadcrumbList","@id":"https:\/\/www.italiaeconomiaonline.it\/web\/pensioni-ganga-cisl-positivo-incontro-con-catalfo\/#breadcrumb","itemListElement":[{"@type":"ListItem","position":1,"name":"Home","item":"https:\/\/www.italiaeconomiaonline.it\/web\/"},{"@type":"ListItem","position":2,"name":"Pensioni, Ganga (Cisl) : positivo incontro con Catalfo"}]},{"@type":"WebSite","@id":"https:\/\/www.italiaeconomiaonline.it\/web\/#website","url":"https:\/\/www.italiaeconomiaonline.it\/web\/","name":"ItaliaEconomiaOnline","description":"Quotidiano Economico Online","potentialAction":[{"@type":"SearchAction","target":{"@type":"EntryPoint","urlTemplate":"https:\/\/www.italiaeconomiaonline.it\/web\/?s={search_term_string}"},"query-input":"required name=search_term_string"}],"inLanguage":"it-IT"},{"@type":"Person","@id":"https:\/\/www.italiaeconomiaonline.it\/web\/#\/schema\/person\/909a49cce752523b020fbc37d5ab1c31","name":"ladyitaliaeconomia","image":{"@type":"ImageObject","inLanguage":"it-IT","@id":"https:\/\/www.italiaeconomiaonline.it\/web\/#\/schema\/person\/image\/","url":"https:\/\/secure.gravatar.com\/avatar\/cedca10ce7416a579b9fa6bce9c0a8f2?s=96&d=mm&r=g","contentUrl":"https:\/\/secure.gravatar.com\/avatar\/cedca10ce7416a579b9fa6bce9c0a8f2?s=96&d=mm&r=g","caption":"ladyitaliaeconomia"},"url":"https:\/\/www.italiaeconomiaonline.it\/web\/author\/ladyitaliaeconomia\/"}]}},"_links":{"self":[{"href":"https:\/\/www.italiaeconomiaonline.it\/web\/wp-json\/wp\/v2\/posts\/3797"}],"collection":[{"href":"https:\/\/www.italiaeconomiaonline.it\/web\/wp-json\/wp\/v2\/posts"}],"about":[{"href":"https:\/\/www.italiaeconomiaonline.it\/web\/wp-json\/wp\/v2\/types\/post"}],"author":[{"embeddable":true,"href":"https:\/\/www.italiaeconomiaonline.it\/web\/wp-json\/wp\/v2\/users\/1"}],"replies":[{"embeddable":true,"href":"https:\/\/www.italiaeconomiaonline.it\/web\/wp-json\/wp\/v2\/comments?post=3797"}],"version-history":[{"count":1,"href":"https:\/\/www.italiaeconomiaonline.it\/web\/wp-json\/wp\/v2\/posts\/3797\/revisions"}],"predecessor-version":[{"id":3798,"href":"https:\/\/www.italiaeconomiaonline.it\/web\/wp-json\/wp\/v2\/posts\/3797\/revisions\/3798"}],"wp:featuredmedia":[{"embeddable":true,"href":"https:\/\/www.italiaeconomiaonline.it\/web\/wp-json\/wp\/v2\/media\/21"}],"wp:attachment":[{"href":"https:\/\/www.italiaeconomiaonline.it\/web\/wp-json\/wp\/v2\/media?parent=3797"}],"wp:term":[{"taxonomy":"category","embeddable":true,"href":"https:\/\/www.italiaeconomiaonline.it\/web\/wp-json\/wp\/v2\/categories?post=3797"},{"taxonomy":"post_tag","embeddable":true,"href":"https:\/\/www.italiaeconomiaonline.it\/web\/wp-json\/wp\/v2\/tags?post=3797"}],"curies":[{"name":"wp","href":"https:\/\/api.w.org\/{rel}","templated":true}]}}