{"id":3801,"date":"2020-07-29T15:14:02","date_gmt":"2020-07-29T13:14:02","guid":{"rendered":"http:\/\/www.italiaeconomiaonline.it\/web\/?p=3801"},"modified":"2020-07-29T15:14:02","modified_gmt":"2020-07-29T13:14:02","slug":"inps-banca-ditalia-a-marzo-e-aprile-cassa-integrazione-per-piu-della-meta-delle-imprese","status":"publish","type":"post","link":"https:\/\/www.italiaeconomiaonline.it\/web\/inps-banca-ditalia-a-marzo-e-aprile-cassa-integrazione-per-piu-della-meta-delle-imprese\/","title":{"rendered":"Inps- Banca d\u2019Italia: a marzo e aprile cassa integrazione per pi\u00f9 della met\u00e0 delle imprese"},"content":{"rendered":"<p><span class=\"dropcap dropcap3\">N<\/span>ei mesi di marzo e aprile oltre la met\u00e0 delle imprese italiane ha fatto uso della CIG-Covid. La cassa integrazione ha riguardato quasi il 40% dei dipendenti del settore privato.<\/p>\n<p>\u00c8 quanto emerge dallo studio \u201cLe imprese e i lavoratori in cassa integrazione Covid nei mesi di marzo e aprile\u201d, effettuato dalla Direzione Centrale Studi e Ricerche dell\u2019Inps in collaborazione con la Banca d\u2019Italia, e pubblicato nella sezione del sito Inps \u201cStudi e Analisi\u201d.<\/p>\n<p>Ogni impresa in CIG-Covid ha risparmiato circa 1.100 euro per dipendente presente in azienda (a prescindere dall\u2019incidenza dei lavoratori in CIG). Tra le imprese pi\u00f9 piccole, che hanno utilizzato prevalentemente la CIG-Covid in deroga, l\u2019importo medio risparmiato grazie alla riduzione dell\u2019orario di lavoro \u00e8 stato pari a 3.900 euro nel bimestre. Le imprese pi\u00f9 grandi del settore dei servizi, che hanno fruito dell\u2019assegno ordinario Covid, hanno risparmiato in media quasi 24.000 euro.<\/p>\n<p>Per le imprese della manifattura, che ricorrono prevalentemente alla CIG ordinaria Covid, il risparmio \u00e8 stato di circa 21.000 euro.<\/p>\n<p>In media, ogni lavoratore in CIG-Covid ha subito una riduzione oraria di 156 ore, il 90 per cento dell\u2019orario mensile di lavoro a tempo pieno (pari a 173 ore in marzo e aprile), perdendo, secondo le attuali stime, il 27,3% del proprio reddito lordo mensile.<br \/>\nL\u2019utilizzo della CIG-Covid \u00e8 risultato pi\u00f9 elevato nei settori con una dinamica pi\u00f9 sfavorevole dell\u2019attivit\u00e0 in seguito allo scoppio della pandemia.<\/p>\n<p>I settori con alta incidenza di attivit\u00e0 definite \u201cnon essenziali\u201d, cio\u00e8 sottoposte a lockdown in marzo e aprile, hanno fatto un ricorso pi\u00f9 generalizzato alla CIG-Covid e meno correlato ai cambiamenti dell\u2019evoluzione ciclica determinati dalla crisi. Anche in settori in cui i livelli produttivi o il fatturato non sono diminuiti rispetto al periodo precedente la pandemia, l\u2019utilizzo della CIG-Covid ha coinvolto una quota significativa di imprese (circa il 20% nella manifattura e il 30% nei servizi).<\/p>\n<p>La quota di imprese che ha fatto ricorso alla CIG-Covid \u00e8 pari al 45% nel Nord Est, al 48% nel Nord Ovest, al 52% nel Centro e al 55% nel Mezzogiorno. Buona parte delle differenze tra macroaree \u00e8 spiegata da eterogeneit\u00e0 nelle caratteristiche delle imprese, con riferimento in modo particolare al settore di attivit\u00e0, relativamente pi\u00f9 sbilanciato nel Mezzogiorno a favore dei settori dell\u2019alloggio e della ristorazione, delle costruzioni e del commercio al dettaglio non alimentare, che hanno maggiormente subito le conseguenze della crisi.<\/p>\n<p>Nello studio si analizzano i dati relativi all\u2019effettivo utilizzo, nei mesi di marzo e aprile, degli strumenti di integrazione salariale in costanza di rapporto di lavoro, cos\u00ec come modificati dal decreto Cura Italia (DL n.18\/2020). L\u2019analisi \u00e8 basata sui microdati presenti nell\u2019archivio dell\u2019Inps e si riferisce a tutti gli strumenti di integrazione salariale previsti per fronteggiare l\u2019emergenza sanitaria Covid: Cassa integrazione guadagni (CIG) ordinaria, assegni dei Fondi di solidariet\u00e0 e del Fondo di integrazione salariale (FIS) e CIG in deroga, sia pagati direttamente dall\u2019INPS sia portati a conguaglio dalle imprese.<\/p>\n<p>I dati, aggiornati al 15 luglio, si riferiscono al mese di competenza del pagamento, cio\u00e8 al periodo nel quale i lavoratori sono stati sottoposti alla riduzione dell\u2019orario di lavoro e non al mese in cui la CIG-Covid \u00e8 stata autorizzata dall\u2019INPS: il decreto Cura Italia ha infatti riconosciuto alle imprese la facolt\u00e0 di richiedere l\u2019autorizzazione all\u2019uso della CIG-Covid anche in un momento successivo all\u2019effettivo utilizzo degli strumenti di integrazione salariale.<\/p>\n<p>Ci\u00f2 comporta che i dati commentati non possano essere ancora considerati come definitivi<\/p>\n","protected":false},"excerpt":{"rendered":"<p>Nei mesi di marzo e aprile oltre la met\u00e0 delle imprese italiane ha fatto uso della CIG-Covid. La cassa integrazione ha riguardato quasi il 40% dei dipendenti del settore privato. \u00c8 quanto emerge dallo studio \u201cLe imprese e i lavoratori in cassa integrazione Covid nei mesi di marzo e aprile\u201d, effettuato dalla Direzione Centrale Studi [&hellip;]<\/p>\n","protected":false},"author":1,"featured_media":2259,"comment_status":"closed","ping_status":"open","sticky":false,"template":"","format":"standard","meta":{"footnotes":""},"categories":[28],"tags":[196,1201,1202,247],"yoast_head":"<!-- This site is optimized with the Yoast SEO plugin v22.2 - https:\/\/yoast.com\/wordpress\/plugins\/seo\/ -->\n<title>Inps- Banca d\u2019Italia: a marzo e aprile cassa integrazione per pi\u00f9 della met\u00e0 delle imprese -<\/title>\n<meta name=\"robots\" content=\"index, follow, max-snippet:-1, max-image-preview:large, max-video-preview:-1\" \/>\n<link rel=\"canonical\" href=\"https:\/\/www.italiaeconomiaonline.it\/web\/inps-banca-ditalia-a-marzo-e-aprile-cassa-integrazione-per-piu-della-meta-delle-imprese\/\" \/>\n<meta property=\"og:locale\" content=\"it_IT\" \/>\n<meta property=\"og:type\" content=\"article\" \/>\n<meta property=\"og:title\" content=\"Inps- Banca d\u2019Italia: a marzo e aprile cassa integrazione per pi\u00f9 della met\u00e0 delle imprese -\" \/>\n<meta property=\"og:description\" content=\"Nei mesi di marzo e aprile oltre la met\u00e0 delle imprese italiane ha fatto uso della CIG-Covid. La cassa integrazione ha riguardato quasi il 40% dei dipendenti del settore privato. \u00c8 quanto emerge dallo studio \u201cLe imprese e i lavoratori in cassa integrazione Covid nei mesi di marzo e aprile\u201d, effettuato dalla Direzione Centrale Studi [&hellip;]\" \/>\n<meta property=\"og:url\" content=\"https:\/\/www.italiaeconomiaonline.it\/web\/inps-banca-ditalia-a-marzo-e-aprile-cassa-integrazione-per-piu-della-meta-delle-imprese\/\" \/>\n<meta property=\"og:site_name\" content=\"ItaliaEconomiaOnline\" \/>\n<meta property=\"article:published_time\" content=\"2020-07-29T13:14:02+00:00\" \/>\n<meta property=\"og:image\" content=\"https:\/\/www.italiaeconomiaonline.it\/web\/wp-content\/uploads\/2020\/01\/lavoro-job-industria.png\" \/>\n\t<meta property=\"og:image:width\" content=\"930\" \/>\n\t<meta property=\"og:image:height\" content=\"554\" \/>\n\t<meta property=\"og:image:type\" content=\"image\/png\" \/>\n<meta name=\"author\" content=\"ladyitaliaeconomia\" \/>\n<meta name=\"twitter:card\" content=\"summary_large_image\" \/>\n<meta name=\"twitter:label1\" content=\"Scritto da\" \/>\n\t<meta name=\"twitter:data1\" content=\"ladyitaliaeconomia\" \/>\n\t<meta name=\"twitter:label2\" content=\"Tempo di lettura stimato\" \/>\n\t<meta name=\"twitter:data2\" content=\"3 minuti\" \/>\n<script type=\"application\/ld+json\" class=\"yoast-schema-graph\">{\"@context\":\"https:\/\/schema.org\",\"@graph\":[{\"@type\":\"WebPage\",\"@id\":\"https:\/\/www.italiaeconomiaonline.it\/web\/inps-banca-ditalia-a-marzo-e-aprile-cassa-integrazione-per-piu-della-meta-delle-imprese\/\",\"url\":\"https:\/\/www.italiaeconomiaonline.it\/web\/inps-banca-ditalia-a-marzo-e-aprile-cassa-integrazione-per-piu-della-meta-delle-imprese\/\",\"name\":\"Inps- Banca d\u2019Italia: a marzo e aprile cassa integrazione per pi\u00f9 della met\u00e0 delle imprese -\",\"isPartOf\":{\"@id\":\"https:\/\/www.italiaeconomiaonline.it\/web\/#website\"},\"primaryImageOfPage\":{\"@id\":\"https:\/\/www.italiaeconomiaonline.it\/web\/inps-banca-ditalia-a-marzo-e-aprile-cassa-integrazione-per-piu-della-meta-delle-imprese\/#primaryimage\"},\"image\":{\"@id\":\"https:\/\/www.italiaeconomiaonline.it\/web\/inps-banca-ditalia-a-marzo-e-aprile-cassa-integrazione-per-piu-della-meta-delle-imprese\/#primaryimage\"},\"thumbnailUrl\":\"https:\/\/www.italiaeconomiaonline.it\/web\/wp-content\/uploads\/2020\/01\/lavoro-job-industria.png\",\"datePublished\":\"2020-07-29T13:14:02+00:00\",\"dateModified\":\"2020-07-29T13:14:02+00:00\",\"author\":{\"@id\":\"https:\/\/www.italiaeconomiaonline.it\/web\/#\/schema\/person\/909a49cce752523b020fbc37d5ab1c31\"},\"breadcrumb\":{\"@id\":\"https:\/\/www.italiaeconomiaonline.it\/web\/inps-banca-ditalia-a-marzo-e-aprile-cassa-integrazione-per-piu-della-meta-delle-imprese\/#breadcrumb\"},\"inLanguage\":\"it-IT\",\"potentialAction\":[{\"@type\":\"ReadAction\",\"target\":[\"https:\/\/www.italiaeconomiaonline.it\/web\/inps-banca-ditalia-a-marzo-e-aprile-cassa-integrazione-per-piu-della-meta-delle-imprese\/\"]}]},{\"@type\":\"ImageObject\",\"inLanguage\":\"it-IT\",\"@id\":\"https:\/\/www.italiaeconomiaonline.it\/web\/inps-banca-ditalia-a-marzo-e-aprile-cassa-integrazione-per-piu-della-meta-delle-imprese\/#primaryimage\",\"url\":\"https:\/\/www.italiaeconomiaonline.it\/web\/wp-content\/uploads\/2020\/01\/lavoro-job-industria.png\",\"contentUrl\":\"https:\/\/www.italiaeconomiaonline.it\/web\/wp-content\/uploads\/2020\/01\/lavoro-job-industria.png\",\"width\":930,\"height\":554},{\"@type\":\"BreadcrumbList\",\"@id\":\"https:\/\/www.italiaeconomiaonline.it\/web\/inps-banca-ditalia-a-marzo-e-aprile-cassa-integrazione-per-piu-della-meta-delle-imprese\/#breadcrumb\",\"itemListElement\":[{\"@type\":\"ListItem\",\"position\":1,\"name\":\"Home\",\"item\":\"https:\/\/www.italiaeconomiaonline.it\/web\/\"},{\"@type\":\"ListItem\",\"position\":2,\"name\":\"Inps- Banca d\u2019Italia: a marzo e aprile cassa integrazione per pi\u00f9 della met\u00e0 delle imprese\"}]},{\"@type\":\"WebSite\",\"@id\":\"https:\/\/www.italiaeconomiaonline.it\/web\/#website\",\"url\":\"https:\/\/www.italiaeconomiaonline.it\/web\/\",\"name\":\"ItaliaEconomiaOnline\",\"description\":\"Quotidiano Economico Online\",\"potentialAction\":[{\"@type\":\"SearchAction\",\"target\":{\"@type\":\"EntryPoint\",\"urlTemplate\":\"https:\/\/www.italiaeconomiaonline.it\/web\/?s={search_term_string}\"},\"query-input\":\"required name=search_term_string\"}],\"inLanguage\":\"it-IT\"},{\"@type\":\"Person\",\"@id\":\"https:\/\/www.italiaeconomiaonline.it\/web\/#\/schema\/person\/909a49cce752523b020fbc37d5ab1c31\",\"name\":\"ladyitaliaeconomia\",\"image\":{\"@type\":\"ImageObject\",\"inLanguage\":\"it-IT\",\"@id\":\"https:\/\/www.italiaeconomiaonline.it\/web\/#\/schema\/person\/image\/\",\"url\":\"https:\/\/secure.gravatar.com\/avatar\/cedca10ce7416a579b9fa6bce9c0a8f2?s=96&d=mm&r=g\",\"contentUrl\":\"https:\/\/secure.gravatar.com\/avatar\/cedca10ce7416a579b9fa6bce9c0a8f2?s=96&d=mm&r=g\",\"caption\":\"ladyitaliaeconomia\"},\"url\":\"https:\/\/www.italiaeconomiaonline.it\/web\/author\/ladyitaliaeconomia\/\"}]}<\/script>\n<!-- \/ Yoast SEO plugin. -->","yoast_head_json":{"title":"Inps- Banca d\u2019Italia: a marzo e aprile cassa integrazione per pi\u00f9 della met\u00e0 delle imprese -","robots":{"index":"index","follow":"follow","max-snippet":"max-snippet:-1","max-image-preview":"max-image-preview:large","max-video-preview":"max-video-preview:-1"},"canonical":"https:\/\/www.italiaeconomiaonline.it\/web\/inps-banca-ditalia-a-marzo-e-aprile-cassa-integrazione-per-piu-della-meta-delle-imprese\/","og_locale":"it_IT","og_type":"article","og_title":"Inps- Banca d\u2019Italia: a marzo e aprile cassa integrazione per pi\u00f9 della met\u00e0 delle imprese -","og_description":"Nei mesi di marzo e aprile oltre la met\u00e0 delle imprese italiane ha fatto uso della CIG-Covid. La cassa integrazione ha riguardato quasi il 40% dei dipendenti del settore privato. \u00c8 quanto emerge dallo studio \u201cLe imprese e i lavoratori in cassa integrazione Covid nei mesi di marzo e aprile\u201d, effettuato dalla Direzione Centrale Studi [&hellip;]","og_url":"https:\/\/www.italiaeconomiaonline.it\/web\/inps-banca-ditalia-a-marzo-e-aprile-cassa-integrazione-per-piu-della-meta-delle-imprese\/","og_site_name":"ItaliaEconomiaOnline","article_published_time":"2020-07-29T13:14:02+00:00","og_image":[{"width":930,"height":554,"url":"https:\/\/www.italiaeconomiaonline.it\/web\/wp-content\/uploads\/2020\/01\/lavoro-job-industria.png","type":"image\/png"}],"author":"ladyitaliaeconomia","twitter_card":"summary_large_image","twitter_misc":{"Scritto da":"ladyitaliaeconomia","Tempo di lettura stimato":"3 minuti"},"schema":{"@context":"https:\/\/schema.org","@graph":[{"@type":"WebPage","@id":"https:\/\/www.italiaeconomiaonline.it\/web\/inps-banca-ditalia-a-marzo-e-aprile-cassa-integrazione-per-piu-della-meta-delle-imprese\/","url":"https:\/\/www.italiaeconomiaonline.it\/web\/inps-banca-ditalia-a-marzo-e-aprile-cassa-integrazione-per-piu-della-meta-delle-imprese\/","name":"Inps- Banca d\u2019Italia: a marzo e aprile cassa integrazione per pi\u00f9 della met\u00e0 delle imprese -","isPartOf":{"@id":"https:\/\/www.italiaeconomiaonline.it\/web\/#website"},"primaryImageOfPage":{"@id":"https:\/\/www.italiaeconomiaonline.it\/web\/inps-banca-ditalia-a-marzo-e-aprile-cassa-integrazione-per-piu-della-meta-delle-imprese\/#primaryimage"},"image":{"@id":"https:\/\/www.italiaeconomiaonline.it\/web\/inps-banca-ditalia-a-marzo-e-aprile-cassa-integrazione-per-piu-della-meta-delle-imprese\/#primaryimage"},"thumbnailUrl":"https:\/\/www.italiaeconomiaonline.it\/web\/wp-content\/uploads\/2020\/01\/lavoro-job-industria.png","datePublished":"2020-07-29T13:14:02+00:00","dateModified":"2020-07-29T13:14:02+00:00","author":{"@id":"https:\/\/www.italiaeconomiaonline.it\/web\/#\/schema\/person\/909a49cce752523b020fbc37d5ab1c31"},"breadcrumb":{"@id":"https:\/\/www.italiaeconomiaonline.it\/web\/inps-banca-ditalia-a-marzo-e-aprile-cassa-integrazione-per-piu-della-meta-delle-imprese\/#breadcrumb"},"inLanguage":"it-IT","potentialAction":[{"@type":"ReadAction","target":["https:\/\/www.italiaeconomiaonline.it\/web\/inps-banca-ditalia-a-marzo-e-aprile-cassa-integrazione-per-piu-della-meta-delle-imprese\/"]}]},{"@type":"ImageObject","inLanguage":"it-IT","@id":"https:\/\/www.italiaeconomiaonline.it\/web\/inps-banca-ditalia-a-marzo-e-aprile-cassa-integrazione-per-piu-della-meta-delle-imprese\/#primaryimage","url":"https:\/\/www.italiaeconomiaonline.it\/web\/wp-content\/uploads\/2020\/01\/lavoro-job-industria.png","contentUrl":"https:\/\/www.italiaeconomiaonline.it\/web\/wp-content\/uploads\/2020\/01\/lavoro-job-industria.png","width":930,"height":554},{"@type":"BreadcrumbList","@id":"https:\/\/www.italiaeconomiaonline.it\/web\/inps-banca-ditalia-a-marzo-e-aprile-cassa-integrazione-per-piu-della-meta-delle-imprese\/#breadcrumb","itemListElement":[{"@type":"ListItem","position":1,"name":"Home","item":"https:\/\/www.italiaeconomiaonline.it\/web\/"},{"@type":"ListItem","position":2,"name":"Inps- Banca d\u2019Italia: a marzo e aprile cassa integrazione per pi\u00f9 della met\u00e0 delle imprese"}]},{"@type":"WebSite","@id":"https:\/\/www.italiaeconomiaonline.it\/web\/#website","url":"https:\/\/www.italiaeconomiaonline.it\/web\/","name":"ItaliaEconomiaOnline","description":"Quotidiano Economico Online","potentialAction":[{"@type":"SearchAction","target":{"@type":"EntryPoint","urlTemplate":"https:\/\/www.italiaeconomiaonline.it\/web\/?s={search_term_string}"},"query-input":"required name=search_term_string"}],"inLanguage":"it-IT"},{"@type":"Person","@id":"https:\/\/www.italiaeconomiaonline.it\/web\/#\/schema\/person\/909a49cce752523b020fbc37d5ab1c31","name":"ladyitaliaeconomia","image":{"@type":"ImageObject","inLanguage":"it-IT","@id":"https:\/\/www.italiaeconomiaonline.it\/web\/#\/schema\/person\/image\/","url":"https:\/\/secure.gravatar.com\/avatar\/cedca10ce7416a579b9fa6bce9c0a8f2?s=96&d=mm&r=g","contentUrl":"https:\/\/secure.gravatar.com\/avatar\/cedca10ce7416a579b9fa6bce9c0a8f2?s=96&d=mm&r=g","caption":"ladyitaliaeconomia"},"url":"https:\/\/www.italiaeconomiaonline.it\/web\/author\/ladyitaliaeconomia\/"}]}},"_links":{"self":[{"href":"https:\/\/www.italiaeconomiaonline.it\/web\/wp-json\/wp\/v2\/posts\/3801"}],"collection":[{"href":"https:\/\/www.italiaeconomiaonline.it\/web\/wp-json\/wp\/v2\/posts"}],"about":[{"href":"https:\/\/www.italiaeconomiaonline.it\/web\/wp-json\/wp\/v2\/types\/post"}],"author":[{"embeddable":true,"href":"https:\/\/www.italiaeconomiaonline.it\/web\/wp-json\/wp\/v2\/users\/1"}],"replies":[{"embeddable":true,"href":"https:\/\/www.italiaeconomiaonline.it\/web\/wp-json\/wp\/v2\/comments?post=3801"}],"version-history":[{"count":1,"href":"https:\/\/www.italiaeconomiaonline.it\/web\/wp-json\/wp\/v2\/posts\/3801\/revisions"}],"predecessor-version":[{"id":3802,"href":"https:\/\/www.italiaeconomiaonline.it\/web\/wp-json\/wp\/v2\/posts\/3801\/revisions\/3802"}],"wp:featuredmedia":[{"embeddable":true,"href":"https:\/\/www.italiaeconomiaonline.it\/web\/wp-json\/wp\/v2\/media\/2259"}],"wp:attachment":[{"href":"https:\/\/www.italiaeconomiaonline.it\/web\/wp-json\/wp\/v2\/media?parent=3801"}],"wp:term":[{"taxonomy":"category","embeddable":true,"href":"https:\/\/www.italiaeconomiaonline.it\/web\/wp-json\/wp\/v2\/categories?post=3801"},{"taxonomy":"post_tag","embeddable":true,"href":"https:\/\/www.italiaeconomiaonline.it\/web\/wp-json\/wp\/v2\/tags?post=3801"}],"curies":[{"name":"wp","href":"https:\/\/api.w.org\/{rel}","templated":true}]}}