{"id":3832,"date":"2020-08-01T11:43:49","date_gmt":"2020-08-01T09:43:49","guid":{"rendered":"http:\/\/www.italiaeconomiaonline.it\/web\/?p=3832"},"modified":"2020-08-01T11:43:49","modified_gmt":"2020-08-01T09:43:49","slug":"vendemmia-2020-nel-veneto-si-sprecano-gli-aggettivi","status":"publish","type":"post","link":"https:\/\/www.italiaeconomiaonline.it\/web\/vendemmia-2020-nel-veneto-si-sprecano-gli-aggettivi\/","title":{"rendered":"Vendemmia 2020 nel Veneto, si sprecano gli aggettivi"},"content":{"rendered":"<p><span class=\"dropcap dropcap3\">N<\/span>el Veneto la <strong>vendemmia 2020<\/strong> si annuncia eccezionale. A dire il vero gli aggettivi raccolti tra i tecnici delle cantine delle diverse aree produttive della regione si spingono anche oltre: c\u2019\u00e8 chi parla di <strong>grande annata<\/strong>, chi di vendemmia straordinaria o strepitosa, chi addirittura della migliore degli ultimi vent\u2019anni.<\/p>\n<p>Fatto sta che ad oggi, incrociando le dita, ci sono tutte le prerogative per andare incontro ad una vendemmia che potrebbe davvero essere ricordata negli annali. Ma quali condizioni hanno portato ad un quadro prevendemmiale cos\u00ec favorevole?<\/p>\n<p>In estrema sintesi, si pu\u00f2 dire che la fase di <strong>germogliamento<\/strong> della vite \u00e8 stata accompagnata da temperature miti, la <strong>fioritura<\/strong> da tempo stabile e lo <strong>sviluppo del frutto<\/strong> dalle giuste piogge. Tutto questo combinato con lunghe giornate soleggiate e favorevoli escursioni termiche tra il giorno e la notte, a parte gli ultimi due\/tre giorni eccessivamente afosi (ma nel fine settimana \u00e8 annunciata una perturbazione che dovrebbe abbassare la temperatura).<\/p>\n<p>Di conseguenza, anche lo <strong>stato sanitario<\/strong> del vigneto veneto si presenta buono e sotto controllo. Insomma, la vendemmia 2020 sembra servita su una coppa d\u2019argento, ma per saperne di pi\u00f9 bisogner\u00e0 attendere lo \u201cstorico\u201d (46^ edizione) focus sulle previsioni <strong>vendemmiali<\/strong>, evento promosso da <strong>Veneto Agricoltura, Regione, Avepa, Arpav e CREA-VE<\/strong> in programma gioved\u00ec <strong>6 agosto (ore 10:00)<\/strong> sulla piattaforma <strong>ZOOM<\/strong>, a causa delle restrizioni per Covid-19 (iscrizioni entro il 5 agosto a questo <a href=\"https:\/\/previsioni2020.eventbrite.it\">link<\/a> ).<\/p>\n<p>Nell\u2019occasione sar\u00e0 fatto il punto, grazie all\u2019intervento di vari esperti, sulla prossima vendemmia nel <strong>Triveneto, in Piemonte, Lombardia, Emilia-Romagna, Toscana, Puglia, Sicilia, <\/strong>nonch\u00e9 in<strong> Francia e Spagna<\/strong>. Pi\u00f9 in dettaglio saranno presentate le primissime stime di produzione quali-quantitative nelle diverse aree del <strong>Veneto, del Friuli-Venezia Giulia e del Trentin-Alto Adige<\/strong>.<\/p>\n<p>Tornando al vigneto veneto, va ricordato che l\u2019annunciato <strong>anticipo<\/strong> della vendemmia si \u00e8 leggermente ridimensionato di 5\/7 giorni: le uve precoci <strong>Pinot Nero, Pinot Grigio e Chardonnay<\/strong> per base spumante potrebbero dunque essere raccolte a partire dal 20 agosto, poi via via arriveranno al traguardo tutte le altre. Vediamo in estrema sintesi come si presenta, ad oggi, il vigneto nelle principali aree di produzione del Veneto.<\/p>\n<p>Nel <strong>Veneto Orientale<\/strong> la situazione si presenta buona e sotto controllo da parte degli operatori, aspetto questo che vale anche per tutte le altre aree produttive del Veneto. Se vogliamo guardare il pelo nell\u2019uovo, va detto che nelle ultime settimane la <strong>peronospora<\/strong>, presente nelle chiome giovani (femminelle), ha tenuto sotto pressione i tecnici in vigneto.<\/p>\n<p>Nei 10 giorni scorsi, in particolare, si sono registrati anche sintomi di peronospora larvata (\u201c<em>negron<\/em>\u201d in dialetto), ma al momento non ci sono troppe preoccupazioni. Stesso discorso vale per l\u2019<strong>oidio<\/strong>, per altro affrontato con grande professionalit\u00e0 da parte dei tecnici.<\/p>\n<p>Qualche attenzione in pi\u00f9, invece, bisogner\u00e0 prestare al <em>black rot<\/em>, il marciume nero della vite, che si sta manifestando sempre pi\u00f9 frequentemente negli ultimi anni, come pure il <em>mal dell\u2019esca<\/em> sempre in agguato quando le annate si fanno umide.<\/p>\n<p>Detto questo, la buona fertilit\u00e0 e un pi\u00f9 che soddisfacente sviluppo dei grappoli consentono gi\u00e0 di affermare che nel Veneto Orientale la produzione raggiunger\u00e0 quest\u2019anno i quantitativi previsti dai diversi disciplinari. E\u2019 evidente che tutto dipender\u00e0 ora da come andranno le cose da qui in avanti: stress idrici, ustioni da caldo eccessivo, ecc. possono disturbare un quadro che si presenta oggi ottimale.<\/p>\n<p>La situazione dei vigneti all\u2019interno dell\u2019area di produzione della <strong>DO Prosecco<\/strong> si conferma in linea con le previsioni di met\u00e0 giungo, con carichi produttivi coerenti con le rese previste dal disciplinare, compresi tra i 165 e 180 quintali ad ettaro. Se le condizioni meteo-climatiche si manterranno favorevoli fino alla maturazione delle uve (la vendemmia per la variet\u00e0 Glera \u00e8 attesa a partire dalla prima settimana settembre) saranno raggiunti ottimi parametri anche dal punto di vista qualitativo, con particolare riguardo all\u2019acidit\u00e0 e al profilo aromatico delle uve.<\/p>\n<p>Su <strong>Colli Euganei<\/strong>, dove da sempre uno dei principali problemi per il vigneto \u00e8 dato dalla carenza idrica, sembra proprio che quest\u2019anno la situazione, sotto questo punto di vista, sia pi\u00f9 che soddisfacente. Nei momenti cruciali le precipitazioni sono infatti arrivate abbondanti, arricchendo le riserve idriche; le diverse malattie della vite sono state tenute sotto controllo, per cui l\u2019uva si presenta sana e la produzione ottimale sotto il profilo quali-quantitativo.<\/p>\n<p>Nel <strong>vicentino, Colli Berici, Gambellara<\/strong>, invece, l\u2019anticipo \u00e8 confermato in circa 7\/10 giorni. Le prime uve a tagliare il traguardo saranno i Pinot, per i quali si prevede un calo del 10% rispetto allo scorso anno: per questa produzione la vendemmia inizier\u00e0 subito dopo ferragosto. Per le uve a bacca bianca bisogner\u00e0 attendere la fine di agosto; per la Garganega il 15\/20 di settembre, come pure per il Tai rosso e il Carmenere; per il Cabernet e il Merlot si entrer\u00e0 nel mese di ottobre. Tutti i rossi sono comunque annunciati in gran forma (non hanno patito stress idrici) e su quantit\u00e0 che si posizionano su quelle del 2019. Anche nel vicentino si attende dunque una grande annata.<\/p>\n<p>Nell\u2019<strong>area veronese <\/strong>il vigneto si presenta in ottima salute e con una buona vegetazione. Per quanto riguarda l\u2019uva Corvina (Valpolicella) i tecnici fanno sapere che le alte temperature registrate negli ultimi giorni hanno un po\u2019 rallentato la fase di maturazione, per cui quella del 2020 non sar\u00e0 una vendemmia anticipata; la quantit\u00e0 sar\u00e0 buona. In zona Soave anche la Garganega sta rispondendo molto bene e c\u2019\u00e8 grande attesa da parte dei produttori.<\/p>\n<p>La quantit\u00e0 di uva \u00e8 buona e sar\u00e0 dunque necessario puntare sulla cernita dei vigneti e dei grappoli. Anche la qualit\u00e0 si annuncia pi\u00f9 che soddisfacente e non si registrano particolari problemi sanitari, ma saranno i prossimi giorni e le prossime settimane a determinare l\u2019esito finale. Le cantine hanno programmato l\u2019apertura per accogliere le uve precoci tra il 16 e il 20 agosto, non dappertutto in quest\u2019area la Garganega si presenta in anticipo. Per quanto riguarda la vendemmia sar\u00e0 fondamentale cogliere l\u2019esatto momento di equilibrio tra l\u2019acidit\u00e0 e il grado zuccherino del frutto.<\/p>\n<p>&nbsp;<\/p>\n<p><strong>\u00a0<\/strong><\/p>\n","protected":false},"excerpt":{"rendered":"<p>Nel Veneto la vendemmia 2020 si annuncia eccezionale. A dire il vero gli aggettivi raccolti tra i tecnici delle cantine delle diverse aree produttive della regione si spingono anche oltre: c\u2019\u00e8 chi parla di grande annata, chi di vendemmia straordinaria o strepitosa, chi addirittura della migliore degli ultimi vent\u2019anni. Fatto sta che ad oggi, incrociando [&hellip;]<\/p>\n","protected":false},"author":1,"featured_media":397,"comment_status":"closed","ping_status":"open","sticky":false,"template":"","format":"standard","meta":{"footnotes":""},"categories":[17],"tags":[1207],"yoast_head":"<!-- This site is optimized with the Yoast SEO plugin v22.2 - https:\/\/yoast.com\/wordpress\/plugins\/seo\/ -->\n<title>Vendemmia 2020 nel Veneto, si sprecano gli aggettivi -<\/title>\n<meta name=\"robots\" content=\"index, follow, max-snippet:-1, max-image-preview:large, max-video-preview:-1\" \/>\n<link rel=\"canonical\" href=\"https:\/\/www.italiaeconomiaonline.it\/web\/vendemmia-2020-nel-veneto-si-sprecano-gli-aggettivi\/\" \/>\n<meta property=\"og:locale\" content=\"it_IT\" \/>\n<meta property=\"og:type\" content=\"article\" \/>\n<meta property=\"og:title\" content=\"Vendemmia 2020 nel Veneto, si sprecano gli aggettivi -\" \/>\n<meta property=\"og:description\" content=\"Nel Veneto la vendemmia 2020 si annuncia eccezionale. A dire il vero gli aggettivi raccolti tra i tecnici delle cantine delle diverse aree produttive della regione si spingono anche oltre: c\u2019\u00e8 chi parla di grande annata, chi di vendemmia straordinaria o strepitosa, chi addirittura della migliore degli ultimi vent\u2019anni. Fatto sta che ad oggi, incrociando [&hellip;]\" \/>\n<meta property=\"og:url\" content=\"https:\/\/www.italiaeconomiaonline.it\/web\/vendemmia-2020-nel-veneto-si-sprecano-gli-aggettivi\/\" \/>\n<meta property=\"og:site_name\" content=\"ItaliaEconomiaOnline\" \/>\n<meta property=\"article:published_time\" content=\"2020-08-01T09:43:49+00:00\" \/>\n<meta property=\"og:image\" content=\"https:\/\/www.italiaeconomiaonline.it\/web\/wp-content\/uploads\/2019\/04\/vino.jpg\" \/>\n\t<meta property=\"og:image:width\" content=\"960\" \/>\n\t<meta property=\"og:image:height\" content=\"640\" \/>\n\t<meta property=\"og:image:type\" content=\"image\/jpeg\" \/>\n<meta name=\"author\" content=\"ladyitaliaeconomia\" \/>\n<meta name=\"twitter:card\" content=\"summary_large_image\" \/>\n<meta name=\"twitter:label1\" content=\"Scritto da\" \/>\n\t<meta name=\"twitter:data1\" content=\"ladyitaliaeconomia\" \/>\n\t<meta name=\"twitter:label2\" content=\"Tempo di lettura stimato\" \/>\n\t<meta name=\"twitter:data2\" content=\"5 minuti\" \/>\n<script type=\"application\/ld+json\" class=\"yoast-schema-graph\">{\"@context\":\"https:\/\/schema.org\",\"@graph\":[{\"@type\":\"WebPage\",\"@id\":\"https:\/\/www.italiaeconomiaonline.it\/web\/vendemmia-2020-nel-veneto-si-sprecano-gli-aggettivi\/\",\"url\":\"https:\/\/www.italiaeconomiaonline.it\/web\/vendemmia-2020-nel-veneto-si-sprecano-gli-aggettivi\/\",\"name\":\"Vendemmia 2020 nel Veneto, si sprecano gli aggettivi -\",\"isPartOf\":{\"@id\":\"https:\/\/www.italiaeconomiaonline.it\/web\/#website\"},\"primaryImageOfPage\":{\"@id\":\"https:\/\/www.italiaeconomiaonline.it\/web\/vendemmia-2020-nel-veneto-si-sprecano-gli-aggettivi\/#primaryimage\"},\"image\":{\"@id\":\"https:\/\/www.italiaeconomiaonline.it\/web\/vendemmia-2020-nel-veneto-si-sprecano-gli-aggettivi\/#primaryimage\"},\"thumbnailUrl\":\"https:\/\/www.italiaeconomiaonline.it\/web\/wp-content\/uploads\/2019\/04\/vino.jpg\",\"datePublished\":\"2020-08-01T09:43:49+00:00\",\"dateModified\":\"2020-08-01T09:43:49+00:00\",\"author\":{\"@id\":\"https:\/\/www.italiaeconomiaonline.it\/web\/#\/schema\/person\/909a49cce752523b020fbc37d5ab1c31\"},\"breadcrumb\":{\"@id\":\"https:\/\/www.italiaeconomiaonline.it\/web\/vendemmia-2020-nel-veneto-si-sprecano-gli-aggettivi\/#breadcrumb\"},\"inLanguage\":\"it-IT\",\"potentialAction\":[{\"@type\":\"ReadAction\",\"target\":[\"https:\/\/www.italiaeconomiaonline.it\/web\/vendemmia-2020-nel-veneto-si-sprecano-gli-aggettivi\/\"]}]},{\"@type\":\"ImageObject\",\"inLanguage\":\"it-IT\",\"@id\":\"https:\/\/www.italiaeconomiaonline.it\/web\/vendemmia-2020-nel-veneto-si-sprecano-gli-aggettivi\/#primaryimage\",\"url\":\"https:\/\/www.italiaeconomiaonline.it\/web\/wp-content\/uploads\/2019\/04\/vino.jpg\",\"contentUrl\":\"https:\/\/www.italiaeconomiaonline.it\/web\/wp-content\/uploads\/2019\/04\/vino.jpg\",\"width\":960,\"height\":640},{\"@type\":\"BreadcrumbList\",\"@id\":\"https:\/\/www.italiaeconomiaonline.it\/web\/vendemmia-2020-nel-veneto-si-sprecano-gli-aggettivi\/#breadcrumb\",\"itemListElement\":[{\"@type\":\"ListItem\",\"position\":1,\"name\":\"Home\",\"item\":\"https:\/\/www.italiaeconomiaonline.it\/web\/\"},{\"@type\":\"ListItem\",\"position\":2,\"name\":\"Vendemmia 2020 nel Veneto, si sprecano gli aggettivi\"}]},{\"@type\":\"WebSite\",\"@id\":\"https:\/\/www.italiaeconomiaonline.it\/web\/#website\",\"url\":\"https:\/\/www.italiaeconomiaonline.it\/web\/\",\"name\":\"ItaliaEconomiaOnline\",\"description\":\"Quotidiano Economico Online\",\"potentialAction\":[{\"@type\":\"SearchAction\",\"target\":{\"@type\":\"EntryPoint\",\"urlTemplate\":\"https:\/\/www.italiaeconomiaonline.it\/web\/?s={search_term_string}\"},\"query-input\":\"required name=search_term_string\"}],\"inLanguage\":\"it-IT\"},{\"@type\":\"Person\",\"@id\":\"https:\/\/www.italiaeconomiaonline.it\/web\/#\/schema\/person\/909a49cce752523b020fbc37d5ab1c31\",\"name\":\"ladyitaliaeconomia\",\"image\":{\"@type\":\"ImageObject\",\"inLanguage\":\"it-IT\",\"@id\":\"https:\/\/www.italiaeconomiaonline.it\/web\/#\/schema\/person\/image\/\",\"url\":\"https:\/\/secure.gravatar.com\/avatar\/cedca10ce7416a579b9fa6bce9c0a8f2?s=96&d=mm&r=g\",\"contentUrl\":\"https:\/\/secure.gravatar.com\/avatar\/cedca10ce7416a579b9fa6bce9c0a8f2?s=96&d=mm&r=g\",\"caption\":\"ladyitaliaeconomia\"},\"url\":\"https:\/\/www.italiaeconomiaonline.it\/web\/author\/ladyitaliaeconomia\/\"}]}<\/script>\n<!-- \/ Yoast SEO plugin. -->","yoast_head_json":{"title":"Vendemmia 2020 nel Veneto, si sprecano gli aggettivi -","robots":{"index":"index","follow":"follow","max-snippet":"max-snippet:-1","max-image-preview":"max-image-preview:large","max-video-preview":"max-video-preview:-1"},"canonical":"https:\/\/www.italiaeconomiaonline.it\/web\/vendemmia-2020-nel-veneto-si-sprecano-gli-aggettivi\/","og_locale":"it_IT","og_type":"article","og_title":"Vendemmia 2020 nel Veneto, si sprecano gli aggettivi -","og_description":"Nel Veneto la vendemmia 2020 si annuncia eccezionale. A dire il vero gli aggettivi raccolti tra i tecnici delle cantine delle diverse aree produttive della regione si spingono anche oltre: c\u2019\u00e8 chi parla di grande annata, chi di vendemmia straordinaria o strepitosa, chi addirittura della migliore degli ultimi vent\u2019anni. Fatto sta che ad oggi, incrociando [&hellip;]","og_url":"https:\/\/www.italiaeconomiaonline.it\/web\/vendemmia-2020-nel-veneto-si-sprecano-gli-aggettivi\/","og_site_name":"ItaliaEconomiaOnline","article_published_time":"2020-08-01T09:43:49+00:00","og_image":[{"width":960,"height":640,"url":"https:\/\/www.italiaeconomiaonline.it\/web\/wp-content\/uploads\/2019\/04\/vino.jpg","type":"image\/jpeg"}],"author":"ladyitaliaeconomia","twitter_card":"summary_large_image","twitter_misc":{"Scritto da":"ladyitaliaeconomia","Tempo di lettura stimato":"5 minuti"},"schema":{"@context":"https:\/\/schema.org","@graph":[{"@type":"WebPage","@id":"https:\/\/www.italiaeconomiaonline.it\/web\/vendemmia-2020-nel-veneto-si-sprecano-gli-aggettivi\/","url":"https:\/\/www.italiaeconomiaonline.it\/web\/vendemmia-2020-nel-veneto-si-sprecano-gli-aggettivi\/","name":"Vendemmia 2020 nel Veneto, si sprecano gli aggettivi -","isPartOf":{"@id":"https:\/\/www.italiaeconomiaonline.it\/web\/#website"},"primaryImageOfPage":{"@id":"https:\/\/www.italiaeconomiaonline.it\/web\/vendemmia-2020-nel-veneto-si-sprecano-gli-aggettivi\/#primaryimage"},"image":{"@id":"https:\/\/www.italiaeconomiaonline.it\/web\/vendemmia-2020-nel-veneto-si-sprecano-gli-aggettivi\/#primaryimage"},"thumbnailUrl":"https:\/\/www.italiaeconomiaonline.it\/web\/wp-content\/uploads\/2019\/04\/vino.jpg","datePublished":"2020-08-01T09:43:49+00:00","dateModified":"2020-08-01T09:43:49+00:00","author":{"@id":"https:\/\/www.italiaeconomiaonline.it\/web\/#\/schema\/person\/909a49cce752523b020fbc37d5ab1c31"},"breadcrumb":{"@id":"https:\/\/www.italiaeconomiaonline.it\/web\/vendemmia-2020-nel-veneto-si-sprecano-gli-aggettivi\/#breadcrumb"},"inLanguage":"it-IT","potentialAction":[{"@type":"ReadAction","target":["https:\/\/www.italiaeconomiaonline.it\/web\/vendemmia-2020-nel-veneto-si-sprecano-gli-aggettivi\/"]}]},{"@type":"ImageObject","inLanguage":"it-IT","@id":"https:\/\/www.italiaeconomiaonline.it\/web\/vendemmia-2020-nel-veneto-si-sprecano-gli-aggettivi\/#primaryimage","url":"https:\/\/www.italiaeconomiaonline.it\/web\/wp-content\/uploads\/2019\/04\/vino.jpg","contentUrl":"https:\/\/www.italiaeconomiaonline.it\/web\/wp-content\/uploads\/2019\/04\/vino.jpg","width":960,"height":640},{"@type":"BreadcrumbList","@id":"https:\/\/www.italiaeconomiaonline.it\/web\/vendemmia-2020-nel-veneto-si-sprecano-gli-aggettivi\/#breadcrumb","itemListElement":[{"@type":"ListItem","position":1,"name":"Home","item":"https:\/\/www.italiaeconomiaonline.it\/web\/"},{"@type":"ListItem","position":2,"name":"Vendemmia 2020 nel Veneto, si sprecano gli aggettivi"}]},{"@type":"WebSite","@id":"https:\/\/www.italiaeconomiaonline.it\/web\/#website","url":"https:\/\/www.italiaeconomiaonline.it\/web\/","name":"ItaliaEconomiaOnline","description":"Quotidiano Economico Online","potentialAction":[{"@type":"SearchAction","target":{"@type":"EntryPoint","urlTemplate":"https:\/\/www.italiaeconomiaonline.it\/web\/?s={search_term_string}"},"query-input":"required name=search_term_string"}],"inLanguage":"it-IT"},{"@type":"Person","@id":"https:\/\/www.italiaeconomiaonline.it\/web\/#\/schema\/person\/909a49cce752523b020fbc37d5ab1c31","name":"ladyitaliaeconomia","image":{"@type":"ImageObject","inLanguage":"it-IT","@id":"https:\/\/www.italiaeconomiaonline.it\/web\/#\/schema\/person\/image\/","url":"https:\/\/secure.gravatar.com\/avatar\/cedca10ce7416a579b9fa6bce9c0a8f2?s=96&d=mm&r=g","contentUrl":"https:\/\/secure.gravatar.com\/avatar\/cedca10ce7416a579b9fa6bce9c0a8f2?s=96&d=mm&r=g","caption":"ladyitaliaeconomia"},"url":"https:\/\/www.italiaeconomiaonline.it\/web\/author\/ladyitaliaeconomia\/"}]}},"_links":{"self":[{"href":"https:\/\/www.italiaeconomiaonline.it\/web\/wp-json\/wp\/v2\/posts\/3832"}],"collection":[{"href":"https:\/\/www.italiaeconomiaonline.it\/web\/wp-json\/wp\/v2\/posts"}],"about":[{"href":"https:\/\/www.italiaeconomiaonline.it\/web\/wp-json\/wp\/v2\/types\/post"}],"author":[{"embeddable":true,"href":"https:\/\/www.italiaeconomiaonline.it\/web\/wp-json\/wp\/v2\/users\/1"}],"replies":[{"embeddable":true,"href":"https:\/\/www.italiaeconomiaonline.it\/web\/wp-json\/wp\/v2\/comments?post=3832"}],"version-history":[{"count":1,"href":"https:\/\/www.italiaeconomiaonline.it\/web\/wp-json\/wp\/v2\/posts\/3832\/revisions"}],"predecessor-version":[{"id":3833,"href":"https:\/\/www.italiaeconomiaonline.it\/web\/wp-json\/wp\/v2\/posts\/3832\/revisions\/3833"}],"wp:featuredmedia":[{"embeddable":true,"href":"https:\/\/www.italiaeconomiaonline.it\/web\/wp-json\/wp\/v2\/media\/397"}],"wp:attachment":[{"href":"https:\/\/www.italiaeconomiaonline.it\/web\/wp-json\/wp\/v2\/media?parent=3832"}],"wp:term":[{"taxonomy":"category","embeddable":true,"href":"https:\/\/www.italiaeconomiaonline.it\/web\/wp-json\/wp\/v2\/categories?post=3832"},{"taxonomy":"post_tag","embeddable":true,"href":"https:\/\/www.italiaeconomiaonline.it\/web\/wp-json\/wp\/v2\/tags?post=3832"}],"curies":[{"name":"wp","href":"https:\/\/api.w.org\/{rel}","templated":true}]}}