{"id":3834,"date":"2020-08-03T10:38:19","date_gmt":"2020-08-03T08:38:19","guid":{"rendered":"http:\/\/www.italiaeconomiaonline.it\/web\/?p=3834"},"modified":"2020-08-03T10:38:19","modified_gmt":"2020-08-03T08:38:19","slug":"legambiente-ancora-ferma-la-procedura-istitutiva-del-parco-nazionale-del-matese","status":"publish","type":"post","link":"https:\/\/www.italiaeconomiaonline.it\/web\/legambiente-ancora-ferma-la-procedura-istitutiva-del-parco-nazionale-del-matese\/","title":{"rendered":"Legambiente: &#8220;Ancora ferma la procedura istitutiva del Parco nazionale del Matese&#8221;"},"content":{"rendered":"<p><span class=\"dropcap dropcap3\">I<\/span>n occasione della tappa matesina della <strong>Goletta dei Laghi<\/strong>, Legambiente ha colto l\u2019opportunit\u00e0 per ribadire l\u2019urgenza di completare l\u2019iter istitutivo del Parco nazionale del Matese al momento bloccato dallo scaricabarile tra il Ministro Costa e le Regioni Molise e Campania.<\/p>\n<p>\u201cDiciamo basta a questo inutile rimbalzo di responsabilit\u00e0 tra le istituzioni &#8211; ha dichiarato <strong>Francesca Ferro Direttrice di Legambiente Campania<\/strong> &#8211; a cui assistiamo dal giorno stesso in cui \u00e8 stata varata nella scorsa legislatura la legge 205\/2017 che ha previsto il Parco nazionale atteso da oltre trent\u2019anni e su cui la nostra associazione si \u00e8 spesa incessantemente per tutto questo tempo perch\u00e9 siamo sempre stati convinti che il parco nazionale rappresenta la risposta giusta per un territorio a forte vocazione agro-silvo-pastorale e turistica ma che non ha saputo cogliere tutte le opportunit\u00e0 perch\u00e9\u00a0 l\u2019intero Massiccio del Matese non \u00e8 gestito in maniera unitaria e coerente per il valore che contiene nell\u2019intrigante mosaico di biodiversit\u00e0 presente sugli Appennini.\u201d<\/p>\n<p>&nbsp;<\/p>\n<p>Gi\u00e0 da settembre del 2019 l\u2019ISPRA, su mandato della Direzione protezione della natura del Ministero dell\u2019Ambiente, ha prodotto una proposta di perimetrazione su cui tutti i soggetti interessati (regioni, comuni, imprese, associazioni e cittadini) hanno discusso e fatte le opportune osservazioni nel corso di una serie di incontri pubblici e in successive audizioni da parte delle Regioni Molise e Campania.<\/p>\n<p>&#8220;Su nessuna scelta importante come l\u2019istituzione del Parco nazionale del Matese c\u2019\u00e8 mai stato un dibattito nato dalla politica e un successivo coinvolgimento di tutte le realt\u00e0 interessate \u2013 aggiunge <strong>Giorgio Arcolesse, Vicepresidente di Legambiente Molise<\/strong>. Nonostante ci\u00f2, in occasione della presentazione della perimetrazione da parte della Giunta Regionale, la societ\u00e0 civile e le associazioni ambientaliste hanno alimentato il dibattito in maniera costruttiva. Questo anche grazie a Legambiente che \u00e8 stata capace di fare massa critica e di organizzare il dibattito sul Parco grazie a iniziative pubbliche, in primo luogo, gli Stati generali del Matese, del 2014. Questo ha permesso la pi\u00f9 ampia partecipazione di cui certo non ci lamentiamo, ma ora chiediamo che si ponga fine al rimpallo di responsabilit\u00e0 e che il Ministero dell&#8217;Ambiente, dopo aver ascoltato tutte le parti in causa, proceda con la scelta definitiva circa il perimetro del parco, che la legge gli assegna di attuare.\u201d<\/p>\n<p>&nbsp;<\/p>\n<p>Sulla perimetrazione del Parco nazionale del Matese le posizioni e le richieste sono oramai abbastanza chiare. A partire da quelle espresse da alcune parti (cacciatori, parte delle rappresentanze agricole e alcuni politici) che dietro motivazioni inconsistenti stanno creando confusione per ritardare la nascita del Parco nazionale solo per continuare ad avere mano libera nell\u2019utilizzo di un territorio che, sebbene sia gi\u00e0 interessato da norme di tutela attraverso il Parco regionale sul versante campano ed i siti della rete natura 2000 su entrambi i versanti, \u00e8 poco vigilato e sorvegliato e dove il rispetto delle normative a tutela della natura \u00e8 inconsistente. Se le posizioni e le motivazioni che esprimono gli antiparco sono le solite, e tutte nella direzione della deregulation per continuare a gestire il territorio con regole scritte e mai rispettate, sono evidentemente note e posizione della stragrande maggioranza di cittadini, amministratori e imprese che invece vogliono il Parco e chiedono regole chiare per operare e gestire il territorio matesino in maniera sostenibile.<\/p>\n<p>Quest\u2019ultimo fronte, in tutti questi anni, ha prodotto proposte concrete, approvato delibere comunali di adesione al Parco nazionale, organizzato assemblee pubbliche per convincere e informare cittadini e operatori economici, ed oggi attende che il Ministero ponga una parola finale sul perimetro che deve comprendere il corridoio di collegamento con il Parco nazionale d\u2019Abruzzo, che tutta l\u2019area sic\/zps del versante molisano sia inserita nella proposta facendo attenzione a creare una adeguata zonizzazione per le aree industriali e le infrastrutture presenti, che sul versante campano, oltre a ricomprendere il territorio dell\u2019attuale parco regionale, si inserisca anche la parte beneventana di Guardia Sanframondi e di Monte Pugliano e si dia riscontro positivo alle richieste di adesione avanzate\u00a0 da altri comuni non compresi nel vecchio parco regionale.<\/p>\n<p>&nbsp;<\/p>\n<p>\u201cChiediamo al Ministro Costa di portare la sua proposta di perimetrazione, zonazione e le misure provvisorie di salvaguardia alla discussione presso la Conferenza unificata Stato- citt\u00e0 enti locali che rappresenta la sede tecnica e politica dove diradare le nebbie e le ambiguit\u00e0 politiche, e dove risolvere le questioni tecniche e di merito eventualmente proposte dalle parti interessate\u201d ha dichiara <strong>Antonio Nicoletti,<\/strong> responsabile nazionale aree protette e biodiversit\u00e0 di Legambiente durante la tappa di Goletta dei Laghi sul Matese.<\/p>\n<p>&nbsp;<\/p>\n<p>\u201cIl Matese &#8211; prosegue <strong>Nicoletti <\/strong>&#8211; continua a perdere opportunit\u00e0 perch\u00e9 non \u00e8 ancora Parco nazionale e anche quest\u2019anno non pu\u00f2 partecipare al bando Parchi per il Clima del Ministero dell\u2019Ambiente che stanzia 100milioni di euro, destinando tra i 3,5 ed i 5,5 milioni di euro per ogni Parco nazionale &#8211; conclude il Responsabile Aree Protette Legambiente &#8211; \u201cChiediamo al Ministro Costa di portare la sua proposta di perimetrazione, zonazione e le misure provvisorie di salvaguardia alla discussione presso la Conferenza unificata Stato- citt\u00e0 enti locali che rappresenta la sede tecnica e politica dove diradare le nebbie e le ambiguit\u00e0 politiche, e dove risolvere le questioni tecniche e di merito eventualmente proposte dalle parti interessate. L\u2019Italia Paese Parco si costruire pezzo dopo pezzo, non solo per tenere fede a uno slogan, ma per rendere pi\u00f9 forti i nostri ecosistemi e rispondere alla esigenza di tutelare gli ambienti naturali e le persone attraverso un approccio One Health che garantisce benessere e prosperit\u00e0 alle persone.\u201d<\/p>\n<p>&nbsp;<\/p>\n","protected":false},"excerpt":{"rendered":"<p>In occasione della tappa matesina della Goletta dei Laghi, Legambiente ha colto l\u2019opportunit\u00e0 per ribadire l\u2019urgenza di completare l\u2019iter istitutivo del Parco nazionale del Matese al momento bloccato dallo scaricabarile tra il Ministro Costa e le Regioni Molise e Campania. \u201cDiciamo basta a questo inutile rimbalzo di responsabilit\u00e0 tra le istituzioni &#8211; ha dichiarato Francesca [&hellip;]<\/p>\n","protected":false},"author":1,"featured_media":3719,"comment_status":"closed","ping_status":"open","sticky":false,"template":"","format":"standard","meta":{"footnotes":""},"categories":[56],"tags":[],"yoast_head":"<!-- This site is optimized with the Yoast SEO plugin v22.2 - https:\/\/yoast.com\/wordpress\/plugins\/seo\/ -->\n<title>Legambiente: &quot;Ancora ferma la procedura istitutiva del Parco nazionale del Matese&quot; -<\/title>\n<meta name=\"robots\" content=\"index, follow, max-snippet:-1, max-image-preview:large, max-video-preview:-1\" \/>\n<link rel=\"canonical\" href=\"https:\/\/www.italiaeconomiaonline.it\/web\/legambiente-ancora-ferma-la-procedura-istitutiva-del-parco-nazionale-del-matese\/\" \/>\n<meta property=\"og:locale\" content=\"it_IT\" \/>\n<meta property=\"og:type\" content=\"article\" \/>\n<meta property=\"og:title\" content=\"Legambiente: &quot;Ancora ferma la procedura istitutiva del Parco nazionale del Matese&quot; -\" \/>\n<meta property=\"og:description\" content=\"In occasione della tappa matesina della Goletta dei Laghi, Legambiente ha colto l\u2019opportunit\u00e0 per ribadire l\u2019urgenza di completare l\u2019iter istitutivo del Parco nazionale del Matese al momento bloccato dallo scaricabarile tra il Ministro Costa e le Regioni Molise e Campania. \u201cDiciamo basta a questo inutile rimbalzo di responsabilit\u00e0 tra le istituzioni &#8211; ha dichiarato Francesca [&hellip;]\" \/>\n<meta property=\"og:url\" content=\"https:\/\/www.italiaeconomiaonline.it\/web\/legambiente-ancora-ferma-la-procedura-istitutiva-del-parco-nazionale-del-matese\/\" \/>\n<meta property=\"og:site_name\" content=\"ItaliaEconomiaOnline\" \/>\n<meta property=\"article:published_time\" content=\"2020-08-03T08:38:19+00:00\" \/>\n<meta property=\"og:image\" content=\"https:\/\/www.italiaeconomiaonline.it\/web\/wp-content\/uploads\/2020\/07\/legambiente.png\" \/>\n\t<meta property=\"og:image:width\" content=\"1236\" \/>\n\t<meta property=\"og:image:height\" content=\"690\" \/>\n\t<meta property=\"og:image:type\" content=\"image\/png\" \/>\n<meta name=\"author\" content=\"ladyitaliaeconomia\" \/>\n<meta name=\"twitter:card\" content=\"summary_large_image\" \/>\n<meta name=\"twitter:label1\" content=\"Scritto da\" \/>\n\t<meta name=\"twitter:data1\" content=\"ladyitaliaeconomia\" \/>\n\t<meta name=\"twitter:label2\" content=\"Tempo di lettura stimato\" \/>\n\t<meta name=\"twitter:data2\" content=\"5 minuti\" \/>\n<script type=\"application\/ld+json\" class=\"yoast-schema-graph\">{\"@context\":\"https:\/\/schema.org\",\"@graph\":[{\"@type\":\"WebPage\",\"@id\":\"https:\/\/www.italiaeconomiaonline.it\/web\/legambiente-ancora-ferma-la-procedura-istitutiva-del-parco-nazionale-del-matese\/\",\"url\":\"https:\/\/www.italiaeconomiaonline.it\/web\/legambiente-ancora-ferma-la-procedura-istitutiva-del-parco-nazionale-del-matese\/\",\"name\":\"Legambiente: \\\"Ancora ferma la procedura istitutiva del Parco nazionale del Matese\\\" -\",\"isPartOf\":{\"@id\":\"https:\/\/www.italiaeconomiaonline.it\/web\/#website\"},\"primaryImageOfPage\":{\"@id\":\"https:\/\/www.italiaeconomiaonline.it\/web\/legambiente-ancora-ferma-la-procedura-istitutiva-del-parco-nazionale-del-matese\/#primaryimage\"},\"image\":{\"@id\":\"https:\/\/www.italiaeconomiaonline.it\/web\/legambiente-ancora-ferma-la-procedura-istitutiva-del-parco-nazionale-del-matese\/#primaryimage\"},\"thumbnailUrl\":\"https:\/\/www.italiaeconomiaonline.it\/web\/wp-content\/uploads\/2020\/07\/legambiente.png\",\"datePublished\":\"2020-08-03T08:38:19+00:00\",\"dateModified\":\"2020-08-03T08:38:19+00:00\",\"author\":{\"@id\":\"https:\/\/www.italiaeconomiaonline.it\/web\/#\/schema\/person\/909a49cce752523b020fbc37d5ab1c31\"},\"breadcrumb\":{\"@id\":\"https:\/\/www.italiaeconomiaonline.it\/web\/legambiente-ancora-ferma-la-procedura-istitutiva-del-parco-nazionale-del-matese\/#breadcrumb\"},\"inLanguage\":\"it-IT\",\"potentialAction\":[{\"@type\":\"ReadAction\",\"target\":[\"https:\/\/www.italiaeconomiaonline.it\/web\/legambiente-ancora-ferma-la-procedura-istitutiva-del-parco-nazionale-del-matese\/\"]}]},{\"@type\":\"ImageObject\",\"inLanguage\":\"it-IT\",\"@id\":\"https:\/\/www.italiaeconomiaonline.it\/web\/legambiente-ancora-ferma-la-procedura-istitutiva-del-parco-nazionale-del-matese\/#primaryimage\",\"url\":\"https:\/\/www.italiaeconomiaonline.it\/web\/wp-content\/uploads\/2020\/07\/legambiente.png\",\"contentUrl\":\"https:\/\/www.italiaeconomiaonline.it\/web\/wp-content\/uploads\/2020\/07\/legambiente.png\",\"width\":1236,\"height\":690},{\"@type\":\"BreadcrumbList\",\"@id\":\"https:\/\/www.italiaeconomiaonline.it\/web\/legambiente-ancora-ferma-la-procedura-istitutiva-del-parco-nazionale-del-matese\/#breadcrumb\",\"itemListElement\":[{\"@type\":\"ListItem\",\"position\":1,\"name\":\"Home\",\"item\":\"https:\/\/www.italiaeconomiaonline.it\/web\/\"},{\"@type\":\"ListItem\",\"position\":2,\"name\":\"Legambiente: &#8220;Ancora ferma la procedura istitutiva del Parco nazionale del Matese&#8221;\"}]},{\"@type\":\"WebSite\",\"@id\":\"https:\/\/www.italiaeconomiaonline.it\/web\/#website\",\"url\":\"https:\/\/www.italiaeconomiaonline.it\/web\/\",\"name\":\"ItaliaEconomiaOnline\",\"description\":\"Quotidiano Economico Online\",\"potentialAction\":[{\"@type\":\"SearchAction\",\"target\":{\"@type\":\"EntryPoint\",\"urlTemplate\":\"https:\/\/www.italiaeconomiaonline.it\/web\/?s={search_term_string}\"},\"query-input\":\"required name=search_term_string\"}],\"inLanguage\":\"it-IT\"},{\"@type\":\"Person\",\"@id\":\"https:\/\/www.italiaeconomiaonline.it\/web\/#\/schema\/person\/909a49cce752523b020fbc37d5ab1c31\",\"name\":\"ladyitaliaeconomia\",\"image\":{\"@type\":\"ImageObject\",\"inLanguage\":\"it-IT\",\"@id\":\"https:\/\/www.italiaeconomiaonline.it\/web\/#\/schema\/person\/image\/\",\"url\":\"https:\/\/secure.gravatar.com\/avatar\/cedca10ce7416a579b9fa6bce9c0a8f2?s=96&d=mm&r=g\",\"contentUrl\":\"https:\/\/secure.gravatar.com\/avatar\/cedca10ce7416a579b9fa6bce9c0a8f2?s=96&d=mm&r=g\",\"caption\":\"ladyitaliaeconomia\"},\"url\":\"https:\/\/www.italiaeconomiaonline.it\/web\/author\/ladyitaliaeconomia\/\"}]}<\/script>\n<!-- \/ Yoast SEO plugin. -->","yoast_head_json":{"title":"Legambiente: \"Ancora ferma la procedura istitutiva del Parco nazionale del Matese\" -","robots":{"index":"index","follow":"follow","max-snippet":"max-snippet:-1","max-image-preview":"max-image-preview:large","max-video-preview":"max-video-preview:-1"},"canonical":"https:\/\/www.italiaeconomiaonline.it\/web\/legambiente-ancora-ferma-la-procedura-istitutiva-del-parco-nazionale-del-matese\/","og_locale":"it_IT","og_type":"article","og_title":"Legambiente: \"Ancora ferma la procedura istitutiva del Parco nazionale del Matese\" -","og_description":"In occasione della tappa matesina della Goletta dei Laghi, Legambiente ha colto l\u2019opportunit\u00e0 per ribadire l\u2019urgenza di completare l\u2019iter istitutivo del Parco nazionale del Matese al momento bloccato dallo scaricabarile tra il Ministro Costa e le Regioni Molise e Campania. \u201cDiciamo basta a questo inutile rimbalzo di responsabilit\u00e0 tra le istituzioni &#8211; ha dichiarato Francesca [&hellip;]","og_url":"https:\/\/www.italiaeconomiaonline.it\/web\/legambiente-ancora-ferma-la-procedura-istitutiva-del-parco-nazionale-del-matese\/","og_site_name":"ItaliaEconomiaOnline","article_published_time":"2020-08-03T08:38:19+00:00","og_image":[{"width":1236,"height":690,"url":"https:\/\/www.italiaeconomiaonline.it\/web\/wp-content\/uploads\/2020\/07\/legambiente.png","type":"image\/png"}],"author":"ladyitaliaeconomia","twitter_card":"summary_large_image","twitter_misc":{"Scritto da":"ladyitaliaeconomia","Tempo di lettura stimato":"5 minuti"},"schema":{"@context":"https:\/\/schema.org","@graph":[{"@type":"WebPage","@id":"https:\/\/www.italiaeconomiaonline.it\/web\/legambiente-ancora-ferma-la-procedura-istitutiva-del-parco-nazionale-del-matese\/","url":"https:\/\/www.italiaeconomiaonline.it\/web\/legambiente-ancora-ferma-la-procedura-istitutiva-del-parco-nazionale-del-matese\/","name":"Legambiente: \"Ancora ferma la procedura istitutiva del Parco nazionale del Matese\" -","isPartOf":{"@id":"https:\/\/www.italiaeconomiaonline.it\/web\/#website"},"primaryImageOfPage":{"@id":"https:\/\/www.italiaeconomiaonline.it\/web\/legambiente-ancora-ferma-la-procedura-istitutiva-del-parco-nazionale-del-matese\/#primaryimage"},"image":{"@id":"https:\/\/www.italiaeconomiaonline.it\/web\/legambiente-ancora-ferma-la-procedura-istitutiva-del-parco-nazionale-del-matese\/#primaryimage"},"thumbnailUrl":"https:\/\/www.italiaeconomiaonline.it\/web\/wp-content\/uploads\/2020\/07\/legambiente.png","datePublished":"2020-08-03T08:38:19+00:00","dateModified":"2020-08-03T08:38:19+00:00","author":{"@id":"https:\/\/www.italiaeconomiaonline.it\/web\/#\/schema\/person\/909a49cce752523b020fbc37d5ab1c31"},"breadcrumb":{"@id":"https:\/\/www.italiaeconomiaonline.it\/web\/legambiente-ancora-ferma-la-procedura-istitutiva-del-parco-nazionale-del-matese\/#breadcrumb"},"inLanguage":"it-IT","potentialAction":[{"@type":"ReadAction","target":["https:\/\/www.italiaeconomiaonline.it\/web\/legambiente-ancora-ferma-la-procedura-istitutiva-del-parco-nazionale-del-matese\/"]}]},{"@type":"ImageObject","inLanguage":"it-IT","@id":"https:\/\/www.italiaeconomiaonline.it\/web\/legambiente-ancora-ferma-la-procedura-istitutiva-del-parco-nazionale-del-matese\/#primaryimage","url":"https:\/\/www.italiaeconomiaonline.it\/web\/wp-content\/uploads\/2020\/07\/legambiente.png","contentUrl":"https:\/\/www.italiaeconomiaonline.it\/web\/wp-content\/uploads\/2020\/07\/legambiente.png","width":1236,"height":690},{"@type":"BreadcrumbList","@id":"https:\/\/www.italiaeconomiaonline.it\/web\/legambiente-ancora-ferma-la-procedura-istitutiva-del-parco-nazionale-del-matese\/#breadcrumb","itemListElement":[{"@type":"ListItem","position":1,"name":"Home","item":"https:\/\/www.italiaeconomiaonline.it\/web\/"},{"@type":"ListItem","position":2,"name":"Legambiente: &#8220;Ancora ferma la procedura istitutiva del Parco nazionale del Matese&#8221;"}]},{"@type":"WebSite","@id":"https:\/\/www.italiaeconomiaonline.it\/web\/#website","url":"https:\/\/www.italiaeconomiaonline.it\/web\/","name":"ItaliaEconomiaOnline","description":"Quotidiano Economico Online","potentialAction":[{"@type":"SearchAction","target":{"@type":"EntryPoint","urlTemplate":"https:\/\/www.italiaeconomiaonline.it\/web\/?s={search_term_string}"},"query-input":"required name=search_term_string"}],"inLanguage":"it-IT"},{"@type":"Person","@id":"https:\/\/www.italiaeconomiaonline.it\/web\/#\/schema\/person\/909a49cce752523b020fbc37d5ab1c31","name":"ladyitaliaeconomia","image":{"@type":"ImageObject","inLanguage":"it-IT","@id":"https:\/\/www.italiaeconomiaonline.it\/web\/#\/schema\/person\/image\/","url":"https:\/\/secure.gravatar.com\/avatar\/cedca10ce7416a579b9fa6bce9c0a8f2?s=96&d=mm&r=g","contentUrl":"https:\/\/secure.gravatar.com\/avatar\/cedca10ce7416a579b9fa6bce9c0a8f2?s=96&d=mm&r=g","caption":"ladyitaliaeconomia"},"url":"https:\/\/www.italiaeconomiaonline.it\/web\/author\/ladyitaliaeconomia\/"}]}},"_links":{"self":[{"href":"https:\/\/www.italiaeconomiaonline.it\/web\/wp-json\/wp\/v2\/posts\/3834"}],"collection":[{"href":"https:\/\/www.italiaeconomiaonline.it\/web\/wp-json\/wp\/v2\/posts"}],"about":[{"href":"https:\/\/www.italiaeconomiaonline.it\/web\/wp-json\/wp\/v2\/types\/post"}],"author":[{"embeddable":true,"href":"https:\/\/www.italiaeconomiaonline.it\/web\/wp-json\/wp\/v2\/users\/1"}],"replies":[{"embeddable":true,"href":"https:\/\/www.italiaeconomiaonline.it\/web\/wp-json\/wp\/v2\/comments?post=3834"}],"version-history":[{"count":1,"href":"https:\/\/www.italiaeconomiaonline.it\/web\/wp-json\/wp\/v2\/posts\/3834\/revisions"}],"predecessor-version":[{"id":3835,"href":"https:\/\/www.italiaeconomiaonline.it\/web\/wp-json\/wp\/v2\/posts\/3834\/revisions\/3835"}],"wp:featuredmedia":[{"embeddable":true,"href":"https:\/\/www.italiaeconomiaonline.it\/web\/wp-json\/wp\/v2\/media\/3719"}],"wp:attachment":[{"href":"https:\/\/www.italiaeconomiaonline.it\/web\/wp-json\/wp\/v2\/media?parent=3834"}],"wp:term":[{"taxonomy":"category","embeddable":true,"href":"https:\/\/www.italiaeconomiaonline.it\/web\/wp-json\/wp\/v2\/categories?post=3834"},{"taxonomy":"post_tag","embeddable":true,"href":"https:\/\/www.italiaeconomiaonline.it\/web\/wp-json\/wp\/v2\/tags?post=3834"}],"curies":[{"name":"wp","href":"https:\/\/api.w.org\/{rel}","templated":true}]}}