{"id":3844,"date":"2020-08-05T11:03:29","date_gmt":"2020-08-05T09:03:29","guid":{"rendered":"http:\/\/www.italiaeconomiaonline.it\/web\/?p=3844"},"modified":"2020-08-05T11:03:29","modified_gmt":"2020-08-05T09:03:29","slug":"dai-professionisti-un-nuovo-appello-per-laccesso-al-fondo-perduto","status":"publish","type":"post","link":"https:\/\/www.italiaeconomiaonline.it\/web\/dai-professionisti-un-nuovo-appello-per-laccesso-al-fondo-perduto\/","title":{"rendered":"Dai professionisti un nuovo appello per l\u2019accesso al fondo perduto"},"content":{"rendered":"<p><span class=\"dropcap dropcap3\">M<\/span>ilioni di professionisti ordinistici restano esclusi, anche dopo la conversione in legge 17 luglio 2020 n. 77 del decreto \u201cRilancio\u201d, dalla norma che disciplina il contributo a fondo perduto a favore degli autonomi e delle imprese,previsto per sostenere l\u2019economia italiana nell\u2019attuale fase di grave crisi cagionata dall\u2019emergenza epidemiologica in corso.<\/p>\n<p>Esclusione denunciata con forza da Ordini e Collegi professionali gi\u00e0 durante l\u2019iter di conversione in legge del decreto e che tuttora continua a creare disappunto tra i 2,3 milioni di professionisti italiani, duramente colpiti dalla crisi, che non riescono a comprendere i motivi di talescelta.<\/p>\n<p>Nonostante l\u2019attenzione e l\u2019ascolto riservato ai professionisti dal Presidente del Consigliodei Ministri, Giuseppe Conte, agli Stati Generali dell\u2019Economia e l\u2019impegno a cercare una soluzione per cancellare l\u2019iniziale esclusione contenuta nel decreto n. 34\/2020, gli iscritti agli ordini continuano a non poter beneficiare dei contributi emergenziali.<\/p>\n<p>Per questo motivo, dal Comitato Unitario delle Professioni (CUP), guidato dalla Presidente Marina Calderone, e dalla Rete delle Professioni Tecniche (RPT), coordinata da Armando Zambrano, parte un nuovo appello al Premier per sanare questa esclusione.<\/p>\n<p>\u201cAncora una volta, le professioni intellettuali rimangono escluse non solo dalle tutele previste per il lavoro dipendente come ad esempio: cassa integrazione o divieto di licenziamentoe dalle provvidenze destinate alle imprese, ma anche da misure pensate espressamente per sostenere il comparto del lavoro autonomo italiano\u201d.<\/p>\n<p>Per CUP ed RPT si tratta di un grave errore di valutazione che certamente avr\u00e0 nefaste ripercussioni su di una realt\u00e0 di importanza strategica per il futuro del Paese, sia perch\u00e9 legata inevitabilmente all\u2019economia della conoscenza, sia perch\u00e9 cruciale nel garantire corretti rapporti tra i cittadini e le Pubbliche amministrazioni italiane.<\/p>\n<p>Sotto il profilo giuridico-si legge nella letterainviata al Capo del Governo-l\u2019esclusione dei professionisti dalla platea dei destinatari dei contributi,di cui all\u2019art. 25 del decreto legge 19 maggio 2020, n. 34, realizza una ingiustificata disparit\u00e0 di trattamento, con manifesta violazione del principio di eguaglianza di cui all\u2019art. 3 della Costituzione, nonch\u00e9 una violazione del principio ormai affermatosi nel diritto europeo in forza del quale i professionisti sono da considerarsi realt\u00e0 socio-economiche equivalenti alle piccole e medie imprese (PMI) ai fini dell\u2019accesso a sussidi e provvidenze.<\/p>\n<p>\u00c8 facilmente prevedibile che il perpetuarsi di questa esclusione finir\u00e0 per generare un contenzioso volto a far valere i vizi e le criticit\u00e0 della scelta normativa. \u201cDopo i vari confronti di questi mesi e i nostri appelli auspichiamo \u2013concludono Calderone e Zambrano \u2013che il Governo si faccia finalmente carico della questione, correggendo un indirizzo che oltre non condivisibile per le ragioni gi\u00e0 evidenziate, si pone in contrasto con l\u2019attenzione e la capacit\u00e0 di ascolto manifestata nei confronti delle professioni italiane, un comparto fondamentale che contribuisce alla produzione del 14% del Pil del Paese e necessita di canali dedicati per l\u2019accesso aliquidit\u00e0 finanziaria\u201d.<\/p>\n<div id=\"mainContainer\"><\/div>\n","protected":false},"excerpt":{"rendered":"<p>Milioni di professionisti ordinistici restano esclusi, anche dopo la conversione in legge 17 luglio 2020 n. 77 del decreto \u201cRilancio\u201d, dalla norma che disciplina il contributo a fondo perduto a favore degli autonomi e delle imprese,previsto per sostenere l\u2019economia italiana nell\u2019attuale fase di grave crisi cagionata dall\u2019emergenza epidemiologica in corso. Esclusione denunciata con forza da [&hellip;]<\/p>\n","protected":false},"author":1,"featured_media":3378,"comment_status":"closed","ping_status":"open","sticky":false,"template":"","format":"standard","meta":{"footnotes":""},"categories":[162],"tags":[],"yoast_head":"<!-- This site is optimized with the Yoast SEO plugin v22.2 - https:\/\/yoast.com\/wordpress\/plugins\/seo\/ -->\n<title>Dai professionisti un nuovo appello per l\u2019accesso al fondo perduto -<\/title>\n<meta name=\"robots\" content=\"index, follow, max-snippet:-1, max-image-preview:large, max-video-preview:-1\" \/>\n<link rel=\"canonical\" href=\"https:\/\/www.italiaeconomiaonline.it\/web\/dai-professionisti-un-nuovo-appello-per-laccesso-al-fondo-perduto\/\" \/>\n<meta property=\"og:locale\" content=\"it_IT\" \/>\n<meta property=\"og:type\" content=\"article\" \/>\n<meta property=\"og:title\" content=\"Dai professionisti un nuovo appello per l\u2019accesso al fondo perduto -\" \/>\n<meta property=\"og:description\" content=\"Milioni di professionisti ordinistici restano esclusi, anche dopo la conversione in legge 17 luglio 2020 n. 77 del decreto \u201cRilancio\u201d, dalla norma che disciplina il contributo a fondo perduto a favore degli autonomi e delle imprese,previsto per sostenere l\u2019economia italiana nell\u2019attuale fase di grave crisi cagionata dall\u2019emergenza epidemiologica in corso. Esclusione denunciata con forza da [&hellip;]\" \/>\n<meta property=\"og:url\" content=\"https:\/\/www.italiaeconomiaonline.it\/web\/dai-professionisti-un-nuovo-appello-per-laccesso-al-fondo-perduto\/\" \/>\n<meta property=\"og:site_name\" content=\"ItaliaEconomiaOnline\" \/>\n<meta property=\"article:published_time\" content=\"2020-08-05T09:03:29+00:00\" \/>\n<meta property=\"og:image\" content=\"https:\/\/www.italiaeconomiaonline.it\/web\/wp-content\/uploads\/2020\/06\/Schermata-2020-06-17-alle-15.57.33.png\" \/>\n\t<meta property=\"og:image:width\" content=\"1396\" \/>\n\t<meta property=\"og:image:height\" content=\"942\" \/>\n\t<meta property=\"og:image:type\" content=\"image\/png\" \/>\n<meta name=\"author\" content=\"ladyitaliaeconomia\" \/>\n<meta name=\"twitter:card\" content=\"summary_large_image\" \/>\n<meta name=\"twitter:label1\" content=\"Scritto da\" \/>\n\t<meta name=\"twitter:data1\" content=\"ladyitaliaeconomia\" \/>\n\t<meta name=\"twitter:label2\" content=\"Tempo di lettura stimato\" \/>\n\t<meta name=\"twitter:data2\" content=\"2 minuti\" \/>\n<script type=\"application\/ld+json\" class=\"yoast-schema-graph\">{\"@context\":\"https:\/\/schema.org\",\"@graph\":[{\"@type\":\"WebPage\",\"@id\":\"https:\/\/www.italiaeconomiaonline.it\/web\/dai-professionisti-un-nuovo-appello-per-laccesso-al-fondo-perduto\/\",\"url\":\"https:\/\/www.italiaeconomiaonline.it\/web\/dai-professionisti-un-nuovo-appello-per-laccesso-al-fondo-perduto\/\",\"name\":\"Dai professionisti un nuovo appello per l\u2019accesso al fondo perduto -\",\"isPartOf\":{\"@id\":\"https:\/\/www.italiaeconomiaonline.it\/web\/#website\"},\"primaryImageOfPage\":{\"@id\":\"https:\/\/www.italiaeconomiaonline.it\/web\/dai-professionisti-un-nuovo-appello-per-laccesso-al-fondo-perduto\/#primaryimage\"},\"image\":{\"@id\":\"https:\/\/www.italiaeconomiaonline.it\/web\/dai-professionisti-un-nuovo-appello-per-laccesso-al-fondo-perduto\/#primaryimage\"},\"thumbnailUrl\":\"https:\/\/www.italiaeconomiaonline.it\/web\/wp-content\/uploads\/2020\/06\/Schermata-2020-06-17-alle-15.57.33.png\",\"datePublished\":\"2020-08-05T09:03:29+00:00\",\"dateModified\":\"2020-08-05T09:03:29+00:00\",\"author\":{\"@id\":\"https:\/\/www.italiaeconomiaonline.it\/web\/#\/schema\/person\/909a49cce752523b020fbc37d5ab1c31\"},\"breadcrumb\":{\"@id\":\"https:\/\/www.italiaeconomiaonline.it\/web\/dai-professionisti-un-nuovo-appello-per-laccesso-al-fondo-perduto\/#breadcrumb\"},\"inLanguage\":\"it-IT\",\"potentialAction\":[{\"@type\":\"ReadAction\",\"target\":[\"https:\/\/www.italiaeconomiaonline.it\/web\/dai-professionisti-un-nuovo-appello-per-laccesso-al-fondo-perduto\/\"]}]},{\"@type\":\"ImageObject\",\"inLanguage\":\"it-IT\",\"@id\":\"https:\/\/www.italiaeconomiaonline.it\/web\/dai-professionisti-un-nuovo-appello-per-laccesso-al-fondo-perduto\/#primaryimage\",\"url\":\"https:\/\/www.italiaeconomiaonline.it\/web\/wp-content\/uploads\/2020\/06\/Schermata-2020-06-17-alle-15.57.33.png\",\"contentUrl\":\"https:\/\/www.italiaeconomiaonline.it\/web\/wp-content\/uploads\/2020\/06\/Schermata-2020-06-17-alle-15.57.33.png\",\"width\":1396,\"height\":942},{\"@type\":\"BreadcrumbList\",\"@id\":\"https:\/\/www.italiaeconomiaonline.it\/web\/dai-professionisti-un-nuovo-appello-per-laccesso-al-fondo-perduto\/#breadcrumb\",\"itemListElement\":[{\"@type\":\"ListItem\",\"position\":1,\"name\":\"Home\",\"item\":\"https:\/\/www.italiaeconomiaonline.it\/web\/\"},{\"@type\":\"ListItem\",\"position\":2,\"name\":\"Dai professionisti un nuovo appello per l\u2019accesso al fondo perduto\"}]},{\"@type\":\"WebSite\",\"@id\":\"https:\/\/www.italiaeconomiaonline.it\/web\/#website\",\"url\":\"https:\/\/www.italiaeconomiaonline.it\/web\/\",\"name\":\"ItaliaEconomiaOnline\",\"description\":\"Quotidiano Economico Online\",\"potentialAction\":[{\"@type\":\"SearchAction\",\"target\":{\"@type\":\"EntryPoint\",\"urlTemplate\":\"https:\/\/www.italiaeconomiaonline.it\/web\/?s={search_term_string}\"},\"query-input\":\"required name=search_term_string\"}],\"inLanguage\":\"it-IT\"},{\"@type\":\"Person\",\"@id\":\"https:\/\/www.italiaeconomiaonline.it\/web\/#\/schema\/person\/909a49cce752523b020fbc37d5ab1c31\",\"name\":\"ladyitaliaeconomia\",\"image\":{\"@type\":\"ImageObject\",\"inLanguage\":\"it-IT\",\"@id\":\"https:\/\/www.italiaeconomiaonline.it\/web\/#\/schema\/person\/image\/\",\"url\":\"https:\/\/secure.gravatar.com\/avatar\/cedca10ce7416a579b9fa6bce9c0a8f2?s=96&d=mm&r=g\",\"contentUrl\":\"https:\/\/secure.gravatar.com\/avatar\/cedca10ce7416a579b9fa6bce9c0a8f2?s=96&d=mm&r=g\",\"caption\":\"ladyitaliaeconomia\"},\"url\":\"https:\/\/www.italiaeconomiaonline.it\/web\/author\/ladyitaliaeconomia\/\"}]}<\/script>\n<!-- \/ Yoast SEO plugin. -->","yoast_head_json":{"title":"Dai professionisti un nuovo appello per l\u2019accesso al fondo perduto -","robots":{"index":"index","follow":"follow","max-snippet":"max-snippet:-1","max-image-preview":"max-image-preview:large","max-video-preview":"max-video-preview:-1"},"canonical":"https:\/\/www.italiaeconomiaonline.it\/web\/dai-professionisti-un-nuovo-appello-per-laccesso-al-fondo-perduto\/","og_locale":"it_IT","og_type":"article","og_title":"Dai professionisti un nuovo appello per l\u2019accesso al fondo perduto -","og_description":"Milioni di professionisti ordinistici restano esclusi, anche dopo la conversione in legge 17 luglio 2020 n. 77 del decreto \u201cRilancio\u201d, dalla norma che disciplina il contributo a fondo perduto a favore degli autonomi e delle imprese,previsto per sostenere l\u2019economia italiana nell\u2019attuale fase di grave crisi cagionata dall\u2019emergenza epidemiologica in corso. Esclusione denunciata con forza da [&hellip;]","og_url":"https:\/\/www.italiaeconomiaonline.it\/web\/dai-professionisti-un-nuovo-appello-per-laccesso-al-fondo-perduto\/","og_site_name":"ItaliaEconomiaOnline","article_published_time":"2020-08-05T09:03:29+00:00","og_image":[{"width":1396,"height":942,"url":"https:\/\/www.italiaeconomiaonline.it\/web\/wp-content\/uploads\/2020\/06\/Schermata-2020-06-17-alle-15.57.33.png","type":"image\/png"}],"author":"ladyitaliaeconomia","twitter_card":"summary_large_image","twitter_misc":{"Scritto da":"ladyitaliaeconomia","Tempo di lettura stimato":"2 minuti"},"schema":{"@context":"https:\/\/schema.org","@graph":[{"@type":"WebPage","@id":"https:\/\/www.italiaeconomiaonline.it\/web\/dai-professionisti-un-nuovo-appello-per-laccesso-al-fondo-perduto\/","url":"https:\/\/www.italiaeconomiaonline.it\/web\/dai-professionisti-un-nuovo-appello-per-laccesso-al-fondo-perduto\/","name":"Dai professionisti un nuovo appello per l\u2019accesso al fondo perduto -","isPartOf":{"@id":"https:\/\/www.italiaeconomiaonline.it\/web\/#website"},"primaryImageOfPage":{"@id":"https:\/\/www.italiaeconomiaonline.it\/web\/dai-professionisti-un-nuovo-appello-per-laccesso-al-fondo-perduto\/#primaryimage"},"image":{"@id":"https:\/\/www.italiaeconomiaonline.it\/web\/dai-professionisti-un-nuovo-appello-per-laccesso-al-fondo-perduto\/#primaryimage"},"thumbnailUrl":"https:\/\/www.italiaeconomiaonline.it\/web\/wp-content\/uploads\/2020\/06\/Schermata-2020-06-17-alle-15.57.33.png","datePublished":"2020-08-05T09:03:29+00:00","dateModified":"2020-08-05T09:03:29+00:00","author":{"@id":"https:\/\/www.italiaeconomiaonline.it\/web\/#\/schema\/person\/909a49cce752523b020fbc37d5ab1c31"},"breadcrumb":{"@id":"https:\/\/www.italiaeconomiaonline.it\/web\/dai-professionisti-un-nuovo-appello-per-laccesso-al-fondo-perduto\/#breadcrumb"},"inLanguage":"it-IT","potentialAction":[{"@type":"ReadAction","target":["https:\/\/www.italiaeconomiaonline.it\/web\/dai-professionisti-un-nuovo-appello-per-laccesso-al-fondo-perduto\/"]}]},{"@type":"ImageObject","inLanguage":"it-IT","@id":"https:\/\/www.italiaeconomiaonline.it\/web\/dai-professionisti-un-nuovo-appello-per-laccesso-al-fondo-perduto\/#primaryimage","url":"https:\/\/www.italiaeconomiaonline.it\/web\/wp-content\/uploads\/2020\/06\/Schermata-2020-06-17-alle-15.57.33.png","contentUrl":"https:\/\/www.italiaeconomiaonline.it\/web\/wp-content\/uploads\/2020\/06\/Schermata-2020-06-17-alle-15.57.33.png","width":1396,"height":942},{"@type":"BreadcrumbList","@id":"https:\/\/www.italiaeconomiaonline.it\/web\/dai-professionisti-un-nuovo-appello-per-laccesso-al-fondo-perduto\/#breadcrumb","itemListElement":[{"@type":"ListItem","position":1,"name":"Home","item":"https:\/\/www.italiaeconomiaonline.it\/web\/"},{"@type":"ListItem","position":2,"name":"Dai professionisti un nuovo appello per l\u2019accesso al fondo perduto"}]},{"@type":"WebSite","@id":"https:\/\/www.italiaeconomiaonline.it\/web\/#website","url":"https:\/\/www.italiaeconomiaonline.it\/web\/","name":"ItaliaEconomiaOnline","description":"Quotidiano Economico Online","potentialAction":[{"@type":"SearchAction","target":{"@type":"EntryPoint","urlTemplate":"https:\/\/www.italiaeconomiaonline.it\/web\/?s={search_term_string}"},"query-input":"required name=search_term_string"}],"inLanguage":"it-IT"},{"@type":"Person","@id":"https:\/\/www.italiaeconomiaonline.it\/web\/#\/schema\/person\/909a49cce752523b020fbc37d5ab1c31","name":"ladyitaliaeconomia","image":{"@type":"ImageObject","inLanguage":"it-IT","@id":"https:\/\/www.italiaeconomiaonline.it\/web\/#\/schema\/person\/image\/","url":"https:\/\/secure.gravatar.com\/avatar\/cedca10ce7416a579b9fa6bce9c0a8f2?s=96&d=mm&r=g","contentUrl":"https:\/\/secure.gravatar.com\/avatar\/cedca10ce7416a579b9fa6bce9c0a8f2?s=96&d=mm&r=g","caption":"ladyitaliaeconomia"},"url":"https:\/\/www.italiaeconomiaonline.it\/web\/author\/ladyitaliaeconomia\/"}]}},"_links":{"self":[{"href":"https:\/\/www.italiaeconomiaonline.it\/web\/wp-json\/wp\/v2\/posts\/3844"}],"collection":[{"href":"https:\/\/www.italiaeconomiaonline.it\/web\/wp-json\/wp\/v2\/posts"}],"about":[{"href":"https:\/\/www.italiaeconomiaonline.it\/web\/wp-json\/wp\/v2\/types\/post"}],"author":[{"embeddable":true,"href":"https:\/\/www.italiaeconomiaonline.it\/web\/wp-json\/wp\/v2\/users\/1"}],"replies":[{"embeddable":true,"href":"https:\/\/www.italiaeconomiaonline.it\/web\/wp-json\/wp\/v2\/comments?post=3844"}],"version-history":[{"count":1,"href":"https:\/\/www.italiaeconomiaonline.it\/web\/wp-json\/wp\/v2\/posts\/3844\/revisions"}],"predecessor-version":[{"id":3845,"href":"https:\/\/www.italiaeconomiaonline.it\/web\/wp-json\/wp\/v2\/posts\/3844\/revisions\/3845"}],"wp:featuredmedia":[{"embeddable":true,"href":"https:\/\/www.italiaeconomiaonline.it\/web\/wp-json\/wp\/v2\/media\/3378"}],"wp:attachment":[{"href":"https:\/\/www.italiaeconomiaonline.it\/web\/wp-json\/wp\/v2\/media?parent=3844"}],"wp:term":[{"taxonomy":"category","embeddable":true,"href":"https:\/\/www.italiaeconomiaonline.it\/web\/wp-json\/wp\/v2\/categories?post=3844"},{"taxonomy":"post_tag","embeddable":true,"href":"https:\/\/www.italiaeconomiaonline.it\/web\/wp-json\/wp\/v2\/tags?post=3844"}],"curies":[{"name":"wp","href":"https:\/\/api.w.org\/{rel}","templated":true}]}}