{"id":3855,"date":"2020-08-06T09:56:52","date_gmt":"2020-08-06T07:56:52","guid":{"rendered":"http:\/\/www.italiaeconomiaonline.it\/web\/?p=3855"},"modified":"2020-08-06T09:56:52","modified_gmt":"2020-08-06T07:56:52","slug":"focus-contributo-a-fondo-perduto-per-i-comuni-in-stato-di-emergenza","status":"publish","type":"post","link":"https:\/\/www.italiaeconomiaonline.it\/web\/focus-contributo-a-fondo-perduto-per-i-comuni-in-stato-di-emergenza\/","title":{"rendered":"Focus sul contributo a fondo perduto per i comuni in stato di emergenza"},"content":{"rendered":"<p class=\"p1\"><span class=\"dropcap dropcap3\">I<\/span>l Consiglio e la Fondazione Nazionale dei Commercialisti hanno pubblicato il <a href=\"http:\/\/www.italiaeconomiaonline.it\/web\/wp-content\/uploads\/2020\/08\/2020_08_05_Contributo-a-fondo-perduto-per-i-comuni-in-stato-di-emergenza_def.docx\">documento:<\/a> \u201cContributo a fondo perduto per i comuni in stato di emergenza\u201d.<span class=\"apple-converted-space\">\u00a0<\/span><\/p>\n<p class=\"p1\"><span class=\"s1\">Lo studio esamina la disciplina prevista dal comma 4 dell\u2019articolo 25 del decreto legge 19 maggio 2020,<\/span><span class=\"apple-converted-space\">\u00a0<\/span><span class=\"s1\">n. 34 ( \u201cDecreto Rilancio\u201d) in materia di contributi a fondo perduto a favore dei contribuenti aventi il domicilio fiscale o la sede operativa nel territorio di comuni colpiti da eventi calamitosi (sismi, alluvioni o altri eventi naturali avversi).<\/span><span class=\"apple-converted-space\">\u00a0<\/span><\/p>\n<p class=\"p3\"><span class=\"s1\">Il contributo ha lo scopo<b> <\/b>di supportare i soggetti economici maggiormente danneggiati dalle conseguenze economiche inevitabilmente indotte dalla pandemia da Coronavirus alleviando, dal punto di vista economico e finanziario, gli effetti negativi dell\u2019epidemia.<\/span><\/p>\n<p class=\"p3\">\n<p class=\"p5\"><span class=\"s1\">Si tratta di una norma derogatoria rispetto alle regole generali fissate dal decreto ai fini dell\u2019erogazione dei fondi in parola, in quanto prevede delle condizioni pi\u00f9 favorevoli per l\u2019erogazione dei contributi in favore dei soggetti citati, in considerazione della pregressa situazione di difficolt\u00e0 economica in cui gli stessi versavano a causa delle calamit\u00e0 intervenute nei territori in cui esercitavano la loro attivit\u00e0 economica.<\/span><\/p>\n<p class=\"p5\"><span class=\"s1\">Il documento fornisce chiarimenti e precisazioni in merito alla specifica disciplina fissata dall\u2019ultimo periodo del prefato comma 4, offrendo utili suggerimenti operativi in merito all\u2019individuazione dei comuni interessati dalle delibere emergenziali rilevanti ai fini dell\u2019accesso alla disciplina derogatoria citata. <\/span>Un tema di particolare delicatezza, tenuto conto dei risvolti anche penali che possono derivare nei casi di percezione del contributo in tutto o in parte non spettante.<\/p>\n<p class=\"p5\">\n<p class=\"p5\"><span class=\"s1\">Dopo una premessa, lo studio analizza la deroga in favore dei soggetti localizzati in comuni colpiti da eventi calamitosi, la ratio della norma, lo stato di emergenza, l\u2019individuazione dei comuni in stato di emergenza e la rilevanza dell\u2019aspetto temporale in merito al domicilio fiscale o sede operativa nel comune in emergenza. Poi spazio ad un approfondimento della misura del contributo e allo studio di alcuni casi di stato di emergenza quali la regione Sicilia e la regione Veneto. Infine approfondimento sul credito d\u2019imposta locazioni per i contribuenti in stato d\u2019emergenza.<\/span><\/p>\n<p class=\"p5\">\n","protected":false},"excerpt":{"rendered":"<p>Il Consiglio e la Fondazione Nazionale dei Commercialisti hanno pubblicato il documento: \u201cContributo a fondo perduto per i comuni in stato di emergenza\u201d.\u00a0 Lo studio esamina la disciplina prevista dal comma 4 dell\u2019articolo 25 del decreto legge 19 maggio 2020,\u00a0n. 34 ( \u201cDecreto Rilancio\u201d) in materia di contributi a fondo perduto a favore dei contribuenti [&hellip;]<\/p>\n","protected":false},"author":1,"featured_media":164,"comment_status":"closed","ping_status":"open","sticky":false,"template":"","format":"standard","meta":{"footnotes":""},"categories":[162],"tags":[1063,1210,1211],"yoast_head":"<!-- This site is optimized with the Yoast SEO plugin v22.2 - https:\/\/yoast.com\/wordpress\/plugins\/seo\/ -->\n<title>Focus sul contributo a fondo perduto per i comuni in stato di emergenza -<\/title>\n<meta name=\"robots\" content=\"index, follow, max-snippet:-1, max-image-preview:large, max-video-preview:-1\" \/>\n<link rel=\"canonical\" href=\"https:\/\/www.italiaeconomiaonline.it\/web\/focus-contributo-a-fondo-perduto-per-i-comuni-in-stato-di-emergenza\/\" \/>\n<meta property=\"og:locale\" content=\"it_IT\" \/>\n<meta property=\"og:type\" content=\"article\" \/>\n<meta property=\"og:title\" content=\"Focus sul contributo a fondo perduto per i comuni in stato di emergenza -\" \/>\n<meta property=\"og:description\" content=\"Il Consiglio e la Fondazione Nazionale dei Commercialisti hanno pubblicato il documento: \u201cContributo a fondo perduto per i comuni in stato di emergenza\u201d.\u00a0 Lo studio esamina la disciplina prevista dal comma 4 dell\u2019articolo 25 del decreto legge 19 maggio 2020,\u00a0n. 34 ( \u201cDecreto Rilancio\u201d) in materia di contributi a fondo perduto a favore dei contribuenti [&hellip;]\" \/>\n<meta property=\"og:url\" content=\"https:\/\/www.italiaeconomiaonline.it\/web\/focus-contributo-a-fondo-perduto-per-i-comuni-in-stato-di-emergenza\/\" \/>\n<meta property=\"og:site_name\" content=\"ItaliaEconomiaOnline\" \/>\n<meta property=\"article:published_time\" content=\"2020-08-06T07:56:52+00:00\" \/>\n<meta property=\"og:image\" content=\"https:\/\/www.italiaeconomiaonline.it\/web\/wp-content\/uploads\/2018\/07\/soldi.jpg\" \/>\n\t<meta property=\"og:image:width\" content=\"960\" \/>\n\t<meta property=\"og:image:height\" content=\"600\" \/>\n\t<meta property=\"og:image:type\" content=\"image\/jpeg\" \/>\n<meta name=\"author\" content=\"ladyitaliaeconomia\" \/>\n<meta name=\"twitter:card\" content=\"summary_large_image\" \/>\n<meta name=\"twitter:label1\" content=\"Scritto da\" \/>\n\t<meta name=\"twitter:data1\" content=\"ladyitaliaeconomia\" \/>\n\t<meta name=\"twitter:label2\" content=\"Tempo di lettura stimato\" \/>\n\t<meta name=\"twitter:data2\" content=\"2 minuti\" \/>\n<script type=\"application\/ld+json\" class=\"yoast-schema-graph\">{\"@context\":\"https:\/\/schema.org\",\"@graph\":[{\"@type\":\"WebPage\",\"@id\":\"https:\/\/www.italiaeconomiaonline.it\/web\/focus-contributo-a-fondo-perduto-per-i-comuni-in-stato-di-emergenza\/\",\"url\":\"https:\/\/www.italiaeconomiaonline.it\/web\/focus-contributo-a-fondo-perduto-per-i-comuni-in-stato-di-emergenza\/\",\"name\":\"Focus sul contributo a fondo perduto per i comuni in stato di emergenza -\",\"isPartOf\":{\"@id\":\"https:\/\/www.italiaeconomiaonline.it\/web\/#website\"},\"primaryImageOfPage\":{\"@id\":\"https:\/\/www.italiaeconomiaonline.it\/web\/focus-contributo-a-fondo-perduto-per-i-comuni-in-stato-di-emergenza\/#primaryimage\"},\"image\":{\"@id\":\"https:\/\/www.italiaeconomiaonline.it\/web\/focus-contributo-a-fondo-perduto-per-i-comuni-in-stato-di-emergenza\/#primaryimage\"},\"thumbnailUrl\":\"https:\/\/www.italiaeconomiaonline.it\/web\/wp-content\/uploads\/2018\/07\/soldi.jpg\",\"datePublished\":\"2020-08-06T07:56:52+00:00\",\"dateModified\":\"2020-08-06T07:56:52+00:00\",\"author\":{\"@id\":\"https:\/\/www.italiaeconomiaonline.it\/web\/#\/schema\/person\/909a49cce752523b020fbc37d5ab1c31\"},\"breadcrumb\":{\"@id\":\"https:\/\/www.italiaeconomiaonline.it\/web\/focus-contributo-a-fondo-perduto-per-i-comuni-in-stato-di-emergenza\/#breadcrumb\"},\"inLanguage\":\"it-IT\",\"potentialAction\":[{\"@type\":\"ReadAction\",\"target\":[\"https:\/\/www.italiaeconomiaonline.it\/web\/focus-contributo-a-fondo-perduto-per-i-comuni-in-stato-di-emergenza\/\"]}]},{\"@type\":\"ImageObject\",\"inLanguage\":\"it-IT\",\"@id\":\"https:\/\/www.italiaeconomiaonline.it\/web\/focus-contributo-a-fondo-perduto-per-i-comuni-in-stato-di-emergenza\/#primaryimage\",\"url\":\"https:\/\/www.italiaeconomiaonline.it\/web\/wp-content\/uploads\/2018\/07\/soldi.jpg\",\"contentUrl\":\"https:\/\/www.italiaeconomiaonline.it\/web\/wp-content\/uploads\/2018\/07\/soldi.jpg\",\"width\":960,\"height\":600},{\"@type\":\"BreadcrumbList\",\"@id\":\"https:\/\/www.italiaeconomiaonline.it\/web\/focus-contributo-a-fondo-perduto-per-i-comuni-in-stato-di-emergenza\/#breadcrumb\",\"itemListElement\":[{\"@type\":\"ListItem\",\"position\":1,\"name\":\"Home\",\"item\":\"https:\/\/www.italiaeconomiaonline.it\/web\/\"},{\"@type\":\"ListItem\",\"position\":2,\"name\":\"Focus sul contributo a fondo perduto per i comuni in stato di emergenza\"}]},{\"@type\":\"WebSite\",\"@id\":\"https:\/\/www.italiaeconomiaonline.it\/web\/#website\",\"url\":\"https:\/\/www.italiaeconomiaonline.it\/web\/\",\"name\":\"ItaliaEconomiaOnline\",\"description\":\"Quotidiano Economico Online\",\"potentialAction\":[{\"@type\":\"SearchAction\",\"target\":{\"@type\":\"EntryPoint\",\"urlTemplate\":\"https:\/\/www.italiaeconomiaonline.it\/web\/?s={search_term_string}\"},\"query-input\":\"required name=search_term_string\"}],\"inLanguage\":\"it-IT\"},{\"@type\":\"Person\",\"@id\":\"https:\/\/www.italiaeconomiaonline.it\/web\/#\/schema\/person\/909a49cce752523b020fbc37d5ab1c31\",\"name\":\"ladyitaliaeconomia\",\"image\":{\"@type\":\"ImageObject\",\"inLanguage\":\"it-IT\",\"@id\":\"https:\/\/www.italiaeconomiaonline.it\/web\/#\/schema\/person\/image\/\",\"url\":\"https:\/\/secure.gravatar.com\/avatar\/cedca10ce7416a579b9fa6bce9c0a8f2?s=96&d=mm&r=g\",\"contentUrl\":\"https:\/\/secure.gravatar.com\/avatar\/cedca10ce7416a579b9fa6bce9c0a8f2?s=96&d=mm&r=g\",\"caption\":\"ladyitaliaeconomia\"},\"url\":\"https:\/\/www.italiaeconomiaonline.it\/web\/author\/ladyitaliaeconomia\/\"}]}<\/script>\n<!-- \/ Yoast SEO plugin. -->","yoast_head_json":{"title":"Focus sul contributo a fondo perduto per i comuni in stato di emergenza -","robots":{"index":"index","follow":"follow","max-snippet":"max-snippet:-1","max-image-preview":"max-image-preview:large","max-video-preview":"max-video-preview:-1"},"canonical":"https:\/\/www.italiaeconomiaonline.it\/web\/focus-contributo-a-fondo-perduto-per-i-comuni-in-stato-di-emergenza\/","og_locale":"it_IT","og_type":"article","og_title":"Focus sul contributo a fondo perduto per i comuni in stato di emergenza -","og_description":"Il Consiglio e la Fondazione Nazionale dei Commercialisti hanno pubblicato il documento: \u201cContributo a fondo perduto per i comuni in stato di emergenza\u201d.\u00a0 Lo studio esamina la disciplina prevista dal comma 4 dell\u2019articolo 25 del decreto legge 19 maggio 2020,\u00a0n. 34 ( \u201cDecreto Rilancio\u201d) in materia di contributi a fondo perduto a favore dei contribuenti [&hellip;]","og_url":"https:\/\/www.italiaeconomiaonline.it\/web\/focus-contributo-a-fondo-perduto-per-i-comuni-in-stato-di-emergenza\/","og_site_name":"ItaliaEconomiaOnline","article_published_time":"2020-08-06T07:56:52+00:00","og_image":[{"width":960,"height":600,"url":"https:\/\/www.italiaeconomiaonline.it\/web\/wp-content\/uploads\/2018\/07\/soldi.jpg","type":"image\/jpeg"}],"author":"ladyitaliaeconomia","twitter_card":"summary_large_image","twitter_misc":{"Scritto da":"ladyitaliaeconomia","Tempo di lettura stimato":"2 minuti"},"schema":{"@context":"https:\/\/schema.org","@graph":[{"@type":"WebPage","@id":"https:\/\/www.italiaeconomiaonline.it\/web\/focus-contributo-a-fondo-perduto-per-i-comuni-in-stato-di-emergenza\/","url":"https:\/\/www.italiaeconomiaonline.it\/web\/focus-contributo-a-fondo-perduto-per-i-comuni-in-stato-di-emergenza\/","name":"Focus sul contributo a fondo perduto per i comuni in stato di emergenza -","isPartOf":{"@id":"https:\/\/www.italiaeconomiaonline.it\/web\/#website"},"primaryImageOfPage":{"@id":"https:\/\/www.italiaeconomiaonline.it\/web\/focus-contributo-a-fondo-perduto-per-i-comuni-in-stato-di-emergenza\/#primaryimage"},"image":{"@id":"https:\/\/www.italiaeconomiaonline.it\/web\/focus-contributo-a-fondo-perduto-per-i-comuni-in-stato-di-emergenza\/#primaryimage"},"thumbnailUrl":"https:\/\/www.italiaeconomiaonline.it\/web\/wp-content\/uploads\/2018\/07\/soldi.jpg","datePublished":"2020-08-06T07:56:52+00:00","dateModified":"2020-08-06T07:56:52+00:00","author":{"@id":"https:\/\/www.italiaeconomiaonline.it\/web\/#\/schema\/person\/909a49cce752523b020fbc37d5ab1c31"},"breadcrumb":{"@id":"https:\/\/www.italiaeconomiaonline.it\/web\/focus-contributo-a-fondo-perduto-per-i-comuni-in-stato-di-emergenza\/#breadcrumb"},"inLanguage":"it-IT","potentialAction":[{"@type":"ReadAction","target":["https:\/\/www.italiaeconomiaonline.it\/web\/focus-contributo-a-fondo-perduto-per-i-comuni-in-stato-di-emergenza\/"]}]},{"@type":"ImageObject","inLanguage":"it-IT","@id":"https:\/\/www.italiaeconomiaonline.it\/web\/focus-contributo-a-fondo-perduto-per-i-comuni-in-stato-di-emergenza\/#primaryimage","url":"https:\/\/www.italiaeconomiaonline.it\/web\/wp-content\/uploads\/2018\/07\/soldi.jpg","contentUrl":"https:\/\/www.italiaeconomiaonline.it\/web\/wp-content\/uploads\/2018\/07\/soldi.jpg","width":960,"height":600},{"@type":"BreadcrumbList","@id":"https:\/\/www.italiaeconomiaonline.it\/web\/focus-contributo-a-fondo-perduto-per-i-comuni-in-stato-di-emergenza\/#breadcrumb","itemListElement":[{"@type":"ListItem","position":1,"name":"Home","item":"https:\/\/www.italiaeconomiaonline.it\/web\/"},{"@type":"ListItem","position":2,"name":"Focus sul contributo a fondo perduto per i comuni in stato di emergenza"}]},{"@type":"WebSite","@id":"https:\/\/www.italiaeconomiaonline.it\/web\/#website","url":"https:\/\/www.italiaeconomiaonline.it\/web\/","name":"ItaliaEconomiaOnline","description":"Quotidiano Economico Online","potentialAction":[{"@type":"SearchAction","target":{"@type":"EntryPoint","urlTemplate":"https:\/\/www.italiaeconomiaonline.it\/web\/?s={search_term_string}"},"query-input":"required name=search_term_string"}],"inLanguage":"it-IT"},{"@type":"Person","@id":"https:\/\/www.italiaeconomiaonline.it\/web\/#\/schema\/person\/909a49cce752523b020fbc37d5ab1c31","name":"ladyitaliaeconomia","image":{"@type":"ImageObject","inLanguage":"it-IT","@id":"https:\/\/www.italiaeconomiaonline.it\/web\/#\/schema\/person\/image\/","url":"https:\/\/secure.gravatar.com\/avatar\/cedca10ce7416a579b9fa6bce9c0a8f2?s=96&d=mm&r=g","contentUrl":"https:\/\/secure.gravatar.com\/avatar\/cedca10ce7416a579b9fa6bce9c0a8f2?s=96&d=mm&r=g","caption":"ladyitaliaeconomia"},"url":"https:\/\/www.italiaeconomiaonline.it\/web\/author\/ladyitaliaeconomia\/"}]}},"_links":{"self":[{"href":"https:\/\/www.italiaeconomiaonline.it\/web\/wp-json\/wp\/v2\/posts\/3855"}],"collection":[{"href":"https:\/\/www.italiaeconomiaonline.it\/web\/wp-json\/wp\/v2\/posts"}],"about":[{"href":"https:\/\/www.italiaeconomiaonline.it\/web\/wp-json\/wp\/v2\/types\/post"}],"author":[{"embeddable":true,"href":"https:\/\/www.italiaeconomiaonline.it\/web\/wp-json\/wp\/v2\/users\/1"}],"replies":[{"embeddable":true,"href":"https:\/\/www.italiaeconomiaonline.it\/web\/wp-json\/wp\/v2\/comments?post=3855"}],"version-history":[{"count":1,"href":"https:\/\/www.italiaeconomiaonline.it\/web\/wp-json\/wp\/v2\/posts\/3855\/revisions"}],"predecessor-version":[{"id":3857,"href":"https:\/\/www.italiaeconomiaonline.it\/web\/wp-json\/wp\/v2\/posts\/3855\/revisions\/3857"}],"wp:featuredmedia":[{"embeddable":true,"href":"https:\/\/www.italiaeconomiaonline.it\/web\/wp-json\/wp\/v2\/media\/164"}],"wp:attachment":[{"href":"https:\/\/www.italiaeconomiaonline.it\/web\/wp-json\/wp\/v2\/media?parent=3855"}],"wp:term":[{"taxonomy":"category","embeddable":true,"href":"https:\/\/www.italiaeconomiaonline.it\/web\/wp-json\/wp\/v2\/categories?post=3855"},{"taxonomy":"post_tag","embeddable":true,"href":"https:\/\/www.italiaeconomiaonline.it\/web\/wp-json\/wp\/v2\/tags?post=3855"}],"curies":[{"name":"wp","href":"https:\/\/api.w.org\/{rel}","templated":true}]}}