{"id":3894,"date":"2020-08-11T12:37:30","date_gmt":"2020-08-11T10:37:30","guid":{"rendered":"http:\/\/www.italiaeconomiaonline.it\/web\/?p=3894"},"modified":"2020-08-11T12:37:30","modified_gmt":"2020-08-11T10:37:30","slug":"competere-eu-lancia-il-test-dellestate-su-ambiente-e-sostenibilita","status":"publish","type":"post","link":"https:\/\/www.italiaeconomiaonline.it\/web\/competere-eu-lancia-il-test-dellestate-su-ambiente-e-sostenibilita\/","title":{"rendered":"Competere.Eu lancia il test dell\u2019estate su ambiente e sostenibilit\u00e0"},"content":{"rendered":"<p><span class=\"dropcap dropcap3\">A<\/span>mi il tuo pianeta? Scopri quanto di Greta Tumberg o di Donald Trump c&#8217;\u00e8 in te.&#8221; Questo lo slogan con cui il think-tank Competere.eu promuove il <a href=\"https:\/\/www.competere.eu\/test-ambiente\">test <\/a>per sensibilizzare \u00a0i cittadini sul tema della sostenibilit\u00e0.<\/p>\n<p>Il test \u00e8 uno strumento semiserio ma semplice e immediato da usare con gli amici in spiaggia al mare o sui sentieri e nei rifugi di montagna.<\/p>\n<p>Rispondendo alle 15 domande si scoprir\u00e0 a quale dei 4 profili di ambientalisti o negazionismi si appartiene: Greta Thunberg, il pi\u00f9 ideologico, &#8220;Non sei mai troppo piccolo per fare la differenza\u201d, Boy Scout, il pi\u00f9 razionale \u201cParola di Lupetto!\u201d, Zio Paperone, lo scettico, \u201cNessuno \u00e8 povero, quando pu\u00f2 fare ci\u00f2 che gli piace quando gli piace!\u201d, e Donald Trump, il negazionista, \u201cL\u2019effetto serra non esiste\u201d. Sono riferimenti casuali e senza alcun legame politico, ma unicamente ironici per aiutare i cittadini a immedesimarsi con un personaggio.<\/p>\n<p><strong>\u201cDurante la pandemia- dichiara il Presidente di Competere.eu<\/strong> Pietro Paganini- ne abbiamo sentite di tutti i colori. Il mondo doveva cambiare, dovevamo diventare tutti pi\u00f9 sostenibili. Cos\u00ec non \u00e8 stato e non sar\u00e0. No i di Competere.eu promuoviamo un approccio non ideologico ai problemi dell\u2019ambiente. Con il test vogliamo giocare insieme ai cittadini, divertirci, ma fornendogli uno strumento di riflessione. Non cambieremo le sorti del pianeta, ma siamo convinti di coltivare la loro consapevolezza sul problema\u201d.<\/p>\n<p>\u201cE&#8217; fondamentale superare- dichiara il Segretario Generale di Competere.eu <strong>Roberto Rac<\/strong>e- l\u2019ambientalismo ideologico ma anche il negazionismo ottuso. vogliamo dare ai cittadini l\u2019occasione di riflettere sul problema complesso ed importantissimo della sostenibilit\u00e0 ma con uno strumento semiserio, rilassante e divertente in un agosto tutt\u2019altro che tranquillo e riposante. Discutere di ambiente, sviluppo economico, e sostenibilit\u00e0 \u00e8 difficile dopo quello che i cittadini hanno vissuto e l\u2019incertezza che stiamo sperimentando sul futuro. Con questo test divertente vogliamo farli sorridere riflettendo su un tema importante\u201d.<\/p>\n<p>&nbsp;<\/p>\n","protected":false},"excerpt":{"rendered":"<p>Ami il tuo pianeta? Scopri quanto di Greta Tumberg o di Donald Trump c&#8217;\u00e8 in te.&#8221; Questo lo slogan con cui il think-tank Competere.eu promuove il test per sensibilizzare \u00a0i cittadini sul tema della sostenibilit\u00e0. Il test \u00e8 uno strumento semiserio ma semplice e immediato da usare con gli amici in spiaggia al mare o [&hellip;]<\/p>\n","protected":false},"author":1,"featured_media":3148,"comment_status":"closed","ping_status":"open","sticky":false,"template":"","format":"standard","meta":{"footnotes":""},"categories":[127],"tags":[1023,789],"yoast_head":"<!-- This site is optimized with the Yoast SEO plugin v22.2 - https:\/\/yoast.com\/wordpress\/plugins\/seo\/ -->\n<title>Competere.Eu lancia il test dell\u2019estate su ambiente e sostenibilit\u00e0 -<\/title>\n<meta name=\"robots\" content=\"index, follow, max-snippet:-1, max-image-preview:large, max-video-preview:-1\" \/>\n<link rel=\"canonical\" href=\"https:\/\/www.italiaeconomiaonline.it\/web\/competere-eu-lancia-il-test-dellestate-su-ambiente-e-sostenibilita\/\" \/>\n<meta property=\"og:locale\" content=\"it_IT\" \/>\n<meta property=\"og:type\" content=\"article\" \/>\n<meta property=\"og:title\" content=\"Competere.Eu lancia il test dell\u2019estate su ambiente e sostenibilit\u00e0 -\" \/>\n<meta property=\"og:description\" content=\"Ami il tuo pianeta? Scopri quanto di Greta Tumberg o di Donald Trump c&#8217;\u00e8 in te.&#8221; Questo lo slogan con cui il think-tank Competere.eu promuove il test per sensibilizzare \u00a0i cittadini sul tema della sostenibilit\u00e0. Il test \u00e8 uno strumento semiserio ma semplice e immediato da usare con gli amici in spiaggia al mare o [&hellip;]\" \/>\n<meta property=\"og:url\" content=\"https:\/\/www.italiaeconomiaonline.it\/web\/competere-eu-lancia-il-test-dellestate-su-ambiente-e-sostenibilita\/\" \/>\n<meta property=\"og:site_name\" content=\"ItaliaEconomiaOnline\" \/>\n<meta property=\"article:published_time\" content=\"2020-08-11T10:37:30+00:00\" \/>\n<meta property=\"og:image\" content=\"https:\/\/www.italiaeconomiaonline.it\/web\/wp-content\/uploads\/2020\/05\/Pietro-Paganini.jpeg\" \/>\n\t<meta property=\"og:image:width\" content=\"611\" \/>\n\t<meta property=\"og:image:height\" content=\"480\" \/>\n\t<meta property=\"og:image:type\" content=\"image\/jpeg\" \/>\n<meta name=\"author\" content=\"ladyitaliaeconomia\" \/>\n<meta name=\"twitter:card\" content=\"summary_large_image\" \/>\n<meta name=\"twitter:label1\" content=\"Scritto da\" \/>\n\t<meta name=\"twitter:data1\" content=\"ladyitaliaeconomia\" \/>\n\t<meta name=\"twitter:label2\" content=\"Tempo di lettura stimato\" \/>\n\t<meta name=\"twitter:data2\" content=\"2 minuti\" \/>\n<script type=\"application\/ld+json\" class=\"yoast-schema-graph\">{\"@context\":\"https:\/\/schema.org\",\"@graph\":[{\"@type\":\"WebPage\",\"@id\":\"https:\/\/www.italiaeconomiaonline.it\/web\/competere-eu-lancia-il-test-dellestate-su-ambiente-e-sostenibilita\/\",\"url\":\"https:\/\/www.italiaeconomiaonline.it\/web\/competere-eu-lancia-il-test-dellestate-su-ambiente-e-sostenibilita\/\",\"name\":\"Competere.Eu lancia il test dell\u2019estate su ambiente e sostenibilit\u00e0 -\",\"isPartOf\":{\"@id\":\"https:\/\/www.italiaeconomiaonline.it\/web\/#website\"},\"primaryImageOfPage\":{\"@id\":\"https:\/\/www.italiaeconomiaonline.it\/web\/competere-eu-lancia-il-test-dellestate-su-ambiente-e-sostenibilita\/#primaryimage\"},\"image\":{\"@id\":\"https:\/\/www.italiaeconomiaonline.it\/web\/competere-eu-lancia-il-test-dellestate-su-ambiente-e-sostenibilita\/#primaryimage\"},\"thumbnailUrl\":\"https:\/\/www.italiaeconomiaonline.it\/web\/wp-content\/uploads\/2020\/05\/Pietro-Paganini.jpeg\",\"datePublished\":\"2020-08-11T10:37:30+00:00\",\"dateModified\":\"2020-08-11T10:37:30+00:00\",\"author\":{\"@id\":\"https:\/\/www.italiaeconomiaonline.it\/web\/#\/schema\/person\/909a49cce752523b020fbc37d5ab1c31\"},\"breadcrumb\":{\"@id\":\"https:\/\/www.italiaeconomiaonline.it\/web\/competere-eu-lancia-il-test-dellestate-su-ambiente-e-sostenibilita\/#breadcrumb\"},\"inLanguage\":\"it-IT\",\"potentialAction\":[{\"@type\":\"ReadAction\",\"target\":[\"https:\/\/www.italiaeconomiaonline.it\/web\/competere-eu-lancia-il-test-dellestate-su-ambiente-e-sostenibilita\/\"]}]},{\"@type\":\"ImageObject\",\"inLanguage\":\"it-IT\",\"@id\":\"https:\/\/www.italiaeconomiaonline.it\/web\/competere-eu-lancia-il-test-dellestate-su-ambiente-e-sostenibilita\/#primaryimage\",\"url\":\"https:\/\/www.italiaeconomiaonline.it\/web\/wp-content\/uploads\/2020\/05\/Pietro-Paganini.jpeg\",\"contentUrl\":\"https:\/\/www.italiaeconomiaonline.it\/web\/wp-content\/uploads\/2020\/05\/Pietro-Paganini.jpeg\",\"width\":611,\"height\":480},{\"@type\":\"BreadcrumbList\",\"@id\":\"https:\/\/www.italiaeconomiaonline.it\/web\/competere-eu-lancia-il-test-dellestate-su-ambiente-e-sostenibilita\/#breadcrumb\",\"itemListElement\":[{\"@type\":\"ListItem\",\"position\":1,\"name\":\"Home\",\"item\":\"https:\/\/www.italiaeconomiaonline.it\/web\/\"},{\"@type\":\"ListItem\",\"position\":2,\"name\":\"Competere.Eu lancia il test dell\u2019estate su ambiente e sostenibilit\u00e0\"}]},{\"@type\":\"WebSite\",\"@id\":\"https:\/\/www.italiaeconomiaonline.it\/web\/#website\",\"url\":\"https:\/\/www.italiaeconomiaonline.it\/web\/\",\"name\":\"ItaliaEconomiaOnline\",\"description\":\"Quotidiano Economico Online\",\"potentialAction\":[{\"@type\":\"SearchAction\",\"target\":{\"@type\":\"EntryPoint\",\"urlTemplate\":\"https:\/\/www.italiaeconomiaonline.it\/web\/?s={search_term_string}\"},\"query-input\":\"required name=search_term_string\"}],\"inLanguage\":\"it-IT\"},{\"@type\":\"Person\",\"@id\":\"https:\/\/www.italiaeconomiaonline.it\/web\/#\/schema\/person\/909a49cce752523b020fbc37d5ab1c31\",\"name\":\"ladyitaliaeconomia\",\"image\":{\"@type\":\"ImageObject\",\"inLanguage\":\"it-IT\",\"@id\":\"https:\/\/www.italiaeconomiaonline.it\/web\/#\/schema\/person\/image\/\",\"url\":\"https:\/\/secure.gravatar.com\/avatar\/cedca10ce7416a579b9fa6bce9c0a8f2?s=96&d=mm&r=g\",\"contentUrl\":\"https:\/\/secure.gravatar.com\/avatar\/cedca10ce7416a579b9fa6bce9c0a8f2?s=96&d=mm&r=g\",\"caption\":\"ladyitaliaeconomia\"},\"url\":\"https:\/\/www.italiaeconomiaonline.it\/web\/author\/ladyitaliaeconomia\/\"}]}<\/script>\n<!-- \/ Yoast SEO plugin. -->","yoast_head_json":{"title":"Competere.Eu lancia il test dell\u2019estate su ambiente e sostenibilit\u00e0 -","robots":{"index":"index","follow":"follow","max-snippet":"max-snippet:-1","max-image-preview":"max-image-preview:large","max-video-preview":"max-video-preview:-1"},"canonical":"https:\/\/www.italiaeconomiaonline.it\/web\/competere-eu-lancia-il-test-dellestate-su-ambiente-e-sostenibilita\/","og_locale":"it_IT","og_type":"article","og_title":"Competere.Eu lancia il test dell\u2019estate su ambiente e sostenibilit\u00e0 -","og_description":"Ami il tuo pianeta? Scopri quanto di Greta Tumberg o di Donald Trump c&#8217;\u00e8 in te.&#8221; Questo lo slogan con cui il think-tank Competere.eu promuove il test per sensibilizzare \u00a0i cittadini sul tema della sostenibilit\u00e0. Il test \u00e8 uno strumento semiserio ma semplice e immediato da usare con gli amici in spiaggia al mare o [&hellip;]","og_url":"https:\/\/www.italiaeconomiaonline.it\/web\/competere-eu-lancia-il-test-dellestate-su-ambiente-e-sostenibilita\/","og_site_name":"ItaliaEconomiaOnline","article_published_time":"2020-08-11T10:37:30+00:00","og_image":[{"width":611,"height":480,"url":"https:\/\/www.italiaeconomiaonline.it\/web\/wp-content\/uploads\/2020\/05\/Pietro-Paganini.jpeg","type":"image\/jpeg"}],"author":"ladyitaliaeconomia","twitter_card":"summary_large_image","twitter_misc":{"Scritto da":"ladyitaliaeconomia","Tempo di lettura stimato":"2 minuti"},"schema":{"@context":"https:\/\/schema.org","@graph":[{"@type":"WebPage","@id":"https:\/\/www.italiaeconomiaonline.it\/web\/competere-eu-lancia-il-test-dellestate-su-ambiente-e-sostenibilita\/","url":"https:\/\/www.italiaeconomiaonline.it\/web\/competere-eu-lancia-il-test-dellestate-su-ambiente-e-sostenibilita\/","name":"Competere.Eu lancia il test dell\u2019estate su ambiente e sostenibilit\u00e0 -","isPartOf":{"@id":"https:\/\/www.italiaeconomiaonline.it\/web\/#website"},"primaryImageOfPage":{"@id":"https:\/\/www.italiaeconomiaonline.it\/web\/competere-eu-lancia-il-test-dellestate-su-ambiente-e-sostenibilita\/#primaryimage"},"image":{"@id":"https:\/\/www.italiaeconomiaonline.it\/web\/competere-eu-lancia-il-test-dellestate-su-ambiente-e-sostenibilita\/#primaryimage"},"thumbnailUrl":"https:\/\/www.italiaeconomiaonline.it\/web\/wp-content\/uploads\/2020\/05\/Pietro-Paganini.jpeg","datePublished":"2020-08-11T10:37:30+00:00","dateModified":"2020-08-11T10:37:30+00:00","author":{"@id":"https:\/\/www.italiaeconomiaonline.it\/web\/#\/schema\/person\/909a49cce752523b020fbc37d5ab1c31"},"breadcrumb":{"@id":"https:\/\/www.italiaeconomiaonline.it\/web\/competere-eu-lancia-il-test-dellestate-su-ambiente-e-sostenibilita\/#breadcrumb"},"inLanguage":"it-IT","potentialAction":[{"@type":"ReadAction","target":["https:\/\/www.italiaeconomiaonline.it\/web\/competere-eu-lancia-il-test-dellestate-su-ambiente-e-sostenibilita\/"]}]},{"@type":"ImageObject","inLanguage":"it-IT","@id":"https:\/\/www.italiaeconomiaonline.it\/web\/competere-eu-lancia-il-test-dellestate-su-ambiente-e-sostenibilita\/#primaryimage","url":"https:\/\/www.italiaeconomiaonline.it\/web\/wp-content\/uploads\/2020\/05\/Pietro-Paganini.jpeg","contentUrl":"https:\/\/www.italiaeconomiaonline.it\/web\/wp-content\/uploads\/2020\/05\/Pietro-Paganini.jpeg","width":611,"height":480},{"@type":"BreadcrumbList","@id":"https:\/\/www.italiaeconomiaonline.it\/web\/competere-eu-lancia-il-test-dellestate-su-ambiente-e-sostenibilita\/#breadcrumb","itemListElement":[{"@type":"ListItem","position":1,"name":"Home","item":"https:\/\/www.italiaeconomiaonline.it\/web\/"},{"@type":"ListItem","position":2,"name":"Competere.Eu lancia il test dell\u2019estate su ambiente e sostenibilit\u00e0"}]},{"@type":"WebSite","@id":"https:\/\/www.italiaeconomiaonline.it\/web\/#website","url":"https:\/\/www.italiaeconomiaonline.it\/web\/","name":"ItaliaEconomiaOnline","description":"Quotidiano Economico Online","potentialAction":[{"@type":"SearchAction","target":{"@type":"EntryPoint","urlTemplate":"https:\/\/www.italiaeconomiaonline.it\/web\/?s={search_term_string}"},"query-input":"required name=search_term_string"}],"inLanguage":"it-IT"},{"@type":"Person","@id":"https:\/\/www.italiaeconomiaonline.it\/web\/#\/schema\/person\/909a49cce752523b020fbc37d5ab1c31","name":"ladyitaliaeconomia","image":{"@type":"ImageObject","inLanguage":"it-IT","@id":"https:\/\/www.italiaeconomiaonline.it\/web\/#\/schema\/person\/image\/","url":"https:\/\/secure.gravatar.com\/avatar\/cedca10ce7416a579b9fa6bce9c0a8f2?s=96&d=mm&r=g","contentUrl":"https:\/\/secure.gravatar.com\/avatar\/cedca10ce7416a579b9fa6bce9c0a8f2?s=96&d=mm&r=g","caption":"ladyitaliaeconomia"},"url":"https:\/\/www.italiaeconomiaonline.it\/web\/author\/ladyitaliaeconomia\/"}]}},"_links":{"self":[{"href":"https:\/\/www.italiaeconomiaonline.it\/web\/wp-json\/wp\/v2\/posts\/3894"}],"collection":[{"href":"https:\/\/www.italiaeconomiaonline.it\/web\/wp-json\/wp\/v2\/posts"}],"about":[{"href":"https:\/\/www.italiaeconomiaonline.it\/web\/wp-json\/wp\/v2\/types\/post"}],"author":[{"embeddable":true,"href":"https:\/\/www.italiaeconomiaonline.it\/web\/wp-json\/wp\/v2\/users\/1"}],"replies":[{"embeddable":true,"href":"https:\/\/www.italiaeconomiaonline.it\/web\/wp-json\/wp\/v2\/comments?post=3894"}],"version-history":[{"count":1,"href":"https:\/\/www.italiaeconomiaonline.it\/web\/wp-json\/wp\/v2\/posts\/3894\/revisions"}],"predecessor-version":[{"id":3895,"href":"https:\/\/www.italiaeconomiaonline.it\/web\/wp-json\/wp\/v2\/posts\/3894\/revisions\/3895"}],"wp:featuredmedia":[{"embeddable":true,"href":"https:\/\/www.italiaeconomiaonline.it\/web\/wp-json\/wp\/v2\/media\/3148"}],"wp:attachment":[{"href":"https:\/\/www.italiaeconomiaonline.it\/web\/wp-json\/wp\/v2\/media?parent=3894"}],"wp:term":[{"taxonomy":"category","embeddable":true,"href":"https:\/\/www.italiaeconomiaonline.it\/web\/wp-json\/wp\/v2\/categories?post=3894"},{"taxonomy":"post_tag","embeddable":true,"href":"https:\/\/www.italiaeconomiaonline.it\/web\/wp-json\/wp\/v2\/tags?post=3894"}],"curies":[{"name":"wp","href":"https:\/\/api.w.org\/{rel}","templated":true}]}}