{"id":3931,"date":"2020-08-17T10:19:56","date_gmt":"2020-08-17T08:19:56","guid":{"rendered":"http:\/\/www.italiaeconomiaonline.it\/web\/?p=3931"},"modified":"2020-08-17T10:19:56","modified_gmt":"2020-08-17T08:19:56","slug":"caldo-coldiretti-1-grado-in-piu-in-2020-rovente-ma-sos-grandine","status":"publish","type":"post","link":"https:\/\/www.italiaeconomiaonline.it\/web\/caldo-coldiretti-1-grado-in-piu-in-2020-rovente-ma-sos-grandine\/","title":{"rendered":"Caldo, Coldiretti: 1 grado in pi\u00f9 in 2020 rovente, ma SOS grandine"},"content":{"rendered":"<p><span class=\"dropcap dropcap3\">I<\/span>l 2020 \u00e8 stato fino adesso di oltre un grado l\u2019anno pi\u00f9 caldo della media storica, al quarto posto dal 1800, con il 30% di pioggia in meno ma con una grandinata al giorno da nord a sud dell\u2019Italia nel 2020.<\/p>\n<p>E\u2019 quanto emerge da una analisi di Coldiretti su dati Isac Cnr in riferimento all\u2019allarme maltempo lanciato dalla Protezione civile per Piemonte, Lombardia, Veneto, Friuli Venezia Giulia ed Emilia Romagna dopo le ultime tempeste di grandine e pioggia che hanno investito il Piemonte centrale e l\u2019alto Molise.<\/p>\n<p>&nbsp;<\/p>\n<p>Siamo di fronte \u2013 sottolinea la Coldiretti \u2013 alle conseguenze dei cambiamenti climatici anche in Italia dove l\u2019eccezionalit\u00e0 degli eventi atmosferici \u00e8 ormai la norma, con una tendenza alla tropicalizzazione che si manifesta con grandine di maggiori dimensioni, una pi\u00f9 elevata frequenza di manifestazioni violente, sfasamenti stagionali, precipitazioni brevi e intense ed il rapido passaggio dal sole al maltempo, che compromettono anche le coltivazioni nei campi con costi per oltre 14 miliardi di euro in un decennio, tra perdite della produzione agricola nazionale e danni alle strutture e alle infrastrutture nelle campagne.<\/p>\n<p>&nbsp;<\/p>\n<p>Nell\u2019ultimo mese \u2013 spiega Coldiretti \u2013 da nord a sud dell\u2019Italia si sono verificati violenti nubifragi, con trombe d\u2019aria, grandinate e bombe d\u2019acqua che hanno causato pesanti danni a uliveti, ortaggi in pieno campo, frutteti, vigneti e tabacco ma anche a strutture rurali con tetti scoperchiati e serre divelte, con allagamenti, frane e smottamenti.<\/p>\n<p>&nbsp;<\/p>\n<p>I cambiamenti climatici con le precipitazioni sempre pi\u00f9 intense e frequenti con vere e proprie bombe d\u2019acqua si abbattono \u2013 sottolinea la Coldiretti \u2013 su un territorio reso pi\u00f9 fragile dalla cementificazione e dall\u2019abbandono con il risultato che sono saliti a 7252 i comuni italiani, ovvero il 91,3% del totale, che sono a rischio frane e\/o alluvioni secondo le elaborazioni Coldiretti su dati Ispra.<\/p>\n<p>&nbsp;<\/p>\n<p>A questa situazione \u2013 evidenzia la Coldiretti \u2013 non \u00e8 certamente estraneo il fatto che il territorio \u00e8 stato reso pi\u00f9 fragile dalla cementificazione e dall\u2019abbandono che negli ultimi 25 anni secondo la Coldiretti ha fatto sparire oltre \u00bc della terra coltivata (-28%) con la superficie agricola utilizzabile in Italia che si \u00e8 ridotta ad appena 12,8 milioni di ettari. Per proteggere la terra e i cittadini che vi vivono, l\u2019Italia \u2013 conclude la Coldiretti \u2013 deve difendere il proprio patrimonio agricolo e la propria disponibilit\u00e0 di terra fertile con un adeguato riconoscimento sociale, culturale ed economico del ruolo dell\u2019attivit\u00e0 agricola.<\/p>\n<p>&nbsp;<\/p>\n<p>&nbsp;<\/p>\n","protected":false},"excerpt":{"rendered":"<p>Il 2020 \u00e8 stato fino adesso di oltre un grado l\u2019anno pi\u00f9 caldo della media storica, al quarto posto dal 1800, con il 30% di pioggia in meno ma con una grandinata al giorno da nord a sud dell\u2019Italia nel 2020. E\u2019 quanto emerge da una analisi di Coldiretti su dati Isac Cnr in riferimento [&hellip;]<\/p>\n","protected":false},"author":1,"featured_media":3932,"comment_status":"closed","ping_status":"open","sticky":false,"template":"","format":"standard","meta":{"footnotes":""},"categories":[795],"tags":[],"yoast_head":"<!-- This site is optimized with the Yoast SEO plugin v22.2 - https:\/\/yoast.com\/wordpress\/plugins\/seo\/ -->\n<title>Caldo, Coldiretti: 1 grado in pi\u00f9 in 2020 rovente, ma SOS grandine -<\/title>\n<meta name=\"robots\" content=\"index, follow, max-snippet:-1, max-image-preview:large, max-video-preview:-1\" \/>\n<link rel=\"canonical\" href=\"https:\/\/www.italiaeconomiaonline.it\/web\/caldo-coldiretti-1-grado-in-piu-in-2020-rovente-ma-sos-grandine\/\" \/>\n<meta property=\"og:locale\" content=\"it_IT\" \/>\n<meta property=\"og:type\" content=\"article\" \/>\n<meta property=\"og:title\" content=\"Caldo, Coldiretti: 1 grado in pi\u00f9 in 2020 rovente, ma SOS grandine -\" \/>\n<meta property=\"og:description\" content=\"Il 2020 \u00e8 stato fino adesso di oltre un grado l\u2019anno pi\u00f9 caldo della media storica, al quarto posto dal 1800, con il 30% di pioggia in meno ma con una grandinata al giorno da nord a sud dell\u2019Italia nel 2020. E\u2019 quanto emerge da una analisi di Coldiretti su dati Isac Cnr in riferimento [&hellip;]\" \/>\n<meta property=\"og:url\" content=\"https:\/\/www.italiaeconomiaonline.it\/web\/caldo-coldiretti-1-grado-in-piu-in-2020-rovente-ma-sos-grandine\/\" \/>\n<meta property=\"og:site_name\" content=\"ItaliaEconomiaOnline\" \/>\n<meta property=\"article:published_time\" content=\"2020-08-17T08:19:56+00:00\" \/>\n<meta property=\"og:image\" content=\"https:\/\/www.italiaeconomiaonline.it\/web\/wp-content\/uploads\/2020\/08\/Schermata-2020-08-17-alle-10.18.51.png\" \/>\n\t<meta property=\"og:image:width\" content=\"1404\" \/>\n\t<meta property=\"og:image:height\" content=\"846\" \/>\n\t<meta property=\"og:image:type\" content=\"image\/png\" \/>\n<meta name=\"author\" content=\"ladyitaliaeconomia\" \/>\n<meta name=\"twitter:card\" content=\"summary_large_image\" \/>\n<meta name=\"twitter:label1\" content=\"Scritto da\" \/>\n\t<meta name=\"twitter:data1\" content=\"ladyitaliaeconomia\" \/>\n\t<meta name=\"twitter:label2\" content=\"Tempo di lettura stimato\" \/>\n\t<meta name=\"twitter:data2\" content=\"2 minuti\" \/>\n<script type=\"application\/ld+json\" class=\"yoast-schema-graph\">{\"@context\":\"https:\/\/schema.org\",\"@graph\":[{\"@type\":\"WebPage\",\"@id\":\"https:\/\/www.italiaeconomiaonline.it\/web\/caldo-coldiretti-1-grado-in-piu-in-2020-rovente-ma-sos-grandine\/\",\"url\":\"https:\/\/www.italiaeconomiaonline.it\/web\/caldo-coldiretti-1-grado-in-piu-in-2020-rovente-ma-sos-grandine\/\",\"name\":\"Caldo, Coldiretti: 1 grado in pi\u00f9 in 2020 rovente, ma SOS grandine -\",\"isPartOf\":{\"@id\":\"https:\/\/www.italiaeconomiaonline.it\/web\/#website\"},\"primaryImageOfPage\":{\"@id\":\"https:\/\/www.italiaeconomiaonline.it\/web\/caldo-coldiretti-1-grado-in-piu-in-2020-rovente-ma-sos-grandine\/#primaryimage\"},\"image\":{\"@id\":\"https:\/\/www.italiaeconomiaonline.it\/web\/caldo-coldiretti-1-grado-in-piu-in-2020-rovente-ma-sos-grandine\/#primaryimage\"},\"thumbnailUrl\":\"https:\/\/www.italiaeconomiaonline.it\/web\/wp-content\/uploads\/2020\/08\/Schermata-2020-08-17-alle-10.18.51.png\",\"datePublished\":\"2020-08-17T08:19:56+00:00\",\"dateModified\":\"2020-08-17T08:19:56+00:00\",\"author\":{\"@id\":\"https:\/\/www.italiaeconomiaonline.it\/web\/#\/schema\/person\/909a49cce752523b020fbc37d5ab1c31\"},\"breadcrumb\":{\"@id\":\"https:\/\/www.italiaeconomiaonline.it\/web\/caldo-coldiretti-1-grado-in-piu-in-2020-rovente-ma-sos-grandine\/#breadcrumb\"},\"inLanguage\":\"it-IT\",\"potentialAction\":[{\"@type\":\"ReadAction\",\"target\":[\"https:\/\/www.italiaeconomiaonline.it\/web\/caldo-coldiretti-1-grado-in-piu-in-2020-rovente-ma-sos-grandine\/\"]}]},{\"@type\":\"ImageObject\",\"inLanguage\":\"it-IT\",\"@id\":\"https:\/\/www.italiaeconomiaonline.it\/web\/caldo-coldiretti-1-grado-in-piu-in-2020-rovente-ma-sos-grandine\/#primaryimage\",\"url\":\"https:\/\/www.italiaeconomiaonline.it\/web\/wp-content\/uploads\/2020\/08\/Schermata-2020-08-17-alle-10.18.51.png\",\"contentUrl\":\"https:\/\/www.italiaeconomiaonline.it\/web\/wp-content\/uploads\/2020\/08\/Schermata-2020-08-17-alle-10.18.51.png\",\"width\":1404,\"height\":846},{\"@type\":\"BreadcrumbList\",\"@id\":\"https:\/\/www.italiaeconomiaonline.it\/web\/caldo-coldiretti-1-grado-in-piu-in-2020-rovente-ma-sos-grandine\/#breadcrumb\",\"itemListElement\":[{\"@type\":\"ListItem\",\"position\":1,\"name\":\"Home\",\"item\":\"https:\/\/www.italiaeconomiaonline.it\/web\/\"},{\"@type\":\"ListItem\",\"position\":2,\"name\":\"Caldo, Coldiretti: 1 grado in pi\u00f9 in 2020 rovente, ma SOS grandine\"}]},{\"@type\":\"WebSite\",\"@id\":\"https:\/\/www.italiaeconomiaonline.it\/web\/#website\",\"url\":\"https:\/\/www.italiaeconomiaonline.it\/web\/\",\"name\":\"ItaliaEconomiaOnline\",\"description\":\"Quotidiano Economico Online\",\"potentialAction\":[{\"@type\":\"SearchAction\",\"target\":{\"@type\":\"EntryPoint\",\"urlTemplate\":\"https:\/\/www.italiaeconomiaonline.it\/web\/?s={search_term_string}\"},\"query-input\":\"required name=search_term_string\"}],\"inLanguage\":\"it-IT\"},{\"@type\":\"Person\",\"@id\":\"https:\/\/www.italiaeconomiaonline.it\/web\/#\/schema\/person\/909a49cce752523b020fbc37d5ab1c31\",\"name\":\"ladyitaliaeconomia\",\"image\":{\"@type\":\"ImageObject\",\"inLanguage\":\"it-IT\",\"@id\":\"https:\/\/www.italiaeconomiaonline.it\/web\/#\/schema\/person\/image\/\",\"url\":\"https:\/\/secure.gravatar.com\/avatar\/cedca10ce7416a579b9fa6bce9c0a8f2?s=96&d=mm&r=g\",\"contentUrl\":\"https:\/\/secure.gravatar.com\/avatar\/cedca10ce7416a579b9fa6bce9c0a8f2?s=96&d=mm&r=g\",\"caption\":\"ladyitaliaeconomia\"},\"url\":\"https:\/\/www.italiaeconomiaonline.it\/web\/author\/ladyitaliaeconomia\/\"}]}<\/script>\n<!-- \/ Yoast SEO plugin. -->","yoast_head_json":{"title":"Caldo, Coldiretti: 1 grado in pi\u00f9 in 2020 rovente, ma SOS grandine -","robots":{"index":"index","follow":"follow","max-snippet":"max-snippet:-1","max-image-preview":"max-image-preview:large","max-video-preview":"max-video-preview:-1"},"canonical":"https:\/\/www.italiaeconomiaonline.it\/web\/caldo-coldiretti-1-grado-in-piu-in-2020-rovente-ma-sos-grandine\/","og_locale":"it_IT","og_type":"article","og_title":"Caldo, Coldiretti: 1 grado in pi\u00f9 in 2020 rovente, ma SOS grandine -","og_description":"Il 2020 \u00e8 stato fino adesso di oltre un grado l\u2019anno pi\u00f9 caldo della media storica, al quarto posto dal 1800, con il 30% di pioggia in meno ma con una grandinata al giorno da nord a sud dell\u2019Italia nel 2020. E\u2019 quanto emerge da una analisi di Coldiretti su dati Isac Cnr in riferimento [&hellip;]","og_url":"https:\/\/www.italiaeconomiaonline.it\/web\/caldo-coldiretti-1-grado-in-piu-in-2020-rovente-ma-sos-grandine\/","og_site_name":"ItaliaEconomiaOnline","article_published_time":"2020-08-17T08:19:56+00:00","og_image":[{"width":1404,"height":846,"url":"https:\/\/www.italiaeconomiaonline.it\/web\/wp-content\/uploads\/2020\/08\/Schermata-2020-08-17-alle-10.18.51.png","type":"image\/png"}],"author":"ladyitaliaeconomia","twitter_card":"summary_large_image","twitter_misc":{"Scritto da":"ladyitaliaeconomia","Tempo di lettura stimato":"2 minuti"},"schema":{"@context":"https:\/\/schema.org","@graph":[{"@type":"WebPage","@id":"https:\/\/www.italiaeconomiaonline.it\/web\/caldo-coldiretti-1-grado-in-piu-in-2020-rovente-ma-sos-grandine\/","url":"https:\/\/www.italiaeconomiaonline.it\/web\/caldo-coldiretti-1-grado-in-piu-in-2020-rovente-ma-sos-grandine\/","name":"Caldo, Coldiretti: 1 grado in pi\u00f9 in 2020 rovente, ma SOS grandine -","isPartOf":{"@id":"https:\/\/www.italiaeconomiaonline.it\/web\/#website"},"primaryImageOfPage":{"@id":"https:\/\/www.italiaeconomiaonline.it\/web\/caldo-coldiretti-1-grado-in-piu-in-2020-rovente-ma-sos-grandine\/#primaryimage"},"image":{"@id":"https:\/\/www.italiaeconomiaonline.it\/web\/caldo-coldiretti-1-grado-in-piu-in-2020-rovente-ma-sos-grandine\/#primaryimage"},"thumbnailUrl":"https:\/\/www.italiaeconomiaonline.it\/web\/wp-content\/uploads\/2020\/08\/Schermata-2020-08-17-alle-10.18.51.png","datePublished":"2020-08-17T08:19:56+00:00","dateModified":"2020-08-17T08:19:56+00:00","author":{"@id":"https:\/\/www.italiaeconomiaonline.it\/web\/#\/schema\/person\/909a49cce752523b020fbc37d5ab1c31"},"breadcrumb":{"@id":"https:\/\/www.italiaeconomiaonline.it\/web\/caldo-coldiretti-1-grado-in-piu-in-2020-rovente-ma-sos-grandine\/#breadcrumb"},"inLanguage":"it-IT","potentialAction":[{"@type":"ReadAction","target":["https:\/\/www.italiaeconomiaonline.it\/web\/caldo-coldiretti-1-grado-in-piu-in-2020-rovente-ma-sos-grandine\/"]}]},{"@type":"ImageObject","inLanguage":"it-IT","@id":"https:\/\/www.italiaeconomiaonline.it\/web\/caldo-coldiretti-1-grado-in-piu-in-2020-rovente-ma-sos-grandine\/#primaryimage","url":"https:\/\/www.italiaeconomiaonline.it\/web\/wp-content\/uploads\/2020\/08\/Schermata-2020-08-17-alle-10.18.51.png","contentUrl":"https:\/\/www.italiaeconomiaonline.it\/web\/wp-content\/uploads\/2020\/08\/Schermata-2020-08-17-alle-10.18.51.png","width":1404,"height":846},{"@type":"BreadcrumbList","@id":"https:\/\/www.italiaeconomiaonline.it\/web\/caldo-coldiretti-1-grado-in-piu-in-2020-rovente-ma-sos-grandine\/#breadcrumb","itemListElement":[{"@type":"ListItem","position":1,"name":"Home","item":"https:\/\/www.italiaeconomiaonline.it\/web\/"},{"@type":"ListItem","position":2,"name":"Caldo, Coldiretti: 1 grado in pi\u00f9 in 2020 rovente, ma SOS grandine"}]},{"@type":"WebSite","@id":"https:\/\/www.italiaeconomiaonline.it\/web\/#website","url":"https:\/\/www.italiaeconomiaonline.it\/web\/","name":"ItaliaEconomiaOnline","description":"Quotidiano Economico Online","potentialAction":[{"@type":"SearchAction","target":{"@type":"EntryPoint","urlTemplate":"https:\/\/www.italiaeconomiaonline.it\/web\/?s={search_term_string}"},"query-input":"required name=search_term_string"}],"inLanguage":"it-IT"},{"@type":"Person","@id":"https:\/\/www.italiaeconomiaonline.it\/web\/#\/schema\/person\/909a49cce752523b020fbc37d5ab1c31","name":"ladyitaliaeconomia","image":{"@type":"ImageObject","inLanguage":"it-IT","@id":"https:\/\/www.italiaeconomiaonline.it\/web\/#\/schema\/person\/image\/","url":"https:\/\/secure.gravatar.com\/avatar\/cedca10ce7416a579b9fa6bce9c0a8f2?s=96&d=mm&r=g","contentUrl":"https:\/\/secure.gravatar.com\/avatar\/cedca10ce7416a579b9fa6bce9c0a8f2?s=96&d=mm&r=g","caption":"ladyitaliaeconomia"},"url":"https:\/\/www.italiaeconomiaonline.it\/web\/author\/ladyitaliaeconomia\/"}]}},"_links":{"self":[{"href":"https:\/\/www.italiaeconomiaonline.it\/web\/wp-json\/wp\/v2\/posts\/3931"}],"collection":[{"href":"https:\/\/www.italiaeconomiaonline.it\/web\/wp-json\/wp\/v2\/posts"}],"about":[{"href":"https:\/\/www.italiaeconomiaonline.it\/web\/wp-json\/wp\/v2\/types\/post"}],"author":[{"embeddable":true,"href":"https:\/\/www.italiaeconomiaonline.it\/web\/wp-json\/wp\/v2\/users\/1"}],"replies":[{"embeddable":true,"href":"https:\/\/www.italiaeconomiaonline.it\/web\/wp-json\/wp\/v2\/comments?post=3931"}],"version-history":[{"count":1,"href":"https:\/\/www.italiaeconomiaonline.it\/web\/wp-json\/wp\/v2\/posts\/3931\/revisions"}],"predecessor-version":[{"id":3933,"href":"https:\/\/www.italiaeconomiaonline.it\/web\/wp-json\/wp\/v2\/posts\/3931\/revisions\/3933"}],"wp:featuredmedia":[{"embeddable":true,"href":"https:\/\/www.italiaeconomiaonline.it\/web\/wp-json\/wp\/v2\/media\/3932"}],"wp:attachment":[{"href":"https:\/\/www.italiaeconomiaonline.it\/web\/wp-json\/wp\/v2\/media?parent=3931"}],"wp:term":[{"taxonomy":"category","embeddable":true,"href":"https:\/\/www.italiaeconomiaonline.it\/web\/wp-json\/wp\/v2\/categories?post=3931"},{"taxonomy":"post_tag","embeddable":true,"href":"https:\/\/www.italiaeconomiaonline.it\/web\/wp-json\/wp\/v2\/tags?post=3931"}],"curies":[{"name":"wp","href":"https:\/\/api.w.org\/{rel}","templated":true}]}}