{"id":3944,"date":"2020-08-20T10:53:15","date_gmt":"2020-08-20T08:53:15","guid":{"rendered":"http:\/\/www.italiaeconomiaonline.it\/web\/?p=3944"},"modified":"2020-08-20T10:53:15","modified_gmt":"2020-08-20T08:53:15","slug":"ecco-i-premiati-della-xvi-edizione-del-premio-ambiente-e-legalita-di-legambiente-e-libera","status":"publish","type":"post","link":"https:\/\/www.italiaeconomiaonline.it\/web\/ecco-i-premiati-della-xvi-edizione-del-premio-ambiente-e-legalita-di-legambiente-e-libera\/","title":{"rendered":"Ecco i premiati della XVI edizione del Premio \u201cAmbiente e legalit\u00e0\u201d di Legambiente e Libera"},"content":{"rendered":"<p><span class=\"dropcap dropcap3\">C<\/span>\u2019\u00e8 chi combatte la ndrangheta che fa affari con rifiuti e cemento, chi opera da volontario nelle periferie per la rigenerazione di spazi urbani e ripristino della legalit\u00e0, chi \u00e8 impegnato contro i predatori di fauna marina.<\/p>\n<p>Sono <strong>rappresentanti di istituzioni pubbliche e associazioni, magistrati, rappresentanti delle forze dell\u2019ordine, i difensori della legalit\u00e0 contro l\u2019ecomafia, la corruzione e la criminalit\u00e0 organizzata premiati da\u00a0Legambiente\u00a0e Libera<\/strong>\u00a0in occasione\u00a0<strong>della XVI edizione del premio Ambiente e Legalit\u00e0 che si \u00e8 svolta nell\u2019ambito di\u00a0Festambiente, il festival nazionale di\u00a0Legambiente\u00a0<\/strong>in programma in Maremma,\u00a0<strong>a\u00a0Rispescia\u00a0(GR) fino al 23 agosto<\/strong>.<\/p>\n<p>Quella agli ecoreati \u00e8 una lotta senza quartiere che sta andando nella giusta direzione, continuando a segnare punti cruciali a favore della difesa e salvaguardia dell\u2019ambiente, come dimostrano i dati relativi alla legge 68\/2015, che ha introdotto i delitti contro l\u2019ambiente nel Codice penale: nel 2018, i nuovi delitti (dall\u2019inquinamento al disastro ambientale) sono statui applicati per 1.108 volte, con una crescita del 129% rispetto al 2017.<\/p>\n<p>L\u2019ultimo rapporto ecomafia fotografa un\u2019impennata dei reati nel ciclo del cemento (+68% rispetto all\u2019anno precedente) e nell\u2019agroalimentare (+21%) e un aumento dei reati nel settore dei rifiuti e contro gli animali. In testa alla classifica la Campania, seguita da Calabria, Puglia, Sicilia, Lazio e Toscana.<\/p>\n<p>L\u2019aggressione alle risorse ambientali del Paese si traduce in un <strong>giro d\u2019affari<\/strong> che nel 2018\u00a0ha fruttato all\u2019ecomafia ben <strong>16,6 miliardi di euro<\/strong>, <strong>2,5 in pi\u00f9 rispetto <\/strong><strong>all\u2019anno precedente<\/strong> e che vede tra i protagonisti ben 368 clan, censiti da Legambiente e attivi in tutta Italia.<\/p>\n<p>La corruzione resta lo strumento principe, il pi\u00f9 efficace, per aggirare le regole concepite per tutelare l\u2019ambiente e maturare profitti illeciti. Dal 1\u00b0 giugno 2018 al 31 maggio 2019 sono ben <strong>100 le inchieste censite da Legambiente <\/strong>e che hanno visto impegnate 36 procure, capaci di denunciare 597 persone e arrestarne 395, eseguendo 143 sequestri.<\/p>\n<p>Dietro questi numeri c\u2019\u00e8, innanzitutto, il lavoro delle forze dell\u2019ordine e della magistratura. Quest\u2019anno, i riconoscimenti del premio Ambiente e Legalit\u00e0 di Legambiente e Libera, (consegnati alla presenza di <strong>Stefano Ciafani<\/strong> presidente nazionale di Legambiente e di <strong>don Luigi Ciotti<\/strong>, presidente di Libera contro le mafie) sono andati<\/p>\n<p>al <strong>Nucleo Investigativo di Polizia Ambientale Agroalimentare e Forestale di Firenze<\/strong> <strong>(Comando Carabinieri per la Tutela forestale)<\/strong> e alla <strong>Polizia Municipale dell\u2019Unione dei Comuni Empolese Valdelsa<\/strong> per l\u2019operazione \u201cBlue mais\u201d, su un vasto traffico di rifiuti e inquinamento nel distretto conciario di Santa Croce sull\u2019Arno;<\/p>\n<p>al <strong>Gruppo tutela spesa pubblica del Nucleo di Polizia Economico &#8211; Finanziaria della Guardia di Finanza di Palermo<\/strong>, per l\u2019inchiesta \u201cGulash\u201d sui finanziamenti pubblici in agricoltura nell\u2019ambito dei P.S.R. (Programma di Sviluppo Rurale) Sicilia 2007\/2013 e 2014\/2020;<\/p>\n<p>al <strong>Nucleo operativo ecologico di Catania (Comando Carabinieri Tutela per l\u2019Ambiente)<\/strong> per le inchieste che hanno portato al sequestro di numerose cave gestite illegalmente nelle province di Catania e Ragusa;<\/p>\n<p>alla <strong>Squadra Mobile della Questura di Catanzaro<\/strong> e al <strong>Commissariato della Polizia di Stato di Lamezia Terme<\/strong> per l\u2019operazione \u201cRubbish circle\u201d, su delega della <strong>Direzione Distrettuale Antimafia di Catanzaro<\/strong> e della <strong>Procura di Lamezia Terme<\/strong>, a carico di 20 soggetti ritenuti responsabili, a vario titolo, dei reati di attivit\u00e0 organizzata per il traffico illecito di rifiuti e inquinamento ambientale; al sostituto Procuratore della Direzione Distrettuale Antimafia di Reggio Calabria, <strong>Sara Amerio<\/strong>, per le diverse inchieste di grande rilievo svolte nei confronti della \u2018ndrangheta, sia in tema di cemento, appalti e costruzioni che di gestione illecita di rifiuti;<\/p>\n<p>al <strong>Nucleo Operativo Ecologico di Napoli (Comando dei Carabinieri Tutela per l\u2019Ambiente)<\/strong> per l\u2019inchiesta \u201cCloralix\u201d, conclusa con il sequestro di ben 12 depuratori nell\u2019intera provincia beneventana;<\/p>\n<p>al <strong>Nucleo di Polizia Economico-Finanziaria della Guardia di Finanza di Bari<\/strong> per l\u2019inchiesta \u201cBios\u201d, che ha riguardato rifiuti venduti come compost, in occasione della quale sono stati sequestrati 255 terreni agricoli;<\/p>\n<p>alla <strong>Capitaneria di Porto di Salerno<\/strong> per i numerosi interventi in mare, tra pesca di frodo, reti illegali, ormeggi abusivi e in particolare per l\u2019operazione che ha portato a 10 misure cautelari di divieto di dimora nei confronti di persone scoperte durante la commercializzazione del corallo rosso (Corallium rubrum), una specie a rischio estinzione, assai preziosa per la conservazione dell\u2019habitat del Mediterraneo;<\/p>\n<p>al <strong>Comando Regione Carabinieri Forestale Umbria<\/strong> e al <strong>SOARDA del Reparto Operativo del Raggruppamento Carabinieri Cites (CUFAA)<\/strong>, per l\u2019operazione di antibracconaggio denominata &#8220;Lord of the Rings&#8221;, che ha stroncato un traffico illegale di avifauna selvatica, anche particolarmente protetta, destinata al mercato degli uccelli da richiamo per cacciatori, che interessava diverse regioni italiane, con diramazioni anche in altri paesi europei.<\/p>\n<p>Questa edizione del Premio Ambiente e legalit\u00e0 \u00e8 stata caratterizzata anche da due riconoscimenti particolari: il premio alla carriera ad <strong>Alessandro Bratti<\/strong>, direttore generale dell\u2019ISPRA, come ex presidente della\u00a0 Commissione d\u2019inchiesta sul ciclo rifiuti, per il ruolo attivo nell\u2019approvazione della legge 68 e per l\u2019attuale ruolo nell\u2019implementazione della Parte VI del TUA bis in tema di prescrizioni; la targa consegnata a <strong>Massimo Vallati<\/strong>, fondatore \u201cCalcio sociale\u201d per l\u2019impegno profuso nel quartiere periferico di Corviale a Roma e in particolare per la rigenerazione di spazi pubblici, restituiti alla fruizione sociale e alla legalit\u00e0.<\/p>\n<p>\u201cIn un anno complesso per il nostro Paese e per il mondo intero a causa dell\u2019emergenza Coronavirus \u2013 dichiara <strong>Stefano Ciafani<\/strong>, presidente nazionale di Legambiente \u2013 a Festambiente torniamo a premiare chi si batte per la legalit\u00e0, la giustizia ambientale e sociale, raccontando l\u2019impegno concreto e le azioni messe in atto per contrastare gli illeciti ai danni dell\u2019ambiente, della salute dei cittadini e dell\u2019economia che non sono mancate purtroppo neanche nell\u2019era Covid-19. Premiare la legalit\u00e0 significa lavorare anche nel solco della prevenzione, allo scopo di rafforzare la cultura della legalit\u00e0 e di contrastare la criminalit\u00e0 con l\u2019arma della cultura della conoscenza, ed \u00e8 un modo per difendere dalla concorrenza sleale le tante imprese che operano nel rispetto della legge.<\/p>\n<p>A tale scopo, il lavoro repressivo dei rappresentanti dello Stato \u00e8 un punto di riferimento cruciale e un presidio da rafforzare, ma serve anche un\u2019azione efficace da parte del Governo e del Parlamento che abbiamo faticato a trovare negli ultimi decreti approvati per rilanciare l\u2019economia dopo il lockdown.\u201d<\/p>\n","protected":false},"excerpt":{"rendered":"<p>C\u2019\u00e8 chi combatte la ndrangheta che fa affari con rifiuti e cemento, chi opera da volontario nelle periferie per la rigenerazione di spazi urbani e ripristino della legalit\u00e0, chi \u00e8 impegnato contro i predatori di fauna marina. Sono rappresentanti di istituzioni pubbliche e associazioni, magistrati, rappresentanti delle forze dell\u2019ordine, i difensori della legalit\u00e0 contro l\u2019ecomafia, [&hellip;]<\/p>\n","protected":false},"author":1,"featured_media":3719,"comment_status":"closed","ping_status":"open","sticky":false,"template":"","format":"standard","meta":{"footnotes":""},"categories":[1],"tags":[],"yoast_head":"<!-- This site is optimized with the Yoast SEO plugin v22.2 - https:\/\/yoast.com\/wordpress\/plugins\/seo\/ -->\n<title>Ecco i premiati della XVI edizione del Premio \u201cAmbiente e legalit\u00e0\u201d di Legambiente e Libera -<\/title>\n<meta name=\"robots\" content=\"index, follow, max-snippet:-1, max-image-preview:large, max-video-preview:-1\" \/>\n<link rel=\"canonical\" href=\"https:\/\/www.italiaeconomiaonline.it\/web\/ecco-i-premiati-della-xvi-edizione-del-premio-ambiente-e-legalita-di-legambiente-e-libera\/\" \/>\n<meta property=\"og:locale\" content=\"it_IT\" \/>\n<meta property=\"og:type\" content=\"article\" \/>\n<meta property=\"og:title\" content=\"Ecco i premiati della XVI edizione del Premio \u201cAmbiente e legalit\u00e0\u201d di Legambiente e Libera -\" \/>\n<meta property=\"og:description\" content=\"C\u2019\u00e8 chi combatte la ndrangheta che fa affari con rifiuti e cemento, chi opera da volontario nelle periferie per la rigenerazione di spazi urbani e ripristino della legalit\u00e0, chi \u00e8 impegnato contro i predatori di fauna marina. Sono rappresentanti di istituzioni pubbliche e associazioni, magistrati, rappresentanti delle forze dell\u2019ordine, i difensori della legalit\u00e0 contro l\u2019ecomafia, [&hellip;]\" \/>\n<meta property=\"og:url\" content=\"https:\/\/www.italiaeconomiaonline.it\/web\/ecco-i-premiati-della-xvi-edizione-del-premio-ambiente-e-legalita-di-legambiente-e-libera\/\" \/>\n<meta property=\"og:site_name\" content=\"ItaliaEconomiaOnline\" \/>\n<meta property=\"article:published_time\" content=\"2020-08-20T08:53:15+00:00\" \/>\n<meta property=\"og:image\" content=\"https:\/\/www.italiaeconomiaonline.it\/web\/wp-content\/uploads\/2020\/07\/legambiente.png\" \/>\n\t<meta property=\"og:image:width\" content=\"1236\" \/>\n\t<meta property=\"og:image:height\" content=\"690\" \/>\n\t<meta property=\"og:image:type\" content=\"image\/png\" \/>\n<meta name=\"author\" content=\"ladyitaliaeconomia\" \/>\n<meta name=\"twitter:card\" content=\"summary_large_image\" \/>\n<meta name=\"twitter:label1\" content=\"Scritto da\" \/>\n\t<meta name=\"twitter:data1\" content=\"ladyitaliaeconomia\" \/>\n\t<meta name=\"twitter:label2\" content=\"Tempo di lettura stimato\" \/>\n\t<meta name=\"twitter:data2\" content=\"5 minuti\" \/>\n<script type=\"application\/ld+json\" class=\"yoast-schema-graph\">{\"@context\":\"https:\/\/schema.org\",\"@graph\":[{\"@type\":\"WebPage\",\"@id\":\"https:\/\/www.italiaeconomiaonline.it\/web\/ecco-i-premiati-della-xvi-edizione-del-premio-ambiente-e-legalita-di-legambiente-e-libera\/\",\"url\":\"https:\/\/www.italiaeconomiaonline.it\/web\/ecco-i-premiati-della-xvi-edizione-del-premio-ambiente-e-legalita-di-legambiente-e-libera\/\",\"name\":\"Ecco i premiati della XVI edizione del Premio \u201cAmbiente e legalit\u00e0\u201d di Legambiente e Libera -\",\"isPartOf\":{\"@id\":\"https:\/\/www.italiaeconomiaonline.it\/web\/#website\"},\"primaryImageOfPage\":{\"@id\":\"https:\/\/www.italiaeconomiaonline.it\/web\/ecco-i-premiati-della-xvi-edizione-del-premio-ambiente-e-legalita-di-legambiente-e-libera\/#primaryimage\"},\"image\":{\"@id\":\"https:\/\/www.italiaeconomiaonline.it\/web\/ecco-i-premiati-della-xvi-edizione-del-premio-ambiente-e-legalita-di-legambiente-e-libera\/#primaryimage\"},\"thumbnailUrl\":\"https:\/\/www.italiaeconomiaonline.it\/web\/wp-content\/uploads\/2020\/07\/legambiente.png\",\"datePublished\":\"2020-08-20T08:53:15+00:00\",\"dateModified\":\"2020-08-20T08:53:15+00:00\",\"author\":{\"@id\":\"https:\/\/www.italiaeconomiaonline.it\/web\/#\/schema\/person\/909a49cce752523b020fbc37d5ab1c31\"},\"breadcrumb\":{\"@id\":\"https:\/\/www.italiaeconomiaonline.it\/web\/ecco-i-premiati-della-xvi-edizione-del-premio-ambiente-e-legalita-di-legambiente-e-libera\/#breadcrumb\"},\"inLanguage\":\"it-IT\",\"potentialAction\":[{\"@type\":\"ReadAction\",\"target\":[\"https:\/\/www.italiaeconomiaonline.it\/web\/ecco-i-premiati-della-xvi-edizione-del-premio-ambiente-e-legalita-di-legambiente-e-libera\/\"]}]},{\"@type\":\"ImageObject\",\"inLanguage\":\"it-IT\",\"@id\":\"https:\/\/www.italiaeconomiaonline.it\/web\/ecco-i-premiati-della-xvi-edizione-del-premio-ambiente-e-legalita-di-legambiente-e-libera\/#primaryimage\",\"url\":\"https:\/\/www.italiaeconomiaonline.it\/web\/wp-content\/uploads\/2020\/07\/legambiente.png\",\"contentUrl\":\"https:\/\/www.italiaeconomiaonline.it\/web\/wp-content\/uploads\/2020\/07\/legambiente.png\",\"width\":1236,\"height\":690},{\"@type\":\"BreadcrumbList\",\"@id\":\"https:\/\/www.italiaeconomiaonline.it\/web\/ecco-i-premiati-della-xvi-edizione-del-premio-ambiente-e-legalita-di-legambiente-e-libera\/#breadcrumb\",\"itemListElement\":[{\"@type\":\"ListItem\",\"position\":1,\"name\":\"Home\",\"item\":\"https:\/\/www.italiaeconomiaonline.it\/web\/\"},{\"@type\":\"ListItem\",\"position\":2,\"name\":\"Ecco i premiati della XVI edizione del Premio \u201cAmbiente e legalit\u00e0\u201d di Legambiente e Libera\"}]},{\"@type\":\"WebSite\",\"@id\":\"https:\/\/www.italiaeconomiaonline.it\/web\/#website\",\"url\":\"https:\/\/www.italiaeconomiaonline.it\/web\/\",\"name\":\"ItaliaEconomiaOnline\",\"description\":\"Quotidiano Economico Online\",\"potentialAction\":[{\"@type\":\"SearchAction\",\"target\":{\"@type\":\"EntryPoint\",\"urlTemplate\":\"https:\/\/www.italiaeconomiaonline.it\/web\/?s={search_term_string}\"},\"query-input\":\"required name=search_term_string\"}],\"inLanguage\":\"it-IT\"},{\"@type\":\"Person\",\"@id\":\"https:\/\/www.italiaeconomiaonline.it\/web\/#\/schema\/person\/909a49cce752523b020fbc37d5ab1c31\",\"name\":\"ladyitaliaeconomia\",\"image\":{\"@type\":\"ImageObject\",\"inLanguage\":\"it-IT\",\"@id\":\"https:\/\/www.italiaeconomiaonline.it\/web\/#\/schema\/person\/image\/\",\"url\":\"https:\/\/secure.gravatar.com\/avatar\/cedca10ce7416a579b9fa6bce9c0a8f2?s=96&d=mm&r=g\",\"contentUrl\":\"https:\/\/secure.gravatar.com\/avatar\/cedca10ce7416a579b9fa6bce9c0a8f2?s=96&d=mm&r=g\",\"caption\":\"ladyitaliaeconomia\"},\"url\":\"https:\/\/www.italiaeconomiaonline.it\/web\/author\/ladyitaliaeconomia\/\"}]}<\/script>\n<!-- \/ Yoast SEO plugin. -->","yoast_head_json":{"title":"Ecco i premiati della XVI edizione del Premio \u201cAmbiente e legalit\u00e0\u201d di Legambiente e Libera -","robots":{"index":"index","follow":"follow","max-snippet":"max-snippet:-1","max-image-preview":"max-image-preview:large","max-video-preview":"max-video-preview:-1"},"canonical":"https:\/\/www.italiaeconomiaonline.it\/web\/ecco-i-premiati-della-xvi-edizione-del-premio-ambiente-e-legalita-di-legambiente-e-libera\/","og_locale":"it_IT","og_type":"article","og_title":"Ecco i premiati della XVI edizione del Premio \u201cAmbiente e legalit\u00e0\u201d di Legambiente e Libera -","og_description":"C\u2019\u00e8 chi combatte la ndrangheta che fa affari con rifiuti e cemento, chi opera da volontario nelle periferie per la rigenerazione di spazi urbani e ripristino della legalit\u00e0, chi \u00e8 impegnato contro i predatori di fauna marina. Sono rappresentanti di istituzioni pubbliche e associazioni, magistrati, rappresentanti delle forze dell\u2019ordine, i difensori della legalit\u00e0 contro l\u2019ecomafia, [&hellip;]","og_url":"https:\/\/www.italiaeconomiaonline.it\/web\/ecco-i-premiati-della-xvi-edizione-del-premio-ambiente-e-legalita-di-legambiente-e-libera\/","og_site_name":"ItaliaEconomiaOnline","article_published_time":"2020-08-20T08:53:15+00:00","og_image":[{"width":1236,"height":690,"url":"https:\/\/www.italiaeconomiaonline.it\/web\/wp-content\/uploads\/2020\/07\/legambiente.png","type":"image\/png"}],"author":"ladyitaliaeconomia","twitter_card":"summary_large_image","twitter_misc":{"Scritto da":"ladyitaliaeconomia","Tempo di lettura stimato":"5 minuti"},"schema":{"@context":"https:\/\/schema.org","@graph":[{"@type":"WebPage","@id":"https:\/\/www.italiaeconomiaonline.it\/web\/ecco-i-premiati-della-xvi-edizione-del-premio-ambiente-e-legalita-di-legambiente-e-libera\/","url":"https:\/\/www.italiaeconomiaonline.it\/web\/ecco-i-premiati-della-xvi-edizione-del-premio-ambiente-e-legalita-di-legambiente-e-libera\/","name":"Ecco i premiati della XVI edizione del Premio \u201cAmbiente e legalit\u00e0\u201d di Legambiente e Libera -","isPartOf":{"@id":"https:\/\/www.italiaeconomiaonline.it\/web\/#website"},"primaryImageOfPage":{"@id":"https:\/\/www.italiaeconomiaonline.it\/web\/ecco-i-premiati-della-xvi-edizione-del-premio-ambiente-e-legalita-di-legambiente-e-libera\/#primaryimage"},"image":{"@id":"https:\/\/www.italiaeconomiaonline.it\/web\/ecco-i-premiati-della-xvi-edizione-del-premio-ambiente-e-legalita-di-legambiente-e-libera\/#primaryimage"},"thumbnailUrl":"https:\/\/www.italiaeconomiaonline.it\/web\/wp-content\/uploads\/2020\/07\/legambiente.png","datePublished":"2020-08-20T08:53:15+00:00","dateModified":"2020-08-20T08:53:15+00:00","author":{"@id":"https:\/\/www.italiaeconomiaonline.it\/web\/#\/schema\/person\/909a49cce752523b020fbc37d5ab1c31"},"breadcrumb":{"@id":"https:\/\/www.italiaeconomiaonline.it\/web\/ecco-i-premiati-della-xvi-edizione-del-premio-ambiente-e-legalita-di-legambiente-e-libera\/#breadcrumb"},"inLanguage":"it-IT","potentialAction":[{"@type":"ReadAction","target":["https:\/\/www.italiaeconomiaonline.it\/web\/ecco-i-premiati-della-xvi-edizione-del-premio-ambiente-e-legalita-di-legambiente-e-libera\/"]}]},{"@type":"ImageObject","inLanguage":"it-IT","@id":"https:\/\/www.italiaeconomiaonline.it\/web\/ecco-i-premiati-della-xvi-edizione-del-premio-ambiente-e-legalita-di-legambiente-e-libera\/#primaryimage","url":"https:\/\/www.italiaeconomiaonline.it\/web\/wp-content\/uploads\/2020\/07\/legambiente.png","contentUrl":"https:\/\/www.italiaeconomiaonline.it\/web\/wp-content\/uploads\/2020\/07\/legambiente.png","width":1236,"height":690},{"@type":"BreadcrumbList","@id":"https:\/\/www.italiaeconomiaonline.it\/web\/ecco-i-premiati-della-xvi-edizione-del-premio-ambiente-e-legalita-di-legambiente-e-libera\/#breadcrumb","itemListElement":[{"@type":"ListItem","position":1,"name":"Home","item":"https:\/\/www.italiaeconomiaonline.it\/web\/"},{"@type":"ListItem","position":2,"name":"Ecco i premiati della XVI edizione del Premio \u201cAmbiente e legalit\u00e0\u201d di Legambiente e Libera"}]},{"@type":"WebSite","@id":"https:\/\/www.italiaeconomiaonline.it\/web\/#website","url":"https:\/\/www.italiaeconomiaonline.it\/web\/","name":"ItaliaEconomiaOnline","description":"Quotidiano Economico Online","potentialAction":[{"@type":"SearchAction","target":{"@type":"EntryPoint","urlTemplate":"https:\/\/www.italiaeconomiaonline.it\/web\/?s={search_term_string}"},"query-input":"required name=search_term_string"}],"inLanguage":"it-IT"},{"@type":"Person","@id":"https:\/\/www.italiaeconomiaonline.it\/web\/#\/schema\/person\/909a49cce752523b020fbc37d5ab1c31","name":"ladyitaliaeconomia","image":{"@type":"ImageObject","inLanguage":"it-IT","@id":"https:\/\/www.italiaeconomiaonline.it\/web\/#\/schema\/person\/image\/","url":"https:\/\/secure.gravatar.com\/avatar\/cedca10ce7416a579b9fa6bce9c0a8f2?s=96&d=mm&r=g","contentUrl":"https:\/\/secure.gravatar.com\/avatar\/cedca10ce7416a579b9fa6bce9c0a8f2?s=96&d=mm&r=g","caption":"ladyitaliaeconomia"},"url":"https:\/\/www.italiaeconomiaonline.it\/web\/author\/ladyitaliaeconomia\/"}]}},"_links":{"self":[{"href":"https:\/\/www.italiaeconomiaonline.it\/web\/wp-json\/wp\/v2\/posts\/3944"}],"collection":[{"href":"https:\/\/www.italiaeconomiaonline.it\/web\/wp-json\/wp\/v2\/posts"}],"about":[{"href":"https:\/\/www.italiaeconomiaonline.it\/web\/wp-json\/wp\/v2\/types\/post"}],"author":[{"embeddable":true,"href":"https:\/\/www.italiaeconomiaonline.it\/web\/wp-json\/wp\/v2\/users\/1"}],"replies":[{"embeddable":true,"href":"https:\/\/www.italiaeconomiaonline.it\/web\/wp-json\/wp\/v2\/comments?post=3944"}],"version-history":[{"count":1,"href":"https:\/\/www.italiaeconomiaonline.it\/web\/wp-json\/wp\/v2\/posts\/3944\/revisions"}],"predecessor-version":[{"id":3945,"href":"https:\/\/www.italiaeconomiaonline.it\/web\/wp-json\/wp\/v2\/posts\/3944\/revisions\/3945"}],"wp:featuredmedia":[{"embeddable":true,"href":"https:\/\/www.italiaeconomiaonline.it\/web\/wp-json\/wp\/v2\/media\/3719"}],"wp:attachment":[{"href":"https:\/\/www.italiaeconomiaonline.it\/web\/wp-json\/wp\/v2\/media?parent=3944"}],"wp:term":[{"taxonomy":"category","embeddable":true,"href":"https:\/\/www.italiaeconomiaonline.it\/web\/wp-json\/wp\/v2\/categories?post=3944"},{"taxonomy":"post_tag","embeddable":true,"href":"https:\/\/www.italiaeconomiaonline.it\/web\/wp-json\/wp\/v2\/tags?post=3944"}],"curies":[{"name":"wp","href":"https:\/\/api.w.org\/{rel}","templated":true}]}}