{"id":3951,"date":"2020-08-20T12:33:13","date_gmt":"2020-08-20T10:33:13","guid":{"rendered":"http:\/\/www.italiaeconomiaonline.it\/web\/?p=3951"},"modified":"2020-08-20T11:35:14","modified_gmt":"2020-08-20T09:35:14","slug":"caldo-coldiretti-con-30-pioggia-allarme-per-siccita-e-incendi","status":"publish","type":"post","link":"https:\/\/www.italiaeconomiaonline.it\/web\/caldo-coldiretti-con-30-pioggia-allarme-per-siccita-e-incendi\/","title":{"rendered":"Caldo, Coldiretti: con 30% pioggia allarme per siccit\u00e0 e incendi"},"content":{"rendered":"<p><span class=\"dropcap dropcap3\">C<\/span>on il 30% di pioggia in meno \u00e8 allarme siccit\u00e0 in Italia mentre i livelli del Po e dei grandi laghi sono in discesa, le riserve idriche nazionali in affanno e le alte temperature favoriscono il propagarsi degli incendi spesso dolosi.<\/p>\n<p>E\u2019 l\u2019allarme lanciato dalla Coldiretti sulla base dei dati Isac Cnr per i primi 7 mesi dell\u2019anno in relazione all\u2019ultima ondata di caldo africano che sta portando rapidamente la colonnina di mercurio sopra i 40 gradi con ortaggi ustionati e la terra che si spacca per la calura.<\/p>\n<p>&nbsp;<\/p>\n<p>Nonostante nubifragi estivi e grandinate sempre pi\u00f9 violente per l\u2019energia termica accumulata nell\u2019atmosfera \u2013 sottolinea la Coldiretti \u2013 il Po al Ponte della Becca a Pavia, alla confluenza con il Ticino, \u00e8 sceso a -2,86 metri sotto lo zero idrometrico perdendo l\u201982% dal livello di inizio dell\u2019estate mentre nel Delta si fa sempre pi\u00f9 grave il problema del cuneo salino che, con il grande fiume troppo debole per fermarlo, risale dal mare e rende inservibile l\u2019acqua per l\u2019irrigazione e desertifica la terra.<\/p>\n<p>&nbsp;<\/p>\n<p>Intanto anche i maggiori laghi del nord che servono a dissetare i campi della Pianura Padana, dove si produce un terzo del Made in Italy agroalimentare nazionale, sono in affanno. Il livello del lago Maggiore \u2013 spiega la Coldiretti \u2013 \u00e8 crollato del 115% da quanto \u00e8 cominciata l\u2019estate finendo oltre 19 centimetri sotto lo zero idrometrico e con appena il 16,8% di riempimento dell\u2019invaso, nello stesso periodo il lago Como, pieno solo per \u00bc (24,7%) ha perso il 97% del livello scendendo ad appena 1,9 centimetri sopra lo zero idrometrico. Stesso trend \u2013 sottolinea la Coldiretti &#8211; per il livello dell\u2019Iseo che fa segnare il 69% in meno ed \u00e8 pieno solo al 45%, mentre resiste il Garda con 104 centimetri sopra lo zero idrometrico contro i 77,7 della media storica e quasi il 78% di riempimento dell\u2019invaso.<\/p>\n<p>&nbsp;<\/p>\n<p>Ma sono in forte deficit da mesi anche i bacini del centro-sud \u2013 sottolinea la Coldiretti \u2013 dalle Marche alla Sicilia, dalla Puglia fino alla Basilicata dove i principali invasi hanno 50 milioni di metri cubi di acqua in meno rispetto allo stesso periodo del 2019 secondo l\u2019Autorit\u00e0 di bacino regionale.<\/p>\n<p>&nbsp;<\/p>\n<p>E mentre in Italia si accentua la tendenza al surriscaldamento con il 2020 che \u00e8 stato fino adesso di oltre un grado (+1,01 gradi) l\u2019anno pi\u00f9 caldo della media storica, al quarto posto dal 1800, sulla base dell\u2019analisi Coldiretti su dati Isac Cnr, aumenta anche il rischio incendi con 450 roghi negli ultimi due mesi per i quali \u00e8 stato chiesto al Dipartimento della Protezione civile l&#8217;intervento dei mezzi della flotta aerea dello Stato per aiutare le operazioni di spegnimento a terra con un tragico bilancio \u2013 spiega la Coldiretti &#8211; di migliaia di ettari bruciati, animali morti, alberi carbonizzati, oliveti e pascoli distrutti e fiamme che arrivano a lambire le citt\u00e0.<\/p>\n<p>&nbsp;<\/p>\n<p>Ci vogliono almeno 15 anni \u2013 evidenzia la Coldiretti &#8211; per far rinascere tutto l\u2019ecosistema forestale con il blocco di tutte le attivit\u00e0 umane tradizionali del bosco. Una situazione angosciante che l\u2019Italia \u00e8 costretta ad affrontare perch\u00e9 se da una parte il 60% dei roghi \u00e8 di origine dolosa, dall\u2019altra \u2013 evidenzia la Coldiretti \u2013 per effetto della chiusura delle aziende agricole, la maggioranza dei boschi italiani si trova senza la presenza di un agricoltore che possa gestirli in un Paese come l\u2019Italia dove pi\u00f9 di 1\/3 della superficie nazionale \u00e8 coperta da boschi per un totale di 10,9 milioni di ettari. La corretta manutenzione \u2013 conclude la Coldiretti \u2013 aiuta a tenere pulito il bosco e ad evitare il rapido propagarsi delle fiamme in caso di incendi.<\/p>\n<p>&nbsp;<\/p>\n","protected":false},"excerpt":{"rendered":"<p>Con il 30% di pioggia in meno \u00e8 allarme siccit\u00e0 in Italia mentre i livelli del Po e dei grandi laghi sono in discesa, le riserve idriche nazionali in affanno e le alte temperature favoriscono il propagarsi degli incendi spesso dolosi. E\u2019 l\u2019allarme lanciato dalla Coldiretti sulla base dei dati Isac Cnr per i primi [&hellip;]<\/p>\n","protected":false},"author":1,"featured_media":1039,"comment_status":"closed","ping_status":"open","sticky":false,"template":"","format":"standard","meta":{"footnotes":""},"categories":[56],"tags":[],"yoast_head":"<!-- This site is optimized with the Yoast SEO plugin v22.2 - https:\/\/yoast.com\/wordpress\/plugins\/seo\/ -->\n<title>Caldo, Coldiretti: con 30% pioggia allarme per siccit\u00e0 e incendi -<\/title>\n<meta name=\"robots\" content=\"index, follow, max-snippet:-1, max-image-preview:large, max-video-preview:-1\" \/>\n<link rel=\"canonical\" href=\"https:\/\/www.italiaeconomiaonline.it\/web\/caldo-coldiretti-con-30-pioggia-allarme-per-siccita-e-incendi\/\" \/>\n<meta property=\"og:locale\" content=\"it_IT\" \/>\n<meta property=\"og:type\" content=\"article\" \/>\n<meta property=\"og:title\" content=\"Caldo, Coldiretti: con 30% pioggia allarme per siccit\u00e0 e incendi -\" \/>\n<meta property=\"og:description\" content=\"Con il 30% di pioggia in meno \u00e8 allarme siccit\u00e0 in Italia mentre i livelli del Po e dei grandi laghi sono in discesa, le riserve idriche nazionali in affanno e le alte temperature favoriscono il propagarsi degli incendi spesso dolosi. E\u2019 l\u2019allarme lanciato dalla Coldiretti sulla base dei dati Isac Cnr per i primi [&hellip;]\" \/>\n<meta property=\"og:url\" content=\"https:\/\/www.italiaeconomiaonline.it\/web\/caldo-coldiretti-con-30-pioggia-allarme-per-siccita-e-incendi\/\" \/>\n<meta property=\"og:site_name\" content=\"ItaliaEconomiaOnline\" \/>\n<meta property=\"article:published_time\" content=\"2020-08-20T10:33:13+00:00\" \/>\n<meta property=\"article:modified_time\" content=\"2020-08-20T09:35:14+00:00\" \/>\n<meta property=\"og:image\" content=\"https:\/\/www.italiaeconomiaonline.it\/web\/wp-content\/uploads\/2019\/06\/biodiversita.jpg\" \/>\n\t<meta property=\"og:image:width\" content=\"960\" \/>\n\t<meta property=\"og:image:height\" content=\"593\" \/>\n\t<meta property=\"og:image:type\" content=\"image\/jpeg\" \/>\n<meta name=\"author\" content=\"ladyitaliaeconomia\" \/>\n<meta name=\"twitter:card\" content=\"summary_large_image\" \/>\n<meta name=\"twitter:label1\" content=\"Scritto da\" \/>\n\t<meta name=\"twitter:data1\" content=\"ladyitaliaeconomia\" \/>\n\t<meta name=\"twitter:label2\" content=\"Tempo di lettura stimato\" \/>\n\t<meta name=\"twitter:data2\" content=\"3 minuti\" \/>\n<script type=\"application\/ld+json\" class=\"yoast-schema-graph\">{\"@context\":\"https:\/\/schema.org\",\"@graph\":[{\"@type\":\"WebPage\",\"@id\":\"https:\/\/www.italiaeconomiaonline.it\/web\/caldo-coldiretti-con-30-pioggia-allarme-per-siccita-e-incendi\/\",\"url\":\"https:\/\/www.italiaeconomiaonline.it\/web\/caldo-coldiretti-con-30-pioggia-allarme-per-siccita-e-incendi\/\",\"name\":\"Caldo, Coldiretti: con 30% pioggia allarme per siccit\u00e0 e incendi -\",\"isPartOf\":{\"@id\":\"https:\/\/www.italiaeconomiaonline.it\/web\/#website\"},\"primaryImageOfPage\":{\"@id\":\"https:\/\/www.italiaeconomiaonline.it\/web\/caldo-coldiretti-con-30-pioggia-allarme-per-siccita-e-incendi\/#primaryimage\"},\"image\":{\"@id\":\"https:\/\/www.italiaeconomiaonline.it\/web\/caldo-coldiretti-con-30-pioggia-allarme-per-siccita-e-incendi\/#primaryimage\"},\"thumbnailUrl\":\"https:\/\/www.italiaeconomiaonline.it\/web\/wp-content\/uploads\/2019\/06\/biodiversita.jpg\",\"datePublished\":\"2020-08-20T10:33:13+00:00\",\"dateModified\":\"2020-08-20T09:35:14+00:00\",\"author\":{\"@id\":\"https:\/\/www.italiaeconomiaonline.it\/web\/#\/schema\/person\/909a49cce752523b020fbc37d5ab1c31\"},\"breadcrumb\":{\"@id\":\"https:\/\/www.italiaeconomiaonline.it\/web\/caldo-coldiretti-con-30-pioggia-allarme-per-siccita-e-incendi\/#breadcrumb\"},\"inLanguage\":\"it-IT\",\"potentialAction\":[{\"@type\":\"ReadAction\",\"target\":[\"https:\/\/www.italiaeconomiaonline.it\/web\/caldo-coldiretti-con-30-pioggia-allarme-per-siccita-e-incendi\/\"]}]},{\"@type\":\"ImageObject\",\"inLanguage\":\"it-IT\",\"@id\":\"https:\/\/www.italiaeconomiaonline.it\/web\/caldo-coldiretti-con-30-pioggia-allarme-per-siccita-e-incendi\/#primaryimage\",\"url\":\"https:\/\/www.italiaeconomiaonline.it\/web\/wp-content\/uploads\/2019\/06\/biodiversita.jpg\",\"contentUrl\":\"https:\/\/www.italiaeconomiaonline.it\/web\/wp-content\/uploads\/2019\/06\/biodiversita.jpg\",\"width\":960,\"height\":593},{\"@type\":\"BreadcrumbList\",\"@id\":\"https:\/\/www.italiaeconomiaonline.it\/web\/caldo-coldiretti-con-30-pioggia-allarme-per-siccita-e-incendi\/#breadcrumb\",\"itemListElement\":[{\"@type\":\"ListItem\",\"position\":1,\"name\":\"Home\",\"item\":\"https:\/\/www.italiaeconomiaonline.it\/web\/\"},{\"@type\":\"ListItem\",\"position\":2,\"name\":\"Caldo, Coldiretti: con 30% pioggia allarme per siccit\u00e0 e incendi\"}]},{\"@type\":\"WebSite\",\"@id\":\"https:\/\/www.italiaeconomiaonline.it\/web\/#website\",\"url\":\"https:\/\/www.italiaeconomiaonline.it\/web\/\",\"name\":\"ItaliaEconomiaOnline\",\"description\":\"Quotidiano Economico Online\",\"potentialAction\":[{\"@type\":\"SearchAction\",\"target\":{\"@type\":\"EntryPoint\",\"urlTemplate\":\"https:\/\/www.italiaeconomiaonline.it\/web\/?s={search_term_string}\"},\"query-input\":\"required name=search_term_string\"}],\"inLanguage\":\"it-IT\"},{\"@type\":\"Person\",\"@id\":\"https:\/\/www.italiaeconomiaonline.it\/web\/#\/schema\/person\/909a49cce752523b020fbc37d5ab1c31\",\"name\":\"ladyitaliaeconomia\",\"image\":{\"@type\":\"ImageObject\",\"inLanguage\":\"it-IT\",\"@id\":\"https:\/\/www.italiaeconomiaonline.it\/web\/#\/schema\/person\/image\/\",\"url\":\"https:\/\/secure.gravatar.com\/avatar\/cedca10ce7416a579b9fa6bce9c0a8f2?s=96&d=mm&r=g\",\"contentUrl\":\"https:\/\/secure.gravatar.com\/avatar\/cedca10ce7416a579b9fa6bce9c0a8f2?s=96&d=mm&r=g\",\"caption\":\"ladyitaliaeconomia\"},\"url\":\"https:\/\/www.italiaeconomiaonline.it\/web\/author\/ladyitaliaeconomia\/\"}]}<\/script>\n<!-- \/ Yoast SEO plugin. -->","yoast_head_json":{"title":"Caldo, Coldiretti: con 30% pioggia allarme per siccit\u00e0 e incendi -","robots":{"index":"index","follow":"follow","max-snippet":"max-snippet:-1","max-image-preview":"max-image-preview:large","max-video-preview":"max-video-preview:-1"},"canonical":"https:\/\/www.italiaeconomiaonline.it\/web\/caldo-coldiretti-con-30-pioggia-allarme-per-siccita-e-incendi\/","og_locale":"it_IT","og_type":"article","og_title":"Caldo, Coldiretti: con 30% pioggia allarme per siccit\u00e0 e incendi -","og_description":"Con il 30% di pioggia in meno \u00e8 allarme siccit\u00e0 in Italia mentre i livelli del Po e dei grandi laghi sono in discesa, le riserve idriche nazionali in affanno e le alte temperature favoriscono il propagarsi degli incendi spesso dolosi. E\u2019 l\u2019allarme lanciato dalla Coldiretti sulla base dei dati Isac Cnr per i primi [&hellip;]","og_url":"https:\/\/www.italiaeconomiaonline.it\/web\/caldo-coldiretti-con-30-pioggia-allarme-per-siccita-e-incendi\/","og_site_name":"ItaliaEconomiaOnline","article_published_time":"2020-08-20T10:33:13+00:00","article_modified_time":"2020-08-20T09:35:14+00:00","og_image":[{"width":960,"height":593,"url":"https:\/\/www.italiaeconomiaonline.it\/web\/wp-content\/uploads\/2019\/06\/biodiversita.jpg","type":"image\/jpeg"}],"author":"ladyitaliaeconomia","twitter_card":"summary_large_image","twitter_misc":{"Scritto da":"ladyitaliaeconomia","Tempo di lettura stimato":"3 minuti"},"schema":{"@context":"https:\/\/schema.org","@graph":[{"@type":"WebPage","@id":"https:\/\/www.italiaeconomiaonline.it\/web\/caldo-coldiretti-con-30-pioggia-allarme-per-siccita-e-incendi\/","url":"https:\/\/www.italiaeconomiaonline.it\/web\/caldo-coldiretti-con-30-pioggia-allarme-per-siccita-e-incendi\/","name":"Caldo, Coldiretti: con 30% pioggia allarme per siccit\u00e0 e incendi -","isPartOf":{"@id":"https:\/\/www.italiaeconomiaonline.it\/web\/#website"},"primaryImageOfPage":{"@id":"https:\/\/www.italiaeconomiaonline.it\/web\/caldo-coldiretti-con-30-pioggia-allarme-per-siccita-e-incendi\/#primaryimage"},"image":{"@id":"https:\/\/www.italiaeconomiaonline.it\/web\/caldo-coldiretti-con-30-pioggia-allarme-per-siccita-e-incendi\/#primaryimage"},"thumbnailUrl":"https:\/\/www.italiaeconomiaonline.it\/web\/wp-content\/uploads\/2019\/06\/biodiversita.jpg","datePublished":"2020-08-20T10:33:13+00:00","dateModified":"2020-08-20T09:35:14+00:00","author":{"@id":"https:\/\/www.italiaeconomiaonline.it\/web\/#\/schema\/person\/909a49cce752523b020fbc37d5ab1c31"},"breadcrumb":{"@id":"https:\/\/www.italiaeconomiaonline.it\/web\/caldo-coldiretti-con-30-pioggia-allarme-per-siccita-e-incendi\/#breadcrumb"},"inLanguage":"it-IT","potentialAction":[{"@type":"ReadAction","target":["https:\/\/www.italiaeconomiaonline.it\/web\/caldo-coldiretti-con-30-pioggia-allarme-per-siccita-e-incendi\/"]}]},{"@type":"ImageObject","inLanguage":"it-IT","@id":"https:\/\/www.italiaeconomiaonline.it\/web\/caldo-coldiretti-con-30-pioggia-allarme-per-siccita-e-incendi\/#primaryimage","url":"https:\/\/www.italiaeconomiaonline.it\/web\/wp-content\/uploads\/2019\/06\/biodiversita.jpg","contentUrl":"https:\/\/www.italiaeconomiaonline.it\/web\/wp-content\/uploads\/2019\/06\/biodiversita.jpg","width":960,"height":593},{"@type":"BreadcrumbList","@id":"https:\/\/www.italiaeconomiaonline.it\/web\/caldo-coldiretti-con-30-pioggia-allarme-per-siccita-e-incendi\/#breadcrumb","itemListElement":[{"@type":"ListItem","position":1,"name":"Home","item":"https:\/\/www.italiaeconomiaonline.it\/web\/"},{"@type":"ListItem","position":2,"name":"Caldo, Coldiretti: con 30% pioggia allarme per siccit\u00e0 e incendi"}]},{"@type":"WebSite","@id":"https:\/\/www.italiaeconomiaonline.it\/web\/#website","url":"https:\/\/www.italiaeconomiaonline.it\/web\/","name":"ItaliaEconomiaOnline","description":"Quotidiano Economico Online","potentialAction":[{"@type":"SearchAction","target":{"@type":"EntryPoint","urlTemplate":"https:\/\/www.italiaeconomiaonline.it\/web\/?s={search_term_string}"},"query-input":"required name=search_term_string"}],"inLanguage":"it-IT"},{"@type":"Person","@id":"https:\/\/www.italiaeconomiaonline.it\/web\/#\/schema\/person\/909a49cce752523b020fbc37d5ab1c31","name":"ladyitaliaeconomia","image":{"@type":"ImageObject","inLanguage":"it-IT","@id":"https:\/\/www.italiaeconomiaonline.it\/web\/#\/schema\/person\/image\/","url":"https:\/\/secure.gravatar.com\/avatar\/cedca10ce7416a579b9fa6bce9c0a8f2?s=96&d=mm&r=g","contentUrl":"https:\/\/secure.gravatar.com\/avatar\/cedca10ce7416a579b9fa6bce9c0a8f2?s=96&d=mm&r=g","caption":"ladyitaliaeconomia"},"url":"https:\/\/www.italiaeconomiaonline.it\/web\/author\/ladyitaliaeconomia\/"}]}},"_links":{"self":[{"href":"https:\/\/www.italiaeconomiaonline.it\/web\/wp-json\/wp\/v2\/posts\/3951"}],"collection":[{"href":"https:\/\/www.italiaeconomiaonline.it\/web\/wp-json\/wp\/v2\/posts"}],"about":[{"href":"https:\/\/www.italiaeconomiaonline.it\/web\/wp-json\/wp\/v2\/types\/post"}],"author":[{"embeddable":true,"href":"https:\/\/www.italiaeconomiaonline.it\/web\/wp-json\/wp\/v2\/users\/1"}],"replies":[{"embeddable":true,"href":"https:\/\/www.italiaeconomiaonline.it\/web\/wp-json\/wp\/v2\/comments?post=3951"}],"version-history":[{"count":1,"href":"https:\/\/www.italiaeconomiaonline.it\/web\/wp-json\/wp\/v2\/posts\/3951\/revisions"}],"predecessor-version":[{"id":3952,"href":"https:\/\/www.italiaeconomiaonline.it\/web\/wp-json\/wp\/v2\/posts\/3951\/revisions\/3952"}],"wp:featuredmedia":[{"embeddable":true,"href":"https:\/\/www.italiaeconomiaonline.it\/web\/wp-json\/wp\/v2\/media\/1039"}],"wp:attachment":[{"href":"https:\/\/www.italiaeconomiaonline.it\/web\/wp-json\/wp\/v2\/media?parent=3951"}],"wp:term":[{"taxonomy":"category","embeddable":true,"href":"https:\/\/www.italiaeconomiaonline.it\/web\/wp-json\/wp\/v2\/categories?post=3951"},{"taxonomy":"post_tag","embeddable":true,"href":"https:\/\/www.italiaeconomiaonline.it\/web\/wp-json\/wp\/v2\/tags?post=3951"}],"curies":[{"name":"wp","href":"https:\/\/api.w.org\/{rel}","templated":true}]}}