{"id":3953,"date":"2020-08-20T14:35:35","date_gmt":"2020-08-20T12:35:35","guid":{"rendered":"http:\/\/www.italiaeconomiaonline.it\/web\/?p=3953"},"modified":"2020-08-20T11:50:27","modified_gmt":"2020-08-20T09:50:27","slug":"scuola-uecoop-oltre-7-mln-con-mascherine-in-classe","status":"publish","type":"post","link":"https:\/\/www.italiaeconomiaonline.it\/web\/scuola-uecoop-oltre-7-mln-con-mascherine-in-classe\/","title":{"rendered":"Scuola, UECOOP: oltre 7 mln con mascherine in classe"},"content":{"rendered":"<p><span class=\"dropcap dropcap3\">S<\/span>ono oltre 7 milioni le ragazze e i ragazzi fra i 6 e i 18 anni che si ritroveranno in classe con la mascherina alla riapertura delle scuole. E\u2019 quanto emerge da una analisi dell\u2019Unione europea delle cooperative (Uecoop) su dati Istat in riferimento agli ultimi orientamenti del Comitato tecnico scientifico sulla ripartenza dell\u2019anno didattico e quindi almeno fino a giugno 2021.<\/p>\n<p>Una situazione confermata anche dal monitoraggio dell\u2019Unione europea delle cooperative (Uecoop) su un campione di imprese da nord a sud dell\u2019Italia secondo il quale pi\u00f9 di 1 azienda su 4 (26%) \u00e8 pessimista sulla pandemia ed \u00e8 convinta che non ci si potr\u00e0 liberare delle protezione e delle misure anti contagio fino all\u2019estate dell\u2019anno prossimo.<\/p>\n<p>Oltre a essere una precauzione per la tutela della propria salute e di quella degli altri, le mascherine e i guanti \u2013 sottolinea Uecoop \u2013 sono uno strumento di lavoro quotidiano per gli oltre 300 mila addetti che attraverso le proprie cooperative in Italia assistono malati, disabili e anziani a domicilio o nelle residenze specializzate.<\/p>\n<p>L\u2019emergenza Covid-19 e la necessit\u00e0 di scongiurare una pericolosa seconda ondata nella diffusione del virus, ha portato a una ulteriore stretta nei protocolli sanitari in tutte le cooperative socio assistenziali \u2013 continua Uecoop \u2013 proprio per rafforzare sia la tutela dei dipendenti che quella delle persone con le quali vengono in contatto, compresi gli anziani ospitati nelle 7mila case di riposo sul territorio nazionale.<\/p>\n<p>Fra gli italiani la mascherina \u00e8 ormai \u2013 conclude Uecoop \u2013 un oggetto di uso quotidiano da portarsi sempre dietro insieme alle chiavi di casa, anche se non tutti la usano sempre correttamente.<\/p>\n<p>\u200b<\/p>\n","protected":false},"excerpt":{"rendered":"<p>Sono oltre 7 milioni le ragazze e i ragazzi fra i 6 e i 18 anni che si ritroveranno in classe con la mascherina alla riapertura delle scuole. E\u2019 quanto emerge da una analisi dell\u2019Unione europea delle cooperative (Uecoop) su dati Istat in riferimento agli ultimi orientamenti del Comitato tecnico scientifico sulla ripartenza dell\u2019anno didattico [&hellip;]<\/p>\n","protected":false},"author":1,"featured_media":2645,"comment_status":"closed","ping_status":"open","sticky":false,"template":"","format":"standard","meta":{"footnotes":""},"categories":[133],"tags":[877,1233,1232],"yoast_head":"<!-- This site is optimized with the Yoast SEO plugin v22.2 - https:\/\/yoast.com\/wordpress\/plugins\/seo\/ -->\n<title>Scuola, UECOOP: oltre 7 mln con mascherine in classe -<\/title>\n<meta name=\"robots\" content=\"index, follow, max-snippet:-1, max-image-preview:large, max-video-preview:-1\" \/>\n<link rel=\"canonical\" href=\"https:\/\/www.italiaeconomiaonline.it\/web\/scuola-uecoop-oltre-7-mln-con-mascherine-in-classe\/\" \/>\n<meta property=\"og:locale\" content=\"it_IT\" \/>\n<meta property=\"og:type\" content=\"article\" \/>\n<meta property=\"og:title\" content=\"Scuola, UECOOP: oltre 7 mln con mascherine in classe -\" \/>\n<meta property=\"og:description\" content=\"Sono oltre 7 milioni le ragazze e i ragazzi fra i 6 e i 18 anni che si ritroveranno in classe con la mascherina alla riapertura delle scuole. E\u2019 quanto emerge da una analisi dell\u2019Unione europea delle cooperative (Uecoop) su dati Istat in riferimento agli ultimi orientamenti del Comitato tecnico scientifico sulla ripartenza dell\u2019anno didattico [&hellip;]\" \/>\n<meta property=\"og:url\" content=\"https:\/\/www.italiaeconomiaonline.it\/web\/scuola-uecoop-oltre-7-mln-con-mascherine-in-classe\/\" \/>\n<meta property=\"og:site_name\" content=\"ItaliaEconomiaOnline\" \/>\n<meta property=\"article:published_time\" content=\"2020-08-20T12:35:35+00:00\" \/>\n<meta property=\"article:modified_time\" content=\"2020-08-20T09:50:27+00:00\" \/>\n<meta property=\"og:image\" content=\"https:\/\/www.italiaeconomiaonline.it\/web\/wp-content\/uploads\/2020\/03\/Schermata-2020-03-06-alle-17.58.41.png\" \/>\n\t<meta property=\"og:image:width\" content=\"854\" \/>\n\t<meta property=\"og:image:height\" content=\"542\" \/>\n\t<meta property=\"og:image:type\" content=\"image\/png\" \/>\n<meta name=\"author\" content=\"ladyitaliaeconomia\" \/>\n<meta name=\"twitter:card\" content=\"summary_large_image\" \/>\n<meta name=\"twitter:label1\" content=\"Scritto da\" \/>\n\t<meta name=\"twitter:data1\" content=\"ladyitaliaeconomia\" \/>\n\t<meta name=\"twitter:label2\" content=\"Tempo di lettura stimato\" \/>\n\t<meta name=\"twitter:data2\" content=\"1 minuto\" \/>\n<script type=\"application\/ld+json\" class=\"yoast-schema-graph\">{\"@context\":\"https:\/\/schema.org\",\"@graph\":[{\"@type\":\"WebPage\",\"@id\":\"https:\/\/www.italiaeconomiaonline.it\/web\/scuola-uecoop-oltre-7-mln-con-mascherine-in-classe\/\",\"url\":\"https:\/\/www.italiaeconomiaonline.it\/web\/scuola-uecoop-oltre-7-mln-con-mascherine-in-classe\/\",\"name\":\"Scuola, UECOOP: oltre 7 mln con mascherine in classe -\",\"isPartOf\":{\"@id\":\"https:\/\/www.italiaeconomiaonline.it\/web\/#website\"},\"primaryImageOfPage\":{\"@id\":\"https:\/\/www.italiaeconomiaonline.it\/web\/scuola-uecoop-oltre-7-mln-con-mascherine-in-classe\/#primaryimage\"},\"image\":{\"@id\":\"https:\/\/www.italiaeconomiaonline.it\/web\/scuola-uecoop-oltre-7-mln-con-mascherine-in-classe\/#primaryimage\"},\"thumbnailUrl\":\"https:\/\/www.italiaeconomiaonline.it\/web\/wp-content\/uploads\/2020\/03\/Schermata-2020-03-06-alle-17.58.41.png\",\"datePublished\":\"2020-08-20T12:35:35+00:00\",\"dateModified\":\"2020-08-20T09:50:27+00:00\",\"author\":{\"@id\":\"https:\/\/www.italiaeconomiaonline.it\/web\/#\/schema\/person\/909a49cce752523b020fbc37d5ab1c31\"},\"breadcrumb\":{\"@id\":\"https:\/\/www.italiaeconomiaonline.it\/web\/scuola-uecoop-oltre-7-mln-con-mascherine-in-classe\/#breadcrumb\"},\"inLanguage\":\"it-IT\",\"potentialAction\":[{\"@type\":\"ReadAction\",\"target\":[\"https:\/\/www.italiaeconomiaonline.it\/web\/scuola-uecoop-oltre-7-mln-con-mascherine-in-classe\/\"]}]},{\"@type\":\"ImageObject\",\"inLanguage\":\"it-IT\",\"@id\":\"https:\/\/www.italiaeconomiaonline.it\/web\/scuola-uecoop-oltre-7-mln-con-mascherine-in-classe\/#primaryimage\",\"url\":\"https:\/\/www.italiaeconomiaonline.it\/web\/wp-content\/uploads\/2020\/03\/Schermata-2020-03-06-alle-17.58.41.png\",\"contentUrl\":\"https:\/\/www.italiaeconomiaonline.it\/web\/wp-content\/uploads\/2020\/03\/Schermata-2020-03-06-alle-17.58.41.png\",\"width\":854,\"height\":542},{\"@type\":\"BreadcrumbList\",\"@id\":\"https:\/\/www.italiaeconomiaonline.it\/web\/scuola-uecoop-oltre-7-mln-con-mascherine-in-classe\/#breadcrumb\",\"itemListElement\":[{\"@type\":\"ListItem\",\"position\":1,\"name\":\"Home\",\"item\":\"https:\/\/www.italiaeconomiaonline.it\/web\/\"},{\"@type\":\"ListItem\",\"position\":2,\"name\":\"Scuola, UECOOP: oltre 7 mln con mascherine in classe\"}]},{\"@type\":\"WebSite\",\"@id\":\"https:\/\/www.italiaeconomiaonline.it\/web\/#website\",\"url\":\"https:\/\/www.italiaeconomiaonline.it\/web\/\",\"name\":\"ItaliaEconomiaOnline\",\"description\":\"Quotidiano Economico Online\",\"potentialAction\":[{\"@type\":\"SearchAction\",\"target\":{\"@type\":\"EntryPoint\",\"urlTemplate\":\"https:\/\/www.italiaeconomiaonline.it\/web\/?s={search_term_string}\"},\"query-input\":\"required name=search_term_string\"}],\"inLanguage\":\"it-IT\"},{\"@type\":\"Person\",\"@id\":\"https:\/\/www.italiaeconomiaonline.it\/web\/#\/schema\/person\/909a49cce752523b020fbc37d5ab1c31\",\"name\":\"ladyitaliaeconomia\",\"image\":{\"@type\":\"ImageObject\",\"inLanguage\":\"it-IT\",\"@id\":\"https:\/\/www.italiaeconomiaonline.it\/web\/#\/schema\/person\/image\/\",\"url\":\"https:\/\/secure.gravatar.com\/avatar\/cedca10ce7416a579b9fa6bce9c0a8f2?s=96&d=mm&r=g\",\"contentUrl\":\"https:\/\/secure.gravatar.com\/avatar\/cedca10ce7416a579b9fa6bce9c0a8f2?s=96&d=mm&r=g\",\"caption\":\"ladyitaliaeconomia\"},\"url\":\"https:\/\/www.italiaeconomiaonline.it\/web\/author\/ladyitaliaeconomia\/\"}]}<\/script>\n<!-- \/ Yoast SEO plugin. -->","yoast_head_json":{"title":"Scuola, UECOOP: oltre 7 mln con mascherine in classe -","robots":{"index":"index","follow":"follow","max-snippet":"max-snippet:-1","max-image-preview":"max-image-preview:large","max-video-preview":"max-video-preview:-1"},"canonical":"https:\/\/www.italiaeconomiaonline.it\/web\/scuola-uecoop-oltre-7-mln-con-mascherine-in-classe\/","og_locale":"it_IT","og_type":"article","og_title":"Scuola, UECOOP: oltre 7 mln con mascherine in classe -","og_description":"Sono oltre 7 milioni le ragazze e i ragazzi fra i 6 e i 18 anni che si ritroveranno in classe con la mascherina alla riapertura delle scuole. E\u2019 quanto emerge da una analisi dell\u2019Unione europea delle cooperative (Uecoop) su dati Istat in riferimento agli ultimi orientamenti del Comitato tecnico scientifico sulla ripartenza dell\u2019anno didattico [&hellip;]","og_url":"https:\/\/www.italiaeconomiaonline.it\/web\/scuola-uecoop-oltre-7-mln-con-mascherine-in-classe\/","og_site_name":"ItaliaEconomiaOnline","article_published_time":"2020-08-20T12:35:35+00:00","article_modified_time":"2020-08-20T09:50:27+00:00","og_image":[{"width":854,"height":542,"url":"https:\/\/www.italiaeconomiaonline.it\/web\/wp-content\/uploads\/2020\/03\/Schermata-2020-03-06-alle-17.58.41.png","type":"image\/png"}],"author":"ladyitaliaeconomia","twitter_card":"summary_large_image","twitter_misc":{"Scritto da":"ladyitaliaeconomia","Tempo di lettura stimato":"1 minuto"},"schema":{"@context":"https:\/\/schema.org","@graph":[{"@type":"WebPage","@id":"https:\/\/www.italiaeconomiaonline.it\/web\/scuola-uecoop-oltre-7-mln-con-mascherine-in-classe\/","url":"https:\/\/www.italiaeconomiaonline.it\/web\/scuola-uecoop-oltre-7-mln-con-mascherine-in-classe\/","name":"Scuola, UECOOP: oltre 7 mln con mascherine in classe -","isPartOf":{"@id":"https:\/\/www.italiaeconomiaonline.it\/web\/#website"},"primaryImageOfPage":{"@id":"https:\/\/www.italiaeconomiaonline.it\/web\/scuola-uecoop-oltre-7-mln-con-mascherine-in-classe\/#primaryimage"},"image":{"@id":"https:\/\/www.italiaeconomiaonline.it\/web\/scuola-uecoop-oltre-7-mln-con-mascherine-in-classe\/#primaryimage"},"thumbnailUrl":"https:\/\/www.italiaeconomiaonline.it\/web\/wp-content\/uploads\/2020\/03\/Schermata-2020-03-06-alle-17.58.41.png","datePublished":"2020-08-20T12:35:35+00:00","dateModified":"2020-08-20T09:50:27+00:00","author":{"@id":"https:\/\/www.italiaeconomiaonline.it\/web\/#\/schema\/person\/909a49cce752523b020fbc37d5ab1c31"},"breadcrumb":{"@id":"https:\/\/www.italiaeconomiaonline.it\/web\/scuola-uecoop-oltre-7-mln-con-mascherine-in-classe\/#breadcrumb"},"inLanguage":"it-IT","potentialAction":[{"@type":"ReadAction","target":["https:\/\/www.italiaeconomiaonline.it\/web\/scuola-uecoop-oltre-7-mln-con-mascherine-in-classe\/"]}]},{"@type":"ImageObject","inLanguage":"it-IT","@id":"https:\/\/www.italiaeconomiaonline.it\/web\/scuola-uecoop-oltre-7-mln-con-mascherine-in-classe\/#primaryimage","url":"https:\/\/www.italiaeconomiaonline.it\/web\/wp-content\/uploads\/2020\/03\/Schermata-2020-03-06-alle-17.58.41.png","contentUrl":"https:\/\/www.italiaeconomiaonline.it\/web\/wp-content\/uploads\/2020\/03\/Schermata-2020-03-06-alle-17.58.41.png","width":854,"height":542},{"@type":"BreadcrumbList","@id":"https:\/\/www.italiaeconomiaonline.it\/web\/scuola-uecoop-oltre-7-mln-con-mascherine-in-classe\/#breadcrumb","itemListElement":[{"@type":"ListItem","position":1,"name":"Home","item":"https:\/\/www.italiaeconomiaonline.it\/web\/"},{"@type":"ListItem","position":2,"name":"Scuola, UECOOP: oltre 7 mln con mascherine in classe"}]},{"@type":"WebSite","@id":"https:\/\/www.italiaeconomiaonline.it\/web\/#website","url":"https:\/\/www.italiaeconomiaonline.it\/web\/","name":"ItaliaEconomiaOnline","description":"Quotidiano Economico Online","potentialAction":[{"@type":"SearchAction","target":{"@type":"EntryPoint","urlTemplate":"https:\/\/www.italiaeconomiaonline.it\/web\/?s={search_term_string}"},"query-input":"required name=search_term_string"}],"inLanguage":"it-IT"},{"@type":"Person","@id":"https:\/\/www.italiaeconomiaonline.it\/web\/#\/schema\/person\/909a49cce752523b020fbc37d5ab1c31","name":"ladyitaliaeconomia","image":{"@type":"ImageObject","inLanguage":"it-IT","@id":"https:\/\/www.italiaeconomiaonline.it\/web\/#\/schema\/person\/image\/","url":"https:\/\/secure.gravatar.com\/avatar\/cedca10ce7416a579b9fa6bce9c0a8f2?s=96&d=mm&r=g","contentUrl":"https:\/\/secure.gravatar.com\/avatar\/cedca10ce7416a579b9fa6bce9c0a8f2?s=96&d=mm&r=g","caption":"ladyitaliaeconomia"},"url":"https:\/\/www.italiaeconomiaonline.it\/web\/author\/ladyitaliaeconomia\/"}]}},"_links":{"self":[{"href":"https:\/\/www.italiaeconomiaonline.it\/web\/wp-json\/wp\/v2\/posts\/3953"}],"collection":[{"href":"https:\/\/www.italiaeconomiaonline.it\/web\/wp-json\/wp\/v2\/posts"}],"about":[{"href":"https:\/\/www.italiaeconomiaonline.it\/web\/wp-json\/wp\/v2\/types\/post"}],"author":[{"embeddable":true,"href":"https:\/\/www.italiaeconomiaonline.it\/web\/wp-json\/wp\/v2\/users\/1"}],"replies":[{"embeddable":true,"href":"https:\/\/www.italiaeconomiaonline.it\/web\/wp-json\/wp\/v2\/comments?post=3953"}],"version-history":[{"count":1,"href":"https:\/\/www.italiaeconomiaonline.it\/web\/wp-json\/wp\/v2\/posts\/3953\/revisions"}],"predecessor-version":[{"id":3954,"href":"https:\/\/www.italiaeconomiaonline.it\/web\/wp-json\/wp\/v2\/posts\/3953\/revisions\/3954"}],"wp:featuredmedia":[{"embeddable":true,"href":"https:\/\/www.italiaeconomiaonline.it\/web\/wp-json\/wp\/v2\/media\/2645"}],"wp:attachment":[{"href":"https:\/\/www.italiaeconomiaonline.it\/web\/wp-json\/wp\/v2\/media?parent=3953"}],"wp:term":[{"taxonomy":"category","embeddable":true,"href":"https:\/\/www.italiaeconomiaonline.it\/web\/wp-json\/wp\/v2\/categories?post=3953"},{"taxonomy":"post_tag","embeddable":true,"href":"https:\/\/www.italiaeconomiaonline.it\/web\/wp-json\/wp\/v2\/tags?post=3953"}],"curies":[{"name":"wp","href":"https:\/\/api.w.org\/{rel}","templated":true}]}}