{"id":3972,"date":"2020-08-23T12:03:39","date_gmt":"2020-08-23T10:03:39","guid":{"rendered":"http:\/\/www.italiaeconomiaonline.it\/web\/?p=3972"},"modified":"2020-08-24T12:28:41","modified_gmt":"2020-08-24T10:28:41","slug":"covid-19-e-i-nuovi-allarmi-solo-con-la-verita-spezzeremo-lemergenza-sanitaria-ed-economica","status":"publish","type":"post","link":"https:\/\/www.italiaeconomiaonline.it\/web\/covid-19-e-i-nuovi-allarmi-solo-con-la-verita-spezzeremo-lemergenza-sanitaria-ed-economica\/","title":{"rendered":"Covid 19 e i nuovi allarmi, Federcontribuenti: solo con la verit\u00e0 spezzeremo l&#8217;emergenza sanitaria ed economica"},"content":{"rendered":"<p><span class=\"dropcap dropcap3\">M<\/span>arco<strong> Paccagnella,<\/strong> presidente di <strong>Federcontribuenti:<\/strong> &#8221;che schifo fare propaganda politica utilizzando il covid senza alcun rispetto per i morti, per i sani e per il futuro che verr\u00e0.<\/p>\n<p>Sono passati 7 mesi dall&#8217;inizio di questa pandemia dove abbiamo visto sfilare le bare, sequestrare ospedali, prelevare persone poi sparite nei centri covid.<\/p>\n<p>Abbiamo requisito le scuole e il futuro di intere generazioni, abbiamo visto sfilare la corona degli<strong> obblighi <\/strong>e dei <strong>decreti ministeriali<\/strong> sfuorvianti e privi di senso logico e di orizzonti condivisibili. Abbiamo visto <strong>svuotare i conti pubblici <\/strong>ed <strong>ipotecare<\/strong> i prossimi 35 anni senza un vero piano di <strong>sviluppo economico<\/strong>.<\/p>\n<p>Dopo 7 mesi di angoscia e di incertezza, invece di avere risposte e un preciso piano programmatico, ormai prossimi all&#8217;inizio della stagione calda dal punto di vista <strong>fiscale, lavorativo e scolastico<\/strong> tutto ci\u00f2 che abbiamo \u00e8 una carellata disgustosa di leader politici a caccia di like!&#8221;. In 7 mesi il debito pubblico \u00e8 salito di<strong> 100 miliardi <\/strong>di euro. Il rapporto deficit\/PIL, quello che dovrebbe stare sotto il 3%, diventer\u00e0 dell\u2019<strong>11,9%<\/strong> nel 2020, contro l\u20191,6% del 2019.<\/p>\n<div>\n<div class=\"entry-content\">\n<div class=\"entry-content\">\n<div class=\"entry-content\">\n<div class=\"entry-content\">\n<p>&nbsp;<\/p>\n<p>In 7 mesi si aveva tutto il tempo, passata la fase cruciale, di predisporrere programmi politici in grado di: effettuare tamponi alla popolazione italiana mediante mezzi mobili al fine di conoscere l&#8217;<strong>effettiva incidenza epidemiologica<\/strong>; di ottenere quei dati mancanti quali l&#8217;<strong>effettiva letalit\u00e0 <\/strong>ma, soprattutto, conoscere gli <strong>effetti collaterali <\/strong>che i positivi al covid hanno riscontrato una volta guariti al fine di conoscere la <strong>reale gravit\u00e0 di questo virus<\/strong> soggetto per soggetto.<\/p>\n<p>Invece ad <a class=\"matchTooltip\">oggi<\/a> non sappiamo quanti di noi sono stati contaggiati, non sappiamo cosa comporta l&#8217;aver contratto questo virus per\u00f2 torniamo a parlare di misure restrittive sempre sulla base dell&#8217;incertezza e codardia politica. Non un leader politico ha rotto questa strana catena propagandistica; dentro il parlamento non una discussione prontata su dati certi o che <strong>avanzasse unita la richiesta di averne<\/strong>!<\/p>\n<p>&nbsp;<\/p>\n<p><strong>Cosa sappiamo ad <a class=\"matchTooltip\">oggi<\/a>!<\/strong><\/p>\n<p>Sappiamo che il totale dei soggetti che hanno contratto il covid 19 sono in Italia 257 mila; sappiamo che a partire dal mese di marzo 2020 tra mascherine chirurgiche, mascherine FFP2 o FFP3, camici o grembiuli monouso idrorepellenti, guanti, occhiali di protezione, visiere,C-PAP, nutri pompe ventilatori etc, abbiamo speso un ammontare di \u20ac 557.375. Sappiamo che il costo della <strong>singola giornata di degenza<\/strong> all\u2019interno di un\u2019area a bassa intensit\u00e0 di cura\/complessit\u00e0 assistenziale sia pari a \u20ac 427,77, ad \u20ac \u20ac 582,38 per media intensit\u00e0 di cura\/complessit\u00e0 assistenziale e \u20ac 1.278,50 per l\u2019alta intensit\u00e0 di cura\/complessit\u00e0 assistenziale.<\/p>\n<p>Mentre le degenze caratterizzate da trasferimenti interni tra Unit\u00e0 Operative, che hanno determinato il passaggio da area a bassa intensit\u00e0 di cura\/complessit\u00e0 assistenziale ad alta intensit\u00e0 di cura\/complessit\u00e0 assistenziale, sono costate singolarmente 14.873,48 \u20ac. Ingente \u00e8 il valore economico correlato a una ospedalizzazione spesa tra la terapia sub-intensiva e la terapia intensiva, che risulta essere pari a 22.210,47 \u20ac, con una degenza media complessiva di 23,21 giorni a paziente. &#8216;<strong>&#8216;Chi ha controllato la regolare prassi ospedaliera come le tariffazioni di riferimento per le attivit\u00e0 sanitarie condotte?&#8221;.<\/strong><\/p>\n<p>&nbsp;<\/p>\n<p><strong>Cosa chiediamo come Federcontibuenti.<\/strong><\/p>\n<p>Di conoscere lo<strong> stato di salute dei pazienti guariti dal covid<\/strong> per stabilire quali misure restittive siano realmente necessarie; di verificare il <strong>corretto uso dei fondi pubblici <\/strong>dati a pioggia per gestire l&#8217;emergenza epidemiologica. Di avere <strong>un piano certo sulla riapertura delle scuole <\/strong>senza incertezze anche in caso si verifichino positivi; di ridare <strong>al parlamento il potere centrale<\/strong> della discussione sugli interventi legislativi anche relativi alla salute pubblica.<\/p>\n<p>Se non riusciremo ad essere concreti e credibili sia politicamente sia socialmente non avremo possibilit\u00e0 di recuperare tutto quanto il covid si \u00e8 portato via.<\/p>\n<p>Via quota 100 e RDC per chi ha et\u00e0 e salute per lavorare. Ampliamento retroattivo del calcolo contributivo delle pensioni per gli assegni pi\u00f9 alti. Tetto massimo alle pensioni per un futuro eguale e dignitoso. Aiuti economici legati al codice fiscale con obbligo di un conto corrente dato alla nascita e gratuitamente dove far affluire tutti gli aiuti per superare l&#8217;attuale metodo ISEE, per dei controlli incrociati automatici, lo stesso per i pagamenti di tasse e contributi.<\/p>\n<p>Ammodernamento della PA e sburocratizzazione; digitalizzazione e lavoro da remoto\/per obiettivi. Minimo salariare esteso per tutte le categorie imposto per legge e non inferiore alle mille euro.<\/p>\n<p>Controllo spietato sui conti all&#8217;estero <strong>abolendo la legge sulla privacy<\/strong>.<\/p>\n<p><strong>Qualche dato da non dimenticare.<\/strong><\/p>\n<p>Pi\u00f9 del 40%, delle scuole italiane \u00e8 stata costruita tra la fine della guerra e il 1976 e solo il 7,53% di tutti gli edifici scolastici italiani sono antisismici.<\/p>\n<p>Il reddito medio in Italia \u00e8 pari a 21.600 mila euro perdendo 10 mila euro negli ultimi 15 anni.<\/p>\n<p>Il 12,2% degli occupati ha un reddito al di sotto della soglia di povert\u00e0.<\/p>\n<p>Il 49% degli italiani rientra nella no tax area e il 34% di questi vive di sussistenza, (bonus vari).<\/p>\n<p>Le aree terremotate restano in attesa di un intervento divino pur avendo mobilitato centinaia di milioni di euro.<\/p>\n<p>Siamo in coda per efficientamento dei servizi digitali nella PA, in coda per infrastrutture, in coda per i trasporti pubblici. Viviamo di apparenza, in perfetta linea con la classe politica.<\/p>\n<p>&nbsp;<\/p>\n<p>&nbsp;<\/p>\n<h3><\/h3>\n<\/div>\n<\/div>\n<\/div>\n<\/div>\n<\/div>\n","protected":false},"excerpt":{"rendered":"<p>Marco Paccagnella, presidente di Federcontribuenti: &#8221;che schifo fare propaganda politica utilizzando il covid senza alcun rispetto per i morti, per i sani e per il futuro che verr\u00e0. Sono passati 7 mesi dall&#8217;inizio di questa pandemia dove abbiamo visto sfilare le bare, sequestrare ospedali, prelevare persone poi sparite nei centri covid. Abbiamo requisito le scuole [&hellip;]<\/p>\n","protected":false},"author":1,"featured_media":21,"comment_status":"closed","ping_status":"open","sticky":false,"template":"","format":"standard","meta":{"footnotes":""},"categories":[56],"tags":[],"yoast_head":"<!-- This site is optimized with the Yoast SEO plugin v22.2 - https:\/\/yoast.com\/wordpress\/plugins\/seo\/ -->\n<title>Covid 19 e i nuovi allarmi, Federcontribuenti: solo con la verit\u00e0 spezzeremo l&#039;emergenza sanitaria ed economica -<\/title>\n<meta name=\"robots\" content=\"index, follow, max-snippet:-1, max-image-preview:large, max-video-preview:-1\" \/>\n<link rel=\"canonical\" href=\"https:\/\/www.italiaeconomiaonline.it\/web\/covid-19-e-i-nuovi-allarmi-solo-con-la-verita-spezzeremo-lemergenza-sanitaria-ed-economica\/\" \/>\n<meta property=\"og:locale\" content=\"it_IT\" \/>\n<meta property=\"og:type\" content=\"article\" \/>\n<meta property=\"og:title\" content=\"Covid 19 e i nuovi allarmi, Federcontribuenti: solo con la verit\u00e0 spezzeremo l&#039;emergenza sanitaria ed economica -\" \/>\n<meta property=\"og:description\" content=\"Marco Paccagnella, presidente di Federcontribuenti: &#8221;che schifo fare propaganda politica utilizzando il covid senza alcun rispetto per i morti, per i sani e per il futuro che verr\u00e0. Sono passati 7 mesi dall&#8217;inizio di questa pandemia dove abbiamo visto sfilare le bare, sequestrare ospedali, prelevare persone poi sparite nei centri covid. Abbiamo requisito le scuole [&hellip;]\" \/>\n<meta property=\"og:url\" content=\"https:\/\/www.italiaeconomiaonline.it\/web\/covid-19-e-i-nuovi-allarmi-solo-con-la-verita-spezzeremo-lemergenza-sanitaria-ed-economica\/\" \/>\n<meta property=\"og:site_name\" content=\"ItaliaEconomiaOnline\" \/>\n<meta property=\"article:published_time\" content=\"2020-08-23T10:03:39+00:00\" \/>\n<meta property=\"article:modified_time\" content=\"2020-08-24T10:28:41+00:00\" \/>\n<meta property=\"og:image\" content=\"https:\/\/www.italiaeconomiaonline.it\/web\/wp-content\/uploads\/2018\/07\/p2-e1531909427362.jpg\" \/>\n\t<meta property=\"og:image:width\" content=\"1065\" \/>\n\t<meta property=\"og:image:height\" content=\"782\" \/>\n\t<meta property=\"og:image:type\" content=\"image\/jpeg\" \/>\n<meta name=\"author\" content=\"ladyitaliaeconomia\" \/>\n<meta name=\"twitter:card\" content=\"summary_large_image\" \/>\n<meta name=\"twitter:label1\" content=\"Scritto da\" \/>\n\t<meta name=\"twitter:data1\" content=\"ladyitaliaeconomia\" \/>\n\t<meta name=\"twitter:label2\" content=\"Tempo di lettura stimato\" \/>\n\t<meta name=\"twitter:data2\" content=\"4 minuti\" \/>\n<script type=\"application\/ld+json\" class=\"yoast-schema-graph\">{\"@context\":\"https:\/\/schema.org\",\"@graph\":[{\"@type\":\"WebPage\",\"@id\":\"https:\/\/www.italiaeconomiaonline.it\/web\/covid-19-e-i-nuovi-allarmi-solo-con-la-verita-spezzeremo-lemergenza-sanitaria-ed-economica\/\",\"url\":\"https:\/\/www.italiaeconomiaonline.it\/web\/covid-19-e-i-nuovi-allarmi-solo-con-la-verita-spezzeremo-lemergenza-sanitaria-ed-economica\/\",\"name\":\"Covid 19 e i nuovi allarmi, Federcontribuenti: solo con la verit\u00e0 spezzeremo l'emergenza sanitaria ed economica -\",\"isPartOf\":{\"@id\":\"https:\/\/www.italiaeconomiaonline.it\/web\/#website\"},\"primaryImageOfPage\":{\"@id\":\"https:\/\/www.italiaeconomiaonline.it\/web\/covid-19-e-i-nuovi-allarmi-solo-con-la-verita-spezzeremo-lemergenza-sanitaria-ed-economica\/#primaryimage\"},\"image\":{\"@id\":\"https:\/\/www.italiaeconomiaonline.it\/web\/covid-19-e-i-nuovi-allarmi-solo-con-la-verita-spezzeremo-lemergenza-sanitaria-ed-economica\/#primaryimage\"},\"thumbnailUrl\":\"https:\/\/www.italiaeconomiaonline.it\/web\/wp-content\/uploads\/2018\/07\/p2-e1531909427362.jpg\",\"datePublished\":\"2020-08-23T10:03:39+00:00\",\"dateModified\":\"2020-08-24T10:28:41+00:00\",\"author\":{\"@id\":\"https:\/\/www.italiaeconomiaonline.it\/web\/#\/schema\/person\/909a49cce752523b020fbc37d5ab1c31\"},\"breadcrumb\":{\"@id\":\"https:\/\/www.italiaeconomiaonline.it\/web\/covid-19-e-i-nuovi-allarmi-solo-con-la-verita-spezzeremo-lemergenza-sanitaria-ed-economica\/#breadcrumb\"},\"inLanguage\":\"it-IT\",\"potentialAction\":[{\"@type\":\"ReadAction\",\"target\":[\"https:\/\/www.italiaeconomiaonline.it\/web\/covid-19-e-i-nuovi-allarmi-solo-con-la-verita-spezzeremo-lemergenza-sanitaria-ed-economica\/\"]}]},{\"@type\":\"ImageObject\",\"inLanguage\":\"it-IT\",\"@id\":\"https:\/\/www.italiaeconomiaonline.it\/web\/covid-19-e-i-nuovi-allarmi-solo-con-la-verita-spezzeremo-lemergenza-sanitaria-ed-economica\/#primaryimage\",\"url\":\"https:\/\/www.italiaeconomiaonline.it\/web\/wp-content\/uploads\/2018\/07\/p2-e1531909427362.jpg\",\"contentUrl\":\"https:\/\/www.italiaeconomiaonline.it\/web\/wp-content\/uploads\/2018\/07\/p2-e1531909427362.jpg\",\"width\":1065,\"height\":782},{\"@type\":\"BreadcrumbList\",\"@id\":\"https:\/\/www.italiaeconomiaonline.it\/web\/covid-19-e-i-nuovi-allarmi-solo-con-la-verita-spezzeremo-lemergenza-sanitaria-ed-economica\/#breadcrumb\",\"itemListElement\":[{\"@type\":\"ListItem\",\"position\":1,\"name\":\"Home\",\"item\":\"https:\/\/www.italiaeconomiaonline.it\/web\/\"},{\"@type\":\"ListItem\",\"position\":2,\"name\":\"Covid 19 e i nuovi allarmi, Federcontribuenti: solo con la verit\u00e0 spezzeremo l&#8217;emergenza sanitaria ed economica\"}]},{\"@type\":\"WebSite\",\"@id\":\"https:\/\/www.italiaeconomiaonline.it\/web\/#website\",\"url\":\"https:\/\/www.italiaeconomiaonline.it\/web\/\",\"name\":\"ItaliaEconomiaOnline\",\"description\":\"Quotidiano Economico Online\",\"potentialAction\":[{\"@type\":\"SearchAction\",\"target\":{\"@type\":\"EntryPoint\",\"urlTemplate\":\"https:\/\/www.italiaeconomiaonline.it\/web\/?s={search_term_string}\"},\"query-input\":\"required name=search_term_string\"}],\"inLanguage\":\"it-IT\"},{\"@type\":\"Person\",\"@id\":\"https:\/\/www.italiaeconomiaonline.it\/web\/#\/schema\/person\/909a49cce752523b020fbc37d5ab1c31\",\"name\":\"ladyitaliaeconomia\",\"image\":{\"@type\":\"ImageObject\",\"inLanguage\":\"it-IT\",\"@id\":\"https:\/\/www.italiaeconomiaonline.it\/web\/#\/schema\/person\/image\/\",\"url\":\"https:\/\/secure.gravatar.com\/avatar\/cedca10ce7416a579b9fa6bce9c0a8f2?s=96&d=mm&r=g\",\"contentUrl\":\"https:\/\/secure.gravatar.com\/avatar\/cedca10ce7416a579b9fa6bce9c0a8f2?s=96&d=mm&r=g\",\"caption\":\"ladyitaliaeconomia\"},\"url\":\"https:\/\/www.italiaeconomiaonline.it\/web\/author\/ladyitaliaeconomia\/\"}]}<\/script>\n<!-- \/ Yoast SEO plugin. -->","yoast_head_json":{"title":"Covid 19 e i nuovi allarmi, Federcontribuenti: solo con la verit\u00e0 spezzeremo l'emergenza sanitaria ed economica -","robots":{"index":"index","follow":"follow","max-snippet":"max-snippet:-1","max-image-preview":"max-image-preview:large","max-video-preview":"max-video-preview:-1"},"canonical":"https:\/\/www.italiaeconomiaonline.it\/web\/covid-19-e-i-nuovi-allarmi-solo-con-la-verita-spezzeremo-lemergenza-sanitaria-ed-economica\/","og_locale":"it_IT","og_type":"article","og_title":"Covid 19 e i nuovi allarmi, Federcontribuenti: solo con la verit\u00e0 spezzeremo l'emergenza sanitaria ed economica -","og_description":"Marco Paccagnella, presidente di Federcontribuenti: &#8221;che schifo fare propaganda politica utilizzando il covid senza alcun rispetto per i morti, per i sani e per il futuro che verr\u00e0. Sono passati 7 mesi dall&#8217;inizio di questa pandemia dove abbiamo visto sfilare le bare, sequestrare ospedali, prelevare persone poi sparite nei centri covid. Abbiamo requisito le scuole [&hellip;]","og_url":"https:\/\/www.italiaeconomiaonline.it\/web\/covid-19-e-i-nuovi-allarmi-solo-con-la-verita-spezzeremo-lemergenza-sanitaria-ed-economica\/","og_site_name":"ItaliaEconomiaOnline","article_published_time":"2020-08-23T10:03:39+00:00","article_modified_time":"2020-08-24T10:28:41+00:00","og_image":[{"width":1065,"height":782,"url":"https:\/\/www.italiaeconomiaonline.it\/web\/wp-content\/uploads\/2018\/07\/p2-e1531909427362.jpg","type":"image\/jpeg"}],"author":"ladyitaliaeconomia","twitter_card":"summary_large_image","twitter_misc":{"Scritto da":"ladyitaliaeconomia","Tempo di lettura stimato":"4 minuti"},"schema":{"@context":"https:\/\/schema.org","@graph":[{"@type":"WebPage","@id":"https:\/\/www.italiaeconomiaonline.it\/web\/covid-19-e-i-nuovi-allarmi-solo-con-la-verita-spezzeremo-lemergenza-sanitaria-ed-economica\/","url":"https:\/\/www.italiaeconomiaonline.it\/web\/covid-19-e-i-nuovi-allarmi-solo-con-la-verita-spezzeremo-lemergenza-sanitaria-ed-economica\/","name":"Covid 19 e i nuovi allarmi, Federcontribuenti: solo con la verit\u00e0 spezzeremo l'emergenza sanitaria ed economica -","isPartOf":{"@id":"https:\/\/www.italiaeconomiaonline.it\/web\/#website"},"primaryImageOfPage":{"@id":"https:\/\/www.italiaeconomiaonline.it\/web\/covid-19-e-i-nuovi-allarmi-solo-con-la-verita-spezzeremo-lemergenza-sanitaria-ed-economica\/#primaryimage"},"image":{"@id":"https:\/\/www.italiaeconomiaonline.it\/web\/covid-19-e-i-nuovi-allarmi-solo-con-la-verita-spezzeremo-lemergenza-sanitaria-ed-economica\/#primaryimage"},"thumbnailUrl":"https:\/\/www.italiaeconomiaonline.it\/web\/wp-content\/uploads\/2018\/07\/p2-e1531909427362.jpg","datePublished":"2020-08-23T10:03:39+00:00","dateModified":"2020-08-24T10:28:41+00:00","author":{"@id":"https:\/\/www.italiaeconomiaonline.it\/web\/#\/schema\/person\/909a49cce752523b020fbc37d5ab1c31"},"breadcrumb":{"@id":"https:\/\/www.italiaeconomiaonline.it\/web\/covid-19-e-i-nuovi-allarmi-solo-con-la-verita-spezzeremo-lemergenza-sanitaria-ed-economica\/#breadcrumb"},"inLanguage":"it-IT","potentialAction":[{"@type":"ReadAction","target":["https:\/\/www.italiaeconomiaonline.it\/web\/covid-19-e-i-nuovi-allarmi-solo-con-la-verita-spezzeremo-lemergenza-sanitaria-ed-economica\/"]}]},{"@type":"ImageObject","inLanguage":"it-IT","@id":"https:\/\/www.italiaeconomiaonline.it\/web\/covid-19-e-i-nuovi-allarmi-solo-con-la-verita-spezzeremo-lemergenza-sanitaria-ed-economica\/#primaryimage","url":"https:\/\/www.italiaeconomiaonline.it\/web\/wp-content\/uploads\/2018\/07\/p2-e1531909427362.jpg","contentUrl":"https:\/\/www.italiaeconomiaonline.it\/web\/wp-content\/uploads\/2018\/07\/p2-e1531909427362.jpg","width":1065,"height":782},{"@type":"BreadcrumbList","@id":"https:\/\/www.italiaeconomiaonline.it\/web\/covid-19-e-i-nuovi-allarmi-solo-con-la-verita-spezzeremo-lemergenza-sanitaria-ed-economica\/#breadcrumb","itemListElement":[{"@type":"ListItem","position":1,"name":"Home","item":"https:\/\/www.italiaeconomiaonline.it\/web\/"},{"@type":"ListItem","position":2,"name":"Covid 19 e i nuovi allarmi, Federcontribuenti: solo con la verit\u00e0 spezzeremo l&#8217;emergenza sanitaria ed economica"}]},{"@type":"WebSite","@id":"https:\/\/www.italiaeconomiaonline.it\/web\/#website","url":"https:\/\/www.italiaeconomiaonline.it\/web\/","name":"ItaliaEconomiaOnline","description":"Quotidiano Economico Online","potentialAction":[{"@type":"SearchAction","target":{"@type":"EntryPoint","urlTemplate":"https:\/\/www.italiaeconomiaonline.it\/web\/?s={search_term_string}"},"query-input":"required name=search_term_string"}],"inLanguage":"it-IT"},{"@type":"Person","@id":"https:\/\/www.italiaeconomiaonline.it\/web\/#\/schema\/person\/909a49cce752523b020fbc37d5ab1c31","name":"ladyitaliaeconomia","image":{"@type":"ImageObject","inLanguage":"it-IT","@id":"https:\/\/www.italiaeconomiaonline.it\/web\/#\/schema\/person\/image\/","url":"https:\/\/secure.gravatar.com\/avatar\/cedca10ce7416a579b9fa6bce9c0a8f2?s=96&d=mm&r=g","contentUrl":"https:\/\/secure.gravatar.com\/avatar\/cedca10ce7416a579b9fa6bce9c0a8f2?s=96&d=mm&r=g","caption":"ladyitaliaeconomia"},"url":"https:\/\/www.italiaeconomiaonline.it\/web\/author\/ladyitaliaeconomia\/"}]}},"_links":{"self":[{"href":"https:\/\/www.italiaeconomiaonline.it\/web\/wp-json\/wp\/v2\/posts\/3972"}],"collection":[{"href":"https:\/\/www.italiaeconomiaonline.it\/web\/wp-json\/wp\/v2\/posts"}],"about":[{"href":"https:\/\/www.italiaeconomiaonline.it\/web\/wp-json\/wp\/v2\/types\/post"}],"author":[{"embeddable":true,"href":"https:\/\/www.italiaeconomiaonline.it\/web\/wp-json\/wp\/v2\/users\/1"}],"replies":[{"embeddable":true,"href":"https:\/\/www.italiaeconomiaonline.it\/web\/wp-json\/wp\/v2\/comments?post=3972"}],"version-history":[{"count":2,"href":"https:\/\/www.italiaeconomiaonline.it\/web\/wp-json\/wp\/v2\/posts\/3972\/revisions"}],"predecessor-version":[{"id":3976,"href":"https:\/\/www.italiaeconomiaonline.it\/web\/wp-json\/wp\/v2\/posts\/3972\/revisions\/3976"}],"wp:featuredmedia":[{"embeddable":true,"href":"https:\/\/www.italiaeconomiaonline.it\/web\/wp-json\/wp\/v2\/media\/21"}],"wp:attachment":[{"href":"https:\/\/www.italiaeconomiaonline.it\/web\/wp-json\/wp\/v2\/media?parent=3972"}],"wp:term":[{"taxonomy":"category","embeddable":true,"href":"https:\/\/www.italiaeconomiaonline.it\/web\/wp-json\/wp\/v2\/categories?post=3972"},{"taxonomy":"post_tag","embeddable":true,"href":"https:\/\/www.italiaeconomiaonline.it\/web\/wp-json\/wp\/v2\/tags?post=3972"}],"curies":[{"name":"wp","href":"https:\/\/api.w.org\/{rel}","templated":true}]}}