{"id":3980,"date":"2020-08-25T12:02:50","date_gmt":"2020-08-25T10:02:50","guid":{"rendered":"http:\/\/www.italiaeconomiaonline.it\/web\/?p=3980"},"modified":"2020-08-25T12:02:50","modified_gmt":"2020-08-25T10:02:50","slug":"gualtieri-la-commissione-ue-sostiene-le-politiche-dellitalia-per-il-lavoro-e-loccupazione","status":"publish","type":"post","link":"https:\/\/www.italiaeconomiaonline.it\/web\/gualtieri-la-commissione-ue-sostiene-le-politiche-dellitalia-per-il-lavoro-e-loccupazione\/","title":{"rendered":"Gualtieri: \u201cLa Commissione Ue sostiene le politiche dell\u2019Italia per il lavoro e l&#8217;occupazione&#8221;"},"content":{"rendered":"<div>\n<p><span class=\"dropcap dropcap3\">N<\/span><em>ell\u2019ambito del programma <abbr lang=\"en\" title=\"Support to mitigate Unemployment Risks in an Emergency\">Sure<\/abbr>, la Commissione Europea ha riconosciuto al nostro Paese 27,4 miliardi di euro, l\u2019importo maggiore fra quelli assegnati ai diversi Stati europei. <\/em><\/p>\n<p><em>La decisione di implementazione che \u00e8 stata approvata oggi, e che sar\u00e0 adottata a breve dal Consiglio, fa esplicito riferimento alle principali misure attuate dal Governo per sostenere il lavoro e l\u2019occupazione: dalla Cassa integrazione per tutti i lavoratori dipendenti alle indennit\u00e0 per i lavoratori autonomi di vario tipo, i collaboratori sportivi, i lavoratori domestici e quelli intermittenti, dal fondo perduto per autonomi e imprese individuali al congedo parentale, dal voucher baby sitter alle misure per i disabili, dal credito di imposta sanificazione a quello \u2018Adeguamento Covid\u2019<\/em>.<\/p>\n<p>\u00c8 un apprezzamento alle politiche messe in campo in questi mesi dal Governo per la salvaguardia dei livelli occupazionali, che sono state ritenute importanti e degne di essere pienamente sostenute, e un riconoscimento della scelta che abbiamo fatto di varare misure molto ampie che sono pressoch\u00e9 integralmente finanziate\u201d, ha dichiarato il ministro dell\u2019Economia e delle Finanze, <strong>Roberto Gualtieri.<\/strong><\/p>\n<p>\u201cGrazie a questo finanziamento, realizzato attraverso l\u2019emissione di titoli comuni europei, il risparmio per le casse dello Stato nell\u2019arco dei 15 anni di maturit\u00e0 pu\u00f2 essere stimato in oltre 5 miliardi e mezzo di euro. \u00c8 l\u2019Europa della solidariet\u00e0 e del lavoro che prende forma\u201d, ha aggiunto il ministro Gualtieri.<\/p>\n<\/div>\n","protected":false},"excerpt":{"rendered":"<p>Nell\u2019ambito del programma Sure, la Commissione Europea ha riconosciuto al nostro Paese 27,4 miliardi di euro, l\u2019importo maggiore fra quelli assegnati ai diversi Stati europei. La decisione di implementazione che \u00e8 stata approvata oggi, e che sar\u00e0 adottata a breve dal Consiglio, fa esplicito riferimento alle principali misure attuate dal Governo per sostenere il lavoro [&hellip;]<\/p>\n","protected":false},"author":1,"featured_media":2822,"comment_status":"closed","ping_status":"open","sticky":false,"template":"","format":"standard","meta":{"footnotes":""},"categories":[162],"tags":[219,115,1236,871],"yoast_head":"<!-- This site is optimized with the Yoast SEO plugin v22.2 - https:\/\/yoast.com\/wordpress\/plugins\/seo\/ -->\n<title>Gualtieri: \u201cLa Commissione Ue sostiene le politiche dell\u2019Italia per il lavoro e l&#039;occupazione&quot; -<\/title>\n<meta name=\"robots\" content=\"index, follow, max-snippet:-1, max-image-preview:large, max-video-preview:-1\" \/>\n<link rel=\"canonical\" href=\"https:\/\/www.italiaeconomiaonline.it\/web\/gualtieri-la-commissione-ue-sostiene-le-politiche-dellitalia-per-il-lavoro-e-loccupazione\/\" \/>\n<meta property=\"og:locale\" content=\"it_IT\" \/>\n<meta property=\"og:type\" content=\"article\" \/>\n<meta property=\"og:title\" content=\"Gualtieri: \u201cLa Commissione Ue sostiene le politiche dell\u2019Italia per il lavoro e l&#039;occupazione&quot; -\" \/>\n<meta property=\"og:description\" content=\"Nell\u2019ambito del programma Sure, la Commissione Europea ha riconosciuto al nostro Paese 27,4 miliardi di euro, l\u2019importo maggiore fra quelli assegnati ai diversi Stati europei. La decisione di implementazione che \u00e8 stata approvata oggi, e che sar\u00e0 adottata a breve dal Consiglio, fa esplicito riferimento alle principali misure attuate dal Governo per sostenere il lavoro [&hellip;]\" \/>\n<meta property=\"og:url\" content=\"https:\/\/www.italiaeconomiaonline.it\/web\/gualtieri-la-commissione-ue-sostiene-le-politiche-dellitalia-per-il-lavoro-e-loccupazione\/\" \/>\n<meta property=\"og:site_name\" content=\"ItaliaEconomiaOnline\" \/>\n<meta property=\"article:published_time\" content=\"2020-08-25T10:02:50+00:00\" \/>\n<meta property=\"og:image\" content=\"https:\/\/www.italiaeconomiaonline.it\/web\/wp-content\/uploads\/2020\/04\/gualtieri.jpg\" \/>\n\t<meta property=\"og:image:width\" content=\"650\" \/>\n\t<meta property=\"og:image:height\" content=\"350\" \/>\n\t<meta property=\"og:image:type\" content=\"image\/jpeg\" \/>\n<meta name=\"author\" content=\"ladyitaliaeconomia\" \/>\n<meta name=\"twitter:card\" content=\"summary_large_image\" \/>\n<meta name=\"twitter:label1\" content=\"Scritto da\" \/>\n\t<meta name=\"twitter:data1\" content=\"ladyitaliaeconomia\" \/>\n\t<meta name=\"twitter:label2\" content=\"Tempo di lettura stimato\" \/>\n\t<meta name=\"twitter:data2\" content=\"1 minuto\" \/>\n<script type=\"application\/ld+json\" class=\"yoast-schema-graph\">{\"@context\":\"https:\/\/schema.org\",\"@graph\":[{\"@type\":\"WebPage\",\"@id\":\"https:\/\/www.italiaeconomiaonline.it\/web\/gualtieri-la-commissione-ue-sostiene-le-politiche-dellitalia-per-il-lavoro-e-loccupazione\/\",\"url\":\"https:\/\/www.italiaeconomiaonline.it\/web\/gualtieri-la-commissione-ue-sostiene-le-politiche-dellitalia-per-il-lavoro-e-loccupazione\/\",\"name\":\"Gualtieri: \u201cLa Commissione Ue sostiene le politiche dell\u2019Italia per il lavoro e l'occupazione\\\" -\",\"isPartOf\":{\"@id\":\"https:\/\/www.italiaeconomiaonline.it\/web\/#website\"},\"primaryImageOfPage\":{\"@id\":\"https:\/\/www.italiaeconomiaonline.it\/web\/gualtieri-la-commissione-ue-sostiene-le-politiche-dellitalia-per-il-lavoro-e-loccupazione\/#primaryimage\"},\"image\":{\"@id\":\"https:\/\/www.italiaeconomiaonline.it\/web\/gualtieri-la-commissione-ue-sostiene-le-politiche-dellitalia-per-il-lavoro-e-loccupazione\/#primaryimage\"},\"thumbnailUrl\":\"https:\/\/www.italiaeconomiaonline.it\/web\/wp-content\/uploads\/2020\/04\/gualtieri.jpg\",\"datePublished\":\"2020-08-25T10:02:50+00:00\",\"dateModified\":\"2020-08-25T10:02:50+00:00\",\"author\":{\"@id\":\"https:\/\/www.italiaeconomiaonline.it\/web\/#\/schema\/person\/909a49cce752523b020fbc37d5ab1c31\"},\"breadcrumb\":{\"@id\":\"https:\/\/www.italiaeconomiaonline.it\/web\/gualtieri-la-commissione-ue-sostiene-le-politiche-dellitalia-per-il-lavoro-e-loccupazione\/#breadcrumb\"},\"inLanguage\":\"it-IT\",\"potentialAction\":[{\"@type\":\"ReadAction\",\"target\":[\"https:\/\/www.italiaeconomiaonline.it\/web\/gualtieri-la-commissione-ue-sostiene-le-politiche-dellitalia-per-il-lavoro-e-loccupazione\/\"]}]},{\"@type\":\"ImageObject\",\"inLanguage\":\"it-IT\",\"@id\":\"https:\/\/www.italiaeconomiaonline.it\/web\/gualtieri-la-commissione-ue-sostiene-le-politiche-dellitalia-per-il-lavoro-e-loccupazione\/#primaryimage\",\"url\":\"https:\/\/www.italiaeconomiaonline.it\/web\/wp-content\/uploads\/2020\/04\/gualtieri.jpg\",\"contentUrl\":\"https:\/\/www.italiaeconomiaonline.it\/web\/wp-content\/uploads\/2020\/04\/gualtieri.jpg\",\"width\":650,\"height\":350,\"caption\":\"Roberto Gualtieri\"},{\"@type\":\"BreadcrumbList\",\"@id\":\"https:\/\/www.italiaeconomiaonline.it\/web\/gualtieri-la-commissione-ue-sostiene-le-politiche-dellitalia-per-il-lavoro-e-loccupazione\/#breadcrumb\",\"itemListElement\":[{\"@type\":\"ListItem\",\"position\":1,\"name\":\"Home\",\"item\":\"https:\/\/www.italiaeconomiaonline.it\/web\/\"},{\"@type\":\"ListItem\",\"position\":2,\"name\":\"Gualtieri: \u201cLa Commissione Ue sostiene le politiche dell\u2019Italia per il lavoro e l&#8217;occupazione&#8221;\"}]},{\"@type\":\"WebSite\",\"@id\":\"https:\/\/www.italiaeconomiaonline.it\/web\/#website\",\"url\":\"https:\/\/www.italiaeconomiaonline.it\/web\/\",\"name\":\"ItaliaEconomiaOnline\",\"description\":\"Quotidiano Economico Online\",\"potentialAction\":[{\"@type\":\"SearchAction\",\"target\":{\"@type\":\"EntryPoint\",\"urlTemplate\":\"https:\/\/www.italiaeconomiaonline.it\/web\/?s={search_term_string}\"},\"query-input\":\"required name=search_term_string\"}],\"inLanguage\":\"it-IT\"},{\"@type\":\"Person\",\"@id\":\"https:\/\/www.italiaeconomiaonline.it\/web\/#\/schema\/person\/909a49cce752523b020fbc37d5ab1c31\",\"name\":\"ladyitaliaeconomia\",\"image\":{\"@type\":\"ImageObject\",\"inLanguage\":\"it-IT\",\"@id\":\"https:\/\/www.italiaeconomiaonline.it\/web\/#\/schema\/person\/image\/\",\"url\":\"https:\/\/secure.gravatar.com\/avatar\/cedca10ce7416a579b9fa6bce9c0a8f2?s=96&d=mm&r=g\",\"contentUrl\":\"https:\/\/secure.gravatar.com\/avatar\/cedca10ce7416a579b9fa6bce9c0a8f2?s=96&d=mm&r=g\",\"caption\":\"ladyitaliaeconomia\"},\"url\":\"https:\/\/www.italiaeconomiaonline.it\/web\/author\/ladyitaliaeconomia\/\"}]}<\/script>\n<!-- \/ Yoast SEO plugin. -->","yoast_head_json":{"title":"Gualtieri: \u201cLa Commissione Ue sostiene le politiche dell\u2019Italia per il lavoro e l'occupazione\" -","robots":{"index":"index","follow":"follow","max-snippet":"max-snippet:-1","max-image-preview":"max-image-preview:large","max-video-preview":"max-video-preview:-1"},"canonical":"https:\/\/www.italiaeconomiaonline.it\/web\/gualtieri-la-commissione-ue-sostiene-le-politiche-dellitalia-per-il-lavoro-e-loccupazione\/","og_locale":"it_IT","og_type":"article","og_title":"Gualtieri: \u201cLa Commissione Ue sostiene le politiche dell\u2019Italia per il lavoro e l'occupazione\" -","og_description":"Nell\u2019ambito del programma Sure, la Commissione Europea ha riconosciuto al nostro Paese 27,4 miliardi di euro, l\u2019importo maggiore fra quelli assegnati ai diversi Stati europei. La decisione di implementazione che \u00e8 stata approvata oggi, e che sar\u00e0 adottata a breve dal Consiglio, fa esplicito riferimento alle principali misure attuate dal Governo per sostenere il lavoro [&hellip;]","og_url":"https:\/\/www.italiaeconomiaonline.it\/web\/gualtieri-la-commissione-ue-sostiene-le-politiche-dellitalia-per-il-lavoro-e-loccupazione\/","og_site_name":"ItaliaEconomiaOnline","article_published_time":"2020-08-25T10:02:50+00:00","og_image":[{"width":650,"height":350,"url":"https:\/\/www.italiaeconomiaonline.it\/web\/wp-content\/uploads\/2020\/04\/gualtieri.jpg","type":"image\/jpeg"}],"author":"ladyitaliaeconomia","twitter_card":"summary_large_image","twitter_misc":{"Scritto da":"ladyitaliaeconomia","Tempo di lettura stimato":"1 minuto"},"schema":{"@context":"https:\/\/schema.org","@graph":[{"@type":"WebPage","@id":"https:\/\/www.italiaeconomiaonline.it\/web\/gualtieri-la-commissione-ue-sostiene-le-politiche-dellitalia-per-il-lavoro-e-loccupazione\/","url":"https:\/\/www.italiaeconomiaonline.it\/web\/gualtieri-la-commissione-ue-sostiene-le-politiche-dellitalia-per-il-lavoro-e-loccupazione\/","name":"Gualtieri: \u201cLa Commissione Ue sostiene le politiche dell\u2019Italia per il lavoro e l'occupazione\" -","isPartOf":{"@id":"https:\/\/www.italiaeconomiaonline.it\/web\/#website"},"primaryImageOfPage":{"@id":"https:\/\/www.italiaeconomiaonline.it\/web\/gualtieri-la-commissione-ue-sostiene-le-politiche-dellitalia-per-il-lavoro-e-loccupazione\/#primaryimage"},"image":{"@id":"https:\/\/www.italiaeconomiaonline.it\/web\/gualtieri-la-commissione-ue-sostiene-le-politiche-dellitalia-per-il-lavoro-e-loccupazione\/#primaryimage"},"thumbnailUrl":"https:\/\/www.italiaeconomiaonline.it\/web\/wp-content\/uploads\/2020\/04\/gualtieri.jpg","datePublished":"2020-08-25T10:02:50+00:00","dateModified":"2020-08-25T10:02:50+00:00","author":{"@id":"https:\/\/www.italiaeconomiaonline.it\/web\/#\/schema\/person\/909a49cce752523b020fbc37d5ab1c31"},"breadcrumb":{"@id":"https:\/\/www.italiaeconomiaonline.it\/web\/gualtieri-la-commissione-ue-sostiene-le-politiche-dellitalia-per-il-lavoro-e-loccupazione\/#breadcrumb"},"inLanguage":"it-IT","potentialAction":[{"@type":"ReadAction","target":["https:\/\/www.italiaeconomiaonline.it\/web\/gualtieri-la-commissione-ue-sostiene-le-politiche-dellitalia-per-il-lavoro-e-loccupazione\/"]}]},{"@type":"ImageObject","inLanguage":"it-IT","@id":"https:\/\/www.italiaeconomiaonline.it\/web\/gualtieri-la-commissione-ue-sostiene-le-politiche-dellitalia-per-il-lavoro-e-loccupazione\/#primaryimage","url":"https:\/\/www.italiaeconomiaonline.it\/web\/wp-content\/uploads\/2020\/04\/gualtieri.jpg","contentUrl":"https:\/\/www.italiaeconomiaonline.it\/web\/wp-content\/uploads\/2020\/04\/gualtieri.jpg","width":650,"height":350,"caption":"Roberto Gualtieri"},{"@type":"BreadcrumbList","@id":"https:\/\/www.italiaeconomiaonline.it\/web\/gualtieri-la-commissione-ue-sostiene-le-politiche-dellitalia-per-il-lavoro-e-loccupazione\/#breadcrumb","itemListElement":[{"@type":"ListItem","position":1,"name":"Home","item":"https:\/\/www.italiaeconomiaonline.it\/web\/"},{"@type":"ListItem","position":2,"name":"Gualtieri: \u201cLa Commissione Ue sostiene le politiche dell\u2019Italia per il lavoro e l&#8217;occupazione&#8221;"}]},{"@type":"WebSite","@id":"https:\/\/www.italiaeconomiaonline.it\/web\/#website","url":"https:\/\/www.italiaeconomiaonline.it\/web\/","name":"ItaliaEconomiaOnline","description":"Quotidiano Economico Online","potentialAction":[{"@type":"SearchAction","target":{"@type":"EntryPoint","urlTemplate":"https:\/\/www.italiaeconomiaonline.it\/web\/?s={search_term_string}"},"query-input":"required name=search_term_string"}],"inLanguage":"it-IT"},{"@type":"Person","@id":"https:\/\/www.italiaeconomiaonline.it\/web\/#\/schema\/person\/909a49cce752523b020fbc37d5ab1c31","name":"ladyitaliaeconomia","image":{"@type":"ImageObject","inLanguage":"it-IT","@id":"https:\/\/www.italiaeconomiaonline.it\/web\/#\/schema\/person\/image\/","url":"https:\/\/secure.gravatar.com\/avatar\/cedca10ce7416a579b9fa6bce9c0a8f2?s=96&d=mm&r=g","contentUrl":"https:\/\/secure.gravatar.com\/avatar\/cedca10ce7416a579b9fa6bce9c0a8f2?s=96&d=mm&r=g","caption":"ladyitaliaeconomia"},"url":"https:\/\/www.italiaeconomiaonline.it\/web\/author\/ladyitaliaeconomia\/"}]}},"_links":{"self":[{"href":"https:\/\/www.italiaeconomiaonline.it\/web\/wp-json\/wp\/v2\/posts\/3980"}],"collection":[{"href":"https:\/\/www.italiaeconomiaonline.it\/web\/wp-json\/wp\/v2\/posts"}],"about":[{"href":"https:\/\/www.italiaeconomiaonline.it\/web\/wp-json\/wp\/v2\/types\/post"}],"author":[{"embeddable":true,"href":"https:\/\/www.italiaeconomiaonline.it\/web\/wp-json\/wp\/v2\/users\/1"}],"replies":[{"embeddable":true,"href":"https:\/\/www.italiaeconomiaonline.it\/web\/wp-json\/wp\/v2\/comments?post=3980"}],"version-history":[{"count":1,"href":"https:\/\/www.italiaeconomiaonline.it\/web\/wp-json\/wp\/v2\/posts\/3980\/revisions"}],"predecessor-version":[{"id":3981,"href":"https:\/\/www.italiaeconomiaonline.it\/web\/wp-json\/wp\/v2\/posts\/3980\/revisions\/3981"}],"wp:featuredmedia":[{"embeddable":true,"href":"https:\/\/www.italiaeconomiaonline.it\/web\/wp-json\/wp\/v2\/media\/2822"}],"wp:attachment":[{"href":"https:\/\/www.italiaeconomiaonline.it\/web\/wp-json\/wp\/v2\/media?parent=3980"}],"wp:term":[{"taxonomy":"category","embeddable":true,"href":"https:\/\/www.italiaeconomiaonline.it\/web\/wp-json\/wp\/v2\/categories?post=3980"},{"taxonomy":"post_tag","embeddable":true,"href":"https:\/\/www.italiaeconomiaonline.it\/web\/wp-json\/wp\/v2\/tags?post=3980"}],"curies":[{"name":"wp","href":"https:\/\/api.w.org\/{rel}","templated":true}]}}