{"id":3988,"date":"2020-08-25T15:05:04","date_gmt":"2020-08-25T13:05:04","guid":{"rendered":"http:\/\/www.italiaeconomiaonline.it\/web\/?p=3988"},"modified":"2020-08-25T15:15:15","modified_gmt":"2020-08-25T13:15:15","slug":"fase-3-confesercenti-scongiuriamo-autunno-nero-nel-commercio-e-nel-turismo-a-rischio-chiusura-90mila-imprese","status":"publish","type":"post","link":"https:\/\/www.italiaeconomiaonline.it\/web\/fase-3-confesercenti-scongiuriamo-autunno-nero-nel-commercio-e-nel-turismo-a-rischio-chiusura-90mila-imprese\/","title":{"rendered":"Fase 3, Confesercenti: scongiuriamo autunno nero, nel commercio e nel turismo a rischio chiusura 90mila imprese"},"content":{"rendered":"<div id=\"short_preview171555\" class=\"view_shortHeader\">\n<div class=\"subject\">\n<div class=\"paperclip\">\n<div id=\"short_preview171555\" class=\"view_shortHeader\">\n<div class=\"subject\">\n<div class=\"paperclip\">\n<p><span class=\"dropcap dropcap3\">N<\/span>el commercio e nel turismo ci sono circa 90mila imprese pronte a chiudere per sempre i battenti gi\u00e0 da questo autunno, anche al netto di nuovi lockdown. Un colpo senza precedenti al lavoro autonomo, che avr\u00e0 conseguenze anche sul lavoro dipendente: tra le attivit\u00e0 che proveranno a resistere, infatti, quattro su dieci segnalano la necessit\u00e0 di ridurre il personale.<\/p>\n<p>A lanciare l\u2019allarme \u00e8 Confesercenti, sulla base di un sondaggio condotto tra le imprese con SWG.<\/p>\n<p>\u201cLa possibilit\u00e0 di un autunno nero, sul fronte del lavoro autonomo e dipendente, \u00e8 sempre pi\u00f9 concreta. Il timore di nuovi blocchi dell&#8217;attivit\u00e0, a seguito dell&#8217;incremento di contagi, aumenta ancora di pi\u00f9 l\u2019incertezza degli operatori economici. Molte imprese, travolte dall\u2019anno pi\u00f9 difficile di sempre ed impossibilitate a ristrutturare l\u2019attivit\u00e0 a causa del blocco dei licenziamenti, non vedono altra via d&#8217;uscita che chiudere. Una prospettiva che dobbiamo assolutamente scongiurare\u201d, spiega <strong>Patrizia De Luise<\/strong>, Presidente Confesercenti.<\/p>\n<p>\u201cServe uno scatto in avanti. I provvedimenti presi fino ad ora hanno aiutato ad attutire il colpo, ma serve una diversa prospettiva: dobbiamo passare da un\u2019ottica di emergenza ad una di rilancio. Abbiamo bisogno di una grande accordo tra governo e parti sociali, in primo luogo associazioni datoriali, per mettere urgentemente in campo le due riforme che il nostro paese ha sempre rimandato, e che oggi sono necessarie pi\u00f9 che mai: quella del sistema fiscale e quella del lavoro. Il governo \u00e8 impegnato sulla prima: bene, ma non basta pensare a recuperare l&#8217;evasione. Serve un sistema impositivo pi\u00f9 leggero e flessibile, per accompagnare una crisi che si preannuncia diversa da tutte le precedenti&#8221;.<\/p>\n<p>&#8220;Anche sul lavoro &#8211; continua De Luise &#8211; occorre intervenire al pi\u00f9 presto: impedire semplicemente i licenziamenti non risolver\u00e0 il problema, anzi. Le imprese hanno bisogno di ristrutturarsi per rispondere all\u2019emergenza: in questo quadro, cristallizzare attivit\u00e0 che non funzionano pi\u00f9 rischia solamente di peggiorare una situazione gi\u00e0 esplosiva. Il lavoro va tutelato tutto, non solo quello dipendente. La conversione del DL Agosto \u00e8 la prima occasione utile per dare risposte a chi fino ad ora non le ha avute: non manchiamola&#8221;.<\/p>\n<p>&nbsp;<\/p>\n<\/div>\n<\/div>\n<\/div>\n<\/div>\n<\/div>\n<\/div>\n","protected":false},"excerpt":{"rendered":"<p>Nel commercio e nel turismo ci sono circa 90mila imprese pronte a chiudere per sempre i battenti gi\u00e0 da questo autunno, anche al netto di nuovi lockdown. Un colpo senza precedenti al lavoro autonomo, che avr\u00e0 conseguenze anche sul lavoro dipendente: tra le attivit\u00e0 che proveranno a resistere, infatti, quattro su dieci segnalano la necessit\u00e0 [&hellip;]<\/p>\n","protected":false},"author":1,"featured_media":3448,"comment_status":"closed","ping_status":"open","sticky":false,"template":"","format":"standard","meta":{"footnotes":""},"categories":[56],"tags":[],"yoast_head":"<!-- This site is optimized with the Yoast SEO plugin v22.2 - https:\/\/yoast.com\/wordpress\/plugins\/seo\/ -->\n<title>Fase 3, Confesercenti: scongiuriamo autunno nero, nel commercio e nel turismo a rischio chiusura 90mila imprese -<\/title>\n<meta name=\"robots\" content=\"index, follow, max-snippet:-1, max-image-preview:large, max-video-preview:-1\" \/>\n<link rel=\"canonical\" href=\"https:\/\/www.italiaeconomiaonline.it\/web\/fase-3-confesercenti-scongiuriamo-autunno-nero-nel-commercio-e-nel-turismo-a-rischio-chiusura-90mila-imprese\/\" \/>\n<meta property=\"og:locale\" content=\"it_IT\" \/>\n<meta property=\"og:type\" content=\"article\" \/>\n<meta property=\"og:title\" content=\"Fase 3, Confesercenti: scongiuriamo autunno nero, nel commercio e nel turismo a rischio chiusura 90mila imprese -\" \/>\n<meta property=\"og:description\" content=\"Nel commercio e nel turismo ci sono circa 90mila imprese pronte a chiudere per sempre i battenti gi\u00e0 da questo autunno, anche al netto di nuovi lockdown. Un colpo senza precedenti al lavoro autonomo, che avr\u00e0 conseguenze anche sul lavoro dipendente: tra le attivit\u00e0 che proveranno a resistere, infatti, quattro su dieci segnalano la necessit\u00e0 [&hellip;]\" \/>\n<meta property=\"og:url\" content=\"https:\/\/www.italiaeconomiaonline.it\/web\/fase-3-confesercenti-scongiuriamo-autunno-nero-nel-commercio-e-nel-turismo-a-rischio-chiusura-90mila-imprese\/\" \/>\n<meta property=\"og:site_name\" content=\"ItaliaEconomiaOnline\" \/>\n<meta property=\"article:published_time\" content=\"2020-08-25T13:05:04+00:00\" \/>\n<meta property=\"article:modified_time\" content=\"2020-08-25T13:15:15+00:00\" \/>\n<meta property=\"og:image\" content=\"https:\/\/www.italiaeconomiaonline.it\/web\/wp-content\/uploads\/2020\/06\/Schermata-2020-06-22-alle-15.43.54.png\" \/>\n\t<meta property=\"og:image:width\" content=\"1170\" \/>\n\t<meta property=\"og:image:height\" content=\"760\" \/>\n\t<meta property=\"og:image:type\" content=\"image\/png\" \/>\n<meta name=\"author\" content=\"ladyitaliaeconomia\" \/>\n<meta name=\"twitter:card\" content=\"summary_large_image\" \/>\n<meta name=\"twitter:label1\" content=\"Scritto da\" \/>\n\t<meta name=\"twitter:data1\" content=\"ladyitaliaeconomia\" \/>\n\t<meta name=\"twitter:label2\" content=\"Tempo di lettura stimato\" \/>\n\t<meta name=\"twitter:data2\" content=\"2 minuti\" \/>\n<script type=\"application\/ld+json\" class=\"yoast-schema-graph\">{\"@context\":\"https:\/\/schema.org\",\"@graph\":[{\"@type\":\"WebPage\",\"@id\":\"https:\/\/www.italiaeconomiaonline.it\/web\/fase-3-confesercenti-scongiuriamo-autunno-nero-nel-commercio-e-nel-turismo-a-rischio-chiusura-90mila-imprese\/\",\"url\":\"https:\/\/www.italiaeconomiaonline.it\/web\/fase-3-confesercenti-scongiuriamo-autunno-nero-nel-commercio-e-nel-turismo-a-rischio-chiusura-90mila-imprese\/\",\"name\":\"Fase 3, Confesercenti: scongiuriamo autunno nero, nel commercio e nel turismo a rischio chiusura 90mila imprese -\",\"isPartOf\":{\"@id\":\"https:\/\/www.italiaeconomiaonline.it\/web\/#website\"},\"primaryImageOfPage\":{\"@id\":\"https:\/\/www.italiaeconomiaonline.it\/web\/fase-3-confesercenti-scongiuriamo-autunno-nero-nel-commercio-e-nel-turismo-a-rischio-chiusura-90mila-imprese\/#primaryimage\"},\"image\":{\"@id\":\"https:\/\/www.italiaeconomiaonline.it\/web\/fase-3-confesercenti-scongiuriamo-autunno-nero-nel-commercio-e-nel-turismo-a-rischio-chiusura-90mila-imprese\/#primaryimage\"},\"thumbnailUrl\":\"https:\/\/www.italiaeconomiaonline.it\/web\/wp-content\/uploads\/2020\/06\/Schermata-2020-06-22-alle-15.43.54.png\",\"datePublished\":\"2020-08-25T13:05:04+00:00\",\"dateModified\":\"2020-08-25T13:15:15+00:00\",\"author\":{\"@id\":\"https:\/\/www.italiaeconomiaonline.it\/web\/#\/schema\/person\/909a49cce752523b020fbc37d5ab1c31\"},\"breadcrumb\":{\"@id\":\"https:\/\/www.italiaeconomiaonline.it\/web\/fase-3-confesercenti-scongiuriamo-autunno-nero-nel-commercio-e-nel-turismo-a-rischio-chiusura-90mila-imprese\/#breadcrumb\"},\"inLanguage\":\"it-IT\",\"potentialAction\":[{\"@type\":\"ReadAction\",\"target\":[\"https:\/\/www.italiaeconomiaonline.it\/web\/fase-3-confesercenti-scongiuriamo-autunno-nero-nel-commercio-e-nel-turismo-a-rischio-chiusura-90mila-imprese\/\"]}]},{\"@type\":\"ImageObject\",\"inLanguage\":\"it-IT\",\"@id\":\"https:\/\/www.italiaeconomiaonline.it\/web\/fase-3-confesercenti-scongiuriamo-autunno-nero-nel-commercio-e-nel-turismo-a-rischio-chiusura-90mila-imprese\/#primaryimage\",\"url\":\"https:\/\/www.italiaeconomiaonline.it\/web\/wp-content\/uploads\/2020\/06\/Schermata-2020-06-22-alle-15.43.54.png\",\"contentUrl\":\"https:\/\/www.italiaeconomiaonline.it\/web\/wp-content\/uploads\/2020\/06\/Schermata-2020-06-22-alle-15.43.54.png\",\"width\":1170,\"height\":760},{\"@type\":\"BreadcrumbList\",\"@id\":\"https:\/\/www.italiaeconomiaonline.it\/web\/fase-3-confesercenti-scongiuriamo-autunno-nero-nel-commercio-e-nel-turismo-a-rischio-chiusura-90mila-imprese\/#breadcrumb\",\"itemListElement\":[{\"@type\":\"ListItem\",\"position\":1,\"name\":\"Home\",\"item\":\"https:\/\/www.italiaeconomiaonline.it\/web\/\"},{\"@type\":\"ListItem\",\"position\":2,\"name\":\"Fase 3, Confesercenti: scongiuriamo autunno nero, nel commercio e nel turismo a rischio chiusura 90mila imprese\"}]},{\"@type\":\"WebSite\",\"@id\":\"https:\/\/www.italiaeconomiaonline.it\/web\/#website\",\"url\":\"https:\/\/www.italiaeconomiaonline.it\/web\/\",\"name\":\"ItaliaEconomiaOnline\",\"description\":\"Quotidiano Economico Online\",\"potentialAction\":[{\"@type\":\"SearchAction\",\"target\":{\"@type\":\"EntryPoint\",\"urlTemplate\":\"https:\/\/www.italiaeconomiaonline.it\/web\/?s={search_term_string}\"},\"query-input\":\"required name=search_term_string\"}],\"inLanguage\":\"it-IT\"},{\"@type\":\"Person\",\"@id\":\"https:\/\/www.italiaeconomiaonline.it\/web\/#\/schema\/person\/909a49cce752523b020fbc37d5ab1c31\",\"name\":\"ladyitaliaeconomia\",\"image\":{\"@type\":\"ImageObject\",\"inLanguage\":\"it-IT\",\"@id\":\"https:\/\/www.italiaeconomiaonline.it\/web\/#\/schema\/person\/image\/\",\"url\":\"https:\/\/secure.gravatar.com\/avatar\/cedca10ce7416a579b9fa6bce9c0a8f2?s=96&d=mm&r=g\",\"contentUrl\":\"https:\/\/secure.gravatar.com\/avatar\/cedca10ce7416a579b9fa6bce9c0a8f2?s=96&d=mm&r=g\",\"caption\":\"ladyitaliaeconomia\"},\"url\":\"https:\/\/www.italiaeconomiaonline.it\/web\/author\/ladyitaliaeconomia\/\"}]}<\/script>\n<!-- \/ Yoast SEO plugin. -->","yoast_head_json":{"title":"Fase 3, Confesercenti: scongiuriamo autunno nero, nel commercio e nel turismo a rischio chiusura 90mila imprese -","robots":{"index":"index","follow":"follow","max-snippet":"max-snippet:-1","max-image-preview":"max-image-preview:large","max-video-preview":"max-video-preview:-1"},"canonical":"https:\/\/www.italiaeconomiaonline.it\/web\/fase-3-confesercenti-scongiuriamo-autunno-nero-nel-commercio-e-nel-turismo-a-rischio-chiusura-90mila-imprese\/","og_locale":"it_IT","og_type":"article","og_title":"Fase 3, Confesercenti: scongiuriamo autunno nero, nel commercio e nel turismo a rischio chiusura 90mila imprese -","og_description":"Nel commercio e nel turismo ci sono circa 90mila imprese pronte a chiudere per sempre i battenti gi\u00e0 da questo autunno, anche al netto di nuovi lockdown. Un colpo senza precedenti al lavoro autonomo, che avr\u00e0 conseguenze anche sul lavoro dipendente: tra le attivit\u00e0 che proveranno a resistere, infatti, quattro su dieci segnalano la necessit\u00e0 [&hellip;]","og_url":"https:\/\/www.italiaeconomiaonline.it\/web\/fase-3-confesercenti-scongiuriamo-autunno-nero-nel-commercio-e-nel-turismo-a-rischio-chiusura-90mila-imprese\/","og_site_name":"ItaliaEconomiaOnline","article_published_time":"2020-08-25T13:05:04+00:00","article_modified_time":"2020-08-25T13:15:15+00:00","og_image":[{"width":1170,"height":760,"url":"https:\/\/www.italiaeconomiaonline.it\/web\/wp-content\/uploads\/2020\/06\/Schermata-2020-06-22-alle-15.43.54.png","type":"image\/png"}],"author":"ladyitaliaeconomia","twitter_card":"summary_large_image","twitter_misc":{"Scritto da":"ladyitaliaeconomia","Tempo di lettura stimato":"2 minuti"},"schema":{"@context":"https:\/\/schema.org","@graph":[{"@type":"WebPage","@id":"https:\/\/www.italiaeconomiaonline.it\/web\/fase-3-confesercenti-scongiuriamo-autunno-nero-nel-commercio-e-nel-turismo-a-rischio-chiusura-90mila-imprese\/","url":"https:\/\/www.italiaeconomiaonline.it\/web\/fase-3-confesercenti-scongiuriamo-autunno-nero-nel-commercio-e-nel-turismo-a-rischio-chiusura-90mila-imprese\/","name":"Fase 3, Confesercenti: scongiuriamo autunno nero, nel commercio e nel turismo a rischio chiusura 90mila imprese -","isPartOf":{"@id":"https:\/\/www.italiaeconomiaonline.it\/web\/#website"},"primaryImageOfPage":{"@id":"https:\/\/www.italiaeconomiaonline.it\/web\/fase-3-confesercenti-scongiuriamo-autunno-nero-nel-commercio-e-nel-turismo-a-rischio-chiusura-90mila-imprese\/#primaryimage"},"image":{"@id":"https:\/\/www.italiaeconomiaonline.it\/web\/fase-3-confesercenti-scongiuriamo-autunno-nero-nel-commercio-e-nel-turismo-a-rischio-chiusura-90mila-imprese\/#primaryimage"},"thumbnailUrl":"https:\/\/www.italiaeconomiaonline.it\/web\/wp-content\/uploads\/2020\/06\/Schermata-2020-06-22-alle-15.43.54.png","datePublished":"2020-08-25T13:05:04+00:00","dateModified":"2020-08-25T13:15:15+00:00","author":{"@id":"https:\/\/www.italiaeconomiaonline.it\/web\/#\/schema\/person\/909a49cce752523b020fbc37d5ab1c31"},"breadcrumb":{"@id":"https:\/\/www.italiaeconomiaonline.it\/web\/fase-3-confesercenti-scongiuriamo-autunno-nero-nel-commercio-e-nel-turismo-a-rischio-chiusura-90mila-imprese\/#breadcrumb"},"inLanguage":"it-IT","potentialAction":[{"@type":"ReadAction","target":["https:\/\/www.italiaeconomiaonline.it\/web\/fase-3-confesercenti-scongiuriamo-autunno-nero-nel-commercio-e-nel-turismo-a-rischio-chiusura-90mila-imprese\/"]}]},{"@type":"ImageObject","inLanguage":"it-IT","@id":"https:\/\/www.italiaeconomiaonline.it\/web\/fase-3-confesercenti-scongiuriamo-autunno-nero-nel-commercio-e-nel-turismo-a-rischio-chiusura-90mila-imprese\/#primaryimage","url":"https:\/\/www.italiaeconomiaonline.it\/web\/wp-content\/uploads\/2020\/06\/Schermata-2020-06-22-alle-15.43.54.png","contentUrl":"https:\/\/www.italiaeconomiaonline.it\/web\/wp-content\/uploads\/2020\/06\/Schermata-2020-06-22-alle-15.43.54.png","width":1170,"height":760},{"@type":"BreadcrumbList","@id":"https:\/\/www.italiaeconomiaonline.it\/web\/fase-3-confesercenti-scongiuriamo-autunno-nero-nel-commercio-e-nel-turismo-a-rischio-chiusura-90mila-imprese\/#breadcrumb","itemListElement":[{"@type":"ListItem","position":1,"name":"Home","item":"https:\/\/www.italiaeconomiaonline.it\/web\/"},{"@type":"ListItem","position":2,"name":"Fase 3, Confesercenti: scongiuriamo autunno nero, nel commercio e nel turismo a rischio chiusura 90mila imprese"}]},{"@type":"WebSite","@id":"https:\/\/www.italiaeconomiaonline.it\/web\/#website","url":"https:\/\/www.italiaeconomiaonline.it\/web\/","name":"ItaliaEconomiaOnline","description":"Quotidiano Economico Online","potentialAction":[{"@type":"SearchAction","target":{"@type":"EntryPoint","urlTemplate":"https:\/\/www.italiaeconomiaonline.it\/web\/?s={search_term_string}"},"query-input":"required name=search_term_string"}],"inLanguage":"it-IT"},{"@type":"Person","@id":"https:\/\/www.italiaeconomiaonline.it\/web\/#\/schema\/person\/909a49cce752523b020fbc37d5ab1c31","name":"ladyitaliaeconomia","image":{"@type":"ImageObject","inLanguage":"it-IT","@id":"https:\/\/www.italiaeconomiaonline.it\/web\/#\/schema\/person\/image\/","url":"https:\/\/secure.gravatar.com\/avatar\/cedca10ce7416a579b9fa6bce9c0a8f2?s=96&d=mm&r=g","contentUrl":"https:\/\/secure.gravatar.com\/avatar\/cedca10ce7416a579b9fa6bce9c0a8f2?s=96&d=mm&r=g","caption":"ladyitaliaeconomia"},"url":"https:\/\/www.italiaeconomiaonline.it\/web\/author\/ladyitaliaeconomia\/"}]}},"_links":{"self":[{"href":"https:\/\/www.italiaeconomiaonline.it\/web\/wp-json\/wp\/v2\/posts\/3988"}],"collection":[{"href":"https:\/\/www.italiaeconomiaonline.it\/web\/wp-json\/wp\/v2\/posts"}],"about":[{"href":"https:\/\/www.italiaeconomiaonline.it\/web\/wp-json\/wp\/v2\/types\/post"}],"author":[{"embeddable":true,"href":"https:\/\/www.italiaeconomiaonline.it\/web\/wp-json\/wp\/v2\/users\/1"}],"replies":[{"embeddable":true,"href":"https:\/\/www.italiaeconomiaonline.it\/web\/wp-json\/wp\/v2\/comments?post=3988"}],"version-history":[{"count":2,"href":"https:\/\/www.italiaeconomiaonline.it\/web\/wp-json\/wp\/v2\/posts\/3988\/revisions"}],"predecessor-version":[{"id":3990,"href":"https:\/\/www.italiaeconomiaonline.it\/web\/wp-json\/wp\/v2\/posts\/3988\/revisions\/3990"}],"wp:featuredmedia":[{"embeddable":true,"href":"https:\/\/www.italiaeconomiaonline.it\/web\/wp-json\/wp\/v2\/media\/3448"}],"wp:attachment":[{"href":"https:\/\/www.italiaeconomiaonline.it\/web\/wp-json\/wp\/v2\/media?parent=3988"}],"wp:term":[{"taxonomy":"category","embeddable":true,"href":"https:\/\/www.italiaeconomiaonline.it\/web\/wp-json\/wp\/v2\/categories?post=3988"},{"taxonomy":"post_tag","embeddable":true,"href":"https:\/\/www.italiaeconomiaonline.it\/web\/wp-json\/wp\/v2\/tags?post=3988"}],"curies":[{"name":"wp","href":"https:\/\/api.w.org\/{rel}","templated":true}]}}