{"id":3991,"date":"2020-08-25T15:11:29","date_gmt":"2020-08-25T13:11:29","guid":{"rendered":"http:\/\/www.italiaeconomiaonline.it\/web\/?p=3991"},"modified":"2020-08-25T15:11:29","modified_gmt":"2020-08-25T13:11:29","slug":"ferrarini-confagricoltura-auspica-soluzione-lungimirante-per-impresa-e-territorio","status":"publish","type":"post","link":"https:\/\/www.italiaeconomiaonline.it\/web\/ferrarini-confagricoltura-auspica-soluzione-lungimirante-per-impresa-e-territorio\/","title":{"rendered":"Ferrarini, Confagricoltura: auspica soluzione lungimirante per impresa e territorio"},"content":{"rendered":"<p><span class=\"dropcap dropcap3\">C<\/span>i aspettiamo una soluzione capace di dare una solida prospettiva alla Ferrarini in una fase cos\u00ec delicata sia per la realt\u00e0 agroindustriale, sia per ci\u00f2 che rappresenta per il territorio e l\u2019intero comparto suinicolo italiano\u201d.<\/p>\n<p>Cos\u00ec il presidente di Confagricoltura, <strong>Massimiliano Giansanti<\/strong>, sulle operazioni in corso per il salvataggio dell\u2019azienda di Reggio Emilia nata negli anni Cinquanta e diventata nel tempo leader nella produzione di prosciutti italiani.<\/p>\n<p>\u201cIn un momento difficile acuito dall\u2019emergenza Covid, &#8211; aggiunge &#8211; \u00e8 indispensabile valutare con attenzione tutte le componenti: quelle che riguardano l\u2019impresa e il suo know-how di produzione e trasformazione, e quelle commerciali, necessarie a dare prospettive di mercato solide e durature a una realt\u00e0 rappresentativa e riconosciuta del Made in Italy agroalimentare\u201d.<\/p>\n<p>\u201cLa soluzione adottata &#8211; evidenzia il presidente di Confagricoltura \u2013 dovr\u00e0 mirare inoltre alla salvaguardia degli aspetti occupazionali per garantire economia e stabilit\u00e0 al territorio. Un esito positivo della vicenda &#8211; conclude Giansanti &#8211; sarebbe una risposta importante a beneficio non soltanto della zona di produzione e trasformazione, ma anche del mondo agricolo italiano, in particolare quello suinicolo\u201d.<\/p>\n<p>&nbsp;<\/p>\n","protected":false},"excerpt":{"rendered":"<p>Ci aspettiamo una soluzione capace di dare una solida prospettiva alla Ferrarini in una fase cos\u00ec delicata sia per la realt\u00e0 agroindustriale, sia per ci\u00f2 che rappresenta per il territorio e l\u2019intero comparto suinicolo italiano\u201d. Cos\u00ec il presidente di Confagricoltura, Massimiliano Giansanti, sulle operazioni in corso per il salvataggio dell\u2019azienda di Reggio Emilia nata negli [&hellip;]<\/p>\n","protected":false},"author":1,"featured_media":177,"comment_status":"closed","ping_status":"open","sticky":false,"template":"","format":"standard","meta":{"footnotes":""},"categories":[17],"tags":[20,1238],"yoast_head":"<!-- This site is optimized with the Yoast SEO plugin v22.2 - https:\/\/yoast.com\/wordpress\/plugins\/seo\/ -->\n<title>Ferrarini, Confagricoltura: auspica soluzione lungimirante per impresa e territorio -<\/title>\n<meta name=\"robots\" content=\"index, follow, max-snippet:-1, max-image-preview:large, max-video-preview:-1\" \/>\n<link rel=\"canonical\" href=\"https:\/\/www.italiaeconomiaonline.it\/web\/ferrarini-confagricoltura-auspica-soluzione-lungimirante-per-impresa-e-territorio\/\" \/>\n<meta property=\"og:locale\" content=\"it_IT\" \/>\n<meta property=\"og:type\" content=\"article\" \/>\n<meta property=\"og:title\" content=\"Ferrarini, Confagricoltura: auspica soluzione lungimirante per impresa e territorio -\" \/>\n<meta property=\"og:description\" content=\"Ci aspettiamo una soluzione capace di dare una solida prospettiva alla Ferrarini in una fase cos\u00ec delicata sia per la realt\u00e0 agroindustriale, sia per ci\u00f2 che rappresenta per il territorio e l\u2019intero comparto suinicolo italiano\u201d. Cos\u00ec il presidente di Confagricoltura, Massimiliano Giansanti, sulle operazioni in corso per il salvataggio dell\u2019azienda di Reggio Emilia nata negli [&hellip;]\" \/>\n<meta property=\"og:url\" content=\"https:\/\/www.italiaeconomiaonline.it\/web\/ferrarini-confagricoltura-auspica-soluzione-lungimirante-per-impresa-e-territorio\/\" \/>\n<meta property=\"og:site_name\" content=\"ItaliaEconomiaOnline\" \/>\n<meta property=\"article:published_time\" content=\"2020-08-25T13:11:29+00:00\" \/>\n<meta property=\"og:image\" content=\"https:\/\/www.italiaeconomiaonline.it\/web\/wp-content\/uploads\/2018\/07\/massimiliano-giansanti.jpg\" \/>\n\t<meta property=\"og:image:width\" content=\"626\" \/>\n\t<meta property=\"og:image:height\" content=\"512\" \/>\n\t<meta property=\"og:image:type\" content=\"image\/jpeg\" \/>\n<meta name=\"author\" content=\"ladyitaliaeconomia\" \/>\n<meta name=\"twitter:card\" content=\"summary_large_image\" \/>\n<meta name=\"twitter:label1\" content=\"Scritto da\" \/>\n\t<meta name=\"twitter:data1\" content=\"ladyitaliaeconomia\" \/>\n\t<meta name=\"twitter:label2\" content=\"Tempo di lettura stimato\" \/>\n\t<meta name=\"twitter:data2\" content=\"1 minuto\" \/>\n<script type=\"application\/ld+json\" class=\"yoast-schema-graph\">{\"@context\":\"https:\/\/schema.org\",\"@graph\":[{\"@type\":\"WebPage\",\"@id\":\"https:\/\/www.italiaeconomiaonline.it\/web\/ferrarini-confagricoltura-auspica-soluzione-lungimirante-per-impresa-e-territorio\/\",\"url\":\"https:\/\/www.italiaeconomiaonline.it\/web\/ferrarini-confagricoltura-auspica-soluzione-lungimirante-per-impresa-e-territorio\/\",\"name\":\"Ferrarini, Confagricoltura: auspica soluzione lungimirante per impresa e territorio -\",\"isPartOf\":{\"@id\":\"https:\/\/www.italiaeconomiaonline.it\/web\/#website\"},\"primaryImageOfPage\":{\"@id\":\"https:\/\/www.italiaeconomiaonline.it\/web\/ferrarini-confagricoltura-auspica-soluzione-lungimirante-per-impresa-e-territorio\/#primaryimage\"},\"image\":{\"@id\":\"https:\/\/www.italiaeconomiaonline.it\/web\/ferrarini-confagricoltura-auspica-soluzione-lungimirante-per-impresa-e-territorio\/#primaryimage\"},\"thumbnailUrl\":\"https:\/\/www.italiaeconomiaonline.it\/web\/wp-content\/uploads\/2018\/07\/massimiliano-giansanti.jpg\",\"datePublished\":\"2020-08-25T13:11:29+00:00\",\"dateModified\":\"2020-08-25T13:11:29+00:00\",\"author\":{\"@id\":\"https:\/\/www.italiaeconomiaonline.it\/web\/#\/schema\/person\/909a49cce752523b020fbc37d5ab1c31\"},\"breadcrumb\":{\"@id\":\"https:\/\/www.italiaeconomiaonline.it\/web\/ferrarini-confagricoltura-auspica-soluzione-lungimirante-per-impresa-e-territorio\/#breadcrumb\"},\"inLanguage\":\"it-IT\",\"potentialAction\":[{\"@type\":\"ReadAction\",\"target\":[\"https:\/\/www.italiaeconomiaonline.it\/web\/ferrarini-confagricoltura-auspica-soluzione-lungimirante-per-impresa-e-territorio\/\"]}]},{\"@type\":\"ImageObject\",\"inLanguage\":\"it-IT\",\"@id\":\"https:\/\/www.italiaeconomiaonline.it\/web\/ferrarini-confagricoltura-auspica-soluzione-lungimirante-per-impresa-e-territorio\/#primaryimage\",\"url\":\"https:\/\/www.italiaeconomiaonline.it\/web\/wp-content\/uploads\/2018\/07\/massimiliano-giansanti.jpg\",\"contentUrl\":\"https:\/\/www.italiaeconomiaonline.it\/web\/wp-content\/uploads\/2018\/07\/massimiliano-giansanti.jpg\",\"width\":626,\"height\":512,\"caption\":\"Massimiliano Giansanti\"},{\"@type\":\"BreadcrumbList\",\"@id\":\"https:\/\/www.italiaeconomiaonline.it\/web\/ferrarini-confagricoltura-auspica-soluzione-lungimirante-per-impresa-e-territorio\/#breadcrumb\",\"itemListElement\":[{\"@type\":\"ListItem\",\"position\":1,\"name\":\"Home\",\"item\":\"https:\/\/www.italiaeconomiaonline.it\/web\/\"},{\"@type\":\"ListItem\",\"position\":2,\"name\":\"Ferrarini, Confagricoltura: auspica soluzione lungimirante per impresa e territorio\"}]},{\"@type\":\"WebSite\",\"@id\":\"https:\/\/www.italiaeconomiaonline.it\/web\/#website\",\"url\":\"https:\/\/www.italiaeconomiaonline.it\/web\/\",\"name\":\"ItaliaEconomiaOnline\",\"description\":\"Quotidiano Economico Online\",\"potentialAction\":[{\"@type\":\"SearchAction\",\"target\":{\"@type\":\"EntryPoint\",\"urlTemplate\":\"https:\/\/www.italiaeconomiaonline.it\/web\/?s={search_term_string}\"},\"query-input\":\"required name=search_term_string\"}],\"inLanguage\":\"it-IT\"},{\"@type\":\"Person\",\"@id\":\"https:\/\/www.italiaeconomiaonline.it\/web\/#\/schema\/person\/909a49cce752523b020fbc37d5ab1c31\",\"name\":\"ladyitaliaeconomia\",\"image\":{\"@type\":\"ImageObject\",\"inLanguage\":\"it-IT\",\"@id\":\"https:\/\/www.italiaeconomiaonline.it\/web\/#\/schema\/person\/image\/\",\"url\":\"https:\/\/secure.gravatar.com\/avatar\/cedca10ce7416a579b9fa6bce9c0a8f2?s=96&d=mm&r=g\",\"contentUrl\":\"https:\/\/secure.gravatar.com\/avatar\/cedca10ce7416a579b9fa6bce9c0a8f2?s=96&d=mm&r=g\",\"caption\":\"ladyitaliaeconomia\"},\"url\":\"https:\/\/www.italiaeconomiaonline.it\/web\/author\/ladyitaliaeconomia\/\"}]}<\/script>\n<!-- \/ Yoast SEO plugin. -->","yoast_head_json":{"title":"Ferrarini, Confagricoltura: auspica soluzione lungimirante per impresa e territorio -","robots":{"index":"index","follow":"follow","max-snippet":"max-snippet:-1","max-image-preview":"max-image-preview:large","max-video-preview":"max-video-preview:-1"},"canonical":"https:\/\/www.italiaeconomiaonline.it\/web\/ferrarini-confagricoltura-auspica-soluzione-lungimirante-per-impresa-e-territorio\/","og_locale":"it_IT","og_type":"article","og_title":"Ferrarini, Confagricoltura: auspica soluzione lungimirante per impresa e territorio -","og_description":"Ci aspettiamo una soluzione capace di dare una solida prospettiva alla Ferrarini in una fase cos\u00ec delicata sia per la realt\u00e0 agroindustriale, sia per ci\u00f2 che rappresenta per il territorio e l\u2019intero comparto suinicolo italiano\u201d. Cos\u00ec il presidente di Confagricoltura, Massimiliano Giansanti, sulle operazioni in corso per il salvataggio dell\u2019azienda di Reggio Emilia nata negli [&hellip;]","og_url":"https:\/\/www.italiaeconomiaonline.it\/web\/ferrarini-confagricoltura-auspica-soluzione-lungimirante-per-impresa-e-territorio\/","og_site_name":"ItaliaEconomiaOnline","article_published_time":"2020-08-25T13:11:29+00:00","og_image":[{"width":626,"height":512,"url":"https:\/\/www.italiaeconomiaonline.it\/web\/wp-content\/uploads\/2018\/07\/massimiliano-giansanti.jpg","type":"image\/jpeg"}],"author":"ladyitaliaeconomia","twitter_card":"summary_large_image","twitter_misc":{"Scritto da":"ladyitaliaeconomia","Tempo di lettura stimato":"1 minuto"},"schema":{"@context":"https:\/\/schema.org","@graph":[{"@type":"WebPage","@id":"https:\/\/www.italiaeconomiaonline.it\/web\/ferrarini-confagricoltura-auspica-soluzione-lungimirante-per-impresa-e-territorio\/","url":"https:\/\/www.italiaeconomiaonline.it\/web\/ferrarini-confagricoltura-auspica-soluzione-lungimirante-per-impresa-e-territorio\/","name":"Ferrarini, Confagricoltura: auspica soluzione lungimirante per impresa e territorio -","isPartOf":{"@id":"https:\/\/www.italiaeconomiaonline.it\/web\/#website"},"primaryImageOfPage":{"@id":"https:\/\/www.italiaeconomiaonline.it\/web\/ferrarini-confagricoltura-auspica-soluzione-lungimirante-per-impresa-e-territorio\/#primaryimage"},"image":{"@id":"https:\/\/www.italiaeconomiaonline.it\/web\/ferrarini-confagricoltura-auspica-soluzione-lungimirante-per-impresa-e-territorio\/#primaryimage"},"thumbnailUrl":"https:\/\/www.italiaeconomiaonline.it\/web\/wp-content\/uploads\/2018\/07\/massimiliano-giansanti.jpg","datePublished":"2020-08-25T13:11:29+00:00","dateModified":"2020-08-25T13:11:29+00:00","author":{"@id":"https:\/\/www.italiaeconomiaonline.it\/web\/#\/schema\/person\/909a49cce752523b020fbc37d5ab1c31"},"breadcrumb":{"@id":"https:\/\/www.italiaeconomiaonline.it\/web\/ferrarini-confagricoltura-auspica-soluzione-lungimirante-per-impresa-e-territorio\/#breadcrumb"},"inLanguage":"it-IT","potentialAction":[{"@type":"ReadAction","target":["https:\/\/www.italiaeconomiaonline.it\/web\/ferrarini-confagricoltura-auspica-soluzione-lungimirante-per-impresa-e-territorio\/"]}]},{"@type":"ImageObject","inLanguage":"it-IT","@id":"https:\/\/www.italiaeconomiaonline.it\/web\/ferrarini-confagricoltura-auspica-soluzione-lungimirante-per-impresa-e-territorio\/#primaryimage","url":"https:\/\/www.italiaeconomiaonline.it\/web\/wp-content\/uploads\/2018\/07\/massimiliano-giansanti.jpg","contentUrl":"https:\/\/www.italiaeconomiaonline.it\/web\/wp-content\/uploads\/2018\/07\/massimiliano-giansanti.jpg","width":626,"height":512,"caption":"Massimiliano Giansanti"},{"@type":"BreadcrumbList","@id":"https:\/\/www.italiaeconomiaonline.it\/web\/ferrarini-confagricoltura-auspica-soluzione-lungimirante-per-impresa-e-territorio\/#breadcrumb","itemListElement":[{"@type":"ListItem","position":1,"name":"Home","item":"https:\/\/www.italiaeconomiaonline.it\/web\/"},{"@type":"ListItem","position":2,"name":"Ferrarini, Confagricoltura: auspica soluzione lungimirante per impresa e territorio"}]},{"@type":"WebSite","@id":"https:\/\/www.italiaeconomiaonline.it\/web\/#website","url":"https:\/\/www.italiaeconomiaonline.it\/web\/","name":"ItaliaEconomiaOnline","description":"Quotidiano Economico Online","potentialAction":[{"@type":"SearchAction","target":{"@type":"EntryPoint","urlTemplate":"https:\/\/www.italiaeconomiaonline.it\/web\/?s={search_term_string}"},"query-input":"required name=search_term_string"}],"inLanguage":"it-IT"},{"@type":"Person","@id":"https:\/\/www.italiaeconomiaonline.it\/web\/#\/schema\/person\/909a49cce752523b020fbc37d5ab1c31","name":"ladyitaliaeconomia","image":{"@type":"ImageObject","inLanguage":"it-IT","@id":"https:\/\/www.italiaeconomiaonline.it\/web\/#\/schema\/person\/image\/","url":"https:\/\/secure.gravatar.com\/avatar\/cedca10ce7416a579b9fa6bce9c0a8f2?s=96&d=mm&r=g","contentUrl":"https:\/\/secure.gravatar.com\/avatar\/cedca10ce7416a579b9fa6bce9c0a8f2?s=96&d=mm&r=g","caption":"ladyitaliaeconomia"},"url":"https:\/\/www.italiaeconomiaonline.it\/web\/author\/ladyitaliaeconomia\/"}]}},"_links":{"self":[{"href":"https:\/\/www.italiaeconomiaonline.it\/web\/wp-json\/wp\/v2\/posts\/3991"}],"collection":[{"href":"https:\/\/www.italiaeconomiaonline.it\/web\/wp-json\/wp\/v2\/posts"}],"about":[{"href":"https:\/\/www.italiaeconomiaonline.it\/web\/wp-json\/wp\/v2\/types\/post"}],"author":[{"embeddable":true,"href":"https:\/\/www.italiaeconomiaonline.it\/web\/wp-json\/wp\/v2\/users\/1"}],"replies":[{"embeddable":true,"href":"https:\/\/www.italiaeconomiaonline.it\/web\/wp-json\/wp\/v2\/comments?post=3991"}],"version-history":[{"count":1,"href":"https:\/\/www.italiaeconomiaonline.it\/web\/wp-json\/wp\/v2\/posts\/3991\/revisions"}],"predecessor-version":[{"id":3992,"href":"https:\/\/www.italiaeconomiaonline.it\/web\/wp-json\/wp\/v2\/posts\/3991\/revisions\/3992"}],"wp:featuredmedia":[{"embeddable":true,"href":"https:\/\/www.italiaeconomiaonline.it\/web\/wp-json\/wp\/v2\/media\/177"}],"wp:attachment":[{"href":"https:\/\/www.italiaeconomiaonline.it\/web\/wp-json\/wp\/v2\/media?parent=3991"}],"wp:term":[{"taxonomy":"category","embeddable":true,"href":"https:\/\/www.italiaeconomiaonline.it\/web\/wp-json\/wp\/v2\/categories?post=3991"},{"taxonomy":"post_tag","embeddable":true,"href":"https:\/\/www.italiaeconomiaonline.it\/web\/wp-json\/wp\/v2\/tags?post=3991"}],"curies":[{"name":"wp","href":"https:\/\/api.w.org\/{rel}","templated":true}]}}