{"id":4000,"date":"2020-08-27T10:44:48","date_gmt":"2020-08-27T08:44:48","guid":{"rendered":"http:\/\/www.italiaeconomiaonline.it\/web\/?p=4000"},"modified":"2020-08-27T10:44:48","modified_gmt":"2020-08-27T08:44:48","slug":"siamo-tutti-presunti-covid-anche-con-un-semplice-mal-di-gola-caos-medici-di-famiglia","status":"publish","type":"post","link":"https:\/\/www.italiaeconomiaonline.it\/web\/siamo-tutti-presunti-covid-anche-con-un-semplice-mal-di-gola-caos-medici-di-famiglia\/","title":{"rendered":"Siamo tutti presunti Covid, anche con un semplice mal di gola: caos medici di famiglia"},"content":{"rendered":"<div>\n<div>\n<div class=\"entry-content\">\n<div class=\"entry-content\">\n<div class=\"entry-content\">\n<div class=\"entry-content\">\n<p><span class=\"dropcap dropcap3\">S<\/span>ar\u00e0 un anno pazzesco sotto il profilo sanitario quello che sta per iniziare per gli 8,7 milioni di studenti e le loro famiglie.<\/p>\n<p><strong>Federcontibuenti<\/strong>: &#8221;anche in presenza di un semplice mal di gola con qualche decimo di febbre, stiamo entrando nel periodo dei malanni di stagione, significher\u00e0 chiamare le <strong>Asl<\/strong> con l&#8217;obbligo di bypassare i medici di base, pediatri inclusi.<\/p>\n<p>Ogni raffreddore sar\u00e0 trattato come presunto <strong>Covid<\/strong> obbligando ai tempi incerti del tampone e ai famosi 14 giorni di isolamento&#8221;. &#8221;Pronto dottore, mia figlia si \u00e8 svegliata con mal di gola e 37 di febbre&#8221;, &#8221;non posso venire e non pu\u00f2 venire, deve chiamare l&#8217;Asl&#8221;.<\/p>\n<p><span class=\"td_btn td_btn_lg td_default_btn\"><strong>Perch\u00e8 i medici di base non possono fare direttamente il tampone?<\/strong><\/span><\/p>\n<\/div>\n<\/div>\n<\/div>\n<\/div>\n<\/div>\n<\/div>\n<div>\n<div class=\"entry-content\">\n<div class=\"entry-content\">\n<div class=\"entry-content\">\n<div class=\"entry-content\">\n<p>&nbsp;<\/p>\n<p>Siamo alle porte della stagione dei raffreddori e dei mal di gola, delle sudate con conseguenti tossi, &#8221;anziani e bambini pi\u00f9 soggetti ai decimi di febbre, cosa sar\u00e0 di loro se non possono fare affidamento ai medici di base? Essere sospetti covid significa non poter uscire per andare a scuola o al lavoro e ad ottobre il 50% delle famiglie con bambini in et\u00e0 scolare avr\u00e0 gravissimi problemi con il posto del lavoro&#8221;.<\/p>\n<p>Se fosse stato dato incarico ai medici di famiglia di occuparsi dei propri assistiti facendo tamponi o test sierologici a seconda dei casi, ad <a class=\"matchTooltip\">oggi<\/a> avremmo una mappatura precisa oltre ad un punto di riferimento territoriale per tutti: &#8221;invece chiudiamo o apriamo alla rinfusa&#8221;.<\/p>\n<p>&nbsp;<\/p>\n<p>Distanziamento sociale in classe e sui luoghi di lavoro.<\/p>\n<p>&#8221;Il problema non \u00e8 tanto trovare spazio per i banchi o mantenere il distanziamento nei luoghi di lavoro, semmai il problema si pone a monte. Come raggiungere in sicurezza la scuola o l&#8217;ufficio? Quali misure per i pendolari? Perch\u00e8 se mi proponi entrate scaglionate per le scuole devi prevedere entrate scaglionate per i genitori che devono recarsi in ufficio o in fabbrica! Stessa cosa per le uscite da scuola! Inoltre devi prevedere il triplo delle corse dei treni e degli autobus, cose che gi\u00e0 dovevano essere su carta!&#8221;.<\/p>\n<p>I medici di base sono stati tutti abbastanza chiari e pi\u00f9 lineari dei virologi trasformatisi in showman: il distanziamento sociale sar\u00e0 alla base della prevenzione e della regressione dei contagi e st\u00e0 al governo varare misure che permettano il distanziamento!<\/p>\n<p>Federcontribuenti: &#8221;ancora una volta in presenza di una emergenza nazionale dilaga l&#8217;anarchia. Non esiste un piano nazionale uniforme, una campagna di prevenzione chiara come non esiste una campagna nazionale di informazione. Saranno le famiglie a doversi organizzare pagando ancora una volta il caro prezzo dei soprusi e della disorganizzazione amministrativa.<\/p>\n<p>&nbsp;<\/p>\n<p>&nbsp;<\/p>\n<\/div>\n<\/div>\n<\/div>\n<\/div>\n<\/div>\n","protected":false},"excerpt":{"rendered":"<p>Sar\u00e0 un anno pazzesco sotto il profilo sanitario quello che sta per iniziare per gli 8,7 milioni di studenti e le loro famiglie. Federcontibuenti: &#8221;anche in presenza di un semplice mal di gola con qualche decimo di febbre, stiamo entrando nel periodo dei malanni di stagione, significher\u00e0 chiamare le Asl con l&#8217;obbligo di bypassare i [&hellip;]<\/p>\n","protected":false},"author":1,"featured_media":4001,"comment_status":"closed","ping_status":"open","sticky":false,"template":"","format":"standard","meta":{"footnotes":""},"categories":[128],"tags":[1243,877,1241,1244,999,1246,1245],"yoast_head":"<!-- This site is optimized with the Yoast SEO plugin v22.2 - https:\/\/yoast.com\/wordpress\/plugins\/seo\/ -->\n<title>Siamo tutti presunti Covid, anche con un semplice mal di gola: caos medici di famiglia -<\/title>\n<meta name=\"robots\" content=\"index, follow, max-snippet:-1, max-image-preview:large, max-video-preview:-1\" \/>\n<link rel=\"canonical\" href=\"https:\/\/www.italiaeconomiaonline.it\/web\/siamo-tutti-presunti-covid-anche-con-un-semplice-mal-di-gola-caos-medici-di-famiglia\/\" \/>\n<meta property=\"og:locale\" content=\"it_IT\" \/>\n<meta property=\"og:type\" content=\"article\" \/>\n<meta property=\"og:title\" content=\"Siamo tutti presunti Covid, anche con un semplice mal di gola: caos medici di famiglia -\" \/>\n<meta property=\"og:description\" content=\"Sar\u00e0 un anno pazzesco sotto il profilo sanitario quello che sta per iniziare per gli 8,7 milioni di studenti e le loro famiglie. Federcontibuenti: &#8221;anche in presenza di un semplice mal di gola con qualche decimo di febbre, stiamo entrando nel periodo dei malanni di stagione, significher\u00e0 chiamare le Asl con l&#8217;obbligo di bypassare i [&hellip;]\" \/>\n<meta property=\"og:url\" content=\"https:\/\/www.italiaeconomiaonline.it\/web\/siamo-tutti-presunti-covid-anche-con-un-semplice-mal-di-gola-caos-medici-di-famiglia\/\" \/>\n<meta property=\"og:site_name\" content=\"ItaliaEconomiaOnline\" \/>\n<meta property=\"article:published_time\" content=\"2020-08-27T08:44:48+00:00\" \/>\n<meta property=\"og:image\" content=\"https:\/\/www.italiaeconomiaonline.it\/web\/wp-content\/uploads\/2020\/08\/Schermata-2020-08-27-alle-10.43.27.png\" \/>\n\t<meta property=\"og:image:width\" content=\"1558\" \/>\n\t<meta property=\"og:image:height\" content=\"914\" \/>\n\t<meta property=\"og:image:type\" content=\"image\/png\" \/>\n<meta name=\"author\" content=\"ladyitaliaeconomia\" \/>\n<meta name=\"twitter:card\" content=\"summary_large_image\" \/>\n<meta name=\"twitter:label1\" content=\"Scritto da\" \/>\n\t<meta name=\"twitter:data1\" content=\"ladyitaliaeconomia\" \/>\n\t<meta name=\"twitter:label2\" content=\"Tempo di lettura stimato\" \/>\n\t<meta name=\"twitter:data2\" content=\"2 minuti\" \/>\n<script type=\"application\/ld+json\" class=\"yoast-schema-graph\">{\"@context\":\"https:\/\/schema.org\",\"@graph\":[{\"@type\":\"WebPage\",\"@id\":\"https:\/\/www.italiaeconomiaonline.it\/web\/siamo-tutti-presunti-covid-anche-con-un-semplice-mal-di-gola-caos-medici-di-famiglia\/\",\"url\":\"https:\/\/www.italiaeconomiaonline.it\/web\/siamo-tutti-presunti-covid-anche-con-un-semplice-mal-di-gola-caos-medici-di-famiglia\/\",\"name\":\"Siamo tutti presunti Covid, anche con un semplice mal di gola: caos medici di famiglia -\",\"isPartOf\":{\"@id\":\"https:\/\/www.italiaeconomiaonline.it\/web\/#website\"},\"primaryImageOfPage\":{\"@id\":\"https:\/\/www.italiaeconomiaonline.it\/web\/siamo-tutti-presunti-covid-anche-con-un-semplice-mal-di-gola-caos-medici-di-famiglia\/#primaryimage\"},\"image\":{\"@id\":\"https:\/\/www.italiaeconomiaonline.it\/web\/siamo-tutti-presunti-covid-anche-con-un-semplice-mal-di-gola-caos-medici-di-famiglia\/#primaryimage\"},\"thumbnailUrl\":\"https:\/\/www.italiaeconomiaonline.it\/web\/wp-content\/uploads\/2020\/08\/Schermata-2020-08-27-alle-10.43.27.png\",\"datePublished\":\"2020-08-27T08:44:48+00:00\",\"dateModified\":\"2020-08-27T08:44:48+00:00\",\"author\":{\"@id\":\"https:\/\/www.italiaeconomiaonline.it\/web\/#\/schema\/person\/909a49cce752523b020fbc37d5ab1c31\"},\"breadcrumb\":{\"@id\":\"https:\/\/www.italiaeconomiaonline.it\/web\/siamo-tutti-presunti-covid-anche-con-un-semplice-mal-di-gola-caos-medici-di-famiglia\/#breadcrumb\"},\"inLanguage\":\"it-IT\",\"potentialAction\":[{\"@type\":\"ReadAction\",\"target\":[\"https:\/\/www.italiaeconomiaonline.it\/web\/siamo-tutti-presunti-covid-anche-con-un-semplice-mal-di-gola-caos-medici-di-famiglia\/\"]}]},{\"@type\":\"ImageObject\",\"inLanguage\":\"it-IT\",\"@id\":\"https:\/\/www.italiaeconomiaonline.it\/web\/siamo-tutti-presunti-covid-anche-con-un-semplice-mal-di-gola-caos-medici-di-famiglia\/#primaryimage\",\"url\":\"https:\/\/www.italiaeconomiaonline.it\/web\/wp-content\/uploads\/2020\/08\/Schermata-2020-08-27-alle-10.43.27.png\",\"contentUrl\":\"https:\/\/www.italiaeconomiaonline.it\/web\/wp-content\/uploads\/2020\/08\/Schermata-2020-08-27-alle-10.43.27.png\",\"width\":1558,\"height\":914},{\"@type\":\"BreadcrumbList\",\"@id\":\"https:\/\/www.italiaeconomiaonline.it\/web\/siamo-tutti-presunti-covid-anche-con-un-semplice-mal-di-gola-caos-medici-di-famiglia\/#breadcrumb\",\"itemListElement\":[{\"@type\":\"ListItem\",\"position\":1,\"name\":\"Home\",\"item\":\"https:\/\/www.italiaeconomiaonline.it\/web\/\"},{\"@type\":\"ListItem\",\"position\":2,\"name\":\"Siamo tutti presunti Covid, anche con un semplice mal di gola: caos medici di famiglia\"}]},{\"@type\":\"WebSite\",\"@id\":\"https:\/\/www.italiaeconomiaonline.it\/web\/#website\",\"url\":\"https:\/\/www.italiaeconomiaonline.it\/web\/\",\"name\":\"ItaliaEconomiaOnline\",\"description\":\"Quotidiano Economico Online\",\"potentialAction\":[{\"@type\":\"SearchAction\",\"target\":{\"@type\":\"EntryPoint\",\"urlTemplate\":\"https:\/\/www.italiaeconomiaonline.it\/web\/?s={search_term_string}\"},\"query-input\":\"required name=search_term_string\"}],\"inLanguage\":\"it-IT\"},{\"@type\":\"Person\",\"@id\":\"https:\/\/www.italiaeconomiaonline.it\/web\/#\/schema\/person\/909a49cce752523b020fbc37d5ab1c31\",\"name\":\"ladyitaliaeconomia\",\"image\":{\"@type\":\"ImageObject\",\"inLanguage\":\"it-IT\",\"@id\":\"https:\/\/www.italiaeconomiaonline.it\/web\/#\/schema\/person\/image\/\",\"url\":\"https:\/\/secure.gravatar.com\/avatar\/cedca10ce7416a579b9fa6bce9c0a8f2?s=96&d=mm&r=g\",\"contentUrl\":\"https:\/\/secure.gravatar.com\/avatar\/cedca10ce7416a579b9fa6bce9c0a8f2?s=96&d=mm&r=g\",\"caption\":\"ladyitaliaeconomia\"},\"url\":\"https:\/\/www.italiaeconomiaonline.it\/web\/author\/ladyitaliaeconomia\/\"}]}<\/script>\n<!-- \/ Yoast SEO plugin. -->","yoast_head_json":{"title":"Siamo tutti presunti Covid, anche con un semplice mal di gola: caos medici di famiglia -","robots":{"index":"index","follow":"follow","max-snippet":"max-snippet:-1","max-image-preview":"max-image-preview:large","max-video-preview":"max-video-preview:-1"},"canonical":"https:\/\/www.italiaeconomiaonline.it\/web\/siamo-tutti-presunti-covid-anche-con-un-semplice-mal-di-gola-caos-medici-di-famiglia\/","og_locale":"it_IT","og_type":"article","og_title":"Siamo tutti presunti Covid, anche con un semplice mal di gola: caos medici di famiglia -","og_description":"Sar\u00e0 un anno pazzesco sotto il profilo sanitario quello che sta per iniziare per gli 8,7 milioni di studenti e le loro famiglie. Federcontibuenti: &#8221;anche in presenza di un semplice mal di gola con qualche decimo di febbre, stiamo entrando nel periodo dei malanni di stagione, significher\u00e0 chiamare le Asl con l&#8217;obbligo di bypassare i [&hellip;]","og_url":"https:\/\/www.italiaeconomiaonline.it\/web\/siamo-tutti-presunti-covid-anche-con-un-semplice-mal-di-gola-caos-medici-di-famiglia\/","og_site_name":"ItaliaEconomiaOnline","article_published_time":"2020-08-27T08:44:48+00:00","og_image":[{"width":1558,"height":914,"url":"https:\/\/www.italiaeconomiaonline.it\/web\/wp-content\/uploads\/2020\/08\/Schermata-2020-08-27-alle-10.43.27.png","type":"image\/png"}],"author":"ladyitaliaeconomia","twitter_card":"summary_large_image","twitter_misc":{"Scritto da":"ladyitaliaeconomia","Tempo di lettura stimato":"2 minuti"},"schema":{"@context":"https:\/\/schema.org","@graph":[{"@type":"WebPage","@id":"https:\/\/www.italiaeconomiaonline.it\/web\/siamo-tutti-presunti-covid-anche-con-un-semplice-mal-di-gola-caos-medici-di-famiglia\/","url":"https:\/\/www.italiaeconomiaonline.it\/web\/siamo-tutti-presunti-covid-anche-con-un-semplice-mal-di-gola-caos-medici-di-famiglia\/","name":"Siamo tutti presunti Covid, anche con un semplice mal di gola: caos medici di famiglia -","isPartOf":{"@id":"https:\/\/www.italiaeconomiaonline.it\/web\/#website"},"primaryImageOfPage":{"@id":"https:\/\/www.italiaeconomiaonline.it\/web\/siamo-tutti-presunti-covid-anche-con-un-semplice-mal-di-gola-caos-medici-di-famiglia\/#primaryimage"},"image":{"@id":"https:\/\/www.italiaeconomiaonline.it\/web\/siamo-tutti-presunti-covid-anche-con-un-semplice-mal-di-gola-caos-medici-di-famiglia\/#primaryimage"},"thumbnailUrl":"https:\/\/www.italiaeconomiaonline.it\/web\/wp-content\/uploads\/2020\/08\/Schermata-2020-08-27-alle-10.43.27.png","datePublished":"2020-08-27T08:44:48+00:00","dateModified":"2020-08-27T08:44:48+00:00","author":{"@id":"https:\/\/www.italiaeconomiaonline.it\/web\/#\/schema\/person\/909a49cce752523b020fbc37d5ab1c31"},"breadcrumb":{"@id":"https:\/\/www.italiaeconomiaonline.it\/web\/siamo-tutti-presunti-covid-anche-con-un-semplice-mal-di-gola-caos-medici-di-famiglia\/#breadcrumb"},"inLanguage":"it-IT","potentialAction":[{"@type":"ReadAction","target":["https:\/\/www.italiaeconomiaonline.it\/web\/siamo-tutti-presunti-covid-anche-con-un-semplice-mal-di-gola-caos-medici-di-famiglia\/"]}]},{"@type":"ImageObject","inLanguage":"it-IT","@id":"https:\/\/www.italiaeconomiaonline.it\/web\/siamo-tutti-presunti-covid-anche-con-un-semplice-mal-di-gola-caos-medici-di-famiglia\/#primaryimage","url":"https:\/\/www.italiaeconomiaonline.it\/web\/wp-content\/uploads\/2020\/08\/Schermata-2020-08-27-alle-10.43.27.png","contentUrl":"https:\/\/www.italiaeconomiaonline.it\/web\/wp-content\/uploads\/2020\/08\/Schermata-2020-08-27-alle-10.43.27.png","width":1558,"height":914},{"@type":"BreadcrumbList","@id":"https:\/\/www.italiaeconomiaonline.it\/web\/siamo-tutti-presunti-covid-anche-con-un-semplice-mal-di-gola-caos-medici-di-famiglia\/#breadcrumb","itemListElement":[{"@type":"ListItem","position":1,"name":"Home","item":"https:\/\/www.italiaeconomiaonline.it\/web\/"},{"@type":"ListItem","position":2,"name":"Siamo tutti presunti Covid, anche con un semplice mal di gola: caos medici di famiglia"}]},{"@type":"WebSite","@id":"https:\/\/www.italiaeconomiaonline.it\/web\/#website","url":"https:\/\/www.italiaeconomiaonline.it\/web\/","name":"ItaliaEconomiaOnline","description":"Quotidiano Economico Online","potentialAction":[{"@type":"SearchAction","target":{"@type":"EntryPoint","urlTemplate":"https:\/\/www.italiaeconomiaonline.it\/web\/?s={search_term_string}"},"query-input":"required name=search_term_string"}],"inLanguage":"it-IT"},{"@type":"Person","@id":"https:\/\/www.italiaeconomiaonline.it\/web\/#\/schema\/person\/909a49cce752523b020fbc37d5ab1c31","name":"ladyitaliaeconomia","image":{"@type":"ImageObject","inLanguage":"it-IT","@id":"https:\/\/www.italiaeconomiaonline.it\/web\/#\/schema\/person\/image\/","url":"https:\/\/secure.gravatar.com\/avatar\/cedca10ce7416a579b9fa6bce9c0a8f2?s=96&d=mm&r=g","contentUrl":"https:\/\/secure.gravatar.com\/avatar\/cedca10ce7416a579b9fa6bce9c0a8f2?s=96&d=mm&r=g","caption":"ladyitaliaeconomia"},"url":"https:\/\/www.italiaeconomiaonline.it\/web\/author\/ladyitaliaeconomia\/"}]}},"_links":{"self":[{"href":"https:\/\/www.italiaeconomiaonline.it\/web\/wp-json\/wp\/v2\/posts\/4000"}],"collection":[{"href":"https:\/\/www.italiaeconomiaonline.it\/web\/wp-json\/wp\/v2\/posts"}],"about":[{"href":"https:\/\/www.italiaeconomiaonline.it\/web\/wp-json\/wp\/v2\/types\/post"}],"author":[{"embeddable":true,"href":"https:\/\/www.italiaeconomiaonline.it\/web\/wp-json\/wp\/v2\/users\/1"}],"replies":[{"embeddable":true,"href":"https:\/\/www.italiaeconomiaonline.it\/web\/wp-json\/wp\/v2\/comments?post=4000"}],"version-history":[{"count":1,"href":"https:\/\/www.italiaeconomiaonline.it\/web\/wp-json\/wp\/v2\/posts\/4000\/revisions"}],"predecessor-version":[{"id":4002,"href":"https:\/\/www.italiaeconomiaonline.it\/web\/wp-json\/wp\/v2\/posts\/4000\/revisions\/4002"}],"wp:featuredmedia":[{"embeddable":true,"href":"https:\/\/www.italiaeconomiaonline.it\/web\/wp-json\/wp\/v2\/media\/4001"}],"wp:attachment":[{"href":"https:\/\/www.italiaeconomiaonline.it\/web\/wp-json\/wp\/v2\/media?parent=4000"}],"wp:term":[{"taxonomy":"category","embeddable":true,"href":"https:\/\/www.italiaeconomiaonline.it\/web\/wp-json\/wp\/v2\/categories?post=4000"},{"taxonomy":"post_tag","embeddable":true,"href":"https:\/\/www.italiaeconomiaonline.it\/web\/wp-json\/wp\/v2\/tags?post=4000"}],"curies":[{"name":"wp","href":"https:\/\/api.w.org\/{rel}","templated":true}]}}