{"id":402,"date":"2019-04-09T12:15:48","date_gmt":"2019-04-09T10:15:48","guid":{"rendered":"http:\/\/www.italiaeconomiaonline.it\/web\/?p=402"},"modified":"2019-04-09T12:16:27","modified_gmt":"2019-04-09T10:16:27","slug":"napoli-2-forum-nazionale-delleconomia-circolare","status":"publish","type":"post","link":"https:\/\/www.italiaeconomiaonline.it\/web\/napoli-2-forum-nazionale-delleconomia-circolare\/","title":{"rendered":"Napoli, 2\u00b0 Forum Nazionale dell\u2019Economia Circolare"},"content":{"rendered":"<p><span class=\"dropcap dropcap3\">S<\/span>i \u00e8 tenuto a Napoli il 2\u00b0 Forum Nazionale sull\u2019Economia Circolare\u00a0dal titolo\u00a0<strong><em>I trend dell\u2019Innovazione<\/em><\/strong>: due giornate intense nelle quali \u00e8 stato fatto il punto sulle principali tendenze che stanno\u00a0tratteggiando\u00a0progressi e incertezze relativamente all\u2019affermazione dei modelli di\u00a0economia\u00a0circolare nel nostro Paese.<\/p>\n<p>Il Forum,\u00a0promosso da Edizioni Ambiente e dalla rivista Materia Rinnovabile, in collaborazione con l\u2019Assessorato all\u2019Ambiente del Comune di Napoli, ha riunito\u00a0nel capoluogo partenopeo alcuni\u00a0tra i principali esperti\u00a0del settore,\u00a0rappresentanti di\u00a0grandi aziende che hanno raccontato in che modo stanno orientando le loro attivit\u00e0 verso una maggiore sostenibilit\u00e0 ambientale\u00a0e giovani start up\u00a0alle prese con importanti\u00a0progetti\u00a0di rigenerazione urbana.<\/p>\n<p>\u201cL\u2019Italia pu\u00f2 vantare tante esperienze di eccellenza di economia circolare, molto pi\u00f9 importanti di quelle dei Paesi del Nord Europa \u2013 ha affermato il presidente di Legambiente\u00a0<strong>Stefano\u00a0Ciafani<\/strong>\u00a0-.<\/p>\n<p>Per replicarle per\u00f2 su tutto il territorio nazionale e in tutti i settori del ciclo dei rifiuti \u00e8 fondamentale rimuovere gli ostacoli non tecnologici ancora oggi presenti nel nostro Paese. Serve semplificare la normativa sul riciclo dei rifiuti, realizzare tanti impianti innovativi e creare un mercato per i prodotti riciclati. Solo cos\u00ec supereremo definitivamente la stagione dell\u2019emergenze e delle discariche che ha caratterizzato negli ultimi decenni la storia del nostro Paese\u201d<\/p>\n<p>L\u2019evento ha vantato anche l\u2019autorevole presenza di <strong>Walter R.\u00a0Stahel<\/strong>, che ha\u00a0presentato il suo ultimo libro\u00a0<strong>L\u2019Economia Circolare per Tutti.<\/strong><\/p>\n<p>\u201cL\u2019economia circolare affonda le proprie radici in un passato dove era la necessit\u00e0 e le esigue possibilit\u00e0 economiche a costringere gli individui a ricorrere a sistemi di riuso e riciclo dei beni che venivano utilizzati quotidianamente \u2013 ha osservato Stahel -.<\/p>\n<p>La sfida che la ricerca tecnologica e industriale \u00e8 chiamata ad affrontare oggi \u00e8 quella di sviluppare materiali che vengono prodotti con la prospettiva del successivo riutilizzo, quindi elaborati,\u00a0all\u2019origine, ispirandosi ai principi del riciclaggio.<\/p>\n<p>In una prospettiva di mantenimento in vita dei prodotti attraverso l\u2019aggiornamento e la manutenzione, le aziende sono chiamate a non disfarsi dei lavoratori che detengono le conoscenze, legate alle tecnologie pi\u00f9 datate, capaci di intervenire sugli oggetti, competenze che difficilmente le aziende potranno trovare nei giovani appena usciti dai percorsi di formazione\u201d.<\/p>\n<p>\u201cNapoli \u00e8 esemplare secondo noi, l\u2019abbiamo scelta per questo \u2013 ha commentato\u00a0<strong>il presidente di Edizioni Ambiente, Roberto\u00a0Coizet<\/strong>\u2013 si tratta di una citt\u00e0 che viene vissuta come un luogo che non riesce a risolvere la propria economia, la propria collettivit\u00e0 la propria vita urbana. Cosa non vera, Napoli sta funzionando molto meglio di Roma, facendolo su un tessuto sociale pi\u00f9 difficile, pi\u00f9 articolato e pi\u00f9 misto\u201d.<\/p>\n<p>Nel capoluogo campano\u00a0sono intervenuti\u00a0anche la senatrice\u00a0<strong>Paola\u00a0Nugnez<\/strong>\u00a0e\u00a0l\u2019ex Ministro per le Politiche Ambientali\u00a0<strong>Alfonso Pecoraro Scanio<\/strong>, mentre il Ministro dell\u2019Ambiente\u00a0<strong>Sergio Costa <\/strong>ha salutato tutti i partecipanti attraverso un video-intervento.<\/p>\n","protected":false},"excerpt":{"rendered":"<p>Si \u00e8 tenuto a Napoli il 2\u00b0 Forum Nazionale sull\u2019Economia Circolare\u00a0dal titolo\u00a0I trend dell\u2019Innovazione: due giornate intense nelle quali \u00e8 stato fatto il punto sulle principali tendenze che stanno\u00a0tratteggiando\u00a0progressi e incertezze relativamente all\u2019affermazione dei modelli di\u00a0economia\u00a0circolare nel nostro Paese. Il Forum,\u00a0promosso da Edizioni Ambiente e dalla rivista Materia Rinnovabile, in collaborazione con l\u2019Assessorato all\u2019Ambiente del [&hellip;]<\/p>\n","protected":false},"author":1,"featured_media":403,"comment_status":"closed","ping_status":"open","sticky":false,"template":"","format":"standard","meta":{"footnotes":""},"categories":[56],"tags":[159,160,161],"yoast_head":"<!-- This site is optimized with the Yoast SEO plugin v22.2 - https:\/\/yoast.com\/wordpress\/plugins\/seo\/ -->\n<title>Napoli, 2\u00b0 Forum Nazionale dell\u2019Economia Circolare -<\/title>\n<meta name=\"robots\" content=\"index, follow, max-snippet:-1, max-image-preview:large, max-video-preview:-1\" \/>\n<link rel=\"canonical\" href=\"https:\/\/www.italiaeconomiaonline.it\/web\/napoli-2-forum-nazionale-delleconomia-circolare\/\" \/>\n<meta property=\"og:locale\" content=\"it_IT\" \/>\n<meta property=\"og:type\" content=\"article\" \/>\n<meta property=\"og:title\" content=\"Napoli, 2\u00b0 Forum Nazionale dell\u2019Economia Circolare -\" \/>\n<meta property=\"og:description\" content=\"Si \u00e8 tenuto a Napoli il 2\u00b0 Forum Nazionale sull\u2019Economia Circolare\u00a0dal titolo\u00a0I trend dell\u2019Innovazione: due giornate intense nelle quali \u00e8 stato fatto il punto sulle principali tendenze che stanno\u00a0tratteggiando\u00a0progressi e incertezze relativamente all\u2019affermazione dei modelli di\u00a0economia\u00a0circolare nel nostro Paese. Il Forum,\u00a0promosso da Edizioni Ambiente e dalla rivista Materia Rinnovabile, in collaborazione con l\u2019Assessorato all\u2019Ambiente del [&hellip;]\" \/>\n<meta property=\"og:url\" content=\"https:\/\/www.italiaeconomiaonline.it\/web\/napoli-2-forum-nazionale-delleconomia-circolare\/\" \/>\n<meta property=\"og:site_name\" content=\"ItaliaEconomiaOnline\" \/>\n<meta property=\"article:published_time\" content=\"2019-04-09T10:15:48+00:00\" \/>\n<meta property=\"article:modified_time\" content=\"2019-04-09T10:16:27+00:00\" \/>\n<meta property=\"og:image\" content=\"https:\/\/www.italiaeconomiaonline.it\/web\/wp-content\/uploads\/2019\/04\/Forum-economia-circolare-1024x683.jpg\" \/>\n\t<meta property=\"og:image:width\" content=\"1024\" \/>\n\t<meta property=\"og:image:height\" content=\"683\" \/>\n\t<meta property=\"og:image:type\" content=\"image\/jpeg\" \/>\n<meta name=\"author\" content=\"ladyitaliaeconomia\" \/>\n<meta name=\"twitter:card\" content=\"summary_large_image\" \/>\n<meta name=\"twitter:label1\" content=\"Scritto da\" \/>\n\t<meta name=\"twitter:data1\" content=\"ladyitaliaeconomia\" \/>\n\t<meta name=\"twitter:label2\" content=\"Tempo di lettura stimato\" \/>\n\t<meta name=\"twitter:data2\" content=\"2 minuti\" \/>\n<script type=\"application\/ld+json\" class=\"yoast-schema-graph\">{\"@context\":\"https:\/\/schema.org\",\"@graph\":[{\"@type\":\"WebPage\",\"@id\":\"https:\/\/www.italiaeconomiaonline.it\/web\/napoli-2-forum-nazionale-delleconomia-circolare\/\",\"url\":\"https:\/\/www.italiaeconomiaonline.it\/web\/napoli-2-forum-nazionale-delleconomia-circolare\/\",\"name\":\"Napoli, 2\u00b0 Forum Nazionale dell\u2019Economia Circolare -\",\"isPartOf\":{\"@id\":\"https:\/\/www.italiaeconomiaonline.it\/web\/#website\"},\"primaryImageOfPage\":{\"@id\":\"https:\/\/www.italiaeconomiaonline.it\/web\/napoli-2-forum-nazionale-delleconomia-circolare\/#primaryimage\"},\"image\":{\"@id\":\"https:\/\/www.italiaeconomiaonline.it\/web\/napoli-2-forum-nazionale-delleconomia-circolare\/#primaryimage\"},\"thumbnailUrl\":\"https:\/\/www.italiaeconomiaonline.it\/web\/wp-content\/uploads\/2019\/04\/Forum-economia-circolare.jpg\",\"datePublished\":\"2019-04-09T10:15:48+00:00\",\"dateModified\":\"2019-04-09T10:16:27+00:00\",\"author\":{\"@id\":\"https:\/\/www.italiaeconomiaonline.it\/web\/#\/schema\/person\/909a49cce752523b020fbc37d5ab1c31\"},\"breadcrumb\":{\"@id\":\"https:\/\/www.italiaeconomiaonline.it\/web\/napoli-2-forum-nazionale-delleconomia-circolare\/#breadcrumb\"},\"inLanguage\":\"it-IT\",\"potentialAction\":[{\"@type\":\"ReadAction\",\"target\":[\"https:\/\/www.italiaeconomiaonline.it\/web\/napoli-2-forum-nazionale-delleconomia-circolare\/\"]}]},{\"@type\":\"ImageObject\",\"inLanguage\":\"it-IT\",\"@id\":\"https:\/\/www.italiaeconomiaonline.it\/web\/napoli-2-forum-nazionale-delleconomia-circolare\/#primaryimage\",\"url\":\"https:\/\/www.italiaeconomiaonline.it\/web\/wp-content\/uploads\/2019\/04\/Forum-economia-circolare.jpg\",\"contentUrl\":\"https:\/\/www.italiaeconomiaonline.it\/web\/wp-content\/uploads\/2019\/04\/Forum-economia-circolare.jpg\",\"width\":5472,\"height\":3648},{\"@type\":\"BreadcrumbList\",\"@id\":\"https:\/\/www.italiaeconomiaonline.it\/web\/napoli-2-forum-nazionale-delleconomia-circolare\/#breadcrumb\",\"itemListElement\":[{\"@type\":\"ListItem\",\"position\":1,\"name\":\"Home\",\"item\":\"https:\/\/www.italiaeconomiaonline.it\/web\/\"},{\"@type\":\"ListItem\",\"position\":2,\"name\":\"Napoli, 2\u00b0 Forum Nazionale dell\u2019Economia Circolare\"}]},{\"@type\":\"WebSite\",\"@id\":\"https:\/\/www.italiaeconomiaonline.it\/web\/#website\",\"url\":\"https:\/\/www.italiaeconomiaonline.it\/web\/\",\"name\":\"ItaliaEconomiaOnline\",\"description\":\"Quotidiano Economico Online\",\"potentialAction\":[{\"@type\":\"SearchAction\",\"target\":{\"@type\":\"EntryPoint\",\"urlTemplate\":\"https:\/\/www.italiaeconomiaonline.it\/web\/?s={search_term_string}\"},\"query-input\":\"required name=search_term_string\"}],\"inLanguage\":\"it-IT\"},{\"@type\":\"Person\",\"@id\":\"https:\/\/www.italiaeconomiaonline.it\/web\/#\/schema\/person\/909a49cce752523b020fbc37d5ab1c31\",\"name\":\"ladyitaliaeconomia\",\"image\":{\"@type\":\"ImageObject\",\"inLanguage\":\"it-IT\",\"@id\":\"https:\/\/www.italiaeconomiaonline.it\/web\/#\/schema\/person\/image\/\",\"url\":\"https:\/\/secure.gravatar.com\/avatar\/cedca10ce7416a579b9fa6bce9c0a8f2?s=96&d=mm&r=g\",\"contentUrl\":\"https:\/\/secure.gravatar.com\/avatar\/cedca10ce7416a579b9fa6bce9c0a8f2?s=96&d=mm&r=g\",\"caption\":\"ladyitaliaeconomia\"},\"url\":\"https:\/\/www.italiaeconomiaonline.it\/web\/author\/ladyitaliaeconomia\/\"}]}<\/script>\n<!-- \/ Yoast SEO plugin. -->","yoast_head_json":{"title":"Napoli, 2\u00b0 Forum Nazionale dell\u2019Economia Circolare -","robots":{"index":"index","follow":"follow","max-snippet":"max-snippet:-1","max-image-preview":"max-image-preview:large","max-video-preview":"max-video-preview:-1"},"canonical":"https:\/\/www.italiaeconomiaonline.it\/web\/napoli-2-forum-nazionale-delleconomia-circolare\/","og_locale":"it_IT","og_type":"article","og_title":"Napoli, 2\u00b0 Forum Nazionale dell\u2019Economia Circolare -","og_description":"Si \u00e8 tenuto a Napoli il 2\u00b0 Forum Nazionale sull\u2019Economia Circolare\u00a0dal titolo\u00a0I trend dell\u2019Innovazione: due giornate intense nelle quali \u00e8 stato fatto il punto sulle principali tendenze che stanno\u00a0tratteggiando\u00a0progressi e incertezze relativamente all\u2019affermazione dei modelli di\u00a0economia\u00a0circolare nel nostro Paese. Il Forum,\u00a0promosso da Edizioni Ambiente e dalla rivista Materia Rinnovabile, in collaborazione con l\u2019Assessorato all\u2019Ambiente del [&hellip;]","og_url":"https:\/\/www.italiaeconomiaonline.it\/web\/napoli-2-forum-nazionale-delleconomia-circolare\/","og_site_name":"ItaliaEconomiaOnline","article_published_time":"2019-04-09T10:15:48+00:00","article_modified_time":"2019-04-09T10:16:27+00:00","og_image":[{"width":1024,"height":683,"url":"https:\/\/www.italiaeconomiaonline.it\/web\/wp-content\/uploads\/2019\/04\/Forum-economia-circolare-1024x683.jpg","type":"image\/jpeg"}],"author":"ladyitaliaeconomia","twitter_card":"summary_large_image","twitter_misc":{"Scritto da":"ladyitaliaeconomia","Tempo di lettura stimato":"2 minuti"},"schema":{"@context":"https:\/\/schema.org","@graph":[{"@type":"WebPage","@id":"https:\/\/www.italiaeconomiaonline.it\/web\/napoli-2-forum-nazionale-delleconomia-circolare\/","url":"https:\/\/www.italiaeconomiaonline.it\/web\/napoli-2-forum-nazionale-delleconomia-circolare\/","name":"Napoli, 2\u00b0 Forum Nazionale dell\u2019Economia Circolare -","isPartOf":{"@id":"https:\/\/www.italiaeconomiaonline.it\/web\/#website"},"primaryImageOfPage":{"@id":"https:\/\/www.italiaeconomiaonline.it\/web\/napoli-2-forum-nazionale-delleconomia-circolare\/#primaryimage"},"image":{"@id":"https:\/\/www.italiaeconomiaonline.it\/web\/napoli-2-forum-nazionale-delleconomia-circolare\/#primaryimage"},"thumbnailUrl":"https:\/\/www.italiaeconomiaonline.it\/web\/wp-content\/uploads\/2019\/04\/Forum-economia-circolare.jpg","datePublished":"2019-04-09T10:15:48+00:00","dateModified":"2019-04-09T10:16:27+00:00","author":{"@id":"https:\/\/www.italiaeconomiaonline.it\/web\/#\/schema\/person\/909a49cce752523b020fbc37d5ab1c31"},"breadcrumb":{"@id":"https:\/\/www.italiaeconomiaonline.it\/web\/napoli-2-forum-nazionale-delleconomia-circolare\/#breadcrumb"},"inLanguage":"it-IT","potentialAction":[{"@type":"ReadAction","target":["https:\/\/www.italiaeconomiaonline.it\/web\/napoli-2-forum-nazionale-delleconomia-circolare\/"]}]},{"@type":"ImageObject","inLanguage":"it-IT","@id":"https:\/\/www.italiaeconomiaonline.it\/web\/napoli-2-forum-nazionale-delleconomia-circolare\/#primaryimage","url":"https:\/\/www.italiaeconomiaonline.it\/web\/wp-content\/uploads\/2019\/04\/Forum-economia-circolare.jpg","contentUrl":"https:\/\/www.italiaeconomiaonline.it\/web\/wp-content\/uploads\/2019\/04\/Forum-economia-circolare.jpg","width":5472,"height":3648},{"@type":"BreadcrumbList","@id":"https:\/\/www.italiaeconomiaonline.it\/web\/napoli-2-forum-nazionale-delleconomia-circolare\/#breadcrumb","itemListElement":[{"@type":"ListItem","position":1,"name":"Home","item":"https:\/\/www.italiaeconomiaonline.it\/web\/"},{"@type":"ListItem","position":2,"name":"Napoli, 2\u00b0 Forum Nazionale dell\u2019Economia Circolare"}]},{"@type":"WebSite","@id":"https:\/\/www.italiaeconomiaonline.it\/web\/#website","url":"https:\/\/www.italiaeconomiaonline.it\/web\/","name":"ItaliaEconomiaOnline","description":"Quotidiano Economico Online","potentialAction":[{"@type":"SearchAction","target":{"@type":"EntryPoint","urlTemplate":"https:\/\/www.italiaeconomiaonline.it\/web\/?s={search_term_string}"},"query-input":"required name=search_term_string"}],"inLanguage":"it-IT"},{"@type":"Person","@id":"https:\/\/www.italiaeconomiaonline.it\/web\/#\/schema\/person\/909a49cce752523b020fbc37d5ab1c31","name":"ladyitaliaeconomia","image":{"@type":"ImageObject","inLanguage":"it-IT","@id":"https:\/\/www.italiaeconomiaonline.it\/web\/#\/schema\/person\/image\/","url":"https:\/\/secure.gravatar.com\/avatar\/cedca10ce7416a579b9fa6bce9c0a8f2?s=96&d=mm&r=g","contentUrl":"https:\/\/secure.gravatar.com\/avatar\/cedca10ce7416a579b9fa6bce9c0a8f2?s=96&d=mm&r=g","caption":"ladyitaliaeconomia"},"url":"https:\/\/www.italiaeconomiaonline.it\/web\/author\/ladyitaliaeconomia\/"}]}},"_links":{"self":[{"href":"https:\/\/www.italiaeconomiaonline.it\/web\/wp-json\/wp\/v2\/posts\/402"}],"collection":[{"href":"https:\/\/www.italiaeconomiaonline.it\/web\/wp-json\/wp\/v2\/posts"}],"about":[{"href":"https:\/\/www.italiaeconomiaonline.it\/web\/wp-json\/wp\/v2\/types\/post"}],"author":[{"embeddable":true,"href":"https:\/\/www.italiaeconomiaonline.it\/web\/wp-json\/wp\/v2\/users\/1"}],"replies":[{"embeddable":true,"href":"https:\/\/www.italiaeconomiaonline.it\/web\/wp-json\/wp\/v2\/comments?post=402"}],"version-history":[{"count":1,"href":"https:\/\/www.italiaeconomiaonline.it\/web\/wp-json\/wp\/v2\/posts\/402\/revisions"}],"predecessor-version":[{"id":404,"href":"https:\/\/www.italiaeconomiaonline.it\/web\/wp-json\/wp\/v2\/posts\/402\/revisions\/404"}],"wp:featuredmedia":[{"embeddable":true,"href":"https:\/\/www.italiaeconomiaonline.it\/web\/wp-json\/wp\/v2\/media\/403"}],"wp:attachment":[{"href":"https:\/\/www.italiaeconomiaonline.it\/web\/wp-json\/wp\/v2\/media?parent=402"}],"wp:term":[{"taxonomy":"category","embeddable":true,"href":"https:\/\/www.italiaeconomiaonline.it\/web\/wp-json\/wp\/v2\/categories?post=402"},{"taxonomy":"post_tag","embeddable":true,"href":"https:\/\/www.italiaeconomiaonline.it\/web\/wp-json\/wp\/v2\/tags?post=402"}],"curies":[{"name":"wp","href":"https:\/\/api.w.org\/{rel}","templated":true}]}}