{"id":4030,"date":"2020-09-02T00:11:19","date_gmt":"2020-09-01T22:11:19","guid":{"rendered":"http:\/\/www.italiaeconomiaonline.it\/web\/?p=4030"},"modified":"2020-09-02T00:11:31","modified_gmt":"2020-09-01T22:11:31","slug":"lavoro-cisl-primi-segnali-positivi-ma-servono-misure-per-la-ripresa-entro-fine-anno","status":"publish","type":"post","link":"https:\/\/www.italiaeconomiaonline.it\/web\/lavoro-cisl-primi-segnali-positivi-ma-servono-misure-per-la-ripresa-entro-fine-anno\/","title":{"rendered":"Lavoro, Cisl: Primi segnali positivi, ma servono misure per la ripresa entro fine anno"},"content":{"rendered":"<div id=\"xandmail_widget_layout_ContentPane_11\" class=\"view_msgBody dijitContentPane dijitSplitContainer-child dijitSplitContainer-dijitContentPane dijitSplitPane\" dir=\"ltr\" title=\"\" role=\"group\">\n<div id=\"msgText_preview4348\" dir=\"ltr\">\n<div class=\"xam_msg_class\">\n<div align=\"left\"><span style=\"color: #000000; font-family: Geneva;\"><span class=\"dropcap dropcap3\">D<\/span>a febbraio sono quasi mezzo milione gli occupati in meno, ma in luglio, dopo quattro mesi di calo, l&#8217;occupazione torna a crescere. Prosegue in contemporanea l&#8217;aumento dei disoccupati che rispecchia il calo degli inattivi: significa quindi che le persone ricominciano a cercare lavoro. <\/span><\/div>\n<div align=\"left\"><\/div>\n<div align=\"left\"><span style=\"color: #000000; font-family: Geneva;\">Continua pure il recupero delle ore lavorate pro-capite, anche a causa della riduzione della cassa integrazione. Sono i primi segnali positivi dopo i mesi del lockdown, ma non dimentichiamo che a fine anno, con la fine del blocco dei licenziamenti, senza misure per la crescita, il rischio \u00e8 di una nuova, forte, riduzione dell\u2019occupazione\u201d. <\/span><\/div>\n<div align=\"left\"><\/div>\n<div align=\"left\"><span style=\"color: #000000; font-family: Geneva;\">Cos\u00ec \u00a0il Dipartimento lavoro della Cisl commenta i dati ISTAT di <a class=\"matchTooltip\">oggi<\/a> sull\u2019occupazione. <\/span><\/div>\n<div align=\"left\"><\/div>\n<div align=\"left\"><span style=\"color: #000000; font-family: Geneva;\">\u201cIn Italia i duri colpi della crisi covid sul mercato del lavoro si sono venuti a sovrapporre a problemi strutturali di produttivit\u00e0, a riorganizzazioni industriali ancora frutto della crisi economico-finanziaria del decennio trascorso, alle transizioni digitale e green. Bisogna ripartire dalle criticit\u00e0 precedenti al covid e contrastare tutto ci\u00f2 che ha frenato e pu\u00f2 frenare uno sviluppo equilibrato e sostenibile ed insieme affrontare le nuove criticit\u00e0, dal forte calo di domanda in alcuni settori economici, ai nuovi equilibri tra settore e settore, dai bassi consumi agli investimenti in stagnazione, al fine di creare i presupposti per generare crescita, competitivit\u00e0, lavoro di qualit\u00e0, garantendo sostenibilit\u00e0 sociale, anche utilizzando le ingenti risorse europee disponibili in questa fase. Su tutti questi temi serve un patto con le parti sociali affinch\u00e9 si possa arrivare al termine delle misure emergenziali \u00a0con progetti solidi per disegnare il futuro dello sviluppo nel nostro Paese\u201d.<\/span><\/div>\n<\/div>\n<\/div>\n<\/div>\n<div id=\"mailPreview\" class=\"dijitContentPane dijitSplitContainer-child dijitSplitContainer-dijitContentPane dijitSplitPane\" dir=\"ltr\" title=\"\" role=\"group\">\n<div id=\"preview4348\">\n<div id=\"preview4348_pane\" class=\"fullSize dijitContainer dijitLayoutContainer\" dir=\"ltr\"><\/div>\n<\/div>\n<\/div>\n<div id=\"mainContainer\" class=\"dijitTabContainer dijitContainer dijitTabContainerTop dijitLayoutContainer tabStrip-disabled dijitSplitContainer-child dijitSplitContainer-dijitTabContainerTop dijitSplitPane\" dir=\"ltr\">\n<div class=\"dijitTabPaneWrapper dijitTabContainerTop-container dijitAlignClient\" role=\"tabpanel\" aria-labelledby=\"mainContainer_tablist_mainContent\">\n<div id=\"mainContent\" class=\"dijitContentPane dijitTabPane dijitTabContainerTop-child dijitTabContainerTop-dijitContentPane dijitVisible\" dir=\"ltr\" title=\"Desktop\" role=\"group\">\n<div id=\"xandmail_widget_layout_LayoutContainer_0\" class=\"fullSize dijitContainer dijitLayoutContainer\" dir=\"ltr\">\n<div id=\"xandmail_widget_layout_ContentPane_1\" class=\"inbox_page dijitContentPane dijitAlignClient\" dir=\"ltr\" title=\"\" role=\"group\">\n<div id=\"mailSplitCnt\" class=\"dijitContainer dijitSplitContainer\" dir=\"ltr\">\n<div><\/div>\n<\/div>\n<\/div>\n<\/div>\n<\/div>\n<\/div>\n<\/div>\n<div id=\"dijit_layout_ContentPane_2\" class=\"bottomPane dijitContentPane dijitAlignBottom\" dir=\"ltr\" title=\"\" role=\"group\">\n<div class=\"copyright\">\n<div class=\"copyright-links\"><\/div>\n<\/div>\n<\/div>\n","protected":false},"excerpt":{"rendered":"<p>Da febbraio sono quasi mezzo milione gli occupati in meno, ma in luglio, dopo quattro mesi di calo, l&#8217;occupazione torna a crescere. Prosegue in contemporanea l&#8217;aumento dei disoccupati che rispecchia il calo degli inattivi: significa quindi che le persone ricominciano a cercare lavoro. Continua pure il recupero delle ore lavorate pro-capite, anche a causa della [&hellip;]<\/p>\n","protected":false},"author":1,"featured_media":1123,"comment_status":"closed","ping_status":"open","sticky":false,"template":"","format":"standard","meta":{"footnotes":""},"categories":[28],"tags":[],"yoast_head":"<!-- This site is optimized with the Yoast SEO plugin v22.2 - https:\/\/yoast.com\/wordpress\/plugins\/seo\/ -->\n<title>Lavoro, Cisl: Primi segnali positivi, ma servono misure per la ripresa entro fine anno -<\/title>\n<meta name=\"robots\" content=\"index, follow, max-snippet:-1, max-image-preview:large, max-video-preview:-1\" \/>\n<link rel=\"canonical\" href=\"http:\/\/www.italiaeconomiaonline.it\/web\/lavoro-cisl-primi-segnali-positivi-ma-servono-misure-per-la-ripresa-entro-fine-anno\/\" \/>\n<meta property=\"og:locale\" content=\"it_IT\" \/>\n<meta property=\"og:type\" content=\"article\" \/>\n<meta property=\"og:title\" content=\"Lavoro, Cisl: Primi segnali positivi, ma servono misure per la ripresa entro fine anno -\" \/>\n<meta property=\"og:description\" content=\"Da febbraio sono quasi mezzo milione gli occupati in meno, ma in luglio, dopo quattro mesi di calo, l&#8217;occupazione torna a crescere. Prosegue in contemporanea l&#8217;aumento dei disoccupati che rispecchia il calo degli inattivi: significa quindi che le persone ricominciano a cercare lavoro. Continua pure il recupero delle ore lavorate pro-capite, anche a causa della [&hellip;]\" \/>\n<meta property=\"og:url\" content=\"http:\/\/www.italiaeconomiaonline.it\/web\/lavoro-cisl-primi-segnali-positivi-ma-servono-misure-per-la-ripresa-entro-fine-anno\/\" \/>\n<meta property=\"og:site_name\" content=\"ItaliaEconomiaOnline\" \/>\n<meta property=\"article:published_time\" content=\"2020-09-01T22:11:19+00:00\" \/>\n<meta property=\"article:modified_time\" content=\"2020-09-01T22:11:31+00:00\" \/>\n<meta property=\"og:image\" content=\"http:\/\/www.italiaeconomiaonline.it\/web\/wp-content\/uploads\/2019\/06\/lavoro-3.jpg\" \/>\n\t<meta property=\"og:image:width\" content=\"960\" \/>\n\t<meta property=\"og:image:height\" content=\"640\" \/>\n\t<meta property=\"og:image:type\" content=\"image\/jpeg\" \/>\n<meta name=\"author\" content=\"ladyitaliaeconomia\" \/>\n<meta name=\"twitter:card\" content=\"summary_large_image\" \/>\n<meta name=\"twitter:label1\" content=\"Scritto da\" \/>\n\t<meta name=\"twitter:data1\" content=\"ladyitaliaeconomia\" \/>\n\t<meta name=\"twitter:label2\" content=\"Tempo di lettura stimato\" \/>\n\t<meta name=\"twitter:data2\" content=\"1 minuto\" \/>\n<script type=\"application\/ld+json\" class=\"yoast-schema-graph\">{\"@context\":\"https:\/\/schema.org\",\"@graph\":[{\"@type\":\"WebPage\",\"@id\":\"http:\/\/www.italiaeconomiaonline.it\/web\/lavoro-cisl-primi-segnali-positivi-ma-servono-misure-per-la-ripresa-entro-fine-anno\/\",\"url\":\"http:\/\/www.italiaeconomiaonline.it\/web\/lavoro-cisl-primi-segnali-positivi-ma-servono-misure-per-la-ripresa-entro-fine-anno\/\",\"name\":\"Lavoro, Cisl: Primi segnali positivi, ma servono misure per la ripresa entro fine anno -\",\"isPartOf\":{\"@id\":\"https:\/\/www.italiaeconomiaonline.it\/web\/#website\"},\"primaryImageOfPage\":{\"@id\":\"http:\/\/www.italiaeconomiaonline.it\/web\/lavoro-cisl-primi-segnali-positivi-ma-servono-misure-per-la-ripresa-entro-fine-anno\/#primaryimage\"},\"image\":{\"@id\":\"http:\/\/www.italiaeconomiaonline.it\/web\/lavoro-cisl-primi-segnali-positivi-ma-servono-misure-per-la-ripresa-entro-fine-anno\/#primaryimage\"},\"thumbnailUrl\":\"https:\/\/www.italiaeconomiaonline.it\/web\/wp-content\/uploads\/2019\/06\/lavoro-3.jpg\",\"datePublished\":\"2020-09-01T22:11:19+00:00\",\"dateModified\":\"2020-09-01T22:11:31+00:00\",\"author\":{\"@id\":\"https:\/\/www.italiaeconomiaonline.it\/web\/#\/schema\/person\/909a49cce752523b020fbc37d5ab1c31\"},\"breadcrumb\":{\"@id\":\"http:\/\/www.italiaeconomiaonline.it\/web\/lavoro-cisl-primi-segnali-positivi-ma-servono-misure-per-la-ripresa-entro-fine-anno\/#breadcrumb\"},\"inLanguage\":\"it-IT\",\"potentialAction\":[{\"@type\":\"ReadAction\",\"target\":[\"http:\/\/www.italiaeconomiaonline.it\/web\/lavoro-cisl-primi-segnali-positivi-ma-servono-misure-per-la-ripresa-entro-fine-anno\/\"]}]},{\"@type\":\"ImageObject\",\"inLanguage\":\"it-IT\",\"@id\":\"http:\/\/www.italiaeconomiaonline.it\/web\/lavoro-cisl-primi-segnali-positivi-ma-servono-misure-per-la-ripresa-entro-fine-anno\/#primaryimage\",\"url\":\"https:\/\/www.italiaeconomiaonline.it\/web\/wp-content\/uploads\/2019\/06\/lavoro-3.jpg\",\"contentUrl\":\"https:\/\/www.italiaeconomiaonline.it\/web\/wp-content\/uploads\/2019\/06\/lavoro-3.jpg\",\"width\":960,\"height\":640},{\"@type\":\"BreadcrumbList\",\"@id\":\"http:\/\/www.italiaeconomiaonline.it\/web\/lavoro-cisl-primi-segnali-positivi-ma-servono-misure-per-la-ripresa-entro-fine-anno\/#breadcrumb\",\"itemListElement\":[{\"@type\":\"ListItem\",\"position\":1,\"name\":\"Home\",\"item\":\"https:\/\/www.italiaeconomiaonline.it\/web\/\"},{\"@type\":\"ListItem\",\"position\":2,\"name\":\"Lavoro, Cisl: Primi segnali positivi, ma servono misure per la ripresa entro fine anno\"}]},{\"@type\":\"WebSite\",\"@id\":\"https:\/\/www.italiaeconomiaonline.it\/web\/#website\",\"url\":\"https:\/\/www.italiaeconomiaonline.it\/web\/\",\"name\":\"ItaliaEconomiaOnline\",\"description\":\"Quotidiano Economico Online\",\"potentialAction\":[{\"@type\":\"SearchAction\",\"target\":{\"@type\":\"EntryPoint\",\"urlTemplate\":\"https:\/\/www.italiaeconomiaonline.it\/web\/?s={search_term_string}\"},\"query-input\":\"required name=search_term_string\"}],\"inLanguage\":\"it-IT\"},{\"@type\":\"Person\",\"@id\":\"https:\/\/www.italiaeconomiaonline.it\/web\/#\/schema\/person\/909a49cce752523b020fbc37d5ab1c31\",\"name\":\"ladyitaliaeconomia\",\"image\":{\"@type\":\"ImageObject\",\"inLanguage\":\"it-IT\",\"@id\":\"https:\/\/www.italiaeconomiaonline.it\/web\/#\/schema\/person\/image\/\",\"url\":\"https:\/\/secure.gravatar.com\/avatar\/cedca10ce7416a579b9fa6bce9c0a8f2?s=96&d=mm&r=g\",\"contentUrl\":\"https:\/\/secure.gravatar.com\/avatar\/cedca10ce7416a579b9fa6bce9c0a8f2?s=96&d=mm&r=g\",\"caption\":\"ladyitaliaeconomia\"},\"url\":\"https:\/\/www.italiaeconomiaonline.it\/web\/author\/ladyitaliaeconomia\/\"}]}<\/script>\n<!-- \/ Yoast SEO plugin. -->","yoast_head_json":{"title":"Lavoro, Cisl: Primi segnali positivi, ma servono misure per la ripresa entro fine anno -","robots":{"index":"index","follow":"follow","max-snippet":"max-snippet:-1","max-image-preview":"max-image-preview:large","max-video-preview":"max-video-preview:-1"},"canonical":"http:\/\/www.italiaeconomiaonline.it\/web\/lavoro-cisl-primi-segnali-positivi-ma-servono-misure-per-la-ripresa-entro-fine-anno\/","og_locale":"it_IT","og_type":"article","og_title":"Lavoro, Cisl: Primi segnali positivi, ma servono misure per la ripresa entro fine anno -","og_description":"Da febbraio sono quasi mezzo milione gli occupati in meno, ma in luglio, dopo quattro mesi di calo, l&#8217;occupazione torna a crescere. Prosegue in contemporanea l&#8217;aumento dei disoccupati che rispecchia il calo degli inattivi: significa quindi che le persone ricominciano a cercare lavoro. Continua pure il recupero delle ore lavorate pro-capite, anche a causa della [&hellip;]","og_url":"http:\/\/www.italiaeconomiaonline.it\/web\/lavoro-cisl-primi-segnali-positivi-ma-servono-misure-per-la-ripresa-entro-fine-anno\/","og_site_name":"ItaliaEconomiaOnline","article_published_time":"2020-09-01T22:11:19+00:00","article_modified_time":"2020-09-01T22:11:31+00:00","og_image":[{"width":960,"height":640,"url":"http:\/\/www.italiaeconomiaonline.it\/web\/wp-content\/uploads\/2019\/06\/lavoro-3.jpg","type":"image\/jpeg"}],"author":"ladyitaliaeconomia","twitter_card":"summary_large_image","twitter_misc":{"Scritto da":"ladyitaliaeconomia","Tempo di lettura stimato":"1 minuto"},"schema":{"@context":"https:\/\/schema.org","@graph":[{"@type":"WebPage","@id":"http:\/\/www.italiaeconomiaonline.it\/web\/lavoro-cisl-primi-segnali-positivi-ma-servono-misure-per-la-ripresa-entro-fine-anno\/","url":"http:\/\/www.italiaeconomiaonline.it\/web\/lavoro-cisl-primi-segnali-positivi-ma-servono-misure-per-la-ripresa-entro-fine-anno\/","name":"Lavoro, Cisl: Primi segnali positivi, ma servono misure per la ripresa entro fine anno -","isPartOf":{"@id":"https:\/\/www.italiaeconomiaonline.it\/web\/#website"},"primaryImageOfPage":{"@id":"http:\/\/www.italiaeconomiaonline.it\/web\/lavoro-cisl-primi-segnali-positivi-ma-servono-misure-per-la-ripresa-entro-fine-anno\/#primaryimage"},"image":{"@id":"http:\/\/www.italiaeconomiaonline.it\/web\/lavoro-cisl-primi-segnali-positivi-ma-servono-misure-per-la-ripresa-entro-fine-anno\/#primaryimage"},"thumbnailUrl":"https:\/\/www.italiaeconomiaonline.it\/web\/wp-content\/uploads\/2019\/06\/lavoro-3.jpg","datePublished":"2020-09-01T22:11:19+00:00","dateModified":"2020-09-01T22:11:31+00:00","author":{"@id":"https:\/\/www.italiaeconomiaonline.it\/web\/#\/schema\/person\/909a49cce752523b020fbc37d5ab1c31"},"breadcrumb":{"@id":"http:\/\/www.italiaeconomiaonline.it\/web\/lavoro-cisl-primi-segnali-positivi-ma-servono-misure-per-la-ripresa-entro-fine-anno\/#breadcrumb"},"inLanguage":"it-IT","potentialAction":[{"@type":"ReadAction","target":["http:\/\/www.italiaeconomiaonline.it\/web\/lavoro-cisl-primi-segnali-positivi-ma-servono-misure-per-la-ripresa-entro-fine-anno\/"]}]},{"@type":"ImageObject","inLanguage":"it-IT","@id":"http:\/\/www.italiaeconomiaonline.it\/web\/lavoro-cisl-primi-segnali-positivi-ma-servono-misure-per-la-ripresa-entro-fine-anno\/#primaryimage","url":"https:\/\/www.italiaeconomiaonline.it\/web\/wp-content\/uploads\/2019\/06\/lavoro-3.jpg","contentUrl":"https:\/\/www.italiaeconomiaonline.it\/web\/wp-content\/uploads\/2019\/06\/lavoro-3.jpg","width":960,"height":640},{"@type":"BreadcrumbList","@id":"http:\/\/www.italiaeconomiaonline.it\/web\/lavoro-cisl-primi-segnali-positivi-ma-servono-misure-per-la-ripresa-entro-fine-anno\/#breadcrumb","itemListElement":[{"@type":"ListItem","position":1,"name":"Home","item":"https:\/\/www.italiaeconomiaonline.it\/web\/"},{"@type":"ListItem","position":2,"name":"Lavoro, Cisl: Primi segnali positivi, ma servono misure per la ripresa entro fine anno"}]},{"@type":"WebSite","@id":"https:\/\/www.italiaeconomiaonline.it\/web\/#website","url":"https:\/\/www.italiaeconomiaonline.it\/web\/","name":"ItaliaEconomiaOnline","description":"Quotidiano Economico Online","potentialAction":[{"@type":"SearchAction","target":{"@type":"EntryPoint","urlTemplate":"https:\/\/www.italiaeconomiaonline.it\/web\/?s={search_term_string}"},"query-input":"required name=search_term_string"}],"inLanguage":"it-IT"},{"@type":"Person","@id":"https:\/\/www.italiaeconomiaonline.it\/web\/#\/schema\/person\/909a49cce752523b020fbc37d5ab1c31","name":"ladyitaliaeconomia","image":{"@type":"ImageObject","inLanguage":"it-IT","@id":"https:\/\/www.italiaeconomiaonline.it\/web\/#\/schema\/person\/image\/","url":"https:\/\/secure.gravatar.com\/avatar\/cedca10ce7416a579b9fa6bce9c0a8f2?s=96&d=mm&r=g","contentUrl":"https:\/\/secure.gravatar.com\/avatar\/cedca10ce7416a579b9fa6bce9c0a8f2?s=96&d=mm&r=g","caption":"ladyitaliaeconomia"},"url":"https:\/\/www.italiaeconomiaonline.it\/web\/author\/ladyitaliaeconomia\/"}]}},"_links":{"self":[{"href":"https:\/\/www.italiaeconomiaonline.it\/web\/wp-json\/wp\/v2\/posts\/4030"}],"collection":[{"href":"https:\/\/www.italiaeconomiaonline.it\/web\/wp-json\/wp\/v2\/posts"}],"about":[{"href":"https:\/\/www.italiaeconomiaonline.it\/web\/wp-json\/wp\/v2\/types\/post"}],"author":[{"embeddable":true,"href":"https:\/\/www.italiaeconomiaonline.it\/web\/wp-json\/wp\/v2\/users\/1"}],"replies":[{"embeddable":true,"href":"https:\/\/www.italiaeconomiaonline.it\/web\/wp-json\/wp\/v2\/comments?post=4030"}],"version-history":[{"count":2,"href":"https:\/\/www.italiaeconomiaonline.it\/web\/wp-json\/wp\/v2\/posts\/4030\/revisions"}],"predecessor-version":[{"id":4032,"href":"https:\/\/www.italiaeconomiaonline.it\/web\/wp-json\/wp\/v2\/posts\/4030\/revisions\/4032"}],"wp:featuredmedia":[{"embeddable":true,"href":"https:\/\/www.italiaeconomiaonline.it\/web\/wp-json\/wp\/v2\/media\/1123"}],"wp:attachment":[{"href":"https:\/\/www.italiaeconomiaonline.it\/web\/wp-json\/wp\/v2\/media?parent=4030"}],"wp:term":[{"taxonomy":"category","embeddable":true,"href":"https:\/\/www.italiaeconomiaonline.it\/web\/wp-json\/wp\/v2\/categories?post=4030"},{"taxonomy":"post_tag","embeddable":true,"href":"https:\/\/www.italiaeconomiaonline.it\/web\/wp-json\/wp\/v2\/tags?post=4030"}],"curies":[{"name":"wp","href":"https:\/\/api.w.org\/{rel}","templated":true}]}}