{"id":4045,"date":"2020-09-04T08:12:50","date_gmt":"2020-09-04T06:12:50","guid":{"rendered":"http:\/\/www.italiaeconomiaonline.it\/web\/?p=4045"},"modified":"2020-09-04T08:12:50","modified_gmt":"2020-09-04T06:12:50","slug":"coronavirus-nellultima-settimana-ulteriore-aumento-di-pazienti-ricoverati-e-in-terapia-intensiva","status":"publish","type":"post","link":"https:\/\/www.italiaeconomiaonline.it\/web\/coronavirus-nellultima-settimana-ulteriore-aumento-di-pazienti-ricoverati-e-in-terapia-intensiva\/","title":{"rendered":"Coronavirus, nell\u2019ultima settimana ulteriore aumento di pazienti ricoverati  e in terapia intensiva"},"content":{"rendered":"<p><span class=\"dropcap dropcap3\">I<\/span>l monitoraggio indipendente della Fondazione GIMBE registra nella settimana 26 agosto-1 settembre, rispetto alla precedente, un incremento del 37,9% dei nuovi casi (9.015 vs 6.538) e del 52,2% dei casi attualmente positivi (7.040 vs 4.625). Aumentano anche i pazienti ricoverati con sintomi (1.380 vs 1.058) e quelli in terapia intensiva (107 vs 66). Lieve incremento dei decessi (46 vs 40).<\/p>\n<p>In dettaglio, rispetto alla settimana precedente, si registrano le seguenti variazioni:<br \/>\nDecessi: +6 (+15%)<br \/>\nTerapia intensiva: +41 (+62,1%)<br \/>\nRicoverati con sintomi: +322 (+30,4%)<br \/>\nNuovi casi: 9.015 (+37,9%)<br \/>\nCasi attualmente positivi: +7.040 (+ 52,2%)<br \/>\nCasi testati +86.515 (+28%)<br \/>\nTamponi totali: +116.184 (+24%)<\/p>\n<p>\u00abNell\u2019ultima settimana \u2013 afferma Nino Cartabellotta, Presidente della Fondazione GIMBE \u2013 continua l\u2019ascesa del numero di nuovi casi e delle persone attualmente positive, conseguente sia all\u2019incremento dei casi testati, sia al costante aumento del rapporto positivi\/casi testati. Inoltre, si consolida il trend in aumento delle ospedalizzazioni con sintomi e si impenna quello dei pazienti in terapia intensiva. Si tratta di segnali che vanno tutti nella direzione di una ripresa dell\u2019epidemia nel nostro Paese, sia in termini epidemiologici che di manifestazioni cliniche, proprio alla vigilia del momento cruciale della riapertura delle scuole\u00bb.<\/p>\n<p>Nel quadro di una circolazione endemica del virus l\u2019aumento progressivo dei focolai provoca una crescita esponenziale dei nuovi casi, prevalentemente autoctoni, in parte da rientro di vacanzieri e, in misura nettamente minore, di importazione da stranieri. Infatti, da 1.408 nuovi casi riportati nella settimana 15-21 luglio siamo passati a 9.015 nuovi casi di quella 26 agosto-1 settembre, con un incremento del rapporto positivi\/casi testati che \u00e8 schizzato dallo 0,8% al 2,3% .<\/p>\n<p>\u00abSecondo le ben note dinamiche dell\u2019epidemia, l\u2019impennata della curva dei contagi \u2013 precisa il Presidente \u2013 si riflette in maniera sempre pi\u00f9 evidente sull\u2019aumento dei pazienti ospedalizzati\u00bb. Infatti, dal 21 luglio al 1 settembre i ricoverati con sintomi sono aumentati da 732 a 1.380 e le terapie intensive da 49 a 107 . \u00abSe fortunatamente i numeri sono ancora esigui \u2013 puntualizza Cartabellotta \u2013 e non configurano alcun segnale di sovraccarico dei servizi ospedalieri, il trend in costante aumento insieme all\u2019incremento dei contagi invitano a mantenere la guardia molto alta nelle prossime settimane\u00bb.<\/p>\n<p>Sui nuovi casi si confermano le ampie variabilit\u00e0 regionali (tabella): 3 Regioni fanno registrare una esigua riduzione (-111); nelle rimanenti si attesta un aumento complessivo di 2.588 nuovi casi, con un range che varia dai 700 della Lombardia ai 2 del Molise.<br \/>\nDei 26.754 casi attivi al 1 settembre, il 50,2% si concentra in tre Regioni: Lombardia (7.082), Lazio (3.285), Emilia-Romagna (3.061). Un ulteriore 41,9% si distribuisce tra Veneto (2.460), Campania (2.292), Toscana (1.581), Piemonte (1.464), Sicilia (1.152), Puglia (860), Sardegna (837), Liguria (560).<\/p>\n<p>I rimanenti 2.120 casi (7,9%) si collocano nelle restanti 8 Regioni e 2 Province autonome con un range che varia dai 30 della Valle d\u2019Aosta ai 406 dell\u2019Abruzzo.<\/p>\n<p>\u00abDavanti a questi numeri in preoccupante e indiscutibile ascesa \u2013 conclude Cartabellotta \u2013 non possono essere pi\u00f9 tollerati comportamenti individuali irresponsabili, esempi scellerati di cattivi maestri, n\u00e9 tantomeno correnti antiscientiste e manifestazioni di piazza che, sotto il falso scudo della libert\u00e0, mettono a repentaglio la salute della popolazione. Accanto al richiamo alle Istituzioni affinch\u00e9 vigilino e sanzionino ogni forma di \u201cattentato\u201d alla salute pubblica, la Fondazione GIMBE rinnova alla popolazione l\u2019invito a rispettare tutti i comportamenti raccomandati. Alle autorit\u00e0 sanitarie il compito di potenziare ulteriormente l\u2019attivit\u00e0 di testing, sorveglianza e comunicazione pubblica, oltre che accelerare la messa a punto di un piano adeguato per gestire la difficile \u201cconvivenza\u201d tra coronavirus e influenza stagionale\u00bb.<\/p>\n<p>&nbsp;<\/p>\n<p>&nbsp;<\/p>\n<p>&nbsp;<\/p>\n<p>&nbsp;<\/p>\n<p>&nbsp;<\/p>\n","protected":false},"excerpt":{"rendered":"<p>Il monitoraggio indipendente della Fondazione GIMBE registra nella settimana 26 agosto-1 settembre, rispetto alla precedente, un incremento del 37,9% dei nuovi casi (9.015 vs 6.538) e del 52,2% dei casi attualmente positivi (7.040 vs 4.625). Aumentano anche i pazienti ricoverati con sintomi (1.380 vs 1.058) e quelli in terapia intensiva (107 vs 66). Lieve incremento [&hellip;]<\/p>\n","protected":false},"author":1,"featured_media":2444,"comment_status":"closed","ping_status":"open","sticky":false,"template":"","format":"standard","meta":{"footnotes":""},"categories":[128],"tags":[877,880],"yoast_head":"<!-- This site is optimized with the Yoast SEO plugin v22.2 - https:\/\/yoast.com\/wordpress\/plugins\/seo\/ -->\n<title>Coronavirus, nell\u2019ultima settimana ulteriore aumento di pazienti ricoverati e in terapia intensiva -<\/title>\n<meta name=\"robots\" content=\"index, follow, max-snippet:-1, max-image-preview:large, max-video-preview:-1\" \/>\n<link rel=\"canonical\" href=\"https:\/\/www.italiaeconomiaonline.it\/web\/coronavirus-nellultima-settimana-ulteriore-aumento-di-pazienti-ricoverati-e-in-terapia-intensiva\/\" \/>\n<meta property=\"og:locale\" content=\"it_IT\" \/>\n<meta property=\"og:type\" content=\"article\" \/>\n<meta property=\"og:title\" content=\"Coronavirus, nell\u2019ultima settimana ulteriore aumento di pazienti ricoverati e in terapia intensiva -\" \/>\n<meta property=\"og:description\" content=\"Il monitoraggio indipendente della Fondazione GIMBE registra nella settimana 26 agosto-1 settembre, rispetto alla precedente, un incremento del 37,9% dei nuovi casi (9.015 vs 6.538) e del 52,2% dei casi attualmente positivi (7.040 vs 4.625). Aumentano anche i pazienti ricoverati con sintomi (1.380 vs 1.058) e quelli in terapia intensiva (107 vs 66). Lieve incremento [&hellip;]\" \/>\n<meta property=\"og:url\" content=\"https:\/\/www.italiaeconomiaonline.it\/web\/coronavirus-nellultima-settimana-ulteriore-aumento-di-pazienti-ricoverati-e-in-terapia-intensiva\/\" \/>\n<meta property=\"og:site_name\" content=\"ItaliaEconomiaOnline\" \/>\n<meta property=\"article:published_time\" content=\"2020-09-04T06:12:50+00:00\" \/>\n<meta property=\"og:image\" content=\"https:\/\/www.italiaeconomiaonline.it\/web\/wp-content\/uploads\/2020\/02\/coronavirus800.jpg\" \/>\n\t<meta property=\"og:image:width\" content=\"800\" \/>\n\t<meta property=\"og:image:height\" content=\"533\" \/>\n\t<meta property=\"og:image:type\" content=\"image\/jpeg\" \/>\n<meta name=\"author\" content=\"ladyitaliaeconomia\" \/>\n<meta name=\"twitter:card\" content=\"summary_large_image\" \/>\n<meta name=\"twitter:label1\" content=\"Scritto da\" \/>\n\t<meta name=\"twitter:data1\" content=\"ladyitaliaeconomia\" \/>\n\t<meta name=\"twitter:label2\" content=\"Tempo di lettura stimato\" \/>\n\t<meta name=\"twitter:data2\" content=\"3 minuti\" \/>\n<script type=\"application\/ld+json\" class=\"yoast-schema-graph\">{\"@context\":\"https:\/\/schema.org\",\"@graph\":[{\"@type\":\"WebPage\",\"@id\":\"https:\/\/www.italiaeconomiaonline.it\/web\/coronavirus-nellultima-settimana-ulteriore-aumento-di-pazienti-ricoverati-e-in-terapia-intensiva\/\",\"url\":\"https:\/\/www.italiaeconomiaonline.it\/web\/coronavirus-nellultima-settimana-ulteriore-aumento-di-pazienti-ricoverati-e-in-terapia-intensiva\/\",\"name\":\"Coronavirus, nell\u2019ultima settimana ulteriore aumento di pazienti ricoverati e in terapia intensiva -\",\"isPartOf\":{\"@id\":\"https:\/\/www.italiaeconomiaonline.it\/web\/#website\"},\"primaryImageOfPage\":{\"@id\":\"https:\/\/www.italiaeconomiaonline.it\/web\/coronavirus-nellultima-settimana-ulteriore-aumento-di-pazienti-ricoverati-e-in-terapia-intensiva\/#primaryimage\"},\"image\":{\"@id\":\"https:\/\/www.italiaeconomiaonline.it\/web\/coronavirus-nellultima-settimana-ulteriore-aumento-di-pazienti-ricoverati-e-in-terapia-intensiva\/#primaryimage\"},\"thumbnailUrl\":\"https:\/\/www.italiaeconomiaonline.it\/web\/wp-content\/uploads\/2020\/02\/coronavirus800.jpg\",\"datePublished\":\"2020-09-04T06:12:50+00:00\",\"dateModified\":\"2020-09-04T06:12:50+00:00\",\"author\":{\"@id\":\"https:\/\/www.italiaeconomiaonline.it\/web\/#\/schema\/person\/909a49cce752523b020fbc37d5ab1c31\"},\"breadcrumb\":{\"@id\":\"https:\/\/www.italiaeconomiaonline.it\/web\/coronavirus-nellultima-settimana-ulteriore-aumento-di-pazienti-ricoverati-e-in-terapia-intensiva\/#breadcrumb\"},\"inLanguage\":\"it-IT\",\"potentialAction\":[{\"@type\":\"ReadAction\",\"target\":[\"https:\/\/www.italiaeconomiaonline.it\/web\/coronavirus-nellultima-settimana-ulteriore-aumento-di-pazienti-ricoverati-e-in-terapia-intensiva\/\"]}]},{\"@type\":\"ImageObject\",\"inLanguage\":\"it-IT\",\"@id\":\"https:\/\/www.italiaeconomiaonline.it\/web\/coronavirus-nellultima-settimana-ulteriore-aumento-di-pazienti-ricoverati-e-in-terapia-intensiva\/#primaryimage\",\"url\":\"https:\/\/www.italiaeconomiaonline.it\/web\/wp-content\/uploads\/2020\/02\/coronavirus800.jpg\",\"contentUrl\":\"https:\/\/www.italiaeconomiaonline.it\/web\/wp-content\/uploads\/2020\/02\/coronavirus800.jpg\",\"width\":800,\"height\":533,\"caption\":\"coronavirus\"},{\"@type\":\"BreadcrumbList\",\"@id\":\"https:\/\/www.italiaeconomiaonline.it\/web\/coronavirus-nellultima-settimana-ulteriore-aumento-di-pazienti-ricoverati-e-in-terapia-intensiva\/#breadcrumb\",\"itemListElement\":[{\"@type\":\"ListItem\",\"position\":1,\"name\":\"Home\",\"item\":\"https:\/\/www.italiaeconomiaonline.it\/web\/\"},{\"@type\":\"ListItem\",\"position\":2,\"name\":\"Coronavirus, nell\u2019ultima settimana ulteriore aumento di pazienti ricoverati e in terapia intensiva\"}]},{\"@type\":\"WebSite\",\"@id\":\"https:\/\/www.italiaeconomiaonline.it\/web\/#website\",\"url\":\"https:\/\/www.italiaeconomiaonline.it\/web\/\",\"name\":\"ItaliaEconomiaOnline\",\"description\":\"Quotidiano Economico Online\",\"potentialAction\":[{\"@type\":\"SearchAction\",\"target\":{\"@type\":\"EntryPoint\",\"urlTemplate\":\"https:\/\/www.italiaeconomiaonline.it\/web\/?s={search_term_string}\"},\"query-input\":\"required name=search_term_string\"}],\"inLanguage\":\"it-IT\"},{\"@type\":\"Person\",\"@id\":\"https:\/\/www.italiaeconomiaonline.it\/web\/#\/schema\/person\/909a49cce752523b020fbc37d5ab1c31\",\"name\":\"ladyitaliaeconomia\",\"image\":{\"@type\":\"ImageObject\",\"inLanguage\":\"it-IT\",\"@id\":\"https:\/\/www.italiaeconomiaonline.it\/web\/#\/schema\/person\/image\/\",\"url\":\"https:\/\/secure.gravatar.com\/avatar\/cedca10ce7416a579b9fa6bce9c0a8f2?s=96&d=mm&r=g\",\"contentUrl\":\"https:\/\/secure.gravatar.com\/avatar\/cedca10ce7416a579b9fa6bce9c0a8f2?s=96&d=mm&r=g\",\"caption\":\"ladyitaliaeconomia\"},\"url\":\"https:\/\/www.italiaeconomiaonline.it\/web\/author\/ladyitaliaeconomia\/\"}]}<\/script>\n<!-- \/ Yoast SEO plugin. -->","yoast_head_json":{"title":"Coronavirus, nell\u2019ultima settimana ulteriore aumento di pazienti ricoverati e in terapia intensiva -","robots":{"index":"index","follow":"follow","max-snippet":"max-snippet:-1","max-image-preview":"max-image-preview:large","max-video-preview":"max-video-preview:-1"},"canonical":"https:\/\/www.italiaeconomiaonline.it\/web\/coronavirus-nellultima-settimana-ulteriore-aumento-di-pazienti-ricoverati-e-in-terapia-intensiva\/","og_locale":"it_IT","og_type":"article","og_title":"Coronavirus, nell\u2019ultima settimana ulteriore aumento di pazienti ricoverati e in terapia intensiva -","og_description":"Il monitoraggio indipendente della Fondazione GIMBE registra nella settimana 26 agosto-1 settembre, rispetto alla precedente, un incremento del 37,9% dei nuovi casi (9.015 vs 6.538) e del 52,2% dei casi attualmente positivi (7.040 vs 4.625). Aumentano anche i pazienti ricoverati con sintomi (1.380 vs 1.058) e quelli in terapia intensiva (107 vs 66). Lieve incremento [&hellip;]","og_url":"https:\/\/www.italiaeconomiaonline.it\/web\/coronavirus-nellultima-settimana-ulteriore-aumento-di-pazienti-ricoverati-e-in-terapia-intensiva\/","og_site_name":"ItaliaEconomiaOnline","article_published_time":"2020-09-04T06:12:50+00:00","og_image":[{"width":800,"height":533,"url":"https:\/\/www.italiaeconomiaonline.it\/web\/wp-content\/uploads\/2020\/02\/coronavirus800.jpg","type":"image\/jpeg"}],"author":"ladyitaliaeconomia","twitter_card":"summary_large_image","twitter_misc":{"Scritto da":"ladyitaliaeconomia","Tempo di lettura stimato":"3 minuti"},"schema":{"@context":"https:\/\/schema.org","@graph":[{"@type":"WebPage","@id":"https:\/\/www.italiaeconomiaonline.it\/web\/coronavirus-nellultima-settimana-ulteriore-aumento-di-pazienti-ricoverati-e-in-terapia-intensiva\/","url":"https:\/\/www.italiaeconomiaonline.it\/web\/coronavirus-nellultima-settimana-ulteriore-aumento-di-pazienti-ricoverati-e-in-terapia-intensiva\/","name":"Coronavirus, nell\u2019ultima settimana ulteriore aumento di pazienti ricoverati e in terapia intensiva -","isPartOf":{"@id":"https:\/\/www.italiaeconomiaonline.it\/web\/#website"},"primaryImageOfPage":{"@id":"https:\/\/www.italiaeconomiaonline.it\/web\/coronavirus-nellultima-settimana-ulteriore-aumento-di-pazienti-ricoverati-e-in-terapia-intensiva\/#primaryimage"},"image":{"@id":"https:\/\/www.italiaeconomiaonline.it\/web\/coronavirus-nellultima-settimana-ulteriore-aumento-di-pazienti-ricoverati-e-in-terapia-intensiva\/#primaryimage"},"thumbnailUrl":"https:\/\/www.italiaeconomiaonline.it\/web\/wp-content\/uploads\/2020\/02\/coronavirus800.jpg","datePublished":"2020-09-04T06:12:50+00:00","dateModified":"2020-09-04T06:12:50+00:00","author":{"@id":"https:\/\/www.italiaeconomiaonline.it\/web\/#\/schema\/person\/909a49cce752523b020fbc37d5ab1c31"},"breadcrumb":{"@id":"https:\/\/www.italiaeconomiaonline.it\/web\/coronavirus-nellultima-settimana-ulteriore-aumento-di-pazienti-ricoverati-e-in-terapia-intensiva\/#breadcrumb"},"inLanguage":"it-IT","potentialAction":[{"@type":"ReadAction","target":["https:\/\/www.italiaeconomiaonline.it\/web\/coronavirus-nellultima-settimana-ulteriore-aumento-di-pazienti-ricoverati-e-in-terapia-intensiva\/"]}]},{"@type":"ImageObject","inLanguage":"it-IT","@id":"https:\/\/www.italiaeconomiaonline.it\/web\/coronavirus-nellultima-settimana-ulteriore-aumento-di-pazienti-ricoverati-e-in-terapia-intensiva\/#primaryimage","url":"https:\/\/www.italiaeconomiaonline.it\/web\/wp-content\/uploads\/2020\/02\/coronavirus800.jpg","contentUrl":"https:\/\/www.italiaeconomiaonline.it\/web\/wp-content\/uploads\/2020\/02\/coronavirus800.jpg","width":800,"height":533,"caption":"coronavirus"},{"@type":"BreadcrumbList","@id":"https:\/\/www.italiaeconomiaonline.it\/web\/coronavirus-nellultima-settimana-ulteriore-aumento-di-pazienti-ricoverati-e-in-terapia-intensiva\/#breadcrumb","itemListElement":[{"@type":"ListItem","position":1,"name":"Home","item":"https:\/\/www.italiaeconomiaonline.it\/web\/"},{"@type":"ListItem","position":2,"name":"Coronavirus, nell\u2019ultima settimana ulteriore aumento di pazienti ricoverati e in terapia intensiva"}]},{"@type":"WebSite","@id":"https:\/\/www.italiaeconomiaonline.it\/web\/#website","url":"https:\/\/www.italiaeconomiaonline.it\/web\/","name":"ItaliaEconomiaOnline","description":"Quotidiano Economico Online","potentialAction":[{"@type":"SearchAction","target":{"@type":"EntryPoint","urlTemplate":"https:\/\/www.italiaeconomiaonline.it\/web\/?s={search_term_string}"},"query-input":"required name=search_term_string"}],"inLanguage":"it-IT"},{"@type":"Person","@id":"https:\/\/www.italiaeconomiaonline.it\/web\/#\/schema\/person\/909a49cce752523b020fbc37d5ab1c31","name":"ladyitaliaeconomia","image":{"@type":"ImageObject","inLanguage":"it-IT","@id":"https:\/\/www.italiaeconomiaonline.it\/web\/#\/schema\/person\/image\/","url":"https:\/\/secure.gravatar.com\/avatar\/cedca10ce7416a579b9fa6bce9c0a8f2?s=96&d=mm&r=g","contentUrl":"https:\/\/secure.gravatar.com\/avatar\/cedca10ce7416a579b9fa6bce9c0a8f2?s=96&d=mm&r=g","caption":"ladyitaliaeconomia"},"url":"https:\/\/www.italiaeconomiaonline.it\/web\/author\/ladyitaliaeconomia\/"}]}},"_links":{"self":[{"href":"https:\/\/www.italiaeconomiaonline.it\/web\/wp-json\/wp\/v2\/posts\/4045"}],"collection":[{"href":"https:\/\/www.italiaeconomiaonline.it\/web\/wp-json\/wp\/v2\/posts"}],"about":[{"href":"https:\/\/www.italiaeconomiaonline.it\/web\/wp-json\/wp\/v2\/types\/post"}],"author":[{"embeddable":true,"href":"https:\/\/www.italiaeconomiaonline.it\/web\/wp-json\/wp\/v2\/users\/1"}],"replies":[{"embeddable":true,"href":"https:\/\/www.italiaeconomiaonline.it\/web\/wp-json\/wp\/v2\/comments?post=4045"}],"version-history":[{"count":1,"href":"https:\/\/www.italiaeconomiaonline.it\/web\/wp-json\/wp\/v2\/posts\/4045\/revisions"}],"predecessor-version":[{"id":4046,"href":"https:\/\/www.italiaeconomiaonline.it\/web\/wp-json\/wp\/v2\/posts\/4045\/revisions\/4046"}],"wp:featuredmedia":[{"embeddable":true,"href":"https:\/\/www.italiaeconomiaonline.it\/web\/wp-json\/wp\/v2\/media\/2444"}],"wp:attachment":[{"href":"https:\/\/www.italiaeconomiaonline.it\/web\/wp-json\/wp\/v2\/media?parent=4045"}],"wp:term":[{"taxonomy":"category","embeddable":true,"href":"https:\/\/www.italiaeconomiaonline.it\/web\/wp-json\/wp\/v2\/categories?post=4045"},{"taxonomy":"post_tag","embeddable":true,"href":"https:\/\/www.italiaeconomiaonline.it\/web\/wp-json\/wp\/v2\/tags?post=4045"}],"curies":[{"name":"wp","href":"https:\/\/api.w.org\/{rel}","templated":true}]}}