{"id":4076,"date":"2020-09-08T19:00:55","date_gmt":"2020-09-08T17:00:55","guid":{"rendered":"http:\/\/www.italiaeconomiaonline.it\/web\/?p=4076"},"modified":"2020-09-08T19:00:55","modified_gmt":"2020-09-08T17:00:55","slug":"la-lotta-allinquinamento-e-al-cambiamento-climatico-in-europa-migliorera-salute-e-benessere","status":"publish","type":"post","link":"https:\/\/www.italiaeconomiaonline.it\/web\/la-lotta-allinquinamento-e-al-cambiamento-climatico-in-europa-migliorera-salute-e-benessere\/","title":{"rendered":"La lotta all&#8217;inquinamento e al cambiamento climatico in Europa migliorer\u00e0 salute e benessere"},"content":{"rendered":"<p><span class=\"dropcap dropcap3\">I<\/span>n Europa, l&#8217;inquinamento atmosferico e acustico, gli effetti del cambiamento climatico come le ondate di calore e l&#8217;esposizione a sostanze chimiche pericolose provocano problemi di salute.<\/p>\n<p>La scarsa qualit\u00e0 ambientale contribuisce al 13\u00a0% dei decessi, secondo un&#8217;importante valutazione sulla salute e sull&#8217;ambiente pubblicata oggi dall&#8217;Agenzia europea dell&#8217;ambiente (AEA).<strong>\u00a0<\/strong><\/p>\n<p>Il miglioramento della salute e del benessere dei cittadini dell&#8217;Unione europea \u00e8 pi\u00f9 importante che mai e al momento l&#8217;attenzione \u00e8 rivolta alla gestione della pandemia di COVID-19. La pandemia rappresenta un esempio estremo dei complessi legami tra l&#8217;ambiente, i nostri sistemi sociali e la nostra salute.<\/p>\n<p>Secondo la relazione dell&#8217;AEA \u00ab<a href=\"https:\/\/www.eea.europa.eu\/publications\/healthy-environment-healthy-lives\">Healthy environment, healthy lives: how the environment influences health and well-being in Europe<\/a>\u00bb (Ambiente sano, vita sana: come l&#8217;ambiente influenza la salute e il benessere in Europa), una parte significativa dei problemi di salute in Europa \u00e8 ancora attribuibile all&#8217;inquinamento ambientale derivante dalle attivit\u00e0 umane.<\/p>\n<p>La relazione, che attinge ampiamente dai dati forniti dall&#8217;Organizzazione mondiale della sanit\u00e0 sulle cause dei decessi e delle malattie, sottolinea in che modo la qualit\u00e0 dell&#8217;ambiente in Europa riveste un ruolo chiave per la nostra salute e il nostro benessere, evidenziando come le deprivazioni sociali, i comportamenti poco salutari e i mutamenti demografici in Europa influiscano sulla salute ambientale, interessando maggiormente le fasce pi\u00f9 vulnerabili della popolazione.<\/p>\n<p>\u00ab<em>Esiste un chiaro legame tra lo stato dell&#8217;ambiente e la salute della nostra popolazione. Tutti devono capire che se ci prendiamo cura del nostro pianeta non salviamo solo gli ecosistemi, ma anche la vita delle persone, in particolare di chi \u00e8 pi\u00f9 vulnerabile. L&#8217;Unione europea \u00e8 impegnata a seguire questo approccio e, grazie alla nuova strategia sulla biodiversit\u00e0, al piano d&#8217;azione per l&#8217;economia circolare e ad altre nuove iniziative, siamo in cammino per costruire un&#8217;Europa pi\u00f9 resiliente e pi\u00f9 sana per i suoi cittadini e non solo<\/em>\u00bb, ha dichiarato Virginijus <strong>Sinkevi\u010dius<\/strong>, commissario per l&#8217;Ambiente, gli oceani e la pesca.<\/p>\n<p>\u00ab<em>La COVID-19 \u00e8 stata un altro campanello d&#8217;allarme e ci ha resi profondamente consapevoli della relazione tra i nostri ecosistemi e la nostra salute, nonch\u00e9 della necessit\u00e0 di guardare in faccia la realt\u00e0: i nostri modi di vivere, di consumare e di produrre generano effetti dannosi sul clima e sulla nostra salute. Con la nostra strategia \u201cDal produttore al consumatore\u201d a sostegno di un&#8217;alimentazione sostenibile e sana e con il futuro piano europeo di lotta contro il cancro, ci siamo assunti un impegno consistente per tutelare la salute dei nostri cittadini e del nostro pianeta<\/em>\u00bb, ha affermato Stella <strong>Kyriakides<\/strong>, commissaria per la Salute e la sicurezza alimentare.<\/p>\n<p>\u00ab<em>Stiamo assistendo a miglioramenti nello stato dell&#8217;ambiente in Europa e a una chiara attenzione verso il Green Deal per un futuro sostenibile; tuttavia la relazione rivela la necessit\u00e0 di adottare misure decisive per proteggere le persone pi\u00f9 vulnerabili nella nostra societ\u00e0, poich\u00e9 la povert\u00e0 spesso si accompagna a condizioni ambientali e sanitarie precarie. La gestione di queste interconnessioni deve rientrare in un approccio integrato verso un&#8217;Europa pi\u00f9 inclusiva e sostenibile<\/em>\u00bb, ha affermato Hans Bruyninckx, direttore esecutivo dell&#8217;AEA.<\/p>\n<p><strong>Risultati principali<\/strong><\/p>\n<ul>\n<li>L&#8217;inquinamento dell&#8217;aria resta la principale minaccia alla salute in Europa ed \u00e8 responsabile di oltre 400\u00a0000\u00a0morti premature all&#8217;anno nell&#8217;UE. Seguono l&#8217;inquinamento acustico, che contribuisce a 12\u00a0000\u00a0morti premature, e gli effetti del cambiamento climatico, in particolare le ondate di calore.<\/li>\n<li>Il carico di inquinamento e cambiamento climatico assume proporzioni diverse in Europa e si notano differenze nette tra i paesi dell&#8217;Europa orientale e occidentale. La maggior parte delle morti a livello nazionale (27\u00a0%) \u00e8 attribuibile all&#8217;ambiente in Bosnia-Erzegovina, mentre i tassi pi\u00f9 bassi si registrano in Islanda e in Norvegia (9\u00a0%).<\/li>\n<li>Le comunit\u00e0 che presentano carenze sociali normalmente si trovano a lottare contemporaneamente con povert\u00e0, qualit\u00e0 dell&#8217;ambiente scadente e problemi di salute. Le comunit\u00e0 pi\u00f9 povere spesso sono esposte a livelli superiori di inquinamento e rumore e a temperature elevate, mentre le condizioni di salute preesistenti aumentano la vulnerabilit\u00e0 ai pericoli per la salute di origine ambientale. \u00c8 necessario attuare interventi mirati per migliorare le condizioni ambientali delle persone pi\u00f9 vulnerabili in Europa.<\/li>\n<li>I cittadini sono esposti a molteplici rischi in ogni momento, tra cui inquinamento dell&#8217;aria, dell&#8217;acqua e acustico, nonch\u00e9 a sostanze chimiche, che si combinano e in alcuni casi agiscono contemporaneamente con conseguenze sulla salute. Le citt\u00e0 europee sono particolarmente vulnerabili a questa molteplicit\u00e0 di minacce e al contempo offrono meno opportunit\u00e0 di accesso a spazi verdi e blu, ossia spazi in prossimit\u00e0 dell&#8217;acqua.<\/li>\n<li>Una ricerca in corso sta indagando i legami tra l&#8217;attuale pandemia di COVID-19 e le dimensioni ambientali. Si ritiene che il virus responsabile della COVID-19 abbia \u00abfatto un salto di specie\u00bb dagli animali agli esseri umani, un risultato imprevisto della pressione che i consumi sempre maggiori esercitano sui nostri sistemi naturali. Per quanto riguarda l&#8217;impatto che la COVID-19 ha sulle comunit\u00e0, i primi dati suggeriscono che l&#8217;inquinamento dell&#8217;aria e la povert\u00e0 possano essere collegati a tassi di mortalit\u00e0 maggiori. In base a una valutazione iniziale della relazione, per chiarire queste interazioni sono necessari ulteriori studi.<\/li>\n<\/ul>\n<p><strong>Una migliore integrazione delle politiche e un aumento degli spazi verdi e blu come parte fondamentale della soluzione<\/strong><\/p>\n<p>La relazione evidenzia la necessit\u00e0 di mettere in atto un approccio integrato alle politiche ambientali e sanitarie per contrastare i rischi ambientali, proteggere le persone pi\u00f9 vulnerabili e sfruttare i benefici offerti dalla natura a supporto della salute e del benessere.<\/p>\n<p>Un ambiente naturale sano costituisce un meccanismo strategico per l&#8217;erogazione di servizi di sanit\u00e0 pubblica, perch\u00e9 riduce le malattie e promuove la salute e il benessere. Con l&#8217;attuazione di soluzioni ecologiche ne traggono beneficio contemporaneamente la salute, la societ\u00e0 e l&#8217;ambiente.<\/p>\n<p>Gli spazi verdi e quelli in prossimit\u00e0 dell&#8217;acqua di buona qualit\u00e0 nelle aree urbane favoriscono la salute e il benessere, perch\u00e9 offrono zone adatte all&#8217;attivit\u00e0 fisica, al rilassamento e all&#8217;integrazione sociale, con vantaggi notevoli per le comunit\u00e0 pi\u00f9 svantaggiate.<\/p>\n<p>Inoltre questi spazi rinfrescano le citt\u00e0 durante le ondate di calore, mitigano le alluvioni, riducono l&#8217;inquinamento acustico e supportano la biodiversit\u00e0 urbana. Nel corso della pandemia di COVID-19, numerosi commentatori hanno osservato una riscoperta dei vantaggi che l&#8217;accesso alle aree verdi e a quelle in prossimit\u00e0 dell&#8217;acqua ha sulla salute e sul benessere mentale, soprattutto nelle aree urbane.<\/p>\n<p>Nell&#8217;ambito dell&#8217;UE, il <a href=\"https:\/\/ec.europa.eu\/info\/strategy\/priorities-2019-2024\/european-green-deal_en\"> Green Deal europeo<\/a> rappresenta un cambio di direzione decisivo nel dettare gli orientamenti dell&#8217;agenda politica europea e definisce una strategia sostenibile e inclusiva per migliorare la salute e la qualit\u00e0 della vita dei cittadini, il rispetto della natura, senza lasciare indietro nessuno.<\/p>\n<p><strong>\u00a0<\/strong><\/p>\n","protected":false},"excerpt":{"rendered":"<p>In Europa, l&#8217;inquinamento atmosferico e acustico, gli effetti del cambiamento climatico come le ondate di calore e l&#8217;esposizione a sostanze chimiche pericolose provocano problemi di salute. La scarsa qualit\u00e0 ambientale contribuisce al 13\u00a0% dei decessi, secondo un&#8217;importante valutazione sulla salute e sull&#8217;ambiente pubblicata oggi dall&#8217;Agenzia europea dell&#8217;ambiente (AEA).\u00a0 Il miglioramento della salute e del benessere [&hellip;]<\/p>\n","protected":false},"author":1,"featured_media":2432,"comment_status":"closed","ping_status":"open","sticky":false,"template":"","format":"standard","meta":{"footnotes":""},"categories":[127],"tags":[],"yoast_head":"<!-- This site is optimized with the Yoast SEO plugin v22.2 - https:\/\/yoast.com\/wordpress\/plugins\/seo\/ -->\n<title>La lotta all&#039;inquinamento e al cambiamento climatico in Europa migliorer\u00e0 salute e benessere -<\/title>\n<meta name=\"robots\" content=\"index, follow, max-snippet:-1, max-image-preview:large, max-video-preview:-1\" \/>\n<link rel=\"canonical\" href=\"http:\/\/www.italiaeconomiaonline.it\/web\/la-lotta-allinquinamento-e-al-cambiamento-climatico-in-europa-migliorera-salute-e-benessere\/\" \/>\n<meta property=\"og:locale\" content=\"it_IT\" \/>\n<meta property=\"og:type\" content=\"article\" \/>\n<meta property=\"og:title\" content=\"La lotta all&#039;inquinamento e al cambiamento climatico in Europa migliorer\u00e0 salute e benessere -\" \/>\n<meta property=\"og:description\" content=\"In Europa, l&#8217;inquinamento atmosferico e acustico, gli effetti del cambiamento climatico come le ondate di calore e l&#8217;esposizione a sostanze chimiche pericolose provocano problemi di salute. La scarsa qualit\u00e0 ambientale contribuisce al 13\u00a0% dei decessi, secondo un&#8217;importante valutazione sulla salute e sull&#8217;ambiente pubblicata oggi dall&#8217;Agenzia europea dell&#8217;ambiente (AEA).\u00a0 Il miglioramento della salute e del benessere [&hellip;]\" \/>\n<meta property=\"og:url\" content=\"http:\/\/www.italiaeconomiaonline.it\/web\/la-lotta-allinquinamento-e-al-cambiamento-climatico-in-europa-migliorera-salute-e-benessere\/\" \/>\n<meta property=\"og:site_name\" content=\"ItaliaEconomiaOnline\" \/>\n<meta property=\"article:published_time\" content=\"2020-09-08T17:00:55+00:00\" \/>\n<meta property=\"og:image\" content=\"http:\/\/www.italiaeconomiaonline.it\/web\/wp-content\/uploads\/2020\/01\/Schermata-2020-01-31-alle-15.13.33.png\" \/>\n\t<meta property=\"og:image:width\" content=\"818\" \/>\n\t<meta property=\"og:image:height\" content=\"475\" \/>\n\t<meta property=\"og:image:type\" content=\"image\/png\" \/>\n<meta name=\"author\" content=\"ladyitaliaeconomia\" \/>\n<meta name=\"twitter:card\" content=\"summary_large_image\" \/>\n<meta name=\"twitter:label1\" content=\"Scritto da\" \/>\n\t<meta name=\"twitter:data1\" content=\"ladyitaliaeconomia\" \/>\n\t<meta name=\"twitter:label2\" content=\"Tempo di lettura stimato\" \/>\n\t<meta name=\"twitter:data2\" content=\"5 minuti\" \/>\n<script type=\"application\/ld+json\" class=\"yoast-schema-graph\">{\"@context\":\"https:\/\/schema.org\",\"@graph\":[{\"@type\":\"WebPage\",\"@id\":\"http:\/\/www.italiaeconomiaonline.it\/web\/la-lotta-allinquinamento-e-al-cambiamento-climatico-in-europa-migliorera-salute-e-benessere\/\",\"url\":\"http:\/\/www.italiaeconomiaonline.it\/web\/la-lotta-allinquinamento-e-al-cambiamento-climatico-in-europa-migliorera-salute-e-benessere\/\",\"name\":\"La lotta all'inquinamento e al cambiamento climatico in Europa migliorer\u00e0 salute e benessere -\",\"isPartOf\":{\"@id\":\"https:\/\/www.italiaeconomiaonline.it\/web\/#website\"},\"primaryImageOfPage\":{\"@id\":\"http:\/\/www.italiaeconomiaonline.it\/web\/la-lotta-allinquinamento-e-al-cambiamento-climatico-in-europa-migliorera-salute-e-benessere\/#primaryimage\"},\"image\":{\"@id\":\"http:\/\/www.italiaeconomiaonline.it\/web\/la-lotta-allinquinamento-e-al-cambiamento-climatico-in-europa-migliorera-salute-e-benessere\/#primaryimage\"},\"thumbnailUrl\":\"https:\/\/www.italiaeconomiaonline.it\/web\/wp-content\/uploads\/2020\/01\/Schermata-2020-01-31-alle-15.13.33.png\",\"datePublished\":\"2020-09-08T17:00:55+00:00\",\"dateModified\":\"2020-09-08T17:00:55+00:00\",\"author\":{\"@id\":\"https:\/\/www.italiaeconomiaonline.it\/web\/#\/schema\/person\/909a49cce752523b020fbc37d5ab1c31\"},\"breadcrumb\":{\"@id\":\"http:\/\/www.italiaeconomiaonline.it\/web\/la-lotta-allinquinamento-e-al-cambiamento-climatico-in-europa-migliorera-salute-e-benessere\/#breadcrumb\"},\"inLanguage\":\"it-IT\",\"potentialAction\":[{\"@type\":\"ReadAction\",\"target\":[\"http:\/\/www.italiaeconomiaonline.it\/web\/la-lotta-allinquinamento-e-al-cambiamento-climatico-in-europa-migliorera-salute-e-benessere\/\"]}]},{\"@type\":\"ImageObject\",\"inLanguage\":\"it-IT\",\"@id\":\"http:\/\/www.italiaeconomiaonline.it\/web\/la-lotta-allinquinamento-e-al-cambiamento-climatico-in-europa-migliorera-salute-e-benessere\/#primaryimage\",\"url\":\"https:\/\/www.italiaeconomiaonline.it\/web\/wp-content\/uploads\/2020\/01\/Schermata-2020-01-31-alle-15.13.33.png\",\"contentUrl\":\"https:\/\/www.italiaeconomiaonline.it\/web\/wp-content\/uploads\/2020\/01\/Schermata-2020-01-31-alle-15.13.33.png\",\"width\":818,\"height\":475},{\"@type\":\"BreadcrumbList\",\"@id\":\"http:\/\/www.italiaeconomiaonline.it\/web\/la-lotta-allinquinamento-e-al-cambiamento-climatico-in-europa-migliorera-salute-e-benessere\/#breadcrumb\",\"itemListElement\":[{\"@type\":\"ListItem\",\"position\":1,\"name\":\"Home\",\"item\":\"https:\/\/www.italiaeconomiaonline.it\/web\/\"},{\"@type\":\"ListItem\",\"position\":2,\"name\":\"La lotta all&#8217;inquinamento e al cambiamento climatico in Europa migliorer\u00e0 salute e benessere\"}]},{\"@type\":\"WebSite\",\"@id\":\"https:\/\/www.italiaeconomiaonline.it\/web\/#website\",\"url\":\"https:\/\/www.italiaeconomiaonline.it\/web\/\",\"name\":\"ItaliaEconomiaOnline\",\"description\":\"Quotidiano Economico Online\",\"potentialAction\":[{\"@type\":\"SearchAction\",\"target\":{\"@type\":\"EntryPoint\",\"urlTemplate\":\"https:\/\/www.italiaeconomiaonline.it\/web\/?s={search_term_string}\"},\"query-input\":\"required name=search_term_string\"}],\"inLanguage\":\"it-IT\"},{\"@type\":\"Person\",\"@id\":\"https:\/\/www.italiaeconomiaonline.it\/web\/#\/schema\/person\/909a49cce752523b020fbc37d5ab1c31\",\"name\":\"ladyitaliaeconomia\",\"image\":{\"@type\":\"ImageObject\",\"inLanguage\":\"it-IT\",\"@id\":\"https:\/\/www.italiaeconomiaonline.it\/web\/#\/schema\/person\/image\/\",\"url\":\"https:\/\/secure.gravatar.com\/avatar\/cedca10ce7416a579b9fa6bce9c0a8f2?s=96&d=mm&r=g\",\"contentUrl\":\"https:\/\/secure.gravatar.com\/avatar\/cedca10ce7416a579b9fa6bce9c0a8f2?s=96&d=mm&r=g\",\"caption\":\"ladyitaliaeconomia\"},\"url\":\"https:\/\/www.italiaeconomiaonline.it\/web\/author\/ladyitaliaeconomia\/\"}]}<\/script>\n<!-- \/ Yoast SEO plugin. -->","yoast_head_json":{"title":"La lotta all'inquinamento e al cambiamento climatico in Europa migliorer\u00e0 salute e benessere -","robots":{"index":"index","follow":"follow","max-snippet":"max-snippet:-1","max-image-preview":"max-image-preview:large","max-video-preview":"max-video-preview:-1"},"canonical":"http:\/\/www.italiaeconomiaonline.it\/web\/la-lotta-allinquinamento-e-al-cambiamento-climatico-in-europa-migliorera-salute-e-benessere\/","og_locale":"it_IT","og_type":"article","og_title":"La lotta all'inquinamento e al cambiamento climatico in Europa migliorer\u00e0 salute e benessere -","og_description":"In Europa, l&#8217;inquinamento atmosferico e acustico, gli effetti del cambiamento climatico come le ondate di calore e l&#8217;esposizione a sostanze chimiche pericolose provocano problemi di salute. La scarsa qualit\u00e0 ambientale contribuisce al 13\u00a0% dei decessi, secondo un&#8217;importante valutazione sulla salute e sull&#8217;ambiente pubblicata oggi dall&#8217;Agenzia europea dell&#8217;ambiente (AEA).\u00a0 Il miglioramento della salute e del benessere [&hellip;]","og_url":"http:\/\/www.italiaeconomiaonline.it\/web\/la-lotta-allinquinamento-e-al-cambiamento-climatico-in-europa-migliorera-salute-e-benessere\/","og_site_name":"ItaliaEconomiaOnline","article_published_time":"2020-09-08T17:00:55+00:00","og_image":[{"width":818,"height":475,"url":"http:\/\/www.italiaeconomiaonline.it\/web\/wp-content\/uploads\/2020\/01\/Schermata-2020-01-31-alle-15.13.33.png","type":"image\/png"}],"author":"ladyitaliaeconomia","twitter_card":"summary_large_image","twitter_misc":{"Scritto da":"ladyitaliaeconomia","Tempo di lettura stimato":"5 minuti"},"schema":{"@context":"https:\/\/schema.org","@graph":[{"@type":"WebPage","@id":"http:\/\/www.italiaeconomiaonline.it\/web\/la-lotta-allinquinamento-e-al-cambiamento-climatico-in-europa-migliorera-salute-e-benessere\/","url":"http:\/\/www.italiaeconomiaonline.it\/web\/la-lotta-allinquinamento-e-al-cambiamento-climatico-in-europa-migliorera-salute-e-benessere\/","name":"La lotta all'inquinamento e al cambiamento climatico in Europa migliorer\u00e0 salute e benessere -","isPartOf":{"@id":"https:\/\/www.italiaeconomiaonline.it\/web\/#website"},"primaryImageOfPage":{"@id":"http:\/\/www.italiaeconomiaonline.it\/web\/la-lotta-allinquinamento-e-al-cambiamento-climatico-in-europa-migliorera-salute-e-benessere\/#primaryimage"},"image":{"@id":"http:\/\/www.italiaeconomiaonline.it\/web\/la-lotta-allinquinamento-e-al-cambiamento-climatico-in-europa-migliorera-salute-e-benessere\/#primaryimage"},"thumbnailUrl":"https:\/\/www.italiaeconomiaonline.it\/web\/wp-content\/uploads\/2020\/01\/Schermata-2020-01-31-alle-15.13.33.png","datePublished":"2020-09-08T17:00:55+00:00","dateModified":"2020-09-08T17:00:55+00:00","author":{"@id":"https:\/\/www.italiaeconomiaonline.it\/web\/#\/schema\/person\/909a49cce752523b020fbc37d5ab1c31"},"breadcrumb":{"@id":"http:\/\/www.italiaeconomiaonline.it\/web\/la-lotta-allinquinamento-e-al-cambiamento-climatico-in-europa-migliorera-salute-e-benessere\/#breadcrumb"},"inLanguage":"it-IT","potentialAction":[{"@type":"ReadAction","target":["http:\/\/www.italiaeconomiaonline.it\/web\/la-lotta-allinquinamento-e-al-cambiamento-climatico-in-europa-migliorera-salute-e-benessere\/"]}]},{"@type":"ImageObject","inLanguage":"it-IT","@id":"http:\/\/www.italiaeconomiaonline.it\/web\/la-lotta-allinquinamento-e-al-cambiamento-climatico-in-europa-migliorera-salute-e-benessere\/#primaryimage","url":"https:\/\/www.italiaeconomiaonline.it\/web\/wp-content\/uploads\/2020\/01\/Schermata-2020-01-31-alle-15.13.33.png","contentUrl":"https:\/\/www.italiaeconomiaonline.it\/web\/wp-content\/uploads\/2020\/01\/Schermata-2020-01-31-alle-15.13.33.png","width":818,"height":475},{"@type":"BreadcrumbList","@id":"http:\/\/www.italiaeconomiaonline.it\/web\/la-lotta-allinquinamento-e-al-cambiamento-climatico-in-europa-migliorera-salute-e-benessere\/#breadcrumb","itemListElement":[{"@type":"ListItem","position":1,"name":"Home","item":"https:\/\/www.italiaeconomiaonline.it\/web\/"},{"@type":"ListItem","position":2,"name":"La lotta all&#8217;inquinamento e al cambiamento climatico in Europa migliorer\u00e0 salute e benessere"}]},{"@type":"WebSite","@id":"https:\/\/www.italiaeconomiaonline.it\/web\/#website","url":"https:\/\/www.italiaeconomiaonline.it\/web\/","name":"ItaliaEconomiaOnline","description":"Quotidiano Economico Online","potentialAction":[{"@type":"SearchAction","target":{"@type":"EntryPoint","urlTemplate":"https:\/\/www.italiaeconomiaonline.it\/web\/?s={search_term_string}"},"query-input":"required name=search_term_string"}],"inLanguage":"it-IT"},{"@type":"Person","@id":"https:\/\/www.italiaeconomiaonline.it\/web\/#\/schema\/person\/909a49cce752523b020fbc37d5ab1c31","name":"ladyitaliaeconomia","image":{"@type":"ImageObject","inLanguage":"it-IT","@id":"https:\/\/www.italiaeconomiaonline.it\/web\/#\/schema\/person\/image\/","url":"https:\/\/secure.gravatar.com\/avatar\/cedca10ce7416a579b9fa6bce9c0a8f2?s=96&d=mm&r=g","contentUrl":"https:\/\/secure.gravatar.com\/avatar\/cedca10ce7416a579b9fa6bce9c0a8f2?s=96&d=mm&r=g","caption":"ladyitaliaeconomia"},"url":"https:\/\/www.italiaeconomiaonline.it\/web\/author\/ladyitaliaeconomia\/"}]}},"_links":{"self":[{"href":"https:\/\/www.italiaeconomiaonline.it\/web\/wp-json\/wp\/v2\/posts\/4076"}],"collection":[{"href":"https:\/\/www.italiaeconomiaonline.it\/web\/wp-json\/wp\/v2\/posts"}],"about":[{"href":"https:\/\/www.italiaeconomiaonline.it\/web\/wp-json\/wp\/v2\/types\/post"}],"author":[{"embeddable":true,"href":"https:\/\/www.italiaeconomiaonline.it\/web\/wp-json\/wp\/v2\/users\/1"}],"replies":[{"embeddable":true,"href":"https:\/\/www.italiaeconomiaonline.it\/web\/wp-json\/wp\/v2\/comments?post=4076"}],"version-history":[{"count":1,"href":"https:\/\/www.italiaeconomiaonline.it\/web\/wp-json\/wp\/v2\/posts\/4076\/revisions"}],"predecessor-version":[{"id":4077,"href":"https:\/\/www.italiaeconomiaonline.it\/web\/wp-json\/wp\/v2\/posts\/4076\/revisions\/4077"}],"wp:featuredmedia":[{"embeddable":true,"href":"https:\/\/www.italiaeconomiaonline.it\/web\/wp-json\/wp\/v2\/media\/2432"}],"wp:attachment":[{"href":"https:\/\/www.italiaeconomiaonline.it\/web\/wp-json\/wp\/v2\/media?parent=4076"}],"wp:term":[{"taxonomy":"category","embeddable":true,"href":"https:\/\/www.italiaeconomiaonline.it\/web\/wp-json\/wp\/v2\/categories?post=4076"},{"taxonomy":"post_tag","embeddable":true,"href":"https:\/\/www.italiaeconomiaonline.it\/web\/wp-json\/wp\/v2\/tags?post=4076"}],"curies":[{"name":"wp","href":"https:\/\/api.w.org\/{rel}","templated":true}]}}