{"id":4121,"date":"2020-09-15T16:16:58","date_gmt":"2020-09-15T14:16:58","guid":{"rendered":"http:\/\/www.italiaeconomiaonline.it\/web\/?p=4121"},"modified":"2020-09-15T16:23:50","modified_gmt":"2020-09-15T14:23:50","slug":"lavoro-osservatorio-cna-a-luglio-nelle-piccole-imprese-occupazione-in-recupero","status":"publish","type":"post","link":"https:\/\/www.italiaeconomiaonline.it\/web\/lavoro-osservatorio-cna-a-luglio-nelle-piccole-imprese-occupazione-in-recupero\/","title":{"rendered":"Lavoro, Osservatorio CNA: \u201cA luglio nelle piccole imprese occupazione in recupero\u201d"},"content":{"rendered":"<p><span class=\"dropcap dropcap3\">I<\/span>l recupero dell\u2019occupazione, cominciato con le riaperture di maggio delle attivit\u00e0, \u00e8 proseguito durante la prima fase dell\u2019estate. E, grazie anche al divieto di licenziamento delle posizioni lavorative a tempo indeterminato, ha permesso variazioni congiunturali e tendenziali positive.<\/p>\n<p>A rilevarlo l\u2019Osservatorio lavoro CNA, curato dal Centro studi della Confederazione, che analizza mensilmente le tendenze dell\u2019occupazione nell\u2019artigianato e nelle piccole imprese dal dicembre 2014, alla vigilia della stagione di riforme del mercato del lavoro.<br \/>\nSia pure in un quadro caratterizzato ancora da una incertezza per nulla trascurabile, a luglio l\u2019occupazione nelle imprese artigiane, micro e piccole \u00e8 aumentata dello 0,9 per cento rispetto a giugno e dello 0,1 per cento su luglio 2019.<\/p>\n<p>Le assunzioni sono tornate a crescere su base annua (+7,1 per cento) dopo quattro mesi di contrazioni molto ampie. Rispetto a dodici mesi fa invece sono diminuite le cessazioni (-26,8 per cento). La crescita dei nuovi posti di lavoro \u00e8 dovuta principalmente al discreto andamento della stagione turistica, risultata meno sfavorevole di quanto previsto.<\/p>\n<p>Luglio potrebbe segnare una svolta per il mercato del lavoro italiano? \u00c8 troppo presto per dirlo anche se dopo una perdita cumulata di 556mila posti di lavoro tra febbraio e giugno, proprio a luglio gli occupati sono tornati ad aumentare, bench\u00e9 di appena 85mila unit\u00e0.<br \/>\nL\u2019andamento del mercato del lavoro dipende da pi\u00f9 fattori.<\/p>\n<p>A luglio, per tradizione, sui livelli occupazionali incidono principalmente le attivit\u00e0 turistiche, a spiccata stagionalit\u00e0. Non \u00e8 un caso che le assunzioni in questo mese sono in prevalenza non permanenti. Se in autunno la ripresa congiunturale dovesse irrobustirsi non \u00e8 escluso un recupero pi\u00f9 rilevante dell\u2019occupazione. In attesa del banco di prova di gennaio, quando cadr\u00e0 il divieto di licenziamento per gli occupati a tempo indeterminato.<\/p>\n<p>&nbsp;<\/p>\n","protected":false},"excerpt":{"rendered":"<p>Il recupero dell\u2019occupazione, cominciato con le riaperture di maggio delle attivit\u00e0, \u00e8 proseguito durante la prima fase dell\u2019estate. E, grazie anche al divieto di licenziamento delle posizioni lavorative a tempo indeterminato, ha permesso variazioni congiunturali e tendenziali positive. A rilevarlo l\u2019Osservatorio lavoro CNA, curato dal Centro studi della Confederazione, che analizza mensilmente le tendenze dell\u2019occupazione [&hellip;]<\/p>\n","protected":false},"author":1,"featured_media":1013,"comment_status":"closed","ping_status":"open","sticky":false,"template":"","format":"standard","meta":{"footnotes":""},"categories":[28],"tags":[425],"yoast_head":"<!-- This site is optimized with the Yoast SEO plugin v22.2 - https:\/\/yoast.com\/wordpress\/plugins\/seo\/ -->\n<title>Lavoro, Osservatorio CNA: \u201cA luglio nelle piccole imprese occupazione in recupero\u201d -<\/title>\n<meta name=\"robots\" content=\"index, follow, max-snippet:-1, max-image-preview:large, max-video-preview:-1\" \/>\n<link rel=\"canonical\" href=\"https:\/\/www.italiaeconomiaonline.it\/web\/lavoro-osservatorio-cna-a-luglio-nelle-piccole-imprese-occupazione-in-recupero\/\" \/>\n<meta property=\"og:locale\" content=\"it_IT\" \/>\n<meta property=\"og:type\" content=\"article\" \/>\n<meta property=\"og:title\" content=\"Lavoro, Osservatorio CNA: \u201cA luglio nelle piccole imprese occupazione in recupero\u201d -\" \/>\n<meta property=\"og:description\" content=\"Il recupero dell\u2019occupazione, cominciato con le riaperture di maggio delle attivit\u00e0, \u00e8 proseguito durante la prima fase dell\u2019estate. E, grazie anche al divieto di licenziamento delle posizioni lavorative a tempo indeterminato, ha permesso variazioni congiunturali e tendenziali positive. A rilevarlo l\u2019Osservatorio lavoro CNA, curato dal Centro studi della Confederazione, che analizza mensilmente le tendenze dell\u2019occupazione [&hellip;]\" \/>\n<meta property=\"og:url\" content=\"https:\/\/www.italiaeconomiaonline.it\/web\/lavoro-osservatorio-cna-a-luglio-nelle-piccole-imprese-occupazione-in-recupero\/\" \/>\n<meta property=\"og:site_name\" content=\"ItaliaEconomiaOnline\" \/>\n<meta property=\"article:published_time\" content=\"2020-09-15T14:16:58+00:00\" \/>\n<meta property=\"article:modified_time\" content=\"2020-09-15T14:23:50+00:00\" \/>\n<meta property=\"og:image\" content=\"https:\/\/www.italiaeconomiaonline.it\/web\/wp-content\/uploads\/2019\/06\/artigiani.jpg\" \/>\n\t<meta property=\"og:image:width\" content=\"960\" \/>\n\t<meta property=\"og:image:height\" content=\"640\" \/>\n\t<meta property=\"og:image:type\" content=\"image\/jpeg\" \/>\n<meta name=\"author\" content=\"ladyitaliaeconomia\" \/>\n<meta name=\"twitter:card\" content=\"summary_large_image\" \/>\n<meta name=\"twitter:label1\" content=\"Scritto da\" \/>\n\t<meta name=\"twitter:data1\" content=\"ladyitaliaeconomia\" \/>\n\t<meta name=\"twitter:label2\" content=\"Tempo di lettura stimato\" \/>\n\t<meta name=\"twitter:data2\" content=\"1 minuto\" \/>\n<script type=\"application\/ld+json\" class=\"yoast-schema-graph\">{\"@context\":\"https:\/\/schema.org\",\"@graph\":[{\"@type\":\"WebPage\",\"@id\":\"https:\/\/www.italiaeconomiaonline.it\/web\/lavoro-osservatorio-cna-a-luglio-nelle-piccole-imprese-occupazione-in-recupero\/\",\"url\":\"https:\/\/www.italiaeconomiaonline.it\/web\/lavoro-osservatorio-cna-a-luglio-nelle-piccole-imprese-occupazione-in-recupero\/\",\"name\":\"Lavoro, Osservatorio CNA: \u201cA luglio nelle piccole imprese occupazione in recupero\u201d -\",\"isPartOf\":{\"@id\":\"https:\/\/www.italiaeconomiaonline.it\/web\/#website\"},\"primaryImageOfPage\":{\"@id\":\"https:\/\/www.italiaeconomiaonline.it\/web\/lavoro-osservatorio-cna-a-luglio-nelle-piccole-imprese-occupazione-in-recupero\/#primaryimage\"},\"image\":{\"@id\":\"https:\/\/www.italiaeconomiaonline.it\/web\/lavoro-osservatorio-cna-a-luglio-nelle-piccole-imprese-occupazione-in-recupero\/#primaryimage\"},\"thumbnailUrl\":\"https:\/\/www.italiaeconomiaonline.it\/web\/wp-content\/uploads\/2019\/06\/artigiani.jpg\",\"datePublished\":\"2020-09-15T14:16:58+00:00\",\"dateModified\":\"2020-09-15T14:23:50+00:00\",\"author\":{\"@id\":\"https:\/\/www.italiaeconomiaonline.it\/web\/#\/schema\/person\/909a49cce752523b020fbc37d5ab1c31\"},\"breadcrumb\":{\"@id\":\"https:\/\/www.italiaeconomiaonline.it\/web\/lavoro-osservatorio-cna-a-luglio-nelle-piccole-imprese-occupazione-in-recupero\/#breadcrumb\"},\"inLanguage\":\"it-IT\",\"potentialAction\":[{\"@type\":\"ReadAction\",\"target\":[\"https:\/\/www.italiaeconomiaonline.it\/web\/lavoro-osservatorio-cna-a-luglio-nelle-piccole-imprese-occupazione-in-recupero\/\"]}]},{\"@type\":\"ImageObject\",\"inLanguage\":\"it-IT\",\"@id\":\"https:\/\/www.italiaeconomiaonline.it\/web\/lavoro-osservatorio-cna-a-luglio-nelle-piccole-imprese-occupazione-in-recupero\/#primaryimage\",\"url\":\"https:\/\/www.italiaeconomiaonline.it\/web\/wp-content\/uploads\/2019\/06\/artigiani.jpg\",\"contentUrl\":\"https:\/\/www.italiaeconomiaonline.it\/web\/wp-content\/uploads\/2019\/06\/artigiani.jpg\",\"width\":960,\"height\":640},{\"@type\":\"BreadcrumbList\",\"@id\":\"https:\/\/www.italiaeconomiaonline.it\/web\/lavoro-osservatorio-cna-a-luglio-nelle-piccole-imprese-occupazione-in-recupero\/#breadcrumb\",\"itemListElement\":[{\"@type\":\"ListItem\",\"position\":1,\"name\":\"Home\",\"item\":\"https:\/\/www.italiaeconomiaonline.it\/web\/\"},{\"@type\":\"ListItem\",\"position\":2,\"name\":\"Lavoro, Osservatorio CNA: \u201cA luglio nelle piccole imprese occupazione in recupero\u201d\"}]},{\"@type\":\"WebSite\",\"@id\":\"https:\/\/www.italiaeconomiaonline.it\/web\/#website\",\"url\":\"https:\/\/www.italiaeconomiaonline.it\/web\/\",\"name\":\"ItaliaEconomiaOnline\",\"description\":\"Quotidiano Economico Online\",\"potentialAction\":[{\"@type\":\"SearchAction\",\"target\":{\"@type\":\"EntryPoint\",\"urlTemplate\":\"https:\/\/www.italiaeconomiaonline.it\/web\/?s={search_term_string}\"},\"query-input\":\"required name=search_term_string\"}],\"inLanguage\":\"it-IT\"},{\"@type\":\"Person\",\"@id\":\"https:\/\/www.italiaeconomiaonline.it\/web\/#\/schema\/person\/909a49cce752523b020fbc37d5ab1c31\",\"name\":\"ladyitaliaeconomia\",\"image\":{\"@type\":\"ImageObject\",\"inLanguage\":\"it-IT\",\"@id\":\"https:\/\/www.italiaeconomiaonline.it\/web\/#\/schema\/person\/image\/\",\"url\":\"https:\/\/secure.gravatar.com\/avatar\/cedca10ce7416a579b9fa6bce9c0a8f2?s=96&d=mm&r=g\",\"contentUrl\":\"https:\/\/secure.gravatar.com\/avatar\/cedca10ce7416a579b9fa6bce9c0a8f2?s=96&d=mm&r=g\",\"caption\":\"ladyitaliaeconomia\"},\"url\":\"https:\/\/www.italiaeconomiaonline.it\/web\/author\/ladyitaliaeconomia\/\"}]}<\/script>\n<!-- \/ Yoast SEO plugin. -->","yoast_head_json":{"title":"Lavoro, Osservatorio CNA: \u201cA luglio nelle piccole imprese occupazione in recupero\u201d -","robots":{"index":"index","follow":"follow","max-snippet":"max-snippet:-1","max-image-preview":"max-image-preview:large","max-video-preview":"max-video-preview:-1"},"canonical":"https:\/\/www.italiaeconomiaonline.it\/web\/lavoro-osservatorio-cna-a-luglio-nelle-piccole-imprese-occupazione-in-recupero\/","og_locale":"it_IT","og_type":"article","og_title":"Lavoro, Osservatorio CNA: \u201cA luglio nelle piccole imprese occupazione in recupero\u201d -","og_description":"Il recupero dell\u2019occupazione, cominciato con le riaperture di maggio delle attivit\u00e0, \u00e8 proseguito durante la prima fase dell\u2019estate. E, grazie anche al divieto di licenziamento delle posizioni lavorative a tempo indeterminato, ha permesso variazioni congiunturali e tendenziali positive. A rilevarlo l\u2019Osservatorio lavoro CNA, curato dal Centro studi della Confederazione, che analizza mensilmente le tendenze dell\u2019occupazione [&hellip;]","og_url":"https:\/\/www.italiaeconomiaonline.it\/web\/lavoro-osservatorio-cna-a-luglio-nelle-piccole-imprese-occupazione-in-recupero\/","og_site_name":"ItaliaEconomiaOnline","article_published_time":"2020-09-15T14:16:58+00:00","article_modified_time":"2020-09-15T14:23:50+00:00","og_image":[{"width":960,"height":640,"url":"https:\/\/www.italiaeconomiaonline.it\/web\/wp-content\/uploads\/2019\/06\/artigiani.jpg","type":"image\/jpeg"}],"author":"ladyitaliaeconomia","twitter_card":"summary_large_image","twitter_misc":{"Scritto da":"ladyitaliaeconomia","Tempo di lettura stimato":"1 minuto"},"schema":{"@context":"https:\/\/schema.org","@graph":[{"@type":"WebPage","@id":"https:\/\/www.italiaeconomiaonline.it\/web\/lavoro-osservatorio-cna-a-luglio-nelle-piccole-imprese-occupazione-in-recupero\/","url":"https:\/\/www.italiaeconomiaonline.it\/web\/lavoro-osservatorio-cna-a-luglio-nelle-piccole-imprese-occupazione-in-recupero\/","name":"Lavoro, Osservatorio CNA: \u201cA luglio nelle piccole imprese occupazione in recupero\u201d -","isPartOf":{"@id":"https:\/\/www.italiaeconomiaonline.it\/web\/#website"},"primaryImageOfPage":{"@id":"https:\/\/www.italiaeconomiaonline.it\/web\/lavoro-osservatorio-cna-a-luglio-nelle-piccole-imprese-occupazione-in-recupero\/#primaryimage"},"image":{"@id":"https:\/\/www.italiaeconomiaonline.it\/web\/lavoro-osservatorio-cna-a-luglio-nelle-piccole-imprese-occupazione-in-recupero\/#primaryimage"},"thumbnailUrl":"https:\/\/www.italiaeconomiaonline.it\/web\/wp-content\/uploads\/2019\/06\/artigiani.jpg","datePublished":"2020-09-15T14:16:58+00:00","dateModified":"2020-09-15T14:23:50+00:00","author":{"@id":"https:\/\/www.italiaeconomiaonline.it\/web\/#\/schema\/person\/909a49cce752523b020fbc37d5ab1c31"},"breadcrumb":{"@id":"https:\/\/www.italiaeconomiaonline.it\/web\/lavoro-osservatorio-cna-a-luglio-nelle-piccole-imprese-occupazione-in-recupero\/#breadcrumb"},"inLanguage":"it-IT","potentialAction":[{"@type":"ReadAction","target":["https:\/\/www.italiaeconomiaonline.it\/web\/lavoro-osservatorio-cna-a-luglio-nelle-piccole-imprese-occupazione-in-recupero\/"]}]},{"@type":"ImageObject","inLanguage":"it-IT","@id":"https:\/\/www.italiaeconomiaonline.it\/web\/lavoro-osservatorio-cna-a-luglio-nelle-piccole-imprese-occupazione-in-recupero\/#primaryimage","url":"https:\/\/www.italiaeconomiaonline.it\/web\/wp-content\/uploads\/2019\/06\/artigiani.jpg","contentUrl":"https:\/\/www.italiaeconomiaonline.it\/web\/wp-content\/uploads\/2019\/06\/artigiani.jpg","width":960,"height":640},{"@type":"BreadcrumbList","@id":"https:\/\/www.italiaeconomiaonline.it\/web\/lavoro-osservatorio-cna-a-luglio-nelle-piccole-imprese-occupazione-in-recupero\/#breadcrumb","itemListElement":[{"@type":"ListItem","position":1,"name":"Home","item":"https:\/\/www.italiaeconomiaonline.it\/web\/"},{"@type":"ListItem","position":2,"name":"Lavoro, Osservatorio CNA: \u201cA luglio nelle piccole imprese occupazione in recupero\u201d"}]},{"@type":"WebSite","@id":"https:\/\/www.italiaeconomiaonline.it\/web\/#website","url":"https:\/\/www.italiaeconomiaonline.it\/web\/","name":"ItaliaEconomiaOnline","description":"Quotidiano Economico Online","potentialAction":[{"@type":"SearchAction","target":{"@type":"EntryPoint","urlTemplate":"https:\/\/www.italiaeconomiaonline.it\/web\/?s={search_term_string}"},"query-input":"required name=search_term_string"}],"inLanguage":"it-IT"},{"@type":"Person","@id":"https:\/\/www.italiaeconomiaonline.it\/web\/#\/schema\/person\/909a49cce752523b020fbc37d5ab1c31","name":"ladyitaliaeconomia","image":{"@type":"ImageObject","inLanguage":"it-IT","@id":"https:\/\/www.italiaeconomiaonline.it\/web\/#\/schema\/person\/image\/","url":"https:\/\/secure.gravatar.com\/avatar\/cedca10ce7416a579b9fa6bce9c0a8f2?s=96&d=mm&r=g","contentUrl":"https:\/\/secure.gravatar.com\/avatar\/cedca10ce7416a579b9fa6bce9c0a8f2?s=96&d=mm&r=g","caption":"ladyitaliaeconomia"},"url":"https:\/\/www.italiaeconomiaonline.it\/web\/author\/ladyitaliaeconomia\/"}]}},"_links":{"self":[{"href":"https:\/\/www.italiaeconomiaonline.it\/web\/wp-json\/wp\/v2\/posts\/4121"}],"collection":[{"href":"https:\/\/www.italiaeconomiaonline.it\/web\/wp-json\/wp\/v2\/posts"}],"about":[{"href":"https:\/\/www.italiaeconomiaonline.it\/web\/wp-json\/wp\/v2\/types\/post"}],"author":[{"embeddable":true,"href":"https:\/\/www.italiaeconomiaonline.it\/web\/wp-json\/wp\/v2\/users\/1"}],"replies":[{"embeddable":true,"href":"https:\/\/www.italiaeconomiaonline.it\/web\/wp-json\/wp\/v2\/comments?post=4121"}],"version-history":[{"count":1,"href":"https:\/\/www.italiaeconomiaonline.it\/web\/wp-json\/wp\/v2\/posts\/4121\/revisions"}],"predecessor-version":[{"id":4122,"href":"https:\/\/www.italiaeconomiaonline.it\/web\/wp-json\/wp\/v2\/posts\/4121\/revisions\/4122"}],"wp:featuredmedia":[{"embeddable":true,"href":"https:\/\/www.italiaeconomiaonline.it\/web\/wp-json\/wp\/v2\/media\/1013"}],"wp:attachment":[{"href":"https:\/\/www.italiaeconomiaonline.it\/web\/wp-json\/wp\/v2\/media?parent=4121"}],"wp:term":[{"taxonomy":"category","embeddable":true,"href":"https:\/\/www.italiaeconomiaonline.it\/web\/wp-json\/wp\/v2\/categories?post=4121"},{"taxonomy":"post_tag","embeddable":true,"href":"https:\/\/www.italiaeconomiaonline.it\/web\/wp-json\/wp\/v2\/tags?post=4121"}],"curies":[{"name":"wp","href":"https:\/\/api.w.org\/{rel}","templated":true}]}}