{"id":4125,"date":"2020-09-15T16:26:18","date_gmt":"2020-09-15T14:26:18","guid":{"rendered":"http:\/\/www.italiaeconomiaonline.it\/web\/?p=4125"},"modified":"2020-09-15T16:26:18","modified_gmt":"2020-09-15T14:26:18","slug":"indagine-annuale-sulloccupazione-e-sugli-sviluppi-sociali-in-europa","status":"publish","type":"post","link":"https:\/\/www.italiaeconomiaonline.it\/web\/indagine-annuale-sulloccupazione-e-sugli-sviluppi-sociali-in-europa\/","title":{"rendered":"Indagine annuale sull\u2019occupazione e sugli sviluppi sociali in Europa"},"content":{"rendered":"<p><span class=\"dropcap dropcap3\">O<\/span>ggi la Commissione ha pubblicato l&#8217;edizione 2020 dell\u2019<a href=\"https:\/\/ec.europa.eu\/social\/main.jsp?catId=738&amp;langId=en&amp;pubId=8342&amp;furtherPubs=yes\">indagine annuale sull&#8217;occupazione e sugli sviluppi sociali in Europa (ESDE)<\/a> dedicata ai temi dell&#8217;equit\u00e0 sociale e della solidariet\u00e0. L\u2019indagine fornisce un&#8217;analisi basata sui dati di come conseguire una maggiore equit\u00e0 nell&#8217;UE in risposta a crisi come la pandemia di Covid-19 nonch\u00e9 ai cambiamenti strutturali dovuti all&#8217;invecchiamento demografico e alle transizioni verde e digitale.<\/p>\n<p>Nicolas <strong>Schmit<\/strong>, Commissario per l&#8217;Occupazione e i diritti sociali, ha dichiarato: &#8220;<em>L\u2019indagine evidenzia che per superare la crisi \u00e8 fondamentale rafforzare l\u2019equit\u00e0 sociale, il che significa mettere l\u2019essere umano al centro. Per assicurare resilienza, solidariet\u00e0 e coesione, la risposta dell&#8217;UE deve dare priorit\u00e0 all&#8217;occupazione, ridurre le disuguaglianze e garantire pari opportunit\u00e0. L&#8217;attuazione del pilastro europeo dei diritti sociali ci far\u00e0 da guida<\/em>.&#8221;<\/p>\n<p>L\u2019indagine rileva che la pandemia di Covid-19 ha effetti profondi sulla salute, sull&#8217;economia, sull&#8217;occupazione e sulla societ\u00e0, che minacciano gran parte dei progressi compiuti fin qui dall&#8217;UE. Per riparare i danni causati dalla Covid-19 e preparare l&#8217;economia e la societ\u00e0 a un futuro di cambiamenti strutturali pi\u00f9 rapidi, l&#8217;UE e gli Stati membri devono cogliere appieno le opportunit\u00e0 offerte dalla transizione verso un&#8217;economia pi\u00f9 verde e digitalizzata e integrare l&#8217;inclusione, la solidariet\u00e0 e la resilienza nell&#8217;elaborazione di tutte le politiche. Garantire una ripresa generale \u00e8 un obiettivo politico fondamentale dell&#8217;azione della Commissione, che contribuir\u00e0 a rafforzare la resilienza sociale a lungo termine. Il testo integrale del comunicato stampa \u00e8 disponibile <a href=\"https:\/\/ec.europa.eu\/commission\/presscorner\/detail\/it\/ip_20_1635\"> qui<\/a>.<\/p>\n<p>&nbsp;<\/p>\n","protected":false},"excerpt":{"rendered":"<p>Oggi la Commissione ha pubblicato l&#8217;edizione 2020 dell\u2019indagine annuale sull&#8217;occupazione e sugli sviluppi sociali in Europa (ESDE) dedicata ai temi dell&#8217;equit\u00e0 sociale e della solidariet\u00e0. L\u2019indagine fornisce un&#8217;analisi basata sui dati di come conseguire una maggiore equit\u00e0 nell&#8217;UE in risposta a crisi come la pandemia di Covid-19 nonch\u00e9 ai cambiamenti strutturali dovuti all&#8217;invecchiamento demografico e [&hellip;]<\/p>\n","protected":false},"author":1,"featured_media":21,"comment_status":"closed","ping_status":"open","sticky":false,"template":"","format":"standard","meta":{"footnotes":""},"categories":[56],"tags":[],"yoast_head":"<!-- This site is optimized with the Yoast SEO plugin v22.2 - https:\/\/yoast.com\/wordpress\/plugins\/seo\/ -->\n<title>Indagine annuale sull\u2019occupazione e sugli sviluppi sociali in Europa -<\/title>\n<meta name=\"robots\" content=\"index, follow, max-snippet:-1, max-image-preview:large, max-video-preview:-1\" \/>\n<link rel=\"canonical\" href=\"https:\/\/www.italiaeconomiaonline.it\/web\/indagine-annuale-sulloccupazione-e-sugli-sviluppi-sociali-in-europa\/\" \/>\n<meta property=\"og:locale\" content=\"it_IT\" \/>\n<meta property=\"og:type\" content=\"article\" \/>\n<meta property=\"og:title\" content=\"Indagine annuale sull\u2019occupazione e sugli sviluppi sociali in Europa -\" \/>\n<meta property=\"og:description\" content=\"Oggi la Commissione ha pubblicato l&#8217;edizione 2020 dell\u2019indagine annuale sull&#8217;occupazione e sugli sviluppi sociali in Europa (ESDE) dedicata ai temi dell&#8217;equit\u00e0 sociale e della solidariet\u00e0. L\u2019indagine fornisce un&#8217;analisi basata sui dati di come conseguire una maggiore equit\u00e0 nell&#8217;UE in risposta a crisi come la pandemia di Covid-19 nonch\u00e9 ai cambiamenti strutturali dovuti all&#8217;invecchiamento demografico e [&hellip;]\" \/>\n<meta property=\"og:url\" content=\"https:\/\/www.italiaeconomiaonline.it\/web\/indagine-annuale-sulloccupazione-e-sugli-sviluppi-sociali-in-europa\/\" \/>\n<meta property=\"og:site_name\" content=\"ItaliaEconomiaOnline\" \/>\n<meta property=\"article:published_time\" content=\"2020-09-15T14:26:18+00:00\" \/>\n<meta property=\"og:image\" content=\"https:\/\/www.italiaeconomiaonline.it\/web\/wp-content\/uploads\/2018\/07\/p2-e1531909427362.jpg\" \/>\n\t<meta property=\"og:image:width\" content=\"1065\" \/>\n\t<meta property=\"og:image:height\" content=\"782\" \/>\n\t<meta property=\"og:image:type\" content=\"image\/jpeg\" \/>\n<meta name=\"author\" content=\"ladyitaliaeconomia\" \/>\n<meta name=\"twitter:card\" content=\"summary_large_image\" \/>\n<meta name=\"twitter:label1\" content=\"Scritto da\" \/>\n\t<meta name=\"twitter:data1\" content=\"ladyitaliaeconomia\" \/>\n\t<meta name=\"twitter:label2\" content=\"Tempo di lettura stimato\" \/>\n\t<meta name=\"twitter:data2\" content=\"1 minuto\" \/>\n<script type=\"application\/ld+json\" class=\"yoast-schema-graph\">{\"@context\":\"https:\/\/schema.org\",\"@graph\":[{\"@type\":\"WebPage\",\"@id\":\"https:\/\/www.italiaeconomiaonline.it\/web\/indagine-annuale-sulloccupazione-e-sugli-sviluppi-sociali-in-europa\/\",\"url\":\"https:\/\/www.italiaeconomiaonline.it\/web\/indagine-annuale-sulloccupazione-e-sugli-sviluppi-sociali-in-europa\/\",\"name\":\"Indagine annuale sull\u2019occupazione e sugli sviluppi sociali in Europa -\",\"isPartOf\":{\"@id\":\"https:\/\/www.italiaeconomiaonline.it\/web\/#website\"},\"primaryImageOfPage\":{\"@id\":\"https:\/\/www.italiaeconomiaonline.it\/web\/indagine-annuale-sulloccupazione-e-sugli-sviluppi-sociali-in-europa\/#primaryimage\"},\"image\":{\"@id\":\"https:\/\/www.italiaeconomiaonline.it\/web\/indagine-annuale-sulloccupazione-e-sugli-sviluppi-sociali-in-europa\/#primaryimage\"},\"thumbnailUrl\":\"https:\/\/www.italiaeconomiaonline.it\/web\/wp-content\/uploads\/2018\/07\/p2-e1531909427362.jpg\",\"datePublished\":\"2020-09-15T14:26:18+00:00\",\"dateModified\":\"2020-09-15T14:26:18+00:00\",\"author\":{\"@id\":\"https:\/\/www.italiaeconomiaonline.it\/web\/#\/schema\/person\/909a49cce752523b020fbc37d5ab1c31\"},\"breadcrumb\":{\"@id\":\"https:\/\/www.italiaeconomiaonline.it\/web\/indagine-annuale-sulloccupazione-e-sugli-sviluppi-sociali-in-europa\/#breadcrumb\"},\"inLanguage\":\"it-IT\",\"potentialAction\":[{\"@type\":\"ReadAction\",\"target\":[\"https:\/\/www.italiaeconomiaonline.it\/web\/indagine-annuale-sulloccupazione-e-sugli-sviluppi-sociali-in-europa\/\"]}]},{\"@type\":\"ImageObject\",\"inLanguage\":\"it-IT\",\"@id\":\"https:\/\/www.italiaeconomiaonline.it\/web\/indagine-annuale-sulloccupazione-e-sugli-sviluppi-sociali-in-europa\/#primaryimage\",\"url\":\"https:\/\/www.italiaeconomiaonline.it\/web\/wp-content\/uploads\/2018\/07\/p2-e1531909427362.jpg\",\"contentUrl\":\"https:\/\/www.italiaeconomiaonline.it\/web\/wp-content\/uploads\/2018\/07\/p2-e1531909427362.jpg\",\"width\":1065,\"height\":782},{\"@type\":\"BreadcrumbList\",\"@id\":\"https:\/\/www.italiaeconomiaonline.it\/web\/indagine-annuale-sulloccupazione-e-sugli-sviluppi-sociali-in-europa\/#breadcrumb\",\"itemListElement\":[{\"@type\":\"ListItem\",\"position\":1,\"name\":\"Home\",\"item\":\"https:\/\/www.italiaeconomiaonline.it\/web\/\"},{\"@type\":\"ListItem\",\"position\":2,\"name\":\"Indagine annuale sull\u2019occupazione e sugli sviluppi sociali in Europa\"}]},{\"@type\":\"WebSite\",\"@id\":\"https:\/\/www.italiaeconomiaonline.it\/web\/#website\",\"url\":\"https:\/\/www.italiaeconomiaonline.it\/web\/\",\"name\":\"ItaliaEconomiaOnline\",\"description\":\"Quotidiano Economico Online\",\"potentialAction\":[{\"@type\":\"SearchAction\",\"target\":{\"@type\":\"EntryPoint\",\"urlTemplate\":\"https:\/\/www.italiaeconomiaonline.it\/web\/?s={search_term_string}\"},\"query-input\":\"required name=search_term_string\"}],\"inLanguage\":\"it-IT\"},{\"@type\":\"Person\",\"@id\":\"https:\/\/www.italiaeconomiaonline.it\/web\/#\/schema\/person\/909a49cce752523b020fbc37d5ab1c31\",\"name\":\"ladyitaliaeconomia\",\"image\":{\"@type\":\"ImageObject\",\"inLanguage\":\"it-IT\",\"@id\":\"https:\/\/www.italiaeconomiaonline.it\/web\/#\/schema\/person\/image\/\",\"url\":\"https:\/\/secure.gravatar.com\/avatar\/cedca10ce7416a579b9fa6bce9c0a8f2?s=96&d=mm&r=g\",\"contentUrl\":\"https:\/\/secure.gravatar.com\/avatar\/cedca10ce7416a579b9fa6bce9c0a8f2?s=96&d=mm&r=g\",\"caption\":\"ladyitaliaeconomia\"},\"url\":\"https:\/\/www.italiaeconomiaonline.it\/web\/author\/ladyitaliaeconomia\/\"}]}<\/script>\n<!-- \/ Yoast SEO plugin. -->","yoast_head_json":{"title":"Indagine annuale sull\u2019occupazione e sugli sviluppi sociali in Europa -","robots":{"index":"index","follow":"follow","max-snippet":"max-snippet:-1","max-image-preview":"max-image-preview:large","max-video-preview":"max-video-preview:-1"},"canonical":"https:\/\/www.italiaeconomiaonline.it\/web\/indagine-annuale-sulloccupazione-e-sugli-sviluppi-sociali-in-europa\/","og_locale":"it_IT","og_type":"article","og_title":"Indagine annuale sull\u2019occupazione e sugli sviluppi sociali in Europa -","og_description":"Oggi la Commissione ha pubblicato l&#8217;edizione 2020 dell\u2019indagine annuale sull&#8217;occupazione e sugli sviluppi sociali in Europa (ESDE) dedicata ai temi dell&#8217;equit\u00e0 sociale e della solidariet\u00e0. L\u2019indagine fornisce un&#8217;analisi basata sui dati di come conseguire una maggiore equit\u00e0 nell&#8217;UE in risposta a crisi come la pandemia di Covid-19 nonch\u00e9 ai cambiamenti strutturali dovuti all&#8217;invecchiamento demografico e [&hellip;]","og_url":"https:\/\/www.italiaeconomiaonline.it\/web\/indagine-annuale-sulloccupazione-e-sugli-sviluppi-sociali-in-europa\/","og_site_name":"ItaliaEconomiaOnline","article_published_time":"2020-09-15T14:26:18+00:00","og_image":[{"width":1065,"height":782,"url":"https:\/\/www.italiaeconomiaonline.it\/web\/wp-content\/uploads\/2018\/07\/p2-e1531909427362.jpg","type":"image\/jpeg"}],"author":"ladyitaliaeconomia","twitter_card":"summary_large_image","twitter_misc":{"Scritto da":"ladyitaliaeconomia","Tempo di lettura stimato":"1 minuto"},"schema":{"@context":"https:\/\/schema.org","@graph":[{"@type":"WebPage","@id":"https:\/\/www.italiaeconomiaonline.it\/web\/indagine-annuale-sulloccupazione-e-sugli-sviluppi-sociali-in-europa\/","url":"https:\/\/www.italiaeconomiaonline.it\/web\/indagine-annuale-sulloccupazione-e-sugli-sviluppi-sociali-in-europa\/","name":"Indagine annuale sull\u2019occupazione e sugli sviluppi sociali in Europa -","isPartOf":{"@id":"https:\/\/www.italiaeconomiaonline.it\/web\/#website"},"primaryImageOfPage":{"@id":"https:\/\/www.italiaeconomiaonline.it\/web\/indagine-annuale-sulloccupazione-e-sugli-sviluppi-sociali-in-europa\/#primaryimage"},"image":{"@id":"https:\/\/www.italiaeconomiaonline.it\/web\/indagine-annuale-sulloccupazione-e-sugli-sviluppi-sociali-in-europa\/#primaryimage"},"thumbnailUrl":"https:\/\/www.italiaeconomiaonline.it\/web\/wp-content\/uploads\/2018\/07\/p2-e1531909427362.jpg","datePublished":"2020-09-15T14:26:18+00:00","dateModified":"2020-09-15T14:26:18+00:00","author":{"@id":"https:\/\/www.italiaeconomiaonline.it\/web\/#\/schema\/person\/909a49cce752523b020fbc37d5ab1c31"},"breadcrumb":{"@id":"https:\/\/www.italiaeconomiaonline.it\/web\/indagine-annuale-sulloccupazione-e-sugli-sviluppi-sociali-in-europa\/#breadcrumb"},"inLanguage":"it-IT","potentialAction":[{"@type":"ReadAction","target":["https:\/\/www.italiaeconomiaonline.it\/web\/indagine-annuale-sulloccupazione-e-sugli-sviluppi-sociali-in-europa\/"]}]},{"@type":"ImageObject","inLanguage":"it-IT","@id":"https:\/\/www.italiaeconomiaonline.it\/web\/indagine-annuale-sulloccupazione-e-sugli-sviluppi-sociali-in-europa\/#primaryimage","url":"https:\/\/www.italiaeconomiaonline.it\/web\/wp-content\/uploads\/2018\/07\/p2-e1531909427362.jpg","contentUrl":"https:\/\/www.italiaeconomiaonline.it\/web\/wp-content\/uploads\/2018\/07\/p2-e1531909427362.jpg","width":1065,"height":782},{"@type":"BreadcrumbList","@id":"https:\/\/www.italiaeconomiaonline.it\/web\/indagine-annuale-sulloccupazione-e-sugli-sviluppi-sociali-in-europa\/#breadcrumb","itemListElement":[{"@type":"ListItem","position":1,"name":"Home","item":"https:\/\/www.italiaeconomiaonline.it\/web\/"},{"@type":"ListItem","position":2,"name":"Indagine annuale sull\u2019occupazione e sugli sviluppi sociali in Europa"}]},{"@type":"WebSite","@id":"https:\/\/www.italiaeconomiaonline.it\/web\/#website","url":"https:\/\/www.italiaeconomiaonline.it\/web\/","name":"ItaliaEconomiaOnline","description":"Quotidiano Economico Online","potentialAction":[{"@type":"SearchAction","target":{"@type":"EntryPoint","urlTemplate":"https:\/\/www.italiaeconomiaonline.it\/web\/?s={search_term_string}"},"query-input":"required name=search_term_string"}],"inLanguage":"it-IT"},{"@type":"Person","@id":"https:\/\/www.italiaeconomiaonline.it\/web\/#\/schema\/person\/909a49cce752523b020fbc37d5ab1c31","name":"ladyitaliaeconomia","image":{"@type":"ImageObject","inLanguage":"it-IT","@id":"https:\/\/www.italiaeconomiaonline.it\/web\/#\/schema\/person\/image\/","url":"https:\/\/secure.gravatar.com\/avatar\/cedca10ce7416a579b9fa6bce9c0a8f2?s=96&d=mm&r=g","contentUrl":"https:\/\/secure.gravatar.com\/avatar\/cedca10ce7416a579b9fa6bce9c0a8f2?s=96&d=mm&r=g","caption":"ladyitaliaeconomia"},"url":"https:\/\/www.italiaeconomiaonline.it\/web\/author\/ladyitaliaeconomia\/"}]}},"_links":{"self":[{"href":"https:\/\/www.italiaeconomiaonline.it\/web\/wp-json\/wp\/v2\/posts\/4125"}],"collection":[{"href":"https:\/\/www.italiaeconomiaonline.it\/web\/wp-json\/wp\/v2\/posts"}],"about":[{"href":"https:\/\/www.italiaeconomiaonline.it\/web\/wp-json\/wp\/v2\/types\/post"}],"author":[{"embeddable":true,"href":"https:\/\/www.italiaeconomiaonline.it\/web\/wp-json\/wp\/v2\/users\/1"}],"replies":[{"embeddable":true,"href":"https:\/\/www.italiaeconomiaonline.it\/web\/wp-json\/wp\/v2\/comments?post=4125"}],"version-history":[{"count":1,"href":"https:\/\/www.italiaeconomiaonline.it\/web\/wp-json\/wp\/v2\/posts\/4125\/revisions"}],"predecessor-version":[{"id":4126,"href":"https:\/\/www.italiaeconomiaonline.it\/web\/wp-json\/wp\/v2\/posts\/4125\/revisions\/4126"}],"wp:featuredmedia":[{"embeddable":true,"href":"https:\/\/www.italiaeconomiaonline.it\/web\/wp-json\/wp\/v2\/media\/21"}],"wp:attachment":[{"href":"https:\/\/www.italiaeconomiaonline.it\/web\/wp-json\/wp\/v2\/media?parent=4125"}],"wp:term":[{"taxonomy":"category","embeddable":true,"href":"https:\/\/www.italiaeconomiaonline.it\/web\/wp-json\/wp\/v2\/categories?post=4125"},{"taxonomy":"post_tag","embeddable":true,"href":"https:\/\/www.italiaeconomiaonline.it\/web\/wp-json\/wp\/v2\/tags?post=4125"}],"curies":[{"name":"wp","href":"https:\/\/api.w.org\/{rel}","templated":true}]}}