{"id":4150,"date":"2020-09-19T08:59:54","date_gmt":"2020-09-19T06:59:54","guid":{"rendered":"http:\/\/www.italiaeconomiaonline.it\/web\/?p=4150"},"modified":"2020-09-19T08:59:54","modified_gmt":"2020-09-19T06:59:54","slug":"i-consulenti-del-lavoro-incontrano-la-presidente-del-senato","status":"publish","type":"post","link":"https:\/\/www.italiaeconomiaonline.it\/web\/i-consulenti-del-lavoro-incontrano-la-presidente-del-senato\/","title":{"rendered":"I Consulenti del Lavoro incontrano la Presidente del Senato"},"content":{"rendered":"<p><span class=\"dropcap dropcap3\">A<\/span> colloquio con la Presidente <strong>Maria Elisabetta Alberti Casellati<\/strong>, la Presidente <strong>Marina Calderone <\/strong>ha illustrato gli scenari di crisi aperti dalla pandemiae il ruolo strategico dei Consulenti del Lavoro nel sostenere imprese e lavoratori Ieri la Presidentedel Consiglio Nazionale dell\u2019Ordine dei Consulenti del Lavoro, Marina Calderone, \u00e8 stata ricevuta dalla Presidente del Senato, <strong>Maria Elisabetta Alberti Casellati<\/strong>.<\/p>\n<p>L\u2019incontro si \u00e8 tenuto a Palazzo Giustiniani,nella sala in cui fu sottoscritta la Carta costituzionale della Repubblica Italiana.<\/p>\n<p>In un clima di grande cordialit\u00e0 la Presidente Calderone ha illustratoi delicati temi che hanno caratterizzato il mondo del lavoro durante la pandemia, soffermandosi sugli scenari di crisi che hanno interessato il mondo imprenditorialee in particolare ilcomparto delle professioni.<\/p>\n<p>Con l\u2019occasione la Presidente Calderone ha sottolineato anche il fondamentale ruolo svolto in questi mesi dai Consulenti del Lavoro nel sostenere imprese e lavoratori nell\u2019attivazione degli ammortizzatori sociali emergenziali e le numerose criticit\u00e0 e difficolt\u00e0 riscontratea causa della freneticit\u00e0 normativa e delle procedure adottate dall\u2019INPS per erogare ai lavoratori gli strumenti di sostegno al reddito voluti dal Legislatore.<\/p>\n<p>Nel corso del colloquio la Presidente ha, inoltre, evidenziato la necessit\u00e0 di favorire un reale rilancio dell\u2019economia e del lavoro,utilizzando le risorse messein campo dall\u2019Europa con il Recovery Fundper sostenere percorsi di riqualificazione e ricollocazione del personale verso quelle nuove competenze professionali di cui necessita il mercato del lavoro, soprattutto inquesto momento dirapida trasformazione.<\/p>\n<p>Il sostegno al rilancio del Paese\u2013ha auspicato \u2013dovr\u00e0 essere rivolto anche alle categorie professionali, consentendo alla Casse previdenziali una maggiore flessibilit\u00e0 al fine di poter attuare misure di welfare contrattuale a supporto dei propri iscritti.<\/p>\n<p>A tal proposito,la Presidente Calderone ha manifestato ilproprio disappunto alla mancata ratifica da parte dei ministeri vigilanti delle delibere adottate dall\u2019Enpacl, con le quali l\u2019Ente di previdenza di categoria mirava ad attenuare la crisi economica che ha colpito in maniera rilevante anche gli studi professionali dei Consulenti del Lavoro.<\/p>\n<div id=\"mainContainer\">\n<div id=\"viewerContainer\" tabindex=\"0\">\n<div id=\"viewer\" class=\"pdfViewer\">\n<div class=\"page\" data-page-number=\"1\" data-loaded=\"true\">\n<div class=\"annotationLayer\"><\/div>\n<\/div>\n<\/div>\n<\/div>\n<\/div>\n","protected":false},"excerpt":{"rendered":"<p>A colloquio con la Presidente Maria Elisabetta Alberti Casellati, la Presidente Marina Calderone ha illustrato gli scenari di crisi aperti dalla pandemiae il ruolo strategico dei Consulenti del Lavoro nel sostenere imprese e lavoratori Ieri la Presidentedel Consiglio Nazionale dell\u2019Ordine dei Consulenti del Lavoro, Marina Calderone, \u00e8 stata ricevuta dalla Presidente del Senato, Maria Elisabetta [&hellip;]<\/p>\n","protected":false},"author":1,"featured_media":4151,"comment_status":"closed","ping_status":"open","sticky":false,"template":"","format":"standard","meta":{"footnotes":""},"categories":[1265],"tags":[1266,1267],"yoast_head":"<!-- This site is optimized with the Yoast SEO plugin v22.2 - https:\/\/yoast.com\/wordpress\/plugins\/seo\/ -->\n<title>I Consulenti del Lavoro incontrano la Presidente del Senato -<\/title>\n<meta name=\"robots\" content=\"index, follow, max-snippet:-1, max-image-preview:large, max-video-preview:-1\" \/>\n<link rel=\"canonical\" href=\"https:\/\/www.italiaeconomiaonline.it\/web\/i-consulenti-del-lavoro-incontrano-la-presidente-del-senato\/\" \/>\n<meta property=\"og:locale\" content=\"it_IT\" \/>\n<meta property=\"og:type\" content=\"article\" \/>\n<meta property=\"og:title\" content=\"I Consulenti del Lavoro incontrano la Presidente del Senato -\" \/>\n<meta property=\"og:description\" content=\"A colloquio con la Presidente Maria Elisabetta Alberti Casellati, la Presidente Marina Calderone ha illustrato gli scenari di crisi aperti dalla pandemiae il ruolo strategico dei Consulenti del Lavoro nel sostenere imprese e lavoratori Ieri la Presidentedel Consiglio Nazionale dell\u2019Ordine dei Consulenti del Lavoro, Marina Calderone, \u00e8 stata ricevuta dalla Presidente del Senato, Maria Elisabetta [&hellip;]\" \/>\n<meta property=\"og:url\" content=\"https:\/\/www.italiaeconomiaonline.it\/web\/i-consulenti-del-lavoro-incontrano-la-presidente-del-senato\/\" \/>\n<meta property=\"og:site_name\" content=\"ItaliaEconomiaOnline\" \/>\n<meta property=\"article:published_time\" content=\"2020-09-19T06:59:54+00:00\" \/>\n<meta property=\"og:image\" content=\"https:\/\/www.italiaeconomiaonline.it\/web\/wp-content\/uploads\/2020\/09\/Calderone_Casellati-scaled.jpg\" \/>\n\t<meta property=\"og:image:width\" content=\"2560\" \/>\n\t<meta property=\"og:image:height\" content=\"1707\" \/>\n\t<meta property=\"og:image:type\" content=\"image\/jpeg\" \/>\n<meta name=\"author\" content=\"ladyitaliaeconomia\" \/>\n<meta name=\"twitter:card\" content=\"summary_large_image\" \/>\n<meta name=\"twitter:label1\" content=\"Scritto da\" \/>\n\t<meta name=\"twitter:data1\" content=\"ladyitaliaeconomia\" \/>\n\t<meta name=\"twitter:label2\" content=\"Tempo di lettura stimato\" \/>\n\t<meta name=\"twitter:data2\" content=\"2 minuti\" \/>\n<script type=\"application\/ld+json\" class=\"yoast-schema-graph\">{\"@context\":\"https:\/\/schema.org\",\"@graph\":[{\"@type\":\"WebPage\",\"@id\":\"https:\/\/www.italiaeconomiaonline.it\/web\/i-consulenti-del-lavoro-incontrano-la-presidente-del-senato\/\",\"url\":\"https:\/\/www.italiaeconomiaonline.it\/web\/i-consulenti-del-lavoro-incontrano-la-presidente-del-senato\/\",\"name\":\"I Consulenti del Lavoro incontrano la Presidente del Senato -\",\"isPartOf\":{\"@id\":\"https:\/\/www.italiaeconomiaonline.it\/web\/#website\"},\"primaryImageOfPage\":{\"@id\":\"https:\/\/www.italiaeconomiaonline.it\/web\/i-consulenti-del-lavoro-incontrano-la-presidente-del-senato\/#primaryimage\"},\"image\":{\"@id\":\"https:\/\/www.italiaeconomiaonline.it\/web\/i-consulenti-del-lavoro-incontrano-la-presidente-del-senato\/#primaryimage\"},\"thumbnailUrl\":\"https:\/\/www.italiaeconomiaonline.it\/web\/wp-content\/uploads\/2020\/09\/Calderone_Casellati-scaled.jpg\",\"datePublished\":\"2020-09-19T06:59:54+00:00\",\"dateModified\":\"2020-09-19T06:59:54+00:00\",\"author\":{\"@id\":\"https:\/\/www.italiaeconomiaonline.it\/web\/#\/schema\/person\/909a49cce752523b020fbc37d5ab1c31\"},\"breadcrumb\":{\"@id\":\"https:\/\/www.italiaeconomiaonline.it\/web\/i-consulenti-del-lavoro-incontrano-la-presidente-del-senato\/#breadcrumb\"},\"inLanguage\":\"it-IT\",\"potentialAction\":[{\"@type\":\"ReadAction\",\"target\":[\"https:\/\/www.italiaeconomiaonline.it\/web\/i-consulenti-del-lavoro-incontrano-la-presidente-del-senato\/\"]}]},{\"@type\":\"ImageObject\",\"inLanguage\":\"it-IT\",\"@id\":\"https:\/\/www.italiaeconomiaonline.it\/web\/i-consulenti-del-lavoro-incontrano-la-presidente-del-senato\/#primaryimage\",\"url\":\"https:\/\/www.italiaeconomiaonline.it\/web\/wp-content\/uploads\/2020\/09\/Calderone_Casellati-scaled.jpg\",\"contentUrl\":\"https:\/\/www.italiaeconomiaonline.it\/web\/wp-content\/uploads\/2020\/09\/Calderone_Casellati-scaled.jpg\",\"width\":2560,\"height\":1707,\"caption\":\"Visita del Presidente del Consiglio Nazionale dell'Ordine dei Consulenti del Lavoro, Marina Elvira Calderone\"},{\"@type\":\"BreadcrumbList\",\"@id\":\"https:\/\/www.italiaeconomiaonline.it\/web\/i-consulenti-del-lavoro-incontrano-la-presidente-del-senato\/#breadcrumb\",\"itemListElement\":[{\"@type\":\"ListItem\",\"position\":1,\"name\":\"Home\",\"item\":\"https:\/\/www.italiaeconomiaonline.it\/web\/\"},{\"@type\":\"ListItem\",\"position\":2,\"name\":\"I Consulenti del Lavoro incontrano la Presidente del Senato\"}]},{\"@type\":\"WebSite\",\"@id\":\"https:\/\/www.italiaeconomiaonline.it\/web\/#website\",\"url\":\"https:\/\/www.italiaeconomiaonline.it\/web\/\",\"name\":\"ItaliaEconomiaOnline\",\"description\":\"Quotidiano Economico Online\",\"potentialAction\":[{\"@type\":\"SearchAction\",\"target\":{\"@type\":\"EntryPoint\",\"urlTemplate\":\"https:\/\/www.italiaeconomiaonline.it\/web\/?s={search_term_string}\"},\"query-input\":\"required name=search_term_string\"}],\"inLanguage\":\"it-IT\"},{\"@type\":\"Person\",\"@id\":\"https:\/\/www.italiaeconomiaonline.it\/web\/#\/schema\/person\/909a49cce752523b020fbc37d5ab1c31\",\"name\":\"ladyitaliaeconomia\",\"image\":{\"@type\":\"ImageObject\",\"inLanguage\":\"it-IT\",\"@id\":\"https:\/\/www.italiaeconomiaonline.it\/web\/#\/schema\/person\/image\/\",\"url\":\"https:\/\/secure.gravatar.com\/avatar\/cedca10ce7416a579b9fa6bce9c0a8f2?s=96&d=mm&r=g\",\"contentUrl\":\"https:\/\/secure.gravatar.com\/avatar\/cedca10ce7416a579b9fa6bce9c0a8f2?s=96&d=mm&r=g\",\"caption\":\"ladyitaliaeconomia\"},\"url\":\"https:\/\/www.italiaeconomiaonline.it\/web\/author\/ladyitaliaeconomia\/\"}]}<\/script>\n<!-- \/ Yoast SEO plugin. -->","yoast_head_json":{"title":"I Consulenti del Lavoro incontrano la Presidente del Senato -","robots":{"index":"index","follow":"follow","max-snippet":"max-snippet:-1","max-image-preview":"max-image-preview:large","max-video-preview":"max-video-preview:-1"},"canonical":"https:\/\/www.italiaeconomiaonline.it\/web\/i-consulenti-del-lavoro-incontrano-la-presidente-del-senato\/","og_locale":"it_IT","og_type":"article","og_title":"I Consulenti del Lavoro incontrano la Presidente del Senato -","og_description":"A colloquio con la Presidente Maria Elisabetta Alberti Casellati, la Presidente Marina Calderone ha illustrato gli scenari di crisi aperti dalla pandemiae il ruolo strategico dei Consulenti del Lavoro nel sostenere imprese e lavoratori Ieri la Presidentedel Consiglio Nazionale dell\u2019Ordine dei Consulenti del Lavoro, Marina Calderone, \u00e8 stata ricevuta dalla Presidente del Senato, Maria Elisabetta [&hellip;]","og_url":"https:\/\/www.italiaeconomiaonline.it\/web\/i-consulenti-del-lavoro-incontrano-la-presidente-del-senato\/","og_site_name":"ItaliaEconomiaOnline","article_published_time":"2020-09-19T06:59:54+00:00","og_image":[{"width":2560,"height":1707,"url":"https:\/\/www.italiaeconomiaonline.it\/web\/wp-content\/uploads\/2020\/09\/Calderone_Casellati-scaled.jpg","type":"image\/jpeg"}],"author":"ladyitaliaeconomia","twitter_card":"summary_large_image","twitter_misc":{"Scritto da":"ladyitaliaeconomia","Tempo di lettura stimato":"2 minuti"},"schema":{"@context":"https:\/\/schema.org","@graph":[{"@type":"WebPage","@id":"https:\/\/www.italiaeconomiaonline.it\/web\/i-consulenti-del-lavoro-incontrano-la-presidente-del-senato\/","url":"https:\/\/www.italiaeconomiaonline.it\/web\/i-consulenti-del-lavoro-incontrano-la-presidente-del-senato\/","name":"I Consulenti del Lavoro incontrano la Presidente del Senato -","isPartOf":{"@id":"https:\/\/www.italiaeconomiaonline.it\/web\/#website"},"primaryImageOfPage":{"@id":"https:\/\/www.italiaeconomiaonline.it\/web\/i-consulenti-del-lavoro-incontrano-la-presidente-del-senato\/#primaryimage"},"image":{"@id":"https:\/\/www.italiaeconomiaonline.it\/web\/i-consulenti-del-lavoro-incontrano-la-presidente-del-senato\/#primaryimage"},"thumbnailUrl":"https:\/\/www.italiaeconomiaonline.it\/web\/wp-content\/uploads\/2020\/09\/Calderone_Casellati-scaled.jpg","datePublished":"2020-09-19T06:59:54+00:00","dateModified":"2020-09-19T06:59:54+00:00","author":{"@id":"https:\/\/www.italiaeconomiaonline.it\/web\/#\/schema\/person\/909a49cce752523b020fbc37d5ab1c31"},"breadcrumb":{"@id":"https:\/\/www.italiaeconomiaonline.it\/web\/i-consulenti-del-lavoro-incontrano-la-presidente-del-senato\/#breadcrumb"},"inLanguage":"it-IT","potentialAction":[{"@type":"ReadAction","target":["https:\/\/www.italiaeconomiaonline.it\/web\/i-consulenti-del-lavoro-incontrano-la-presidente-del-senato\/"]}]},{"@type":"ImageObject","inLanguage":"it-IT","@id":"https:\/\/www.italiaeconomiaonline.it\/web\/i-consulenti-del-lavoro-incontrano-la-presidente-del-senato\/#primaryimage","url":"https:\/\/www.italiaeconomiaonline.it\/web\/wp-content\/uploads\/2020\/09\/Calderone_Casellati-scaled.jpg","contentUrl":"https:\/\/www.italiaeconomiaonline.it\/web\/wp-content\/uploads\/2020\/09\/Calderone_Casellati-scaled.jpg","width":2560,"height":1707,"caption":"Visita del Presidente del Consiglio Nazionale dell'Ordine dei Consulenti del Lavoro, Marina Elvira Calderone"},{"@type":"BreadcrumbList","@id":"https:\/\/www.italiaeconomiaonline.it\/web\/i-consulenti-del-lavoro-incontrano-la-presidente-del-senato\/#breadcrumb","itemListElement":[{"@type":"ListItem","position":1,"name":"Home","item":"https:\/\/www.italiaeconomiaonline.it\/web\/"},{"@type":"ListItem","position":2,"name":"I Consulenti del Lavoro incontrano la Presidente del Senato"}]},{"@type":"WebSite","@id":"https:\/\/www.italiaeconomiaonline.it\/web\/#website","url":"https:\/\/www.italiaeconomiaonline.it\/web\/","name":"ItaliaEconomiaOnline","description":"Quotidiano Economico Online","potentialAction":[{"@type":"SearchAction","target":{"@type":"EntryPoint","urlTemplate":"https:\/\/www.italiaeconomiaonline.it\/web\/?s={search_term_string}"},"query-input":"required name=search_term_string"}],"inLanguage":"it-IT"},{"@type":"Person","@id":"https:\/\/www.italiaeconomiaonline.it\/web\/#\/schema\/person\/909a49cce752523b020fbc37d5ab1c31","name":"ladyitaliaeconomia","image":{"@type":"ImageObject","inLanguage":"it-IT","@id":"https:\/\/www.italiaeconomiaonline.it\/web\/#\/schema\/person\/image\/","url":"https:\/\/secure.gravatar.com\/avatar\/cedca10ce7416a579b9fa6bce9c0a8f2?s=96&d=mm&r=g","contentUrl":"https:\/\/secure.gravatar.com\/avatar\/cedca10ce7416a579b9fa6bce9c0a8f2?s=96&d=mm&r=g","caption":"ladyitaliaeconomia"},"url":"https:\/\/www.italiaeconomiaonline.it\/web\/author\/ladyitaliaeconomia\/"}]}},"_links":{"self":[{"href":"https:\/\/www.italiaeconomiaonline.it\/web\/wp-json\/wp\/v2\/posts\/4150"}],"collection":[{"href":"https:\/\/www.italiaeconomiaonline.it\/web\/wp-json\/wp\/v2\/posts"}],"about":[{"href":"https:\/\/www.italiaeconomiaonline.it\/web\/wp-json\/wp\/v2\/types\/post"}],"author":[{"embeddable":true,"href":"https:\/\/www.italiaeconomiaonline.it\/web\/wp-json\/wp\/v2\/users\/1"}],"replies":[{"embeddable":true,"href":"https:\/\/www.italiaeconomiaonline.it\/web\/wp-json\/wp\/v2\/comments?post=4150"}],"version-history":[{"count":1,"href":"https:\/\/www.italiaeconomiaonline.it\/web\/wp-json\/wp\/v2\/posts\/4150\/revisions"}],"predecessor-version":[{"id":4152,"href":"https:\/\/www.italiaeconomiaonline.it\/web\/wp-json\/wp\/v2\/posts\/4150\/revisions\/4152"}],"wp:featuredmedia":[{"embeddable":true,"href":"https:\/\/www.italiaeconomiaonline.it\/web\/wp-json\/wp\/v2\/media\/4151"}],"wp:attachment":[{"href":"https:\/\/www.italiaeconomiaonline.it\/web\/wp-json\/wp\/v2\/media?parent=4150"}],"wp:term":[{"taxonomy":"category","embeddable":true,"href":"https:\/\/www.italiaeconomiaonline.it\/web\/wp-json\/wp\/v2\/categories?post=4150"},{"taxonomy":"post_tag","embeddable":true,"href":"https:\/\/www.italiaeconomiaonline.it\/web\/wp-json\/wp\/v2\/tags?post=4150"}],"curies":[{"name":"wp","href":"https:\/\/api.w.org\/{rel}","templated":true}]}}