{"id":4187,"date":"2020-09-24T09:40:47","date_gmt":"2020-09-24T07:40:47","guid":{"rendered":"http:\/\/www.italiaeconomiaonline.it\/web\/?p=4187"},"modified":"2020-09-24T09:40:47","modified_gmt":"2020-09-24T07:40:47","slug":"commissione-europea-un-nuovo-inizio-in-materia-di-migrazione","status":"publish","type":"post","link":"https:\/\/www.italiaeconomiaonline.it\/web\/commissione-europea-un-nuovo-inizio-in-materia-di-migrazione\/","title":{"rendered":"Commissione Europea: un nuovo inizio in materia di migrazione"},"content":{"rendered":"<p><span class=\"dropcap dropcap3\">L<\/span>a Commissione europea propone un nuovo patto sulla migrazione e l&#8217;asilo che contempla tutti i diversi elementi necessari per un approccio europeo globale alla migrazione<\/p>\n<p>Oggi la Commissione europea propone un <strong>nuovo patto sulla migrazione e l&#8217;asilo<\/strong> che contempla tutti i diversi elementi necessari per un approccio europeo globale alla migrazione. Stabilisce <strong>procedure migliori e pi\u00f9 rapide<\/strong> durante tutto il sistema di asilo e migrazione, e garantisce un equilibrio tra i principi di equa ripartizione della <strong>responsabilit\u00e0 e solidariet\u00e0<\/strong>. Ci\u00f2 \u00e8 fondamentale per <strong>ripristinare la fiducia<\/strong> tra gli Stati membri e la fiducia nella capacit\u00e0 dell&#8217;Unione europea di gestire la migrazione.<\/p>\n<p>La migrazione \u00e8 una questione complessa, con molte sfaccettature che devono essere soppesate insieme: la sicurezza delle persone che cercano protezione internazionale o una vita migliore, le preoccupazioni dei paesi alle frontiere esterne dell&#8217;UE, che temono che le pressioni migratorie vadano oltre le loro capacit\u00e0 e necessitano della solidariet\u00e0 degli altri, e le preoccupazioni di altri Stati membri dell&#8217;UE, i quali paventano che, in caso di mancato rispetto delle procedure alle frontiere esterne, i rispettivi sistemi nazionali di asilo, integrazione o rimpatrio non siano in grado di far fronte a eventuali grandi flussi.<\/p>\n<p>Il sistema attuale non funziona pi\u00f9. Negli ultimi cinque anni l&#8217;UE non \u00e8 riuscita a porvi rimedio. L&#8217;UE deve superare l&#8217;attuale situazione di stallo e dimostrarsi all&#8217;altezza di questo compito. Con il nuovo patto sulla migrazione e l&#8217;asilo la Commissione propone soluzioni europee comuni a quella che \u00e8 una sfida europea. L&#8217;UE deve abbandonare le soluzioni ad hoc e porre in essere un <strong>sistema di gestione della migrazione prevedibile e affidabile<\/strong>.<\/p>\n<p>Dopo ampie consultazioni e una valutazione onesta e olistica della situazione, la Commissione propone di migliorare l&#8217;intero sistema. Questo significa cercare modi per migliorare la cooperazione con i paesi di origine e di transito e garantire procedure efficaci, un&#8217;integrazione efficace dei rifugiati e il rimpatrio di coloro che non hanno diritto di soggiornare nell&#8217;UE. Nessuna soluzione individuale in materia di migrazione pu\u00f2 soddisfare tutte le parti sotto tutti gli aspetti; lavorando insieme, invece, l&#8217;UE pu\u00f2 trovare una soluzione comune.<\/p>\n<p>Ursula <strong>von der Leyen<\/strong>, Presidente della Commissione europea, ha dichiarato: <em>&#8220;Proponiamo oggi una soluzione europea per ripristinare la fiducia tra gli Stati membri e la fiducia dei cittadini nella nostra capacit\u00e0, come Unione, di gestire la migrazione. L&#8217;UE ha gi\u00e0 dimostrato in altri settori di poter adottare misure straordinarie per conciliare prospettive divergenti. Abbiamo creato un mercato interno complesso, una moneta comune e un piano di ripresa senza precedenti per ricostruire le nostre economie. \u00c8 giunto il momento di affrontare la sfida di gestire la migrazione congiuntamente, con il giusto equilibrio tra solidariet\u00e0 e responsabilit\u00e0&#8221;.<\/em><\/p>\n<p>Margaritis <strong> Schinas<\/strong>, Vicepresidente per la Promozione dello stile di vita europeo, ha dichiarato: <em>&#8220;Moria ci rammenta con durezza che non \u00e8 pi\u00f9 tempo di vivere in una casa costruita a met\u00e0. \u00c8 giunto il momento di mobilitarsi a favore di una politica comune europea in materia di migrazione. Il patto fornisce gli elementi mancanti del puzzle per un approccio globale alla migrazione. L&#8217;esperienza della migrazione non \u00e8 mai la stessa da uno Stato membro all&#8217;altro, e le sfide diverse e uniche affrontate da ciascuno meritano di essere riconosciute, prese in considerazione e affrontate&#8221;.<\/em><\/p>\n<p>Ylva <strong>Johansson<\/strong>, Commissaria europea per gli Affari interni, ha dichiarato: <em>&#8220;La migrazione \u00e8 sempre stata e sar\u00e0 sempre parte delle nostre societ\u00e0. Quello che proponiamo oggi creer\u00e0 le basi per una politica migratoria a lungo termine in grado di tradurre i valori europei in una gestione pratica. Questa serie di proposte definir\u00e0 procedure di frontiera chiare, eque e pi\u00f9 rapide, in modo che le persone non debbano rimanere nel limbo. Ci\u00f2 significa una cooperazione rafforzata con i paesi terzi per garantire rimpatri rapidi, pi\u00f9 percorsi legali e azioni forti per combattere i trafficanti di esseri umani. Tutto questo fondamentalmente tutela il diritto di chiedere asilo&#8221;.<\/em><\/p>\n<p><strong>Rafforzamento della fiducia grazie a procedure migliori e pi\u00f9 efficaci <\/strong><\/p>\n<p>Il primo pilastro dell&#8217;approccio della Commissione per promuovere la fiducia consiste in <strong>procedure pi\u00f9 efficienti e pi\u00f9 rapide<\/strong>. In particolare, la Commissione propone di introdurre una procedura integrata di frontiera che, per la prima volta, prevede accertamenti preliminari all&#8217;ingresso riguardo all&#8217;identificazione di tutte le persone che attraversano le frontiere esterne dell&#8217;UE senza autorizzazione o che sono sbarcate in seguito a un&#8217;operazione di ricerca e soccorso.<\/p>\n<p>Tali accertamenti comprendono anche controlli sanitari e di sicurezza, il rilevamento delle impronte digitali e la registrazione nella banca dati Eurodac. Dopo gli accertamenti le persone possono essere instradate verso la procedura appropriata, sia questa una procedura alla frontiera per determinate categorie di richiedenti o una normale procedura di asilo. Nell&#8217;ambito di questa procedura di frontiera, saranno prese rapide decisioni di asilo o rimpatrio, in modo da offrire in tempi brevi certezza alle persone i cui casi possono essere esaminati celermente.<\/p>\n<p>Parallelamente, tutte le altre procedure saranno migliorate e saranno soggette a un maggiore monitoraggio e sostegno operativo da parte delle agenzie dell&#8217;UE. L&#8217;infrastruttura digitale dell&#8217;UE per la gestione della migrazione sar\u00e0 modernizzata per rispecchiare e sostenere tali procedure.<\/p>\n<p><strong>Equa ripartizione delle responsabilit\u00e0 e solidariet\u00e0<\/strong><\/p>\n<p>Il secondo pilastro al centro del patto \u00e8 <strong>l&#8217;equa ripartizione della responsabilit\u00e0 e la solidariet\u00e0<\/strong>. Gli Stati membri saranno tenuti ad agire in modo responsabile e solidale. Ogni Stato membro, senza eccezioni, deve contribuire alla solidariet\u00e0 nei periodi di forte sollecitazione, per contribuire a stabilizzare il sistema generale, sostenere gli Stati membri sotto pressione e garantire che l&#8217;Unione adempia ai propri obblighi umanitari.<\/p>\n<p>Tenuto conto delle diverse situazioni degli Stati membri e della fluttuazione delle pressioni migratorie, la Commissione propone un sistema di <strong>contributi flessibili<\/strong> da parte degli Stati membri, che possono andare dalla ricollocazione dei richiedenti asilo dal paese di primo ingresso all&#8217;assunzione della responsabilit\u00e0 del rimpatrio delle persone senza diritto di soggiorno fino a varie forme di sostegno operativo.<\/p>\n<p>Sebbene il nuovo sistema si fondi sulla cooperazione e su forme flessibili di sostegno inizialmente su base volontaria, saranno richiesti contributi pi\u00f9 rigorosi nei periodi di pressione su singoli Stati membri, sulla base di una rete di sicurezza.<\/p>\n<p>Il meccanismo di solidariet\u00e0 riguarder\u00e0 varie situazioni, tra cui lo sbarco di persone a seguito di operazioni di ricerca e soccorso, pressioni, situazioni di crisi o altre circostanze specifiche.<\/p>\n<p><strong>Un cambiamento di paradigma nella cooperazione con i paesi terzi<\/strong><\/p>\n<p>L&#8217;UE cercher\u00e0 di promuovere <strong>partenariati su misura e reciprocamente vantaggiosi con i paesi terzi<\/strong>. Tali partenariati contribuiranno ad affrontare sfide comuni come il traffico di migranti e a sviluppare percorsi legali e affronteranno la questione dell&#8217;effettiva attuazione degli accordi e delle intese di riammissione. L&#8217;UE e i suoi Stati membri <strong>agiranno in modo unitario<\/strong> utilizzando un&#8217;ampia gamma di strumenti per sostenere la cooperazione con i paesi terzi in materia di riammissione.<\/p>\n<p><strong>Un approccio globale<\/strong><\/p>\n<p>Il pacchetto odierno cercher\u00e0 inoltre di promuovere un <strong>sistema comune dell&#8217;UE per i rimpatri<\/strong>, al fine di rendere pi\u00f9 credibili le norme dell&#8217;UE in materia di migrazione. Prevedr\u00e0 un <strong>quadro giuridico<\/strong> pi\u00f9 efficace, un ruolo pi\u00f9 incisivo della guardia di frontiera e costiera europea e un <strong>coordinatore UE per i rimpatri<\/strong> di nuova nomina con una rete di rappresentanti nazionali per garantire la coerenza in tutta l&#8217;UE.<\/p>\n<p>Proporr\u00e0 inoltre una <strong>governance comune per la migrazione<\/strong> con una <strong>migliore pianificazione strategica<\/strong> per garantire che le politiche dell&#8217;UE e quelle nazionali siano allineate, e un <strong>monitoraggio rafforzato<\/strong> della gestione della migrazione sul terreno per rafforzare la fiducia reciproca.<\/p>\n<p>La gestione delle <strong>frontiere esterne<\/strong> sar\u00e0 migliorata. Il <strong>corpo permanente della guardia di frontiera e costiera europea<\/strong>, il cui impiego \u00e8 previsto a partire dal 1\u00ba gennaio 2021, fornir\u00e0 un maggiore sostegno ovunque necessario.<\/p>\n<p>Una <strong>politica credibile in materia di migrazione legale e integrazione<\/strong> andr\u00e0 a vantaggio delle societ\u00e0 e delle economie europee. La Commissione avvier\u00e0 con i principali paesi terzi <strong>partenariati per la gestione dei talenti<\/strong> che risponderanno alle esigenze del mercato del lavoro e di competenze nell&#8217;UE. Il patto rafforzer\u00e0 il reinsediamento e promuover\u00e0 altri percorsi complementari, cercando di sviluppare un modello europeo di sponsorizzazione da parte di comunit\u00e0 o di privati. La Commissione adotter\u00e0 inoltre un nuovo <strong>piano d&#8217;azione<\/strong> globale <strong>sull&#8217;integrazione e l&#8217;inclusione per il periodo 2021-2024<\/strong>.<\/p>\n<p><strong>Prossime tappe<\/strong><\/p>\n<p>Spetta ora al Parlamento europeo e al Consiglio esaminare e adottare l&#8217;intera legislazione necessaria per realizzare una vera politica comune in materia di asilo e migrazione. Data l&#8217;urgenza della situazione locale in vari Stati membri, i colegislatori sono invitati a raggiungere un accordo politico sui principi fondamentali del regolamento sulla gestione dell&#8217;asilo e della migrazione e ad adottare il regolamento relativo all&#8217;Agenzia dell&#8217;UE per l&#8217;asilo e il regolamento Eurodac entro la fine dell&#8217;anno. Anche la direttiva riveduta sulle condizioni di accoglienza, il regolamento qualifiche e la rifusione della direttiva rimpatri dovrebbero essere adottati rapidamente, sulla base dei progressi gi\u00e0 compiuti dal 2016.<\/p>\n<p>&nbsp;<\/p>\n","protected":false},"excerpt":{"rendered":"<p>La Commissione europea propone un nuovo patto sulla migrazione e l&#8217;asilo che contempla tutti i diversi elementi necessari per un approccio europeo globale alla migrazione Oggi la Commissione europea propone un nuovo patto sulla migrazione e l&#8217;asilo che contempla tutti i diversi elementi necessari per un approccio europeo globale alla migrazione. Stabilisce procedure migliori e [&hellip;]<\/p>\n","protected":false},"author":1,"featured_media":703,"comment_status":"closed","ping_status":"open","sticky":false,"template":"","format":"standard","meta":{"footnotes":""},"categories":[1276],"tags":[1030,1277],"yoast_head":"<!-- This site is optimized with the Yoast SEO plugin v22.2 - https:\/\/yoast.com\/wordpress\/plugins\/seo\/ -->\n<title>Commissione Europea: un nuovo inizio in materia di migrazione -<\/title>\n<meta name=\"robots\" content=\"index, follow, max-snippet:-1, max-image-preview:large, max-video-preview:-1\" \/>\n<link rel=\"canonical\" href=\"https:\/\/www.italiaeconomiaonline.it\/web\/commissione-europea-un-nuovo-inizio-in-materia-di-migrazione\/\" \/>\n<meta property=\"og:locale\" content=\"it_IT\" \/>\n<meta property=\"og:type\" content=\"article\" \/>\n<meta property=\"og:title\" content=\"Commissione Europea: un nuovo inizio in materia di migrazione -\" \/>\n<meta property=\"og:description\" content=\"La Commissione europea propone un nuovo patto sulla migrazione e l&#8217;asilo che contempla tutti i diversi elementi necessari per un approccio europeo globale alla migrazione Oggi la Commissione europea propone un nuovo patto sulla migrazione e l&#8217;asilo che contempla tutti i diversi elementi necessari per un approccio europeo globale alla migrazione. Stabilisce procedure migliori e [&hellip;]\" \/>\n<meta property=\"og:url\" content=\"https:\/\/www.italiaeconomiaonline.it\/web\/commissione-europea-un-nuovo-inizio-in-materia-di-migrazione\/\" \/>\n<meta property=\"og:site_name\" content=\"ItaliaEconomiaOnline\" \/>\n<meta property=\"article:published_time\" content=\"2020-09-24T07:40:47+00:00\" \/>\n<meta property=\"og:image\" content=\"https:\/\/www.italiaeconomiaonline.it\/web\/wp-content\/uploads\/2019\/05\/lavoro.jpg\" \/>\n\t<meta property=\"og:image:width\" content=\"960\" \/>\n\t<meta property=\"og:image:height\" content=\"606\" \/>\n\t<meta property=\"og:image:type\" content=\"image\/jpeg\" \/>\n<meta name=\"author\" content=\"ladyitaliaeconomia\" \/>\n<meta name=\"twitter:card\" content=\"summary_large_image\" \/>\n<meta name=\"twitter:label1\" content=\"Scritto da\" \/>\n\t<meta name=\"twitter:data1\" content=\"ladyitaliaeconomia\" \/>\n\t<meta name=\"twitter:label2\" content=\"Tempo di lettura stimato\" \/>\n\t<meta name=\"twitter:data2\" content=\"7 minuti\" \/>\n<script type=\"application\/ld+json\" class=\"yoast-schema-graph\">{\"@context\":\"https:\/\/schema.org\",\"@graph\":[{\"@type\":\"WebPage\",\"@id\":\"https:\/\/www.italiaeconomiaonline.it\/web\/commissione-europea-un-nuovo-inizio-in-materia-di-migrazione\/\",\"url\":\"https:\/\/www.italiaeconomiaonline.it\/web\/commissione-europea-un-nuovo-inizio-in-materia-di-migrazione\/\",\"name\":\"Commissione Europea: un nuovo inizio in materia di migrazione -\",\"isPartOf\":{\"@id\":\"https:\/\/www.italiaeconomiaonline.it\/web\/#website\"},\"primaryImageOfPage\":{\"@id\":\"https:\/\/www.italiaeconomiaonline.it\/web\/commissione-europea-un-nuovo-inizio-in-materia-di-migrazione\/#primaryimage\"},\"image\":{\"@id\":\"https:\/\/www.italiaeconomiaonline.it\/web\/commissione-europea-un-nuovo-inizio-in-materia-di-migrazione\/#primaryimage\"},\"thumbnailUrl\":\"https:\/\/www.italiaeconomiaonline.it\/web\/wp-content\/uploads\/2019\/05\/lavoro.jpg\",\"datePublished\":\"2020-09-24T07:40:47+00:00\",\"dateModified\":\"2020-09-24T07:40:47+00:00\",\"author\":{\"@id\":\"https:\/\/www.italiaeconomiaonline.it\/web\/#\/schema\/person\/909a49cce752523b020fbc37d5ab1c31\"},\"breadcrumb\":{\"@id\":\"https:\/\/www.italiaeconomiaonline.it\/web\/commissione-europea-un-nuovo-inizio-in-materia-di-migrazione\/#breadcrumb\"},\"inLanguage\":\"it-IT\",\"potentialAction\":[{\"@type\":\"ReadAction\",\"target\":[\"https:\/\/www.italiaeconomiaonline.it\/web\/commissione-europea-un-nuovo-inizio-in-materia-di-migrazione\/\"]}]},{\"@type\":\"ImageObject\",\"inLanguage\":\"it-IT\",\"@id\":\"https:\/\/www.italiaeconomiaonline.it\/web\/commissione-europea-un-nuovo-inizio-in-materia-di-migrazione\/#primaryimage\",\"url\":\"https:\/\/www.italiaeconomiaonline.it\/web\/wp-content\/uploads\/2019\/05\/lavoro.jpg\",\"contentUrl\":\"https:\/\/www.italiaeconomiaonline.it\/web\/wp-content\/uploads\/2019\/05\/lavoro.jpg\",\"width\":960,\"height\":606},{\"@type\":\"BreadcrumbList\",\"@id\":\"https:\/\/www.italiaeconomiaonline.it\/web\/commissione-europea-un-nuovo-inizio-in-materia-di-migrazione\/#breadcrumb\",\"itemListElement\":[{\"@type\":\"ListItem\",\"position\":1,\"name\":\"Home\",\"item\":\"https:\/\/www.italiaeconomiaonline.it\/web\/\"},{\"@type\":\"ListItem\",\"position\":2,\"name\":\"Commissione Europea: un nuovo inizio in materia di migrazione\"}]},{\"@type\":\"WebSite\",\"@id\":\"https:\/\/www.italiaeconomiaonline.it\/web\/#website\",\"url\":\"https:\/\/www.italiaeconomiaonline.it\/web\/\",\"name\":\"ItaliaEconomiaOnline\",\"description\":\"Quotidiano Economico Online\",\"potentialAction\":[{\"@type\":\"SearchAction\",\"target\":{\"@type\":\"EntryPoint\",\"urlTemplate\":\"https:\/\/www.italiaeconomiaonline.it\/web\/?s={search_term_string}\"},\"query-input\":\"required name=search_term_string\"}],\"inLanguage\":\"it-IT\"},{\"@type\":\"Person\",\"@id\":\"https:\/\/www.italiaeconomiaonline.it\/web\/#\/schema\/person\/909a49cce752523b020fbc37d5ab1c31\",\"name\":\"ladyitaliaeconomia\",\"image\":{\"@type\":\"ImageObject\",\"inLanguage\":\"it-IT\",\"@id\":\"https:\/\/www.italiaeconomiaonline.it\/web\/#\/schema\/person\/image\/\",\"url\":\"https:\/\/secure.gravatar.com\/avatar\/cedca10ce7416a579b9fa6bce9c0a8f2?s=96&d=mm&r=g\",\"contentUrl\":\"https:\/\/secure.gravatar.com\/avatar\/cedca10ce7416a579b9fa6bce9c0a8f2?s=96&d=mm&r=g\",\"caption\":\"ladyitaliaeconomia\"},\"url\":\"https:\/\/www.italiaeconomiaonline.it\/web\/author\/ladyitaliaeconomia\/\"}]}<\/script>\n<!-- \/ Yoast SEO plugin. -->","yoast_head_json":{"title":"Commissione Europea: un nuovo inizio in materia di migrazione -","robots":{"index":"index","follow":"follow","max-snippet":"max-snippet:-1","max-image-preview":"max-image-preview:large","max-video-preview":"max-video-preview:-1"},"canonical":"https:\/\/www.italiaeconomiaonline.it\/web\/commissione-europea-un-nuovo-inizio-in-materia-di-migrazione\/","og_locale":"it_IT","og_type":"article","og_title":"Commissione Europea: un nuovo inizio in materia di migrazione -","og_description":"La Commissione europea propone un nuovo patto sulla migrazione e l&#8217;asilo che contempla tutti i diversi elementi necessari per un approccio europeo globale alla migrazione Oggi la Commissione europea propone un nuovo patto sulla migrazione e l&#8217;asilo che contempla tutti i diversi elementi necessari per un approccio europeo globale alla migrazione. Stabilisce procedure migliori e [&hellip;]","og_url":"https:\/\/www.italiaeconomiaonline.it\/web\/commissione-europea-un-nuovo-inizio-in-materia-di-migrazione\/","og_site_name":"ItaliaEconomiaOnline","article_published_time":"2020-09-24T07:40:47+00:00","og_image":[{"width":960,"height":606,"url":"https:\/\/www.italiaeconomiaonline.it\/web\/wp-content\/uploads\/2019\/05\/lavoro.jpg","type":"image\/jpeg"}],"author":"ladyitaliaeconomia","twitter_card":"summary_large_image","twitter_misc":{"Scritto da":"ladyitaliaeconomia","Tempo di lettura stimato":"7 minuti"},"schema":{"@context":"https:\/\/schema.org","@graph":[{"@type":"WebPage","@id":"https:\/\/www.italiaeconomiaonline.it\/web\/commissione-europea-un-nuovo-inizio-in-materia-di-migrazione\/","url":"https:\/\/www.italiaeconomiaonline.it\/web\/commissione-europea-un-nuovo-inizio-in-materia-di-migrazione\/","name":"Commissione Europea: un nuovo inizio in materia di migrazione -","isPartOf":{"@id":"https:\/\/www.italiaeconomiaonline.it\/web\/#website"},"primaryImageOfPage":{"@id":"https:\/\/www.italiaeconomiaonline.it\/web\/commissione-europea-un-nuovo-inizio-in-materia-di-migrazione\/#primaryimage"},"image":{"@id":"https:\/\/www.italiaeconomiaonline.it\/web\/commissione-europea-un-nuovo-inizio-in-materia-di-migrazione\/#primaryimage"},"thumbnailUrl":"https:\/\/www.italiaeconomiaonline.it\/web\/wp-content\/uploads\/2019\/05\/lavoro.jpg","datePublished":"2020-09-24T07:40:47+00:00","dateModified":"2020-09-24T07:40:47+00:00","author":{"@id":"https:\/\/www.italiaeconomiaonline.it\/web\/#\/schema\/person\/909a49cce752523b020fbc37d5ab1c31"},"breadcrumb":{"@id":"https:\/\/www.italiaeconomiaonline.it\/web\/commissione-europea-un-nuovo-inizio-in-materia-di-migrazione\/#breadcrumb"},"inLanguage":"it-IT","potentialAction":[{"@type":"ReadAction","target":["https:\/\/www.italiaeconomiaonline.it\/web\/commissione-europea-un-nuovo-inizio-in-materia-di-migrazione\/"]}]},{"@type":"ImageObject","inLanguage":"it-IT","@id":"https:\/\/www.italiaeconomiaonline.it\/web\/commissione-europea-un-nuovo-inizio-in-materia-di-migrazione\/#primaryimage","url":"https:\/\/www.italiaeconomiaonline.it\/web\/wp-content\/uploads\/2019\/05\/lavoro.jpg","contentUrl":"https:\/\/www.italiaeconomiaonline.it\/web\/wp-content\/uploads\/2019\/05\/lavoro.jpg","width":960,"height":606},{"@type":"BreadcrumbList","@id":"https:\/\/www.italiaeconomiaonline.it\/web\/commissione-europea-un-nuovo-inizio-in-materia-di-migrazione\/#breadcrumb","itemListElement":[{"@type":"ListItem","position":1,"name":"Home","item":"https:\/\/www.italiaeconomiaonline.it\/web\/"},{"@type":"ListItem","position":2,"name":"Commissione Europea: un nuovo inizio in materia di migrazione"}]},{"@type":"WebSite","@id":"https:\/\/www.italiaeconomiaonline.it\/web\/#website","url":"https:\/\/www.italiaeconomiaonline.it\/web\/","name":"ItaliaEconomiaOnline","description":"Quotidiano Economico Online","potentialAction":[{"@type":"SearchAction","target":{"@type":"EntryPoint","urlTemplate":"https:\/\/www.italiaeconomiaonline.it\/web\/?s={search_term_string}"},"query-input":"required name=search_term_string"}],"inLanguage":"it-IT"},{"@type":"Person","@id":"https:\/\/www.italiaeconomiaonline.it\/web\/#\/schema\/person\/909a49cce752523b020fbc37d5ab1c31","name":"ladyitaliaeconomia","image":{"@type":"ImageObject","inLanguage":"it-IT","@id":"https:\/\/www.italiaeconomiaonline.it\/web\/#\/schema\/person\/image\/","url":"https:\/\/secure.gravatar.com\/avatar\/cedca10ce7416a579b9fa6bce9c0a8f2?s=96&d=mm&r=g","contentUrl":"https:\/\/secure.gravatar.com\/avatar\/cedca10ce7416a579b9fa6bce9c0a8f2?s=96&d=mm&r=g","caption":"ladyitaliaeconomia"},"url":"https:\/\/www.italiaeconomiaonline.it\/web\/author\/ladyitaliaeconomia\/"}]}},"_links":{"self":[{"href":"https:\/\/www.italiaeconomiaonline.it\/web\/wp-json\/wp\/v2\/posts\/4187"}],"collection":[{"href":"https:\/\/www.italiaeconomiaonline.it\/web\/wp-json\/wp\/v2\/posts"}],"about":[{"href":"https:\/\/www.italiaeconomiaonline.it\/web\/wp-json\/wp\/v2\/types\/post"}],"author":[{"embeddable":true,"href":"https:\/\/www.italiaeconomiaonline.it\/web\/wp-json\/wp\/v2\/users\/1"}],"replies":[{"embeddable":true,"href":"https:\/\/www.italiaeconomiaonline.it\/web\/wp-json\/wp\/v2\/comments?post=4187"}],"version-history":[{"count":1,"href":"https:\/\/www.italiaeconomiaonline.it\/web\/wp-json\/wp\/v2\/posts\/4187\/revisions"}],"predecessor-version":[{"id":4188,"href":"https:\/\/www.italiaeconomiaonline.it\/web\/wp-json\/wp\/v2\/posts\/4187\/revisions\/4188"}],"wp:featuredmedia":[{"embeddable":true,"href":"https:\/\/www.italiaeconomiaonline.it\/web\/wp-json\/wp\/v2\/media\/703"}],"wp:attachment":[{"href":"https:\/\/www.italiaeconomiaonline.it\/web\/wp-json\/wp\/v2\/media?parent=4187"}],"wp:term":[{"taxonomy":"category","embeddable":true,"href":"https:\/\/www.italiaeconomiaonline.it\/web\/wp-json\/wp\/v2\/categories?post=4187"},{"taxonomy":"post_tag","embeddable":true,"href":"https:\/\/www.italiaeconomiaonline.it\/web\/wp-json\/wp\/v2\/tags?post=4187"}],"curies":[{"name":"wp","href":"https:\/\/api.w.org\/{rel}","templated":true}]}}