{"id":420,"date":"2019-04-15T10:23:20","date_gmt":"2019-04-15T08:23:20","guid":{"rendered":"http:\/\/www.italiaeconomiaonline.it\/web\/?p=420"},"modified":"2019-04-15T10:30:07","modified_gmt":"2019-04-15T08:30:07","slug":"air-italy-e-alitalia-tarlazzi-uiltrasporti-il-governo-si-assuma-con-urgenza-le-proprie-responsabilita","status":"publish","type":"post","link":"https:\/\/www.italiaeconomiaonline.it\/web\/air-italy-e-alitalia-tarlazzi-uiltrasporti-il-governo-si-assuma-con-urgenza-le-proprie-responsabilita\/","title":{"rendered":"Air Italy e Alitalia, Tarlazzi (Uiltrasporti): il Governo si assuma con urgenza le proprie responsabilit\u00e0"},"content":{"rendered":"<p><span class=\"dropcap dropcap3\">D<\/span><em>a troppo tempo non riscontiamo da parte del Governo la necessaria attenzione al settore del trasporto aereo, che \u00e8 strategico per il rilancio turistico ed industriale del nostro Paese.<\/em><\/p>\n<p>A dichiararlo il Segretario generale della Uiltrasporti, <strong>Claudio Tarlazzi<\/strong>, che prosegue:<\/p>\n<blockquote class=\"td_pull_quote td_pull_center\"><p>La conferenza degli stati generali del trasporto aereo ha rappresentato un momento importante, che ha permesso di mettere a fuoco le misure necessarie per invertire il trend di crisi delle aziende del settore, in controtendenza con l\u2019aumento dei passeggeri invece in continua crescita<\/p><\/blockquote>\n<p>\u201cBisogna salvaguardare le imprese italiane che danno lavoro in questo Paese \u2013 spiega Tarlazzi \u2013 iniziando da un migliore quadro regolatorio, che non permetta distorsioni della concorrenza a svantaggio dell\u2019intero sistema Paese. Serve una legislazione di sostegno che obblighi all\u2019applicazione del Ccnl di settore, eliminando ogni forma di dumping oggi presente sia in ambito delle imprese dei servizi aeroportuali di terra quanto in quello dei vettori stranieri che hanno base in Italia.&#8221;<\/p>\n<p>\u201cIn tutto ci\u00f2 \u2013 prosegue Tarlazzi &#8211; il Governo non pu\u00f2 non seguire con attenzione quanto sta succedendo in Air Italy, dalla quale stiamo ancora aspettando il piano industriale. Siamo molto preoccupati per la guerra tra poveri scatenata con Alitalia per la continuit\u00e0 territoriale della Sardegna, che ha provocato la perdita dei contributi per il servizio, soprattutto riguardo il fattore occupazionale dei dipendenti Air Italy che lavorano in Sardegna.<\/p>\n<p><span class=\"td_btn td_btn_sm td_default_btn\"> La logica dovrebbe prevedere che il personale operativo transiti da Air Italy ad Alitalia, se non fosse che le sorti di Alitalia sembrano di giorno in giorno essere sempre pi\u00f9 incerte.<\/span><\/p>\n<p>\u201cLe notizie che appaiono sugli organi di stampa confermano le nostre preoccupazioni: oltre a non esserci un completo interesse da parte degli investitori privati, anche dalle dichiarazioni del Vice Premier Di Maio, sembra venuta meno l\u2019attenzione che invece aveva garantito nei mesi scorsi. Sia chiaro, che come gi\u00e0 pi\u00f9 volte espresso anche dal Governo, Alitalia essendo un asset strategico per il paese non deve essere n\u00e9 svenduta e neppure messa in liquidazione.<\/p>\n<p>Va mantenuta nel suo attuale perimetro e rilanciata con politiche di investimento soprattutto nel lungo raggio, nella manutenzione e nel ground, perch\u00e9 se gestita da manager capaci e se aiutata da un Governo attento alle regole, Alitalia sapr\u00e0 dare soddisfazioni al Paese.<\/p>\n<p>Che sia quindi lo Stato italiano, in assenza di investitori privati, ad assumersi la responsabilit\u00e0 di farla funzionare, investendovi dal punto di vista finanziario e dell\u2019immagine, caratterizzando tale operazione come una necessit\u00e0 di interesse Paese, come gi\u00e0 in Europa altri Stati hanno fatto, senza comunque incappare in una procedura di infrazione per aiuto di Stato. Il tempo corre veloce, e Alitalia ha bisogno di una soluzione urgente\u201d.<\/p>\n<p>&nbsp;<\/p>\n<p>&nbsp;<\/p>\n","protected":false},"excerpt":{"rendered":"<p>Da troppo tempo non riscontiamo da parte del Governo la necessaria attenzione al settore del trasporto aereo, che \u00e8 strategico per il rilancio turistico ed industriale del nostro Paese. A dichiararlo il Segretario generale della Uiltrasporti, Claudio Tarlazzi, che prosegue: La conferenza degli stati generali del trasporto aereo ha rappresentato un momento importante, che ha [&hellip;]<\/p>\n","protected":false},"author":1,"featured_media":261,"comment_status":"closed","ping_status":"open","sticky":false,"template":"","format":"standard","meta":{"footnotes":""},"categories":[29],"tags":[62,184,183],"yoast_head":"<!-- This site is optimized with the Yoast SEO plugin v22.2 - https:\/\/yoast.com\/wordpress\/plugins\/seo\/ -->\n<title>Air Italy e Alitalia, Tarlazzi (Uiltrasporti): il Governo si assuma con urgenza le proprie responsabilit\u00e0 -<\/title>\n<meta name=\"robots\" content=\"index, follow, max-snippet:-1, max-image-preview:large, max-video-preview:-1\" \/>\n<link rel=\"canonical\" href=\"https:\/\/www.italiaeconomiaonline.it\/web\/air-italy-e-alitalia-tarlazzi-uiltrasporti-il-governo-si-assuma-con-urgenza-le-proprie-responsabilita\/\" \/>\n<meta property=\"og:locale\" content=\"it_IT\" \/>\n<meta property=\"og:type\" content=\"article\" \/>\n<meta property=\"og:title\" content=\"Air Italy e Alitalia, Tarlazzi (Uiltrasporti): il Governo si assuma con urgenza le proprie responsabilit\u00e0 -\" \/>\n<meta property=\"og:description\" content=\"Da troppo tempo non riscontiamo da parte del Governo la necessaria attenzione al settore del trasporto aereo, che \u00e8 strategico per il rilancio turistico ed industriale del nostro Paese. A dichiararlo il Segretario generale della Uiltrasporti, Claudio Tarlazzi, che prosegue: La conferenza degli stati generali del trasporto aereo ha rappresentato un momento importante, che ha [&hellip;]\" \/>\n<meta property=\"og:url\" content=\"https:\/\/www.italiaeconomiaonline.it\/web\/air-italy-e-alitalia-tarlazzi-uiltrasporti-il-governo-si-assuma-con-urgenza-le-proprie-responsabilita\/\" \/>\n<meta property=\"og:site_name\" content=\"ItaliaEconomiaOnline\" \/>\n<meta property=\"article:published_time\" content=\"2019-04-15T08:23:20+00:00\" \/>\n<meta property=\"article:modified_time\" content=\"2019-04-15T08:30:07+00:00\" \/>\n<meta property=\"og:image\" content=\"https:\/\/www.italiaeconomiaonline.it\/web\/wp-content\/uploads\/2018\/09\/AEREO.jpg\" \/>\n\t<meta property=\"og:image:width\" content=\"960\" \/>\n\t<meta property=\"og:image:height\" content=\"637\" \/>\n\t<meta property=\"og:image:type\" content=\"image\/jpeg\" \/>\n<meta name=\"author\" content=\"ladyitaliaeconomia\" \/>\n<meta name=\"twitter:card\" content=\"summary_large_image\" \/>\n<meta name=\"twitter:label1\" content=\"Scritto da\" \/>\n\t<meta name=\"twitter:data1\" content=\"ladyitaliaeconomia\" \/>\n\t<meta name=\"twitter:label2\" content=\"Tempo di lettura stimato\" \/>\n\t<meta name=\"twitter:data2\" content=\"2 minuti\" \/>\n<script type=\"application\/ld+json\" class=\"yoast-schema-graph\">{\"@context\":\"https:\/\/schema.org\",\"@graph\":[{\"@type\":\"WebPage\",\"@id\":\"https:\/\/www.italiaeconomiaonline.it\/web\/air-italy-e-alitalia-tarlazzi-uiltrasporti-il-governo-si-assuma-con-urgenza-le-proprie-responsabilita\/\",\"url\":\"https:\/\/www.italiaeconomiaonline.it\/web\/air-italy-e-alitalia-tarlazzi-uiltrasporti-il-governo-si-assuma-con-urgenza-le-proprie-responsabilita\/\",\"name\":\"Air Italy e Alitalia, Tarlazzi (Uiltrasporti): il Governo si assuma con urgenza le proprie responsabilit\u00e0 -\",\"isPartOf\":{\"@id\":\"https:\/\/www.italiaeconomiaonline.it\/web\/#website\"},\"primaryImageOfPage\":{\"@id\":\"https:\/\/www.italiaeconomiaonline.it\/web\/air-italy-e-alitalia-tarlazzi-uiltrasporti-il-governo-si-assuma-con-urgenza-le-proprie-responsabilita\/#primaryimage\"},\"image\":{\"@id\":\"https:\/\/www.italiaeconomiaonline.it\/web\/air-italy-e-alitalia-tarlazzi-uiltrasporti-il-governo-si-assuma-con-urgenza-le-proprie-responsabilita\/#primaryimage\"},\"thumbnailUrl\":\"https:\/\/www.italiaeconomiaonline.it\/web\/wp-content\/uploads\/2018\/09\/AEREO.jpg\",\"datePublished\":\"2019-04-15T08:23:20+00:00\",\"dateModified\":\"2019-04-15T08:30:07+00:00\",\"author\":{\"@id\":\"https:\/\/www.italiaeconomiaonline.it\/web\/#\/schema\/person\/909a49cce752523b020fbc37d5ab1c31\"},\"breadcrumb\":{\"@id\":\"https:\/\/www.italiaeconomiaonline.it\/web\/air-italy-e-alitalia-tarlazzi-uiltrasporti-il-governo-si-assuma-con-urgenza-le-proprie-responsabilita\/#breadcrumb\"},\"inLanguage\":\"it-IT\",\"potentialAction\":[{\"@type\":\"ReadAction\",\"target\":[\"https:\/\/www.italiaeconomiaonline.it\/web\/air-italy-e-alitalia-tarlazzi-uiltrasporti-il-governo-si-assuma-con-urgenza-le-proprie-responsabilita\/\"]}]},{\"@type\":\"ImageObject\",\"inLanguage\":\"it-IT\",\"@id\":\"https:\/\/www.italiaeconomiaonline.it\/web\/air-italy-e-alitalia-tarlazzi-uiltrasporti-il-governo-si-assuma-con-urgenza-le-proprie-responsabilita\/#primaryimage\",\"url\":\"https:\/\/www.italiaeconomiaonline.it\/web\/wp-content\/uploads\/2018\/09\/AEREO.jpg\",\"contentUrl\":\"https:\/\/www.italiaeconomiaonline.it\/web\/wp-content\/uploads\/2018\/09\/AEREO.jpg\",\"width\":960,\"height\":637},{\"@type\":\"BreadcrumbList\",\"@id\":\"https:\/\/www.italiaeconomiaonline.it\/web\/air-italy-e-alitalia-tarlazzi-uiltrasporti-il-governo-si-assuma-con-urgenza-le-proprie-responsabilita\/#breadcrumb\",\"itemListElement\":[{\"@type\":\"ListItem\",\"position\":1,\"name\":\"Home\",\"item\":\"https:\/\/www.italiaeconomiaonline.it\/web\/\"},{\"@type\":\"ListItem\",\"position\":2,\"name\":\"Air Italy e Alitalia, Tarlazzi (Uiltrasporti): il Governo si assuma con urgenza le proprie responsabilit\u00e0\"}]},{\"@type\":\"WebSite\",\"@id\":\"https:\/\/www.italiaeconomiaonline.it\/web\/#website\",\"url\":\"https:\/\/www.italiaeconomiaonline.it\/web\/\",\"name\":\"ItaliaEconomiaOnline\",\"description\":\"Quotidiano Economico Online\",\"potentialAction\":[{\"@type\":\"SearchAction\",\"target\":{\"@type\":\"EntryPoint\",\"urlTemplate\":\"https:\/\/www.italiaeconomiaonline.it\/web\/?s={search_term_string}\"},\"query-input\":\"required name=search_term_string\"}],\"inLanguage\":\"it-IT\"},{\"@type\":\"Person\",\"@id\":\"https:\/\/www.italiaeconomiaonline.it\/web\/#\/schema\/person\/909a49cce752523b020fbc37d5ab1c31\",\"name\":\"ladyitaliaeconomia\",\"image\":{\"@type\":\"ImageObject\",\"inLanguage\":\"it-IT\",\"@id\":\"https:\/\/www.italiaeconomiaonline.it\/web\/#\/schema\/person\/image\/\",\"url\":\"https:\/\/secure.gravatar.com\/avatar\/cedca10ce7416a579b9fa6bce9c0a8f2?s=96&d=mm&r=g\",\"contentUrl\":\"https:\/\/secure.gravatar.com\/avatar\/cedca10ce7416a579b9fa6bce9c0a8f2?s=96&d=mm&r=g\",\"caption\":\"ladyitaliaeconomia\"},\"url\":\"https:\/\/www.italiaeconomiaonline.it\/web\/author\/ladyitaliaeconomia\/\"}]}<\/script>\n<!-- \/ Yoast SEO plugin. -->","yoast_head_json":{"title":"Air Italy e Alitalia, Tarlazzi (Uiltrasporti): il Governo si assuma con urgenza le proprie responsabilit\u00e0 -","robots":{"index":"index","follow":"follow","max-snippet":"max-snippet:-1","max-image-preview":"max-image-preview:large","max-video-preview":"max-video-preview:-1"},"canonical":"https:\/\/www.italiaeconomiaonline.it\/web\/air-italy-e-alitalia-tarlazzi-uiltrasporti-il-governo-si-assuma-con-urgenza-le-proprie-responsabilita\/","og_locale":"it_IT","og_type":"article","og_title":"Air Italy e Alitalia, Tarlazzi (Uiltrasporti): il Governo si assuma con urgenza le proprie responsabilit\u00e0 -","og_description":"Da troppo tempo non riscontiamo da parte del Governo la necessaria attenzione al settore del trasporto aereo, che \u00e8 strategico per il rilancio turistico ed industriale del nostro Paese. A dichiararlo il Segretario generale della Uiltrasporti, Claudio Tarlazzi, che prosegue: La conferenza degli stati generali del trasporto aereo ha rappresentato un momento importante, che ha [&hellip;]","og_url":"https:\/\/www.italiaeconomiaonline.it\/web\/air-italy-e-alitalia-tarlazzi-uiltrasporti-il-governo-si-assuma-con-urgenza-le-proprie-responsabilita\/","og_site_name":"ItaliaEconomiaOnline","article_published_time":"2019-04-15T08:23:20+00:00","article_modified_time":"2019-04-15T08:30:07+00:00","og_image":[{"width":960,"height":637,"url":"https:\/\/www.italiaeconomiaonline.it\/web\/wp-content\/uploads\/2018\/09\/AEREO.jpg","type":"image\/jpeg"}],"author":"ladyitaliaeconomia","twitter_card":"summary_large_image","twitter_misc":{"Scritto da":"ladyitaliaeconomia","Tempo di lettura stimato":"2 minuti"},"schema":{"@context":"https:\/\/schema.org","@graph":[{"@type":"WebPage","@id":"https:\/\/www.italiaeconomiaonline.it\/web\/air-italy-e-alitalia-tarlazzi-uiltrasporti-il-governo-si-assuma-con-urgenza-le-proprie-responsabilita\/","url":"https:\/\/www.italiaeconomiaonline.it\/web\/air-italy-e-alitalia-tarlazzi-uiltrasporti-il-governo-si-assuma-con-urgenza-le-proprie-responsabilita\/","name":"Air Italy e Alitalia, Tarlazzi (Uiltrasporti): il Governo si assuma con urgenza le proprie responsabilit\u00e0 -","isPartOf":{"@id":"https:\/\/www.italiaeconomiaonline.it\/web\/#website"},"primaryImageOfPage":{"@id":"https:\/\/www.italiaeconomiaonline.it\/web\/air-italy-e-alitalia-tarlazzi-uiltrasporti-il-governo-si-assuma-con-urgenza-le-proprie-responsabilita\/#primaryimage"},"image":{"@id":"https:\/\/www.italiaeconomiaonline.it\/web\/air-italy-e-alitalia-tarlazzi-uiltrasporti-il-governo-si-assuma-con-urgenza-le-proprie-responsabilita\/#primaryimage"},"thumbnailUrl":"https:\/\/www.italiaeconomiaonline.it\/web\/wp-content\/uploads\/2018\/09\/AEREO.jpg","datePublished":"2019-04-15T08:23:20+00:00","dateModified":"2019-04-15T08:30:07+00:00","author":{"@id":"https:\/\/www.italiaeconomiaonline.it\/web\/#\/schema\/person\/909a49cce752523b020fbc37d5ab1c31"},"breadcrumb":{"@id":"https:\/\/www.italiaeconomiaonline.it\/web\/air-italy-e-alitalia-tarlazzi-uiltrasporti-il-governo-si-assuma-con-urgenza-le-proprie-responsabilita\/#breadcrumb"},"inLanguage":"it-IT","potentialAction":[{"@type":"ReadAction","target":["https:\/\/www.italiaeconomiaonline.it\/web\/air-italy-e-alitalia-tarlazzi-uiltrasporti-il-governo-si-assuma-con-urgenza-le-proprie-responsabilita\/"]}]},{"@type":"ImageObject","inLanguage":"it-IT","@id":"https:\/\/www.italiaeconomiaonline.it\/web\/air-italy-e-alitalia-tarlazzi-uiltrasporti-il-governo-si-assuma-con-urgenza-le-proprie-responsabilita\/#primaryimage","url":"https:\/\/www.italiaeconomiaonline.it\/web\/wp-content\/uploads\/2018\/09\/AEREO.jpg","contentUrl":"https:\/\/www.italiaeconomiaonline.it\/web\/wp-content\/uploads\/2018\/09\/AEREO.jpg","width":960,"height":637},{"@type":"BreadcrumbList","@id":"https:\/\/www.italiaeconomiaonline.it\/web\/air-italy-e-alitalia-tarlazzi-uiltrasporti-il-governo-si-assuma-con-urgenza-le-proprie-responsabilita\/#breadcrumb","itemListElement":[{"@type":"ListItem","position":1,"name":"Home","item":"https:\/\/www.italiaeconomiaonline.it\/web\/"},{"@type":"ListItem","position":2,"name":"Air Italy e Alitalia, Tarlazzi (Uiltrasporti): il Governo si assuma con urgenza le proprie responsabilit\u00e0"}]},{"@type":"WebSite","@id":"https:\/\/www.italiaeconomiaonline.it\/web\/#website","url":"https:\/\/www.italiaeconomiaonline.it\/web\/","name":"ItaliaEconomiaOnline","description":"Quotidiano Economico Online","potentialAction":[{"@type":"SearchAction","target":{"@type":"EntryPoint","urlTemplate":"https:\/\/www.italiaeconomiaonline.it\/web\/?s={search_term_string}"},"query-input":"required name=search_term_string"}],"inLanguage":"it-IT"},{"@type":"Person","@id":"https:\/\/www.italiaeconomiaonline.it\/web\/#\/schema\/person\/909a49cce752523b020fbc37d5ab1c31","name":"ladyitaliaeconomia","image":{"@type":"ImageObject","inLanguage":"it-IT","@id":"https:\/\/www.italiaeconomiaonline.it\/web\/#\/schema\/person\/image\/","url":"https:\/\/secure.gravatar.com\/avatar\/cedca10ce7416a579b9fa6bce9c0a8f2?s=96&d=mm&r=g","contentUrl":"https:\/\/secure.gravatar.com\/avatar\/cedca10ce7416a579b9fa6bce9c0a8f2?s=96&d=mm&r=g","caption":"ladyitaliaeconomia"},"url":"https:\/\/www.italiaeconomiaonline.it\/web\/author\/ladyitaliaeconomia\/"}]}},"_links":{"self":[{"href":"https:\/\/www.italiaeconomiaonline.it\/web\/wp-json\/wp\/v2\/posts\/420"}],"collection":[{"href":"https:\/\/www.italiaeconomiaonline.it\/web\/wp-json\/wp\/v2\/posts"}],"about":[{"href":"https:\/\/www.italiaeconomiaonline.it\/web\/wp-json\/wp\/v2\/types\/post"}],"author":[{"embeddable":true,"href":"https:\/\/www.italiaeconomiaonline.it\/web\/wp-json\/wp\/v2\/users\/1"}],"replies":[{"embeddable":true,"href":"https:\/\/www.italiaeconomiaonline.it\/web\/wp-json\/wp\/v2\/comments?post=420"}],"version-history":[{"count":2,"href":"https:\/\/www.italiaeconomiaonline.it\/web\/wp-json\/wp\/v2\/posts\/420\/revisions"}],"predecessor-version":[{"id":424,"href":"https:\/\/www.italiaeconomiaonline.it\/web\/wp-json\/wp\/v2\/posts\/420\/revisions\/424"}],"wp:featuredmedia":[{"embeddable":true,"href":"https:\/\/www.italiaeconomiaonline.it\/web\/wp-json\/wp\/v2\/media\/261"}],"wp:attachment":[{"href":"https:\/\/www.italiaeconomiaonline.it\/web\/wp-json\/wp\/v2\/media?parent=420"}],"wp:term":[{"taxonomy":"category","embeddable":true,"href":"https:\/\/www.italiaeconomiaonline.it\/web\/wp-json\/wp\/v2\/categories?post=420"},{"taxonomy":"post_tag","embeddable":true,"href":"https:\/\/www.italiaeconomiaonline.it\/web\/wp-json\/wp\/v2\/tags?post=420"}],"curies":[{"name":"wp","href":"https:\/\/api.w.org\/{rel}","templated":true}]}}