{"id":4223,"date":"2020-09-27T22:13:50","date_gmt":"2020-09-27T20:13:50","guid":{"rendered":"http:\/\/www.italiaeconomiaonline.it\/web\/?p=4223"},"modified":"2020-09-27T22:13:50","modified_gmt":"2020-09-27T20:13:50","slug":"puliamo-il-mondo-2020-bilancio-di-unedizione-straordinaria","status":"publish","type":"post","link":"https:\/\/www.italiaeconomiaonline.it\/web\/puliamo-il-mondo-2020-bilancio-di-unedizione-straordinaria\/","title":{"rendered":"Puliamo il Mondo 2020, bilancio di un\u2019edizione straordinaria"},"content":{"rendered":"<p><strong>\u201cPer eliminare le tossine a volte basta il cestino\u201d<\/strong>. Per fermare la macchina di Puliamo il Mondo non basta, invece, neppure una pandemia: sono circa 300 mila i volontari che quest\u2019autunno, nel pieno rispetto delle normative anti-Covid, hanno risposto e risponderanno all\u2019invito di Legambiente a scendere tra le strade, nei parchi, in spiaggia, lungo le sponde dei fiumi, nei centri e nelle periferie di piccole e grandi citt\u00e0 in tutta Italia, al richiamo dello slogan <strong>\u201cfai l\u2019attivit\u00e0 fisica che fa bene a te, ma anche all\u2019ambiente\u201d.<\/strong><\/p>\n<p>Straordinari gli sforzi profusi per la riuscita di questa 28esima edizione della versione italiana di Clean Up the World, il pi\u00f9 grande appuntamento di volontariato ambientale al mondo, organizzata fin dal 1993 da Legambiente e, di fatto, anche <strong>la pi\u00f9 grande mobilitazione di cittadinanza attiva organizzata nella Penisola dopo i mesi del lockdown<\/strong>. Da Nord a Sud, il coronavirus non ha fermato per\u00f2 nemmeno i gesti di incivilt\u00e0 e incuria per il pianeta. Anzi.<\/p>\n<p>Ha aggiunto \u201cnuovi\u201d rifiuti a quelli che gi\u00e0 inquinavano i territori: prime fra tutti le mascherine, rinvenute a migliaia tra parchi e litorali ancora una volta soffocati dalla plastica e dall\u2019usa e getta. Tra le tipologie di rifiuti ritrovati anche mozziconi di sigaretta, sacchetti, contenitori per cibo e bevande in plastica e in alluminio, rifiuti ingombranti abbandonati indiscriminatamente nella natura come gli pneumatici fuori uso.<\/p>\n<p>Una tendenza confermata anche dai numeri dell\u2019<strong>indagine<\/strong> <strong>Park Litter 2020<\/strong> condotta in 73 parchi urbani da Legambiente e su cui oggi l\u2019associazione ambientalista diffonde un <strong>focus riguardante la tipologia dei rifiuti maggiormente trovati<\/strong> nelle giornate del monitoraggio. Nel complesso sono 27.854 i rifiuti raccolti e catalogati, circa quattro ogni metro quadrato, il 60% dei quali in plastica e il 32% costituito da mozziconi di sigaretta.<\/p>\n<p>Tra questi, <strong>a farla da padrone sono i prodotti \u201cusa e getta\u201d e afferenti alla categoria \u201cpackaging\u201d, che incidono rispettivamente per il 29% e il 27% sul totale dei rifiuti rinvenuti<\/strong>.<\/p>\n<p>In particolare, su un numero complessivo di 8.082 oggetti \u201cusa e getta\u201d recuperati, il 28% \u00e8 costituito da tappi di bottiglia o barattoli e\/o linguette di lattine, l\u201911% da tappi e coperchi e\/o anelli di plastica, fazzoletti e tovaglioli di carta, buste e sacchetti. Le stoviglie (comprensive di piatti e posate di plastica, bicchieri e cannucce) incidono invece per il 3% sul totale. Per quanto riguarda il packaging, dei 7.495 rifiuti appartenenti a questa categoria ben l\u201988% \u00e8 riconducibile a packaging di tipo alimentare, ovvero alle bottiglie in vetro che incidono per il 17% (1.241 su 7.495), alle bottiglie in plastica (1.064, il 14%) e ai sacchetti di patatine, dolciumi e caramelle (646, il 9%).<\/p>\n<p>&#8220;La nostra storica campagna sui rifiuti conferiti illegalmente da cittadini maleducati e non raccolti da amministrazioni disattente, che alimentano il fenomeno del marine litter, ha fatto emergere il problema di una nuova ondata di rifiuti usa e getta, perch\u00e9 purtroppo si \u00e8 diffusa la sbagliata convinzione che il monouso riduca il rischio del contagio da Covid\u201d, spiega <strong>il presidente nazionale di Legambiente,<\/strong> <strong>Stefano Ciafani<\/strong>. \u201cDopo un decennio di conquiste su questo fronte, con le leggi sulle buste di plastica, i cotton fioc e le microplastiche nei cosmetici, siamo tornati indietro. Per recuperare il ritardo accumulato negli ultimi sei mesi della pandemia, serve approvare il recepimento italiano della direttiva europea sulla plastica monouso prima della scadenza del luglio 2021 e, al pi\u00f9 presto, anche il disegno di legge Salvamare ancora in discussione in Senato, approvato dalla Camera ormai quasi un anno fa&#8221;.<\/p>\n<p><strong>Puliamo il Mondo 2020, numeri e adesioni<\/strong> &#8211; Realizzata in collaborazione con la Rappresentanza in Italia della Commissione europea, Puliamo il Mondo 2020 gode del\u00a0patrocinio del Ministero dell\u2019Ambiente e della Tutela del Territorio e del Mare, del Ministero dell\u2019Istruzione, dell\u2019Universit\u00e0 e della Ricerca, di UPI (Unione Province Italiane), FederParchi e Unep (Programma per l\u2019Ambiente delle Nazioni Unite). Partner dell\u2019iniziativa sono Poste Italiane,\u00a0Novamont, E.ON, Virosac, Ecotyre, Hankook, Naturas\u00ec e Caes, media partner \u00e8 <em>La Nuova Ecologia<\/em>.\u00a0L\u2019appuntamento \u00e8 inoltre organizzato nell\u2019ambito del Protocollo d\u2019Intesa con il Ministero dell\u2019istruzione, dell\u2019Universit\u00e0 e della Ricerca.<\/p>\n<p>Ben <strong>41 le associazioni <\/strong>che hanno aderito a questa edizione di Puliamo il Mondo, anche nella sua formula <strong>Puliamo il Mondo dai pregiudizi<\/strong>, serie di iniziative sui temi dell\u2019integrazione, della convivenza e della coesione sociale contro ogni forma di violenza e razzismo, organizzata per \u201cspazzare via rifiuti e pregiudizi\u201d.<\/p>\n<p>Tra di esse, realt\u00e0 che si occupano di ambiente, ma anche di migranti e richiedenti asilo, salute, detenuti, disabilit\u00e0, discriminazione basata sull\u2019orientamento sessuale, comunit\u00e0 straniere, oltre che tanti giovani, famiglie, amministrazioni comunali, rappresentanti delle forze dell\u2019ordine e personaggi pubblici e del mondo dello sport, che hanno partecipato in prima persona alle attivit\u00e0 di pulizia o promosso le iniziative con messaggi lanciati attraverso i media o i propri canali social.<\/p>\n<p>Dalla conduttrice e blogger ambientalista <strong>Tessa Gelisio<\/strong> al rocker <strong>Piero Pel\u00f9<\/strong>, dal gruppo musicale <strong>Eugenio in Via Di Gioia<\/strong> alla cestista e modella <strong>Valentina Vignali<\/strong>, dal conduttore, autore tv e scrittore <strong>Alessandro Mannucci<\/strong> all\u2019artista contemporanea <strong>Lady Be<\/strong>, fino allo schermidore, medaglia d\u2019argento alle Olimpiadi di Rio, <strong>Marco Fichera,<\/strong> che proprio oggi \u00e8 impegnato in <strong>Sicilia<\/strong>, al fianco di Legambiente Catania e a diverse associazioni, dipendenti e operai di aziende sul territorio, nella pulizia straordinaria della Riserva dell\u2019Oasi del Simeto.<\/p>\n<p>Nel complesso, sono <strong>circa 300 mila i volontari che hanno partecipato e parteciperanno alle attivit\u00e0 organizzate in tutte le regioni d\u2019Italia<\/strong>: un calendario che per la prima volta prosegue oltre il canonico ultimo weekend del mese (25, 26 e 27 settembre) e che si estende anche a ottobre, complice il maltempo che questo fine settimana ha causato lo slittamento di alcuni appuntamenti in programma.<\/p>\n<p>Tra quelli che si sono gi\u00e0 svolti regolarmente, ricordiamo la pulizia della Pista Ciclabile e del Parco Lisieux a Rovigo, in <strong>Veneto<\/strong>, dove sono stati presentati i dati di Park Litter, svolto nell\u2019ambito del progetto \u201cAbbracciamo la Natura \u2013 INVOLVE\u201d e patrocinato dal Comune di Rovigo, che ha coinvolto numerosi volontari provenienti anche da Paesi stranieri.<\/p>\n<p>Sempre nell\u2019ambito del progetto europeo INVOLVE, di cui Legambiente \u00e8 capofila e che mira alla creazione di un modello inclusivo tra residenti e migranti tramite percorsi di volontariato ambientale e culturale, si \u00e8 tenuta la pulizia presso la Fornace Penna, organizzata dal Circolo Legambiente &#8220;Kiafura&#8221; di Scicli (RG), in<strong> Sicilia<\/strong>, insieme a Mediterranean Hope Casa delle culture, all\u2019Opera Diaconale Metodista di Scicli e alla Cooperativa Filotea: un\u2019occasione utile a lanciare anche un appello alla Regione per una rapida messa in sicurezza dello stabilimento di archeologia industriale di Punta Pisciotto.<\/p>\n<p>E ancora, la pulizia nei pressi della foce del fiume Sele organizzata dal Circolo di Legambiente di Capaccio-Paestum (SA), in <strong>Campania<\/strong>, insieme al Comune, al SIPROIMI di Ogliastro Cilento &#8211; centro per minori richiedenti asilo non\u00a0accompagnati, al CAS Hermes &#8211; centro di accoglienza straordinario per richiedenti asilo di Capaccio e al Forum dei Giovani di Capaccio\u00a0Paestum.<\/p>\n<p>A Genova i volontari di Legambiente <strong>Liguria<\/strong> hanno ripulito le sponde del torrente Bisagno, con un bottino di 200 kg di vetro, 600 kg di indifferenziato, 70 sacchi di plastica, 600 kg di ferro e materiali ingombranti, insieme agli Amici di Ponte Carrega e a\u00a0Trashteam\u00a0&#8211; Save The River, con la collaborazione di Genova\u00a0Cleaner, Municipio IV Media Val Bisagno e Il meteorologo ignorante.<\/p>\n<p>Nel <strong>Lazio<\/strong>, a Roma, tra le diverse iniziative organizzate da Legambiente, si sono tenuti l\u2019appuntamento speciale con il progetto \u201cZero Plastica in Mare\u201d, in collaborazione con BNL BNP Paribas, per ripulire le sponde del Tevere sotto Ponte Milvio, e la pulizia straordinaria nel quartiere Conca d\u2019Oro, all\u2019interno della Riserva Naturale dell\u2019Aniene.<\/p>\n<p><strong>Protagonisti, questa mattina, delle dirette dai territori nell\u2019ormai consueto Speciale \u201cPuliamo il Mondo\u201d in onda<\/strong> <strong>su Rai3<\/strong>, sono stati invece gli appuntamenti organizzati nei Comuni di <strong>Napoli, Bergamo e Borgo Cerreto (Perugia)<\/strong>, realt\u00e0 che hanno mostrato grande resilienza nel fronteggiare sfide difficili, dalla pandemia al sisma che ha colpito il Centro Italia nel 2016, \u201csimbolo\u201d di quella ripartenza tanto auspicata che adesso \u00e8 tempo di concretizzare attraverso scelte politiche coraggiose, provvedimenti improntati alla sostenibilit\u00e0 ambientale e un rilancio che tenga conto delle peculiarit\u00e0 dei territori.<\/p>\n<p>\u201cQuesta edizione straordinaria di Puliamo il Mondo ci offre l\u2019opportunit\u00e0 di porre vecchie e nuove questioni che richiedono risposte rapide e puntuali tanto a livello globale quanto locale. Da parte nostra e dei volontari che con rinnovato entusiasmo hanno reso possibili le iniziative in calendario anche nelle prossime settimane, restano immutati la voglia e l\u2019impegno nel contribuire a rendere questo pianeta un posto migliore\u201d, commenta ancora <strong>Stefano Ciafani.<\/strong><\/p>\n<p>\u201cMigliore in termini di salvaguardia del patrimonio ambientale, di inclusivit\u00e0, giustizia sociale, di normative adeguate da fare applicare e rispettare. Pulire il mondo, lo abbiamo ricordato anche con il format Puliamo il Mondo dai pregiudizi, significa liberarlo dai rifiuti materiali ma anche da tutte quelle barriere visibili e invisibili che alimentano discriminazioni e violenze e impediscono di godere del nostro Paese nella sua bellezza pi\u00f9 autentica e nel suo tradizionale spirito di solidariet\u00e0\u201d.<\/p>\n<p><strong>Puliamo il Mondo continua: gli eventi da non mancare. <\/strong>Grande fermento, quest\u2019anno, in <strong>Emilia Romagna<\/strong> dove le iniziative proseguono fino al 10 ottobre: sabato 3, ad esempio, giornata di pulizia a Modena; domenica 4, appuntamento a Rimini, per la pulizia della spiaggia e della scogliera di San Giuliano Mare, e a Piacenza con Puliamo il Mondo sul fiume Trebbia. Puliamo il Mondo continua anche in <strong>Lombardia<\/strong> dove a Milano, sabato 3 ottobre, \u00e8 prevista la pulizia dei dintorni di via Mantegazza, insieme ai Residenti in Villapizzone social street.<\/p>\n<p>E ancora, in <strong>Calabria<\/strong>, fino al 31 ottobre, sono in programma diverse iniziative per ripulire venti Comuni dagli pneumatici fuori uso abbandonati in natura. Gioved\u00ec primo ottobre, Legambiente <strong>Lazio<\/strong> organizza a Roma la pulizia del Parco Schuster.<\/p>\n<p>In <strong>Toscana<\/strong>, a Carmignano (PO), sabato 4 ottobre si terr\u00e0 un\u2019edizione dedicata alla sensibilizzazione contro l\u2019abbandono di mascherine e mozziconi di sigarette; mentre sabato 10, a Prato, il circolo di Legambiente con il supporto dell\u2019Assessorato alla Citt\u00e0 Curata organizza una giornata dedicata ai mozziconi che coinvolger\u00e0 i volontari nelle piazze del centro storico: per l\u2019occasione, saranno distribuiti gratuitamente dei posaceneri portatili.<\/p>\n<p>Anche in <strong>Sardegna <\/strong>proseguono le iniziative, con le pulizie organizzate il 3 ottobre a Iglesias (CI), in collaborazione con l\u2019amministrazione comunale, e il 4 ottobre a Monte Urpinu dal Circolo di Legambiente Cagliari, insieme ad altre associazioni locali.<\/p>\n<p>In fase di riprogrammazione a causa delle avverse condizioni metereologiche, infine, gli appuntamenti con il Circolo Legambiente \u201cAbron\u201d di Conversano (BA), in <strong>Puglia<\/strong>, che promuove Puliamo il Mondo presso le Gravine Monsignore nell\u2019ambito del progetto \u201cTra Laghi e Gravine: tutela integrata della biodiversit\u00e0\u201d, sostenuto da Fondazione CON IL SUD, e la pulizia del Parco dei Castelli Romani, in localit\u00e0 Fontana Marcaccio, nel <strong>Lazio<\/strong>, a cura del neocostituito Circolo \u201cArtemisio\u201d di Legambiente.<\/p>\n","protected":false},"excerpt":{"rendered":"<p>\u201cPer eliminare le tossine a volte basta il cestino\u201d. Per fermare la macchina di Puliamo il Mondo non basta, invece, neppure una pandemia: sono circa 300 mila i volontari che quest\u2019autunno, nel pieno rispetto delle normative anti-Covid, hanno risposto e risponderanno all\u2019invito di Legambiente a scendere tra le strade, nei parchi, in spiaggia, lungo le [&hellip;]<\/p>\n","protected":false},"author":1,"featured_media":3719,"comment_status":"closed","ping_status":"open","sticky":false,"template":"","format":"standard","meta":{"footnotes":""},"categories":[127],"tags":[1127],"yoast_head":"<!-- This site is optimized with the Yoast SEO plugin v22.2 - https:\/\/yoast.com\/wordpress\/plugins\/seo\/ -->\n<title>Puliamo il Mondo 2020, bilancio di un\u2019edizione straordinaria -<\/title>\n<meta name=\"robots\" content=\"index, follow, max-snippet:-1, max-image-preview:large, max-video-preview:-1\" \/>\n<link rel=\"canonical\" href=\"https:\/\/www.italiaeconomiaonline.it\/web\/puliamo-il-mondo-2020-bilancio-di-unedizione-straordinaria\/\" \/>\n<meta property=\"og:locale\" content=\"it_IT\" \/>\n<meta property=\"og:type\" content=\"article\" \/>\n<meta property=\"og:title\" content=\"Puliamo il Mondo 2020, bilancio di un\u2019edizione straordinaria -\" \/>\n<meta property=\"og:description\" content=\"\u201cPer eliminare le tossine a volte basta il cestino\u201d. Per fermare la macchina di Puliamo il Mondo non basta, invece, neppure una pandemia: sono circa 300 mila i volontari che quest\u2019autunno, nel pieno rispetto delle normative anti-Covid, hanno risposto e risponderanno all\u2019invito di Legambiente a scendere tra le strade, nei parchi, in spiaggia, lungo le [&hellip;]\" \/>\n<meta property=\"og:url\" content=\"https:\/\/www.italiaeconomiaonline.it\/web\/puliamo-il-mondo-2020-bilancio-di-unedizione-straordinaria\/\" \/>\n<meta property=\"og:site_name\" content=\"ItaliaEconomiaOnline\" \/>\n<meta property=\"article:published_time\" content=\"2020-09-27T20:13:50+00:00\" \/>\n<meta property=\"og:image\" content=\"https:\/\/www.italiaeconomiaonline.it\/web\/wp-content\/uploads\/2020\/07\/legambiente.png\" \/>\n\t<meta property=\"og:image:width\" content=\"1236\" \/>\n\t<meta property=\"og:image:height\" content=\"690\" \/>\n\t<meta property=\"og:image:type\" content=\"image\/png\" \/>\n<meta name=\"author\" content=\"ladyitaliaeconomia\" \/>\n<meta name=\"twitter:card\" content=\"summary_large_image\" \/>\n<meta name=\"twitter:label1\" content=\"Scritto da\" \/>\n\t<meta name=\"twitter:data1\" content=\"ladyitaliaeconomia\" \/>\n\t<meta name=\"twitter:label2\" content=\"Tempo di lettura stimato\" \/>\n\t<meta name=\"twitter:data2\" content=\"9 minuti\" \/>\n<script type=\"application\/ld+json\" class=\"yoast-schema-graph\">{\"@context\":\"https:\/\/schema.org\",\"@graph\":[{\"@type\":\"WebPage\",\"@id\":\"https:\/\/www.italiaeconomiaonline.it\/web\/puliamo-il-mondo-2020-bilancio-di-unedizione-straordinaria\/\",\"url\":\"https:\/\/www.italiaeconomiaonline.it\/web\/puliamo-il-mondo-2020-bilancio-di-unedizione-straordinaria\/\",\"name\":\"Puliamo il Mondo 2020, bilancio di un\u2019edizione straordinaria -\",\"isPartOf\":{\"@id\":\"https:\/\/www.italiaeconomiaonline.it\/web\/#website\"},\"primaryImageOfPage\":{\"@id\":\"https:\/\/www.italiaeconomiaonline.it\/web\/puliamo-il-mondo-2020-bilancio-di-unedizione-straordinaria\/#primaryimage\"},\"image\":{\"@id\":\"https:\/\/www.italiaeconomiaonline.it\/web\/puliamo-il-mondo-2020-bilancio-di-unedizione-straordinaria\/#primaryimage\"},\"thumbnailUrl\":\"https:\/\/www.italiaeconomiaonline.it\/web\/wp-content\/uploads\/2020\/07\/legambiente.png\",\"datePublished\":\"2020-09-27T20:13:50+00:00\",\"dateModified\":\"2020-09-27T20:13:50+00:00\",\"author\":{\"@id\":\"https:\/\/www.italiaeconomiaonline.it\/web\/#\/schema\/person\/909a49cce752523b020fbc37d5ab1c31\"},\"breadcrumb\":{\"@id\":\"https:\/\/www.italiaeconomiaonline.it\/web\/puliamo-il-mondo-2020-bilancio-di-unedizione-straordinaria\/#breadcrumb\"},\"inLanguage\":\"it-IT\",\"potentialAction\":[{\"@type\":\"ReadAction\",\"target\":[\"https:\/\/www.italiaeconomiaonline.it\/web\/puliamo-il-mondo-2020-bilancio-di-unedizione-straordinaria\/\"]}]},{\"@type\":\"ImageObject\",\"inLanguage\":\"it-IT\",\"@id\":\"https:\/\/www.italiaeconomiaonline.it\/web\/puliamo-il-mondo-2020-bilancio-di-unedizione-straordinaria\/#primaryimage\",\"url\":\"https:\/\/www.italiaeconomiaonline.it\/web\/wp-content\/uploads\/2020\/07\/legambiente.png\",\"contentUrl\":\"https:\/\/www.italiaeconomiaonline.it\/web\/wp-content\/uploads\/2020\/07\/legambiente.png\",\"width\":1236,\"height\":690},{\"@type\":\"BreadcrumbList\",\"@id\":\"https:\/\/www.italiaeconomiaonline.it\/web\/puliamo-il-mondo-2020-bilancio-di-unedizione-straordinaria\/#breadcrumb\",\"itemListElement\":[{\"@type\":\"ListItem\",\"position\":1,\"name\":\"Home\",\"item\":\"https:\/\/www.italiaeconomiaonline.it\/web\/\"},{\"@type\":\"ListItem\",\"position\":2,\"name\":\"Puliamo il Mondo 2020, bilancio di un\u2019edizione straordinaria\"}]},{\"@type\":\"WebSite\",\"@id\":\"https:\/\/www.italiaeconomiaonline.it\/web\/#website\",\"url\":\"https:\/\/www.italiaeconomiaonline.it\/web\/\",\"name\":\"ItaliaEconomiaOnline\",\"description\":\"Quotidiano Economico Online\",\"potentialAction\":[{\"@type\":\"SearchAction\",\"target\":{\"@type\":\"EntryPoint\",\"urlTemplate\":\"https:\/\/www.italiaeconomiaonline.it\/web\/?s={search_term_string}\"},\"query-input\":\"required name=search_term_string\"}],\"inLanguage\":\"it-IT\"},{\"@type\":\"Person\",\"@id\":\"https:\/\/www.italiaeconomiaonline.it\/web\/#\/schema\/person\/909a49cce752523b020fbc37d5ab1c31\",\"name\":\"ladyitaliaeconomia\",\"image\":{\"@type\":\"ImageObject\",\"inLanguage\":\"it-IT\",\"@id\":\"https:\/\/www.italiaeconomiaonline.it\/web\/#\/schema\/person\/image\/\",\"url\":\"https:\/\/secure.gravatar.com\/avatar\/cedca10ce7416a579b9fa6bce9c0a8f2?s=96&d=mm&r=g\",\"contentUrl\":\"https:\/\/secure.gravatar.com\/avatar\/cedca10ce7416a579b9fa6bce9c0a8f2?s=96&d=mm&r=g\",\"caption\":\"ladyitaliaeconomia\"},\"url\":\"https:\/\/www.italiaeconomiaonline.it\/web\/author\/ladyitaliaeconomia\/\"}]}<\/script>\n<!-- \/ Yoast SEO plugin. -->","yoast_head_json":{"title":"Puliamo il Mondo 2020, bilancio di un\u2019edizione straordinaria -","robots":{"index":"index","follow":"follow","max-snippet":"max-snippet:-1","max-image-preview":"max-image-preview:large","max-video-preview":"max-video-preview:-1"},"canonical":"https:\/\/www.italiaeconomiaonline.it\/web\/puliamo-il-mondo-2020-bilancio-di-unedizione-straordinaria\/","og_locale":"it_IT","og_type":"article","og_title":"Puliamo il Mondo 2020, bilancio di un\u2019edizione straordinaria -","og_description":"\u201cPer eliminare le tossine a volte basta il cestino\u201d. Per fermare la macchina di Puliamo il Mondo non basta, invece, neppure una pandemia: sono circa 300 mila i volontari che quest\u2019autunno, nel pieno rispetto delle normative anti-Covid, hanno risposto e risponderanno all\u2019invito di Legambiente a scendere tra le strade, nei parchi, in spiaggia, lungo le [&hellip;]","og_url":"https:\/\/www.italiaeconomiaonline.it\/web\/puliamo-il-mondo-2020-bilancio-di-unedizione-straordinaria\/","og_site_name":"ItaliaEconomiaOnline","article_published_time":"2020-09-27T20:13:50+00:00","og_image":[{"width":1236,"height":690,"url":"https:\/\/www.italiaeconomiaonline.it\/web\/wp-content\/uploads\/2020\/07\/legambiente.png","type":"image\/png"}],"author":"ladyitaliaeconomia","twitter_card":"summary_large_image","twitter_misc":{"Scritto da":"ladyitaliaeconomia","Tempo di lettura stimato":"9 minuti"},"schema":{"@context":"https:\/\/schema.org","@graph":[{"@type":"WebPage","@id":"https:\/\/www.italiaeconomiaonline.it\/web\/puliamo-il-mondo-2020-bilancio-di-unedizione-straordinaria\/","url":"https:\/\/www.italiaeconomiaonline.it\/web\/puliamo-il-mondo-2020-bilancio-di-unedizione-straordinaria\/","name":"Puliamo il Mondo 2020, bilancio di un\u2019edizione straordinaria -","isPartOf":{"@id":"https:\/\/www.italiaeconomiaonline.it\/web\/#website"},"primaryImageOfPage":{"@id":"https:\/\/www.italiaeconomiaonline.it\/web\/puliamo-il-mondo-2020-bilancio-di-unedizione-straordinaria\/#primaryimage"},"image":{"@id":"https:\/\/www.italiaeconomiaonline.it\/web\/puliamo-il-mondo-2020-bilancio-di-unedizione-straordinaria\/#primaryimage"},"thumbnailUrl":"https:\/\/www.italiaeconomiaonline.it\/web\/wp-content\/uploads\/2020\/07\/legambiente.png","datePublished":"2020-09-27T20:13:50+00:00","dateModified":"2020-09-27T20:13:50+00:00","author":{"@id":"https:\/\/www.italiaeconomiaonline.it\/web\/#\/schema\/person\/909a49cce752523b020fbc37d5ab1c31"},"breadcrumb":{"@id":"https:\/\/www.italiaeconomiaonline.it\/web\/puliamo-il-mondo-2020-bilancio-di-unedizione-straordinaria\/#breadcrumb"},"inLanguage":"it-IT","potentialAction":[{"@type":"ReadAction","target":["https:\/\/www.italiaeconomiaonline.it\/web\/puliamo-il-mondo-2020-bilancio-di-unedizione-straordinaria\/"]}]},{"@type":"ImageObject","inLanguage":"it-IT","@id":"https:\/\/www.italiaeconomiaonline.it\/web\/puliamo-il-mondo-2020-bilancio-di-unedizione-straordinaria\/#primaryimage","url":"https:\/\/www.italiaeconomiaonline.it\/web\/wp-content\/uploads\/2020\/07\/legambiente.png","contentUrl":"https:\/\/www.italiaeconomiaonline.it\/web\/wp-content\/uploads\/2020\/07\/legambiente.png","width":1236,"height":690},{"@type":"BreadcrumbList","@id":"https:\/\/www.italiaeconomiaonline.it\/web\/puliamo-il-mondo-2020-bilancio-di-unedizione-straordinaria\/#breadcrumb","itemListElement":[{"@type":"ListItem","position":1,"name":"Home","item":"https:\/\/www.italiaeconomiaonline.it\/web\/"},{"@type":"ListItem","position":2,"name":"Puliamo il Mondo 2020, bilancio di un\u2019edizione straordinaria"}]},{"@type":"WebSite","@id":"https:\/\/www.italiaeconomiaonline.it\/web\/#website","url":"https:\/\/www.italiaeconomiaonline.it\/web\/","name":"ItaliaEconomiaOnline","description":"Quotidiano Economico Online","potentialAction":[{"@type":"SearchAction","target":{"@type":"EntryPoint","urlTemplate":"https:\/\/www.italiaeconomiaonline.it\/web\/?s={search_term_string}"},"query-input":"required name=search_term_string"}],"inLanguage":"it-IT"},{"@type":"Person","@id":"https:\/\/www.italiaeconomiaonline.it\/web\/#\/schema\/person\/909a49cce752523b020fbc37d5ab1c31","name":"ladyitaliaeconomia","image":{"@type":"ImageObject","inLanguage":"it-IT","@id":"https:\/\/www.italiaeconomiaonline.it\/web\/#\/schema\/person\/image\/","url":"https:\/\/secure.gravatar.com\/avatar\/cedca10ce7416a579b9fa6bce9c0a8f2?s=96&d=mm&r=g","contentUrl":"https:\/\/secure.gravatar.com\/avatar\/cedca10ce7416a579b9fa6bce9c0a8f2?s=96&d=mm&r=g","caption":"ladyitaliaeconomia"},"url":"https:\/\/www.italiaeconomiaonline.it\/web\/author\/ladyitaliaeconomia\/"}]}},"_links":{"self":[{"href":"https:\/\/www.italiaeconomiaonline.it\/web\/wp-json\/wp\/v2\/posts\/4223"}],"collection":[{"href":"https:\/\/www.italiaeconomiaonline.it\/web\/wp-json\/wp\/v2\/posts"}],"about":[{"href":"https:\/\/www.italiaeconomiaonline.it\/web\/wp-json\/wp\/v2\/types\/post"}],"author":[{"embeddable":true,"href":"https:\/\/www.italiaeconomiaonline.it\/web\/wp-json\/wp\/v2\/users\/1"}],"replies":[{"embeddable":true,"href":"https:\/\/www.italiaeconomiaonline.it\/web\/wp-json\/wp\/v2\/comments?post=4223"}],"version-history":[{"count":1,"href":"https:\/\/www.italiaeconomiaonline.it\/web\/wp-json\/wp\/v2\/posts\/4223\/revisions"}],"predecessor-version":[{"id":4224,"href":"https:\/\/www.italiaeconomiaonline.it\/web\/wp-json\/wp\/v2\/posts\/4223\/revisions\/4224"}],"wp:featuredmedia":[{"embeddable":true,"href":"https:\/\/www.italiaeconomiaonline.it\/web\/wp-json\/wp\/v2\/media\/3719"}],"wp:attachment":[{"href":"https:\/\/www.italiaeconomiaonline.it\/web\/wp-json\/wp\/v2\/media?parent=4223"}],"wp:term":[{"taxonomy":"category","embeddable":true,"href":"https:\/\/www.italiaeconomiaonline.it\/web\/wp-json\/wp\/v2\/categories?post=4223"},{"taxonomy":"post_tag","embeddable":true,"href":"https:\/\/www.italiaeconomiaonline.it\/web\/wp-json\/wp\/v2\/tags?post=4223"}],"curies":[{"name":"wp","href":"https:\/\/api.w.org\/{rel}","templated":true}]}}