{"id":4234,"date":"2020-09-29T11:09:08","date_gmt":"2020-09-29T09:09:08","guid":{"rendered":"http:\/\/www.italiaeconomiaonline.it\/web\/?p=4234"},"modified":"2020-09-29T11:09:08","modified_gmt":"2020-09-29T09:09:08","slug":"istat-nel-secondo-trimestre-caduta-dellattivita-economica-senza-precedenti","status":"publish","type":"post","link":"https:\/\/www.italiaeconomiaonline.it\/web\/istat-nel-secondo-trimestre-caduta-dellattivita-economica-senza-precedenti\/","title":{"rendered":"Istat: nel secondo trimestre, caduta dell&#8217;attivit\u00e0 economica senza precedenti"},"content":{"rendered":"<p><span class=\"dropcap dropcap3\">N<\/span>el secondo trimestre, l&#8217;attivit\u00e0 economica mondiale ha subito un drastico calo a causa delle misure di contenimento della pandemia. Il commercio internazionale di merci \u00e8 diminuito in volume del 12,5%, valore senza precedenti storici. Tuttavia, a giugno si \u00e8 manifestato un primo segnale di inversione di tendenza (+7,6% rispetto al mese precedente).<\/p>\n<p>Nell&#8217;area dell&#8217;euro, nel secondo trimestre del 2020 il Pil si \u00e8 contratto dell&#8217;11,8% rispetto al trimestre precedente. Il calo dell&#8217;attivit\u00e0 economica \u00e8 stato diffuso a tutte le componenti della domanda, che hanno segnato il maggior contributo negativo degli ultimi anni: la spesa per consumi \u00e8 diminuita del 12,4% e gli investimenti fissi lordi del 17%.<\/p>\n<p>La caduta \u00e8 stata diffusa tra i paesi ma con intensit\u00e0 differenziate. In Germania il Pil \u00e8 sceso del 9,7%, Italia e Francia hanno registrato riduzioni pi\u00f9 accentuate (-12,8% e \u201313,8% rispettivamente) mentre in Spagna il calo \u00e8 stato pi\u00f9 marcato (-18,5%). I dati trimestrali della contabilit\u00e0 nazionale, tuttavia, sintetizzano forti fluttuazioni su base mensile, come segnalato dagli indici delle vendite al dettaglio e della produzione industriale, per i quali al forte calo di marzo e aprile si \u00e8 associato un ampio rimbalzo in maggio e giugno.<\/p>\n<p>La ripresa \u00e8 confermata dall&#8217;andamento positivo dell&#8217;indicatore del clima economico (ESI), che si \u00e8 esteso anche al mese di agosto. In particolare, la fiducia dei consumatori ha registrato un lieve miglioramento mentre quella delle imprese ha evidenziato segnali di maggiore tonicit\u00e0 in tutti i settori anche se il livello registrato nei servizi rimane decisamente pi\u00f9 basso. La produzione industriale ha continuato a crescere nel mese di luglio (+4,1% rispetto al mese precedente), anche se a ritmi inferiori rispetto al bimestre precedente.<\/p>\n<p>Dopo un calo congiunturale del -15,8% nel secondo trimestre, la produzione industriale \u00e8 prevista segnare un deciso rimbalzo nel terzo trimestre (+15,2%), per poi continuare a crescere a tassi pi\u00f9 moderati nei due trimestri successivi (+1,4% e +1,0% rispettivamente). L&#8217;utilizzo della capacit\u00e0 produttiva nel settore manifatturiero \u00e8 aumentato al 73% nel terzo trimestre, ma \u00e8 ancora inferiore di circa 10 punti percentuali rispetto ai valori precedenti la crisi.<\/p>\n<p>Nell\u2019area dell\u2019euro, la crescita del settore manifatturiero \u00e8 attesa trainare quella del Pil che quindi aumenterebbe con una intensit\u00e0 significativa nel terzo trimestre (+8,2%) per poi registrare impulsi pi\u00f9 contenuti in T4 e nel primo trimestre del 2021 (rispettivamente +2,2% e +1,5%). Considerando la media annua, nel 2020 il Pil destagionalizzato e corretto per i giorni lavorativi dovrebbe diminuire, nell\u2019area Euro, dell&#8217;8,0% rispetto all&#8217;anno precedente.<\/p>\n<p>Nel terzo trimestre, anche i consumi privati segnerebbero un deciso rimbalzo (+9,2%) per poi continuare a migliorare nei trimestri successivi (+2,3% e +0,9% rispettivamente).<br \/>\nA causa dell&#8217;elevata incertezza che condizioner\u00e0 le attese sia sulla domanda interna sia su quella estera il processo di recupero degli investimenti sar\u00e0 graduale. Nel terzo trimestre gli investimenti fissi lordi aumenterebbero in misura meno accentuata (+10,2%) della produzione industriale mentre nei trimestri successivi la crescita comparata assumerebbe valori maggiori (+3,0% e +2,3% rispettivamente).<\/p>\n<p>Inflazione rimane bassa<br \/>\nDopo oltre quattro anni la variazione annuale dell&#8217;indice armonizzato dei prezzi al consumo (IPCA) \u00e8 risultata negativa ad agosto (-0,2%, dopo il +0,4% di luglio). La tendenza deflazionistica riflette la caduta dei prezzi dell&#8217;energia e il rallentamento degli aumenti dei generi alimentari, ma anche l&#8217;inflazione di fondo si \u00e8 ridotta notevolmente, spinta dal calo della domanda e dalla temporanea riduzione delle aliquote IVA tedesche entrata in vigore a luglio.<\/p>\n<p>In base alle ipotesi tecniche che il prezzo del Brent rimanga a 43 dollari al barile e che il tasso di cambio dollaro\/euro sia stabile a 1,18 nell&#8217;orizzonte di previsione, l&#8217;inflazione osciller\u00e0 intorno allo zero nel terzo e quarto trimestre del 2020. In media, nel 2020, si prevede che l&#8217;inflazione aumenter\u00e0 lievemente (+0,3%). Nel primo trimestre del 2021, il tasso di crescita annuale dovrebbe assumere un livello pi\u00f9 elevato condizionato sia del ripristino delle normali aliquote IVA in Germania sia dal progressivo indebolirsi nei tassi tendenziali degli effetti di caduta dei prezzi dei beni energetici.<\/p>\n<p>&nbsp;<\/p>\n<p><strong>Elevata incertezza per lo scenario di previsione<\/strong><\/p>\n<p>Le previsioni sono soggette a una elevata incertezza, che si lega al progressivo aumento dei contagi nei paesi europei. I rischi al rialzo e al ribasso sono quindi dominati principalmente dall&#8217;evoluzione della pandemia. I rischi positivi includono la scoperta ed eventuale distribuzione di un vaccino che, a breve termine, rafforzerebbe la fiducia dei consumatori e delle imprese e, quindi, la domanda interna e le prospettive di crescita.<br \/>\nQuelli al ribasso considerano la possibilit\u00e0 che i contagi aumentino pi\u00f9 del previsto, rendendo necessarie misure di contenimento pi\u00f9 rigorose. La fiducia in tale caso rimarrebbe debole per un periodo pi\u00f9 lungo con inevitabili effetti sul mercato del lavoro e sui redditi delle famiglie che spingerebbero al ribasso le previsioni di ripresa dei consumi e degli investimenti.<\/p>\n","protected":false},"excerpt":{"rendered":"<p>Nel secondo trimestre, l&#8217;attivit\u00e0 economica mondiale ha subito un drastico calo a causa delle misure di contenimento della pandemia. Il commercio internazionale di merci \u00e8 diminuito in volume del 12,5%, valore senza precedenti storici. Tuttavia, a giugno si \u00e8 manifestato un primo segnale di inversione di tendenza (+7,6% rispetto al mese precedente). Nell&#8217;area dell&#8217;euro, nel [&hellip;]<\/p>\n","protected":false},"author":1,"featured_media":21,"comment_status":"closed","ping_status":"open","sticky":false,"template":"","format":"standard","meta":{"footnotes":""},"categories":[56],"tags":[1288,1287,102,269],"yoast_head":"<!-- This site is optimized with the Yoast SEO plugin v22.2 - https:\/\/yoast.com\/wordpress\/plugins\/seo\/ -->\n<title>Istat: nel secondo trimestre, caduta dell&#039;attivit\u00e0 economica senza precedenti -<\/title>\n<meta name=\"robots\" content=\"index, follow, max-snippet:-1, max-image-preview:large, max-video-preview:-1\" \/>\n<link rel=\"canonical\" href=\"https:\/\/www.italiaeconomiaonline.it\/web\/istat-nel-secondo-trimestre-caduta-dellattivita-economica-senza-precedenti\/\" \/>\n<meta property=\"og:locale\" content=\"it_IT\" \/>\n<meta property=\"og:type\" content=\"article\" \/>\n<meta property=\"og:title\" content=\"Istat: nel secondo trimestre, caduta dell&#039;attivit\u00e0 economica senza precedenti -\" \/>\n<meta property=\"og:description\" content=\"Nel secondo trimestre, l&#8217;attivit\u00e0 economica mondiale ha subito un drastico calo a causa delle misure di contenimento della pandemia. Il commercio internazionale di merci \u00e8 diminuito in volume del 12,5%, valore senza precedenti storici. Tuttavia, a giugno si \u00e8 manifestato un primo segnale di inversione di tendenza (+7,6% rispetto al mese precedente). Nell&#8217;area dell&#8217;euro, nel [&hellip;]\" \/>\n<meta property=\"og:url\" content=\"https:\/\/www.italiaeconomiaonline.it\/web\/istat-nel-secondo-trimestre-caduta-dellattivita-economica-senza-precedenti\/\" \/>\n<meta property=\"og:site_name\" content=\"ItaliaEconomiaOnline\" \/>\n<meta property=\"article:published_time\" content=\"2020-09-29T09:09:08+00:00\" \/>\n<meta property=\"og:image\" content=\"https:\/\/www.italiaeconomiaonline.it\/web\/wp-content\/uploads\/2018\/07\/p2-e1531909427362.jpg\" \/>\n\t<meta property=\"og:image:width\" content=\"1065\" \/>\n\t<meta property=\"og:image:height\" content=\"782\" \/>\n\t<meta property=\"og:image:type\" content=\"image\/jpeg\" \/>\n<meta name=\"author\" content=\"ladyitaliaeconomia\" \/>\n<meta name=\"twitter:card\" content=\"summary_large_image\" \/>\n<meta name=\"twitter:label1\" content=\"Scritto da\" \/>\n\t<meta name=\"twitter:data1\" content=\"ladyitaliaeconomia\" \/>\n\t<meta name=\"twitter:label2\" content=\"Tempo di lettura stimato\" \/>\n\t<meta name=\"twitter:data2\" content=\"4 minuti\" \/>\n<script type=\"application\/ld+json\" class=\"yoast-schema-graph\">{\"@context\":\"https:\/\/schema.org\",\"@graph\":[{\"@type\":\"WebPage\",\"@id\":\"https:\/\/www.italiaeconomiaonline.it\/web\/istat-nel-secondo-trimestre-caduta-dellattivita-economica-senza-precedenti\/\",\"url\":\"https:\/\/www.italiaeconomiaonline.it\/web\/istat-nel-secondo-trimestre-caduta-dellattivita-economica-senza-precedenti\/\",\"name\":\"Istat: nel secondo trimestre, caduta dell'attivit\u00e0 economica senza precedenti -\",\"isPartOf\":{\"@id\":\"https:\/\/www.italiaeconomiaonline.it\/web\/#website\"},\"primaryImageOfPage\":{\"@id\":\"https:\/\/www.italiaeconomiaonline.it\/web\/istat-nel-secondo-trimestre-caduta-dellattivita-economica-senza-precedenti\/#primaryimage\"},\"image\":{\"@id\":\"https:\/\/www.italiaeconomiaonline.it\/web\/istat-nel-secondo-trimestre-caduta-dellattivita-economica-senza-precedenti\/#primaryimage\"},\"thumbnailUrl\":\"https:\/\/www.italiaeconomiaonline.it\/web\/wp-content\/uploads\/2018\/07\/p2-e1531909427362.jpg\",\"datePublished\":\"2020-09-29T09:09:08+00:00\",\"dateModified\":\"2020-09-29T09:09:08+00:00\",\"author\":{\"@id\":\"https:\/\/www.italiaeconomiaonline.it\/web\/#\/schema\/person\/909a49cce752523b020fbc37d5ab1c31\"},\"breadcrumb\":{\"@id\":\"https:\/\/www.italiaeconomiaonline.it\/web\/istat-nel-secondo-trimestre-caduta-dellattivita-economica-senza-precedenti\/#breadcrumb\"},\"inLanguage\":\"it-IT\",\"potentialAction\":[{\"@type\":\"ReadAction\",\"target\":[\"https:\/\/www.italiaeconomiaonline.it\/web\/istat-nel-secondo-trimestre-caduta-dellattivita-economica-senza-precedenti\/\"]}]},{\"@type\":\"ImageObject\",\"inLanguage\":\"it-IT\",\"@id\":\"https:\/\/www.italiaeconomiaonline.it\/web\/istat-nel-secondo-trimestre-caduta-dellattivita-economica-senza-precedenti\/#primaryimage\",\"url\":\"https:\/\/www.italiaeconomiaonline.it\/web\/wp-content\/uploads\/2018\/07\/p2-e1531909427362.jpg\",\"contentUrl\":\"https:\/\/www.italiaeconomiaonline.it\/web\/wp-content\/uploads\/2018\/07\/p2-e1531909427362.jpg\",\"width\":1065,\"height\":782},{\"@type\":\"BreadcrumbList\",\"@id\":\"https:\/\/www.italiaeconomiaonline.it\/web\/istat-nel-secondo-trimestre-caduta-dellattivita-economica-senza-precedenti\/#breadcrumb\",\"itemListElement\":[{\"@type\":\"ListItem\",\"position\":1,\"name\":\"Home\",\"item\":\"https:\/\/www.italiaeconomiaonline.it\/web\/\"},{\"@type\":\"ListItem\",\"position\":2,\"name\":\"Istat: nel secondo trimestre, caduta dell&#8217;attivit\u00e0 economica senza precedenti\"}]},{\"@type\":\"WebSite\",\"@id\":\"https:\/\/www.italiaeconomiaonline.it\/web\/#website\",\"url\":\"https:\/\/www.italiaeconomiaonline.it\/web\/\",\"name\":\"ItaliaEconomiaOnline\",\"description\":\"Quotidiano Economico Online\",\"potentialAction\":[{\"@type\":\"SearchAction\",\"target\":{\"@type\":\"EntryPoint\",\"urlTemplate\":\"https:\/\/www.italiaeconomiaonline.it\/web\/?s={search_term_string}\"},\"query-input\":\"required name=search_term_string\"}],\"inLanguage\":\"it-IT\"},{\"@type\":\"Person\",\"@id\":\"https:\/\/www.italiaeconomiaonline.it\/web\/#\/schema\/person\/909a49cce752523b020fbc37d5ab1c31\",\"name\":\"ladyitaliaeconomia\",\"image\":{\"@type\":\"ImageObject\",\"inLanguage\":\"it-IT\",\"@id\":\"https:\/\/www.italiaeconomiaonline.it\/web\/#\/schema\/person\/image\/\",\"url\":\"https:\/\/secure.gravatar.com\/avatar\/cedca10ce7416a579b9fa6bce9c0a8f2?s=96&d=mm&r=g\",\"contentUrl\":\"https:\/\/secure.gravatar.com\/avatar\/cedca10ce7416a579b9fa6bce9c0a8f2?s=96&d=mm&r=g\",\"caption\":\"ladyitaliaeconomia\"},\"url\":\"https:\/\/www.italiaeconomiaonline.it\/web\/author\/ladyitaliaeconomia\/\"}]}<\/script>\n<!-- \/ Yoast SEO plugin. -->","yoast_head_json":{"title":"Istat: nel secondo trimestre, caduta dell'attivit\u00e0 economica senza precedenti -","robots":{"index":"index","follow":"follow","max-snippet":"max-snippet:-1","max-image-preview":"max-image-preview:large","max-video-preview":"max-video-preview:-1"},"canonical":"https:\/\/www.italiaeconomiaonline.it\/web\/istat-nel-secondo-trimestre-caduta-dellattivita-economica-senza-precedenti\/","og_locale":"it_IT","og_type":"article","og_title":"Istat: nel secondo trimestre, caduta dell'attivit\u00e0 economica senza precedenti -","og_description":"Nel secondo trimestre, l&#8217;attivit\u00e0 economica mondiale ha subito un drastico calo a causa delle misure di contenimento della pandemia. Il commercio internazionale di merci \u00e8 diminuito in volume del 12,5%, valore senza precedenti storici. Tuttavia, a giugno si \u00e8 manifestato un primo segnale di inversione di tendenza (+7,6% rispetto al mese precedente). Nell&#8217;area dell&#8217;euro, nel [&hellip;]","og_url":"https:\/\/www.italiaeconomiaonline.it\/web\/istat-nel-secondo-trimestre-caduta-dellattivita-economica-senza-precedenti\/","og_site_name":"ItaliaEconomiaOnline","article_published_time":"2020-09-29T09:09:08+00:00","og_image":[{"width":1065,"height":782,"url":"https:\/\/www.italiaeconomiaonline.it\/web\/wp-content\/uploads\/2018\/07\/p2-e1531909427362.jpg","type":"image\/jpeg"}],"author":"ladyitaliaeconomia","twitter_card":"summary_large_image","twitter_misc":{"Scritto da":"ladyitaliaeconomia","Tempo di lettura stimato":"4 minuti"},"schema":{"@context":"https:\/\/schema.org","@graph":[{"@type":"WebPage","@id":"https:\/\/www.italiaeconomiaonline.it\/web\/istat-nel-secondo-trimestre-caduta-dellattivita-economica-senza-precedenti\/","url":"https:\/\/www.italiaeconomiaonline.it\/web\/istat-nel-secondo-trimestre-caduta-dellattivita-economica-senza-precedenti\/","name":"Istat: nel secondo trimestre, caduta dell'attivit\u00e0 economica senza precedenti -","isPartOf":{"@id":"https:\/\/www.italiaeconomiaonline.it\/web\/#website"},"primaryImageOfPage":{"@id":"https:\/\/www.italiaeconomiaonline.it\/web\/istat-nel-secondo-trimestre-caduta-dellattivita-economica-senza-precedenti\/#primaryimage"},"image":{"@id":"https:\/\/www.italiaeconomiaonline.it\/web\/istat-nel-secondo-trimestre-caduta-dellattivita-economica-senza-precedenti\/#primaryimage"},"thumbnailUrl":"https:\/\/www.italiaeconomiaonline.it\/web\/wp-content\/uploads\/2018\/07\/p2-e1531909427362.jpg","datePublished":"2020-09-29T09:09:08+00:00","dateModified":"2020-09-29T09:09:08+00:00","author":{"@id":"https:\/\/www.italiaeconomiaonline.it\/web\/#\/schema\/person\/909a49cce752523b020fbc37d5ab1c31"},"breadcrumb":{"@id":"https:\/\/www.italiaeconomiaonline.it\/web\/istat-nel-secondo-trimestre-caduta-dellattivita-economica-senza-precedenti\/#breadcrumb"},"inLanguage":"it-IT","potentialAction":[{"@type":"ReadAction","target":["https:\/\/www.italiaeconomiaonline.it\/web\/istat-nel-secondo-trimestre-caduta-dellattivita-economica-senza-precedenti\/"]}]},{"@type":"ImageObject","inLanguage":"it-IT","@id":"https:\/\/www.italiaeconomiaonline.it\/web\/istat-nel-secondo-trimestre-caduta-dellattivita-economica-senza-precedenti\/#primaryimage","url":"https:\/\/www.italiaeconomiaonline.it\/web\/wp-content\/uploads\/2018\/07\/p2-e1531909427362.jpg","contentUrl":"https:\/\/www.italiaeconomiaonline.it\/web\/wp-content\/uploads\/2018\/07\/p2-e1531909427362.jpg","width":1065,"height":782},{"@type":"BreadcrumbList","@id":"https:\/\/www.italiaeconomiaonline.it\/web\/istat-nel-secondo-trimestre-caduta-dellattivita-economica-senza-precedenti\/#breadcrumb","itemListElement":[{"@type":"ListItem","position":1,"name":"Home","item":"https:\/\/www.italiaeconomiaonline.it\/web\/"},{"@type":"ListItem","position":2,"name":"Istat: nel secondo trimestre, caduta dell&#8217;attivit\u00e0 economica senza precedenti"}]},{"@type":"WebSite","@id":"https:\/\/www.italiaeconomiaonline.it\/web\/#website","url":"https:\/\/www.italiaeconomiaonline.it\/web\/","name":"ItaliaEconomiaOnline","description":"Quotidiano Economico Online","potentialAction":[{"@type":"SearchAction","target":{"@type":"EntryPoint","urlTemplate":"https:\/\/www.italiaeconomiaonline.it\/web\/?s={search_term_string}"},"query-input":"required name=search_term_string"}],"inLanguage":"it-IT"},{"@type":"Person","@id":"https:\/\/www.italiaeconomiaonline.it\/web\/#\/schema\/person\/909a49cce752523b020fbc37d5ab1c31","name":"ladyitaliaeconomia","image":{"@type":"ImageObject","inLanguage":"it-IT","@id":"https:\/\/www.italiaeconomiaonline.it\/web\/#\/schema\/person\/image\/","url":"https:\/\/secure.gravatar.com\/avatar\/cedca10ce7416a579b9fa6bce9c0a8f2?s=96&d=mm&r=g","contentUrl":"https:\/\/secure.gravatar.com\/avatar\/cedca10ce7416a579b9fa6bce9c0a8f2?s=96&d=mm&r=g","caption":"ladyitaliaeconomia"},"url":"https:\/\/www.italiaeconomiaonline.it\/web\/author\/ladyitaliaeconomia\/"}]}},"_links":{"self":[{"href":"https:\/\/www.italiaeconomiaonline.it\/web\/wp-json\/wp\/v2\/posts\/4234"}],"collection":[{"href":"https:\/\/www.italiaeconomiaonline.it\/web\/wp-json\/wp\/v2\/posts"}],"about":[{"href":"https:\/\/www.italiaeconomiaonline.it\/web\/wp-json\/wp\/v2\/types\/post"}],"author":[{"embeddable":true,"href":"https:\/\/www.italiaeconomiaonline.it\/web\/wp-json\/wp\/v2\/users\/1"}],"replies":[{"embeddable":true,"href":"https:\/\/www.italiaeconomiaonline.it\/web\/wp-json\/wp\/v2\/comments?post=4234"}],"version-history":[{"count":1,"href":"https:\/\/www.italiaeconomiaonline.it\/web\/wp-json\/wp\/v2\/posts\/4234\/revisions"}],"predecessor-version":[{"id":4235,"href":"https:\/\/www.italiaeconomiaonline.it\/web\/wp-json\/wp\/v2\/posts\/4234\/revisions\/4235"}],"wp:featuredmedia":[{"embeddable":true,"href":"https:\/\/www.italiaeconomiaonline.it\/web\/wp-json\/wp\/v2\/media\/21"}],"wp:attachment":[{"href":"https:\/\/www.italiaeconomiaonline.it\/web\/wp-json\/wp\/v2\/media?parent=4234"}],"wp:term":[{"taxonomy":"category","embeddable":true,"href":"https:\/\/www.italiaeconomiaonline.it\/web\/wp-json\/wp\/v2\/categories?post=4234"},{"taxonomy":"post_tag","embeddable":true,"href":"https:\/\/www.italiaeconomiaonline.it\/web\/wp-json\/wp\/v2\/tags?post=4234"}],"curies":[{"name":"wp","href":"https:\/\/api.w.org\/{rel}","templated":true}]}}