{"id":4294,"date":"2020-10-04T21:07:42","date_gmt":"2020-10-04T19:07:42","guid":{"rendered":"http:\/\/www.italiaeconomiaonline.it\/web\/?p=4294"},"modified":"2020-10-04T21:07:42","modified_gmt":"2020-10-04T19:07:42","slug":"un-anno-di-lavoro-in-italia-come-hanno-reagito-i-settori-produttivi","status":"publish","type":"post","link":"https:\/\/www.italiaeconomiaonline.it\/web\/un-anno-di-lavoro-in-italia-come-hanno-reagito-i-settori-produttivi\/","title":{"rendered":"Un anno di lavoro in Italia: come hanno reagito i settori produttivi"},"content":{"rendered":"<p><span class=\"dropcap dropcap3\">L<\/span>\u2019impatto della pandemia da Covid-19 sull\u2019occupazione \u00e8 fortemente differenziato a livello settoriale, esponendo alcune attivit\u00e0 produttive ad una crisi senza precedenti e altre a cercare di resistere aiutate anche dal blocco dei licenziamenti, che gi\u00e0 a fine anno potrebbe portare a un saldo occupazionale ben diverso da quello di giugno.<\/p>\n<p>Alla luce degli ultimidati Istat sulle Forze Lavoro relativi al secondo semestre 2020,la Fondazione Studi Consulenti del Lavoro ha tracciatou n quadro dei settori pi\u00f9 colpiti dalla crisi occupazionale e di quelli che,invece,hanno tenuto meglio. Dal focus intitolato\u201cGli effetti della crisi sull\u2019occupazione: un primo bilancio settoriale\u201d, emerge che tra giugno 2019 e giugno 2020 \u00e8l\u2019industriail settore che ha retto meglio,con un calo di soli 10 mila occupati.<\/p>\n<p>In affanno, invece,il commercioall\u2019ingrosso e al dettaglio(-191mila unit\u00e0) ed iservizi alle imprese(-103mila occupati), legati soprattutto alla chiusura di molte attivit\u00e0 durante il lockdowne al ricorso allo smart working. Ma la crisi pi\u00f9 grave la paga il settoreturistico con una perdita occupazionale di 246mila unit\u00e0, di cui 158mila nei servizi di ristorazione e 88mila negli alloggi.<\/p>\n<p>Tra giugno 2019 e giugno 2020il mercato del lavoro italiano ha registratoun crollo di 841mila occupati (-3,6%) che risulta, almeno per il momento, tuttoa carico dei servizi: con la perdita di 810mila occupati questa macro-area dell\u2019economia nazionale ha contribuito alla quasi totalit\u00e0 delle fuoriuscite dal mercato del lavoro nell\u2019ultimo anno (96,3% del totale).<\/p>\n<p>Guardando alla classifica settoriale,c\u2019\u00e8 chi scende e c\u2019\u00e8 chi sale: tra i settori dell\u2019economia dei servizi in maggiore crisi ci sono, dopo i servizi ricettivi (-28,3%), le attivit\u00e0 di ricerca, selezione e fornitura di personale (-18,6%);le attivit\u00e0 domestiche (-16,7%), amministrative e di supporto alle imprese (-15,7%);noleggio e leasing (-15,2%);produzione cinematografica (-14,9%);ristorazione (-13%).<\/p>\n<p>Seguono le attivit\u00e0 immobiliari, i servizi per edifici e paesaggio, pubblicit\u00e0 e ricerche di mercato, le telecomunicazioni, commercio al dettaglio e le attivit\u00e0 legate all\u2019industria dell\u2019intrattenimento, con perdite occupazionali che oscillano tra il 5% e 10%.<\/p>\n<p>Se la maggior parte delle realt\u00e0 economiche si trovain condizioni di grande criticit\u00e0 oforte incertezza, ci sono settori che, in controtendenza con l\u2019andamento generale, lo scorso mese digiugno hanno registratoun saldo occupazionale positivo rispetto allo stesso periodo del 2019. Un esempio \u00e8 ilcomparto costruzioni, cresciuto di 20mila occupati (+1,5%), soprattutto per il completamento di alcune opere o la ristrutturazione di alcune attivit\u00e0 alla ripresa; aseguire i servizi legati alla fornitura di energia elettrica,che hanno segnato un balzo in avanti del 12,2%;i servizi di informazione (9,8%)ela ricerca scientifica (8,2%).<\/p>\n<p>Cresce anche la filiera legata alle tecnologie e al digitale, come riparazione di computer per casa e uso personale (+8,2%) e la fabbricazione di pc e prodotti dell\u2019elettronica(8,2%), la programmazione e consulenza informativa (+3,9%):settori che hanno beneficiato dell\u2019ampio ricorso alle tecnologie durante illockdown.Anche i servizi personali \u2013parrucchieri, estetisti, lavanderie \u2013hanno registrato un piccolo balzo in avanti(+2,2%), cos\u00eccome la produzione di prodotti farmaceutici (+7,1%).<\/p>\n<p>Ma si tratta di tendenze di crescita che si eranoconsolidategi\u00e0 nei trimestri precedenti. \u201cLe classifiche, cos\u00ec come i dati, divengono utili se letti in chiave propositiva\u201d,ha dichiarato la Presidente del Consiglio Nazionale dell\u2019Ordine dei Consulenti del Lavoro, Marina Calderone.\u201cSe, cio\u00e8,ciaiutano a focalizzare doveindirizzare energie e investimenti. Per questo diviene importante saper sfruttare benele risorse messe a disposizione dal Recovery fund, mettendo a sistema le competenze di chi,per professione e formazione,conosce il mercato del lavoroe pu\u00f2 contribuire al meglio alla realizzazione di progetti per il rilancio del Paese\u201d,ha concluso.<\/p>\n","protected":false},"excerpt":{"rendered":"<p>L\u2019impatto della pandemia da Covid-19 sull\u2019occupazione \u00e8 fortemente differenziato a livello settoriale, esponendo alcune attivit\u00e0 produttive ad una crisi senza precedenti e altre a cercare di resistere aiutate anche dal blocco dei licenziamenti, che gi\u00e0 a fine anno potrebbe portare a un saldo occupazionale ben diverso da quello di giugno. Alla luce degli ultimidati Istat [&hellip;]<\/p>\n","protected":false},"author":1,"featured_media":873,"comment_status":"closed","ping_status":"open","sticky":false,"template":"","format":"standard","meta":{"footnotes":""},"categories":[56],"tags":[],"yoast_head":"<!-- This site is optimized with the Yoast SEO plugin v22.2 - https:\/\/yoast.com\/wordpress\/plugins\/seo\/ -->\n<title>Un anno di lavoro in Italia: come hanno reagito i settori produttivi -<\/title>\n<meta name=\"robots\" content=\"index, follow, max-snippet:-1, max-image-preview:large, max-video-preview:-1\" \/>\n<link rel=\"canonical\" href=\"https:\/\/www.italiaeconomiaonline.it\/web\/un-anno-di-lavoro-in-italia-come-hanno-reagito-i-settori-produttivi\/\" \/>\n<meta property=\"og:locale\" content=\"it_IT\" \/>\n<meta property=\"og:type\" content=\"article\" \/>\n<meta property=\"og:title\" content=\"Un anno di lavoro in Italia: come hanno reagito i settori produttivi -\" \/>\n<meta property=\"og:description\" content=\"L\u2019impatto della pandemia da Covid-19 sull\u2019occupazione \u00e8 fortemente differenziato a livello settoriale, esponendo alcune attivit\u00e0 produttive ad una crisi senza precedenti e altre a cercare di resistere aiutate anche dal blocco dei licenziamenti, che gi\u00e0 a fine anno potrebbe portare a un saldo occupazionale ben diverso da quello di giugno. Alla luce degli ultimidati Istat [&hellip;]\" \/>\n<meta property=\"og:url\" content=\"https:\/\/www.italiaeconomiaonline.it\/web\/un-anno-di-lavoro-in-italia-come-hanno-reagito-i-settori-produttivi\/\" \/>\n<meta property=\"og:site_name\" content=\"ItaliaEconomiaOnline\" \/>\n<meta property=\"article:published_time\" content=\"2020-10-04T19:07:42+00:00\" \/>\n<meta property=\"og:image\" content=\"https:\/\/www.italiaeconomiaonline.it\/web\/wp-content\/uploads\/2019\/06\/industria.jpg\" \/>\n\t<meta property=\"og:image:width\" content=\"960\" \/>\n\t<meta property=\"og:image:height\" content=\"640\" \/>\n\t<meta property=\"og:image:type\" content=\"image\/jpeg\" \/>\n<meta name=\"author\" content=\"ladyitaliaeconomia\" \/>\n<meta name=\"twitter:card\" content=\"summary_large_image\" \/>\n<meta name=\"twitter:label1\" content=\"Scritto da\" \/>\n\t<meta name=\"twitter:data1\" content=\"ladyitaliaeconomia\" \/>\n\t<meta name=\"twitter:label2\" content=\"Tempo di lettura stimato\" \/>\n\t<meta name=\"twitter:data2\" content=\"3 minuti\" \/>\n<script type=\"application\/ld+json\" class=\"yoast-schema-graph\">{\"@context\":\"https:\/\/schema.org\",\"@graph\":[{\"@type\":\"WebPage\",\"@id\":\"https:\/\/www.italiaeconomiaonline.it\/web\/un-anno-di-lavoro-in-italia-come-hanno-reagito-i-settori-produttivi\/\",\"url\":\"https:\/\/www.italiaeconomiaonline.it\/web\/un-anno-di-lavoro-in-italia-come-hanno-reagito-i-settori-produttivi\/\",\"name\":\"Un anno di lavoro in Italia: come hanno reagito i settori produttivi -\",\"isPartOf\":{\"@id\":\"https:\/\/www.italiaeconomiaonline.it\/web\/#website\"},\"primaryImageOfPage\":{\"@id\":\"https:\/\/www.italiaeconomiaonline.it\/web\/un-anno-di-lavoro-in-italia-come-hanno-reagito-i-settori-produttivi\/#primaryimage\"},\"image\":{\"@id\":\"https:\/\/www.italiaeconomiaonline.it\/web\/un-anno-di-lavoro-in-italia-come-hanno-reagito-i-settori-produttivi\/#primaryimage\"},\"thumbnailUrl\":\"https:\/\/www.italiaeconomiaonline.it\/web\/wp-content\/uploads\/2019\/06\/industria.jpg\",\"datePublished\":\"2020-10-04T19:07:42+00:00\",\"dateModified\":\"2020-10-04T19:07:42+00:00\",\"author\":{\"@id\":\"https:\/\/www.italiaeconomiaonline.it\/web\/#\/schema\/person\/909a49cce752523b020fbc37d5ab1c31\"},\"breadcrumb\":{\"@id\":\"https:\/\/www.italiaeconomiaonline.it\/web\/un-anno-di-lavoro-in-italia-come-hanno-reagito-i-settori-produttivi\/#breadcrumb\"},\"inLanguage\":\"it-IT\",\"potentialAction\":[{\"@type\":\"ReadAction\",\"target\":[\"https:\/\/www.italiaeconomiaonline.it\/web\/un-anno-di-lavoro-in-italia-come-hanno-reagito-i-settori-produttivi\/\"]}]},{\"@type\":\"ImageObject\",\"inLanguage\":\"it-IT\",\"@id\":\"https:\/\/www.italiaeconomiaonline.it\/web\/un-anno-di-lavoro-in-italia-come-hanno-reagito-i-settori-produttivi\/#primaryimage\",\"url\":\"https:\/\/www.italiaeconomiaonline.it\/web\/wp-content\/uploads\/2019\/06\/industria.jpg\",\"contentUrl\":\"https:\/\/www.italiaeconomiaonline.it\/web\/wp-content\/uploads\/2019\/06\/industria.jpg\",\"width\":960,\"height\":640},{\"@type\":\"BreadcrumbList\",\"@id\":\"https:\/\/www.italiaeconomiaonline.it\/web\/un-anno-di-lavoro-in-italia-come-hanno-reagito-i-settori-produttivi\/#breadcrumb\",\"itemListElement\":[{\"@type\":\"ListItem\",\"position\":1,\"name\":\"Home\",\"item\":\"https:\/\/www.italiaeconomiaonline.it\/web\/\"},{\"@type\":\"ListItem\",\"position\":2,\"name\":\"Un anno di lavoro in Italia: come hanno reagito i settori produttivi\"}]},{\"@type\":\"WebSite\",\"@id\":\"https:\/\/www.italiaeconomiaonline.it\/web\/#website\",\"url\":\"https:\/\/www.italiaeconomiaonline.it\/web\/\",\"name\":\"ItaliaEconomiaOnline\",\"description\":\"Quotidiano Economico Online\",\"potentialAction\":[{\"@type\":\"SearchAction\",\"target\":{\"@type\":\"EntryPoint\",\"urlTemplate\":\"https:\/\/www.italiaeconomiaonline.it\/web\/?s={search_term_string}\"},\"query-input\":\"required name=search_term_string\"}],\"inLanguage\":\"it-IT\"},{\"@type\":\"Person\",\"@id\":\"https:\/\/www.italiaeconomiaonline.it\/web\/#\/schema\/person\/909a49cce752523b020fbc37d5ab1c31\",\"name\":\"ladyitaliaeconomia\",\"image\":{\"@type\":\"ImageObject\",\"inLanguage\":\"it-IT\",\"@id\":\"https:\/\/www.italiaeconomiaonline.it\/web\/#\/schema\/person\/image\/\",\"url\":\"https:\/\/secure.gravatar.com\/avatar\/cedca10ce7416a579b9fa6bce9c0a8f2?s=96&d=mm&r=g\",\"contentUrl\":\"https:\/\/secure.gravatar.com\/avatar\/cedca10ce7416a579b9fa6bce9c0a8f2?s=96&d=mm&r=g\",\"caption\":\"ladyitaliaeconomia\"},\"url\":\"https:\/\/www.italiaeconomiaonline.it\/web\/author\/ladyitaliaeconomia\/\"}]}<\/script>\n<!-- \/ Yoast SEO plugin. -->","yoast_head_json":{"title":"Un anno di lavoro in Italia: come hanno reagito i settori produttivi -","robots":{"index":"index","follow":"follow","max-snippet":"max-snippet:-1","max-image-preview":"max-image-preview:large","max-video-preview":"max-video-preview:-1"},"canonical":"https:\/\/www.italiaeconomiaonline.it\/web\/un-anno-di-lavoro-in-italia-come-hanno-reagito-i-settori-produttivi\/","og_locale":"it_IT","og_type":"article","og_title":"Un anno di lavoro in Italia: come hanno reagito i settori produttivi -","og_description":"L\u2019impatto della pandemia da Covid-19 sull\u2019occupazione \u00e8 fortemente differenziato a livello settoriale, esponendo alcune attivit\u00e0 produttive ad una crisi senza precedenti e altre a cercare di resistere aiutate anche dal blocco dei licenziamenti, che gi\u00e0 a fine anno potrebbe portare a un saldo occupazionale ben diverso da quello di giugno. Alla luce degli ultimidati Istat [&hellip;]","og_url":"https:\/\/www.italiaeconomiaonline.it\/web\/un-anno-di-lavoro-in-italia-come-hanno-reagito-i-settori-produttivi\/","og_site_name":"ItaliaEconomiaOnline","article_published_time":"2020-10-04T19:07:42+00:00","og_image":[{"width":960,"height":640,"url":"https:\/\/www.italiaeconomiaonline.it\/web\/wp-content\/uploads\/2019\/06\/industria.jpg","type":"image\/jpeg"}],"author":"ladyitaliaeconomia","twitter_card":"summary_large_image","twitter_misc":{"Scritto da":"ladyitaliaeconomia","Tempo di lettura stimato":"3 minuti"},"schema":{"@context":"https:\/\/schema.org","@graph":[{"@type":"WebPage","@id":"https:\/\/www.italiaeconomiaonline.it\/web\/un-anno-di-lavoro-in-italia-come-hanno-reagito-i-settori-produttivi\/","url":"https:\/\/www.italiaeconomiaonline.it\/web\/un-anno-di-lavoro-in-italia-come-hanno-reagito-i-settori-produttivi\/","name":"Un anno di lavoro in Italia: come hanno reagito i settori produttivi -","isPartOf":{"@id":"https:\/\/www.italiaeconomiaonline.it\/web\/#website"},"primaryImageOfPage":{"@id":"https:\/\/www.italiaeconomiaonline.it\/web\/un-anno-di-lavoro-in-italia-come-hanno-reagito-i-settori-produttivi\/#primaryimage"},"image":{"@id":"https:\/\/www.italiaeconomiaonline.it\/web\/un-anno-di-lavoro-in-italia-come-hanno-reagito-i-settori-produttivi\/#primaryimage"},"thumbnailUrl":"https:\/\/www.italiaeconomiaonline.it\/web\/wp-content\/uploads\/2019\/06\/industria.jpg","datePublished":"2020-10-04T19:07:42+00:00","dateModified":"2020-10-04T19:07:42+00:00","author":{"@id":"https:\/\/www.italiaeconomiaonline.it\/web\/#\/schema\/person\/909a49cce752523b020fbc37d5ab1c31"},"breadcrumb":{"@id":"https:\/\/www.italiaeconomiaonline.it\/web\/un-anno-di-lavoro-in-italia-come-hanno-reagito-i-settori-produttivi\/#breadcrumb"},"inLanguage":"it-IT","potentialAction":[{"@type":"ReadAction","target":["https:\/\/www.italiaeconomiaonline.it\/web\/un-anno-di-lavoro-in-italia-come-hanno-reagito-i-settori-produttivi\/"]}]},{"@type":"ImageObject","inLanguage":"it-IT","@id":"https:\/\/www.italiaeconomiaonline.it\/web\/un-anno-di-lavoro-in-italia-come-hanno-reagito-i-settori-produttivi\/#primaryimage","url":"https:\/\/www.italiaeconomiaonline.it\/web\/wp-content\/uploads\/2019\/06\/industria.jpg","contentUrl":"https:\/\/www.italiaeconomiaonline.it\/web\/wp-content\/uploads\/2019\/06\/industria.jpg","width":960,"height":640},{"@type":"BreadcrumbList","@id":"https:\/\/www.italiaeconomiaonline.it\/web\/un-anno-di-lavoro-in-italia-come-hanno-reagito-i-settori-produttivi\/#breadcrumb","itemListElement":[{"@type":"ListItem","position":1,"name":"Home","item":"https:\/\/www.italiaeconomiaonline.it\/web\/"},{"@type":"ListItem","position":2,"name":"Un anno di lavoro in Italia: come hanno reagito i settori produttivi"}]},{"@type":"WebSite","@id":"https:\/\/www.italiaeconomiaonline.it\/web\/#website","url":"https:\/\/www.italiaeconomiaonline.it\/web\/","name":"ItaliaEconomiaOnline","description":"Quotidiano Economico Online","potentialAction":[{"@type":"SearchAction","target":{"@type":"EntryPoint","urlTemplate":"https:\/\/www.italiaeconomiaonline.it\/web\/?s={search_term_string}"},"query-input":"required name=search_term_string"}],"inLanguage":"it-IT"},{"@type":"Person","@id":"https:\/\/www.italiaeconomiaonline.it\/web\/#\/schema\/person\/909a49cce752523b020fbc37d5ab1c31","name":"ladyitaliaeconomia","image":{"@type":"ImageObject","inLanguage":"it-IT","@id":"https:\/\/www.italiaeconomiaonline.it\/web\/#\/schema\/person\/image\/","url":"https:\/\/secure.gravatar.com\/avatar\/cedca10ce7416a579b9fa6bce9c0a8f2?s=96&d=mm&r=g","contentUrl":"https:\/\/secure.gravatar.com\/avatar\/cedca10ce7416a579b9fa6bce9c0a8f2?s=96&d=mm&r=g","caption":"ladyitaliaeconomia"},"url":"https:\/\/www.italiaeconomiaonline.it\/web\/author\/ladyitaliaeconomia\/"}]}},"_links":{"self":[{"href":"https:\/\/www.italiaeconomiaonline.it\/web\/wp-json\/wp\/v2\/posts\/4294"}],"collection":[{"href":"https:\/\/www.italiaeconomiaonline.it\/web\/wp-json\/wp\/v2\/posts"}],"about":[{"href":"https:\/\/www.italiaeconomiaonline.it\/web\/wp-json\/wp\/v2\/types\/post"}],"author":[{"embeddable":true,"href":"https:\/\/www.italiaeconomiaonline.it\/web\/wp-json\/wp\/v2\/users\/1"}],"replies":[{"embeddable":true,"href":"https:\/\/www.italiaeconomiaonline.it\/web\/wp-json\/wp\/v2\/comments?post=4294"}],"version-history":[{"count":1,"href":"https:\/\/www.italiaeconomiaonline.it\/web\/wp-json\/wp\/v2\/posts\/4294\/revisions"}],"predecessor-version":[{"id":4295,"href":"https:\/\/www.italiaeconomiaonline.it\/web\/wp-json\/wp\/v2\/posts\/4294\/revisions\/4295"}],"wp:featuredmedia":[{"embeddable":true,"href":"https:\/\/www.italiaeconomiaonline.it\/web\/wp-json\/wp\/v2\/media\/873"}],"wp:attachment":[{"href":"https:\/\/www.italiaeconomiaonline.it\/web\/wp-json\/wp\/v2\/media?parent=4294"}],"wp:term":[{"taxonomy":"category","embeddable":true,"href":"https:\/\/www.italiaeconomiaonline.it\/web\/wp-json\/wp\/v2\/categories?post=4294"},{"taxonomy":"post_tag","embeddable":true,"href":"https:\/\/www.italiaeconomiaonline.it\/web\/wp-json\/wp\/v2\/tags?post=4294"}],"curies":[{"name":"wp","href":"https:\/\/api.w.org\/{rel}","templated":true}]}}