{"id":4306,"date":"2020-10-05T10:51:59","date_gmt":"2020-10-05T08:51:59","guid":{"rendered":"http:\/\/www.italiaeconomiaonline.it\/web\/?p=4306"},"modified":"2020-10-05T10:55:10","modified_gmt":"2020-10-05T08:55:10","slug":"report-monitoraggio-sui-dati-epidemiologici-e-sulla-capacita-di-risposta-dei-servizi-sanitari-regionali","status":"publish","type":"post","link":"https:\/\/www.italiaeconomiaonline.it\/web\/report-monitoraggio-sui-dati-epidemiologici-e-sulla-capacita-di-risposta-dei-servizi-sanitari-regionali\/","title":{"rendered":"Report  monitoraggio sui dati epidemiologici e sulla capacit\u00e0 di risposta dei servizi sanitari regionali"},"content":{"rendered":"<div><span class=\"dropcap dropcap3\">I<\/span>l\u00a0sistema di monitoraggio, introdotto con il\u00a0<a href=\"https:\/\/urlsand.esvalabs.com\/?u=https%3A%2F%2Fwww.gazzettaufficiale.it%2Feli%2Fid%2F2020%2F05%2F02%2F20A02444%2Fsg&amp;e=843792f7&amp;h=816a7a5c&amp;f=n&amp;p=y\" target=\"_blank\" rel=\"noopener noreferrer\">decreto del ministero della Salute del 30 aprile 2020<\/a>, sui dati epidemiologici e sulla capacit\u00e0 di risposta dei servizi sanitari regionali &#8220;consente di controllare e verificare la condizione di ogni Regione e le ragioni di scelte connesse alle aperture o a eventuali restrizioni&#8221; ha dichiarato il ministro per gli Affari regionali e le Autonomie, Francesco Boccia.<\/div>\n<div><\/div>\n<div>Come indicato sul sito del ministero della Salute, riportiamo i\u00a0punti chiave\u00a0del monitoraggio elaborato dalla cabina di regia costituita da\u00a0ministero della Salute,\u00a0Istituto superiore di sanit\u00e0\u00a0e\u00a0Regioni.<\/div>\n<div><\/div>\n<div><\/div>\n<div>\n<h4>Punti chiave<\/h4>\n<ul>\n<li style=\"list-style-type: none;\">\n<ul>\n<li>Si riporta un\u2019analisi dei dati relativi al periodo 21-27 settembre 2020. Per i tempi che intercorrono tra l\u2019esposizione al patogeno e lo sviluppo di sintomi e tra questi e la diagnosi e successiva notifica, verosimilmente molti dei casi notificati in questa settimana hanno contratto l\u2019infezione all\u2019inizio di settembre. Alcuni dei casi identificati tramite screening, tuttavia, potrebbero aver contratto l\u2019infezione in periodi antecedenti.<\/li>\n<li><strong>Il virus oggi circola in tutto il Paese<\/strong>. Si conferma un\u00a0<strong>aumento nei nuovi casi segnalati in Italia per la nona settimana consecutiva<\/strong>\u00a0con una incidenza cumulativa (dati flusso ISS) negli ultimi 14 gg di 34,2 per 100mila abitanti (periodo 14\/9-27\/9) (vs 31,4 per 100mila abitanti nel periodo 7\/9-20\/9). Questa settimana si osserva un lieve aumento dell\u2019et\u00e0 mediana dei casi (42 anni vs 41 la settimana precedente).<\/li>\n<li>Sono otto le Regioni\/PPAA che hanno riportato un aumento nel numero di casi diagnosticati rispetto alla settimana precedente (flusso ISS). Questa settimana continua a scendere la percentuale dei nuovi casi importati dall\u2019estero (5,7% vs 8% la scorsa settimana) e da altra Regione\/PA (1,7% vs 3,3% la settimana precedente). Si mantiene, invece, stabile la percentuale dei casi rilevati attraverso attivit\u00e0 di tracciamento dei contatti (35,8% dei nuovi casi) e si osserva un lieve aumento della percentuale dei casi rilevati attraverso attivit\u00e0 di screening (28,2% vs 27,6% la settimana precedente). Il 29,6% dei casi \u00e8 stato identificato attraverso la comparsa di sintomi e nel 6,5% non \u00e8 stato riportato l\u2019accertamento diagnostico.<\/li>\n<li>Nel periodo 10-23 settembre 2020,\u00a0<strong>l\u2019Rt calcolato sui casi sintomatici \u00e8 pari a 1,01 (95%CI: 0,88 \u2013 1,08).<\/strong>\u00a0Sono 12 le Regioni\/PPAA con un Rt maggiore di 1 questa settimana, di cui sette hanno un intervallo di credibilit\u00e0 che non comprende uno.<\/li>\n<li>Per dettagli sulle modalit\u00e0 di calcolo ed interpretazione dell\u2019Rt riportato si rimanda all\u2019approfondimento disponibile sul sito dell\u2019<a href=\"https:\/\/www.iss.it\/primo-%20piano\/-\/asset_publisher\/o4oGR9qmvUz9\/content\/id\/5477037\">Istituto Superiore di Sanit\u00e0<\/a>\u00a0(https:\/\/www.iss.it\/primo- piano\/-\/asset_publisher\/o4oGR9qmvUz9\/content\/id\/5477037). Bisogna tuttavia interpretare con cautela l\u2019indice di trasmissione nazionale in questo particolare momento dell\u2019epidemia. Infatti, l\u2019Rt calcolato sui casi sintomatici, pur rimanendo l\u2019indicatore pi\u00f9 affidabile a livello regionale e confrontabile nel tempo per il monitoraggio della trasmissibilit\u00e0, potrebbe sottostimare leggermente la reale trasmissione del virus a livello nazionale. Pertanto, l\u2019Rt nazionale deve essere sempre interpretato tenendo anche in considerazione il dato di incidenza.<\/li>\n<li><strong>Sono stati riportati complessivamente 3.266 focolai attivi, di cui 909 nuovi\u00a0<\/strong>(la definizione adottata di focolaio prevede l\u2019individuazione di 2 o pi\u00f9 casi positivi tra loro collegati), entrambi in aumento per la nona settimana consecutiva (nella precedente settimana di monitoraggio erano stati segnalati 2.868 focolai attivi di cui 832 nuovi). Sono stati riportati focolai nella quasi totalit\u00e0 delle province (101\/107). Nonostante l\u2019aumento di focolai attivi,\u00a0<strong>le Regioni\/PPAA hanno segnalato 3.026 nuovi casi non associati a catene di trasmissione note (+13,7% rispetto alla settimana precedente).<\/strong>\u00a0Per quanto riguarda il contesto di trasmissione, si mantiene stabile\u00a0<strong>la percentuale dei focolai che si sono verificati in ambito familiare<\/strong>\u00a0(76,5% di tutti i focolai attivi vs 76,1% la settimana precedente). Aumenta la percentuale di focolai verificati in ambito lavorativo (7,2% vs 5,6% la scorsa settimana) e diminuiscono invece i focolai associati ad attivit\u00e0 ricreative (4,5% vs 6,3% la settimana precedente).<\/li>\n<li><strong>Questa settimana sono stati segnalati anche 14 focolai in cui la trasmissione potrebbe essere avvenuta in ambito scolastico, anche se attualmente non \u00e8 sempre confermata. Nelle prossime settimane si potr\u00e0 meglio valutare l\u2019impatto dei contagi nelle scuole.<\/strong><\/li>\n<\/ul>\n<\/li>\n<\/ul>\n<p><strong>A livello nazionale continua a salire il numero di persone ricoverate<\/strong><\/p>\n<ul>\u00a0(2846 vs 2365 in area medica, 254 vs 222 in terapia intensiva nei giorni 27\/9 e 20\/9, rispettivamente) e, conseguentemente, aumentano i tassi di occupazione delle degenze in area medica e in terapia intensiva.<\/ul>\n<div>\n<h4><strong>Conclusioni<\/strong><\/h4>\n<ul>\n<li>In Italia si osserva un<strong>\u00a0progressivo peggioramento dell\u2019epidemia di SARSS CoVS 2 da nove settimane<\/strong>\u00a0che si riflette in un\u00a0<strong>maggiore carico sui servizi sanitari.<\/strong><\/li>\n<li><strong>Un rilassamento delle misure, in particolare per eventi e iniziative a rischio aggregazione in luoghi pubblici e privati, e dei comportamenti individuali, anche legati a momenti di aggregazione estemporanei, rende concreto il rischio di un rapido peggioramento epidemico.<\/strong><\/li>\n<li>La trasmissione locale del virus, diffusa su tutto il territorio nazionale, provoca focolai anche di dimensioni rilevanti\u00a0<strong>soprattutto nell\u2019ambito domiciliare. Rimane fondamentale mantenere una elevata consapevolezza della popolazione generale circa il peggioramento della situazione epidemiologica e sull\u2019importanza di continuare a rispettare in modo rigoroso tutte le misure necessarie a ridurre il rischio di trasmissione quali lavaggio delle mani, l\u2019uso delle mascherine e il distanziamento fisico.<\/strong><\/li>\n<li><strong>Sono stati riportati i primi focolai dove la trasmissione potrebbe essere avvenuta in ambito intra scolastico<\/strong>. Sebbene l\u2019impatto di questi focolai sulla trasmissione locale del virus sia finora contenuto, rimane essenziale mantenere l\u2019attenzione sulle misure introdotte per prevenire trasmissione intra scolastica, come lo screening, la rilevazione della temperatura giornaliera da parte delle famiglie e il rispetto delle procedure per la gestione di casi sospetti sintomatici in ambito scolastico.<\/li>\n<li><strong>Il tracciamento dei casi e dei loro contatti e la conseguente riduzione nei tempi tra l\u2019inizio della contagiosit\u00e0 e l\u2019isolamento restano elementi fondamentali per il controllo della diffusione dell\u2019infezione.\u00a0<\/strong>L\u2019aumento di focolai e di casi non associati a catene di trasmissione evidenzia l\u2019importante e crescente impegno dei servizi territoriali (Dipartimenti di Prevenzione) per far s\u00ec che i focolai presenti siano prontamente identificati e indagati.<\/li>\n<li>\u00c8 importante il rafforzamento, anche attraverso\u00a0<strong>l\u2019utilizzo di strumenti tecnologici come la \u201capp\u201d Immuni,<\/strong>\u00a0di questi servizi nelle attivit\u00e0 di diagnosi e ricerca dei contatti in modo da identificare precocemente tutte le catene di trasmissione e garantire un\u2019efficiente gestione dei casi e contatti, inclusa la quarantena dei contatti stretti e l&#8217;isolamento immediato dei casi secondari.<\/li>\n<li>Si ribadisce la necessit\u00e0\u00a0<strong>di rispettare i provvedimenti quarantenari e le altre misure raccomandate dalla autorit\u00e0 sanitarie sia per le persone che rientrano da Paesi per i quali \u00e8 prevista la quarantena, e sia a seguito di richiesta dell\u2019autorit\u00e0 sanitaria essendo stati individuati come contatti stretti di un caso<\/strong>. Sebbene i servizi territoriali siano riusciti finora a contenere la trasmissione locale del virus, viene ripetutamente segnalato un carico di lavoro eccezionale nelle attivit\u00e0 di tempestiva gestione dei contatti che si riflette anche sulle attivit\u00e0 non-collegate a questa emergenza.<\/li>\n<li>Sebbene non siano ancora presenti segnali di sovraccarico dei servizi sanitari assistenziali,<strong>\u00a0la tendenza osservata potrebbe riflettersi a breve tempo in un maggiore impegno.<\/strong><\/li>\n<li>La situazione descritta in questo report evidenzia importanti segnali di allerta legati ad un aumento della trasmissione locale. Al momento i dati confermano l\u2019opportunit\u00e0 delle ulteriori misure di prevenzione e controllo adottate dalle Regioni\/PPAA e invitano ad essere pronti all\u2019attivazione di ulteriori interventi in caso di peggioramento.<\/li>\n<li>Si<strong>\u00a0raccomanda alla popolazione<\/strong>\u00a0di prestare\u00a0<strong>particolare attenzione al rischio di contrarre l\u2019infezione in tutti i casi di mancato rispetto delle misure raccomandate e durante periodi di permanenza in Paesi o aree con una pi\u00f9 alta circolazione virale.<\/strong>\u00a0In questi casi, si raccomanda di prestare responsabilmente particolare attenzione alle norme comportamentali di prevenzione della trasmissione di SARS-\u00adCoV-\u00ad2, in particolare nei confronti di fasce di popolazione pi\u00f9 vulnerabili.<\/li>\n<\/ul>\n<p>&nbsp;<\/p>\n<\/div>\n<div>\n<ul>\n<li><a href=\"http:\/\/www.salute.gov.it\/portale\/news\/documenti\/Epi_aggiornamenti\/allegati\/Punti_chiave_e_tabella_incidenza_21_27_sett_2020.pdf\">Tabella incidenza 21 &#8211; 27 settembre 2020<\/a><\/li>\n<\/ul>\n<p>&nbsp;<\/p>\n<p><strong>Consulta:\u00a0<\/strong><\/p>\n<ul>\n<li><a href=\"http:\/\/www.salute.gov.it\/portale\/nuovocoronavirus\/dettaglioNotizieNuovoCoronavirus.jsp?lingua=italiano&amp;id=5093\">Sintesi del report settimanale 21-<\/a><\/li>\n<\/ul>\n<\/div>\n<\/div>\n","protected":false},"excerpt":{"rendered":"<p>Il\u00a0sistema di monitoraggio, introdotto con il\u00a0decreto del ministero della Salute del 30 aprile 2020, sui dati epidemiologici e sulla capacit\u00e0 di risposta dei servizi sanitari regionali &#8220;consente di controllare e verificare la condizione di ogni Regione e le ragioni di scelte connesse alle aperture o a eventuali restrizioni&#8221; ha dichiarato il ministro per gli Affari [&hellip;]<\/p>\n","protected":false},"author":1,"featured_media":4309,"comment_status":"closed","ping_status":"open","sticky":false,"template":"","format":"standard","meta":{"footnotes":""},"categories":[128],"tags":[1318,1319],"yoast_head":"<!-- This site is optimized with the Yoast SEO plugin v22.2 - https:\/\/yoast.com\/wordpress\/plugins\/seo\/ -->\n<title>Report monitoraggio sui dati epidemiologici e sulla capacit\u00e0 di risposta dei servizi sanitari regionali -<\/title>\n<meta name=\"robots\" content=\"index, follow, max-snippet:-1, max-image-preview:large, max-video-preview:-1\" \/>\n<link rel=\"canonical\" href=\"https:\/\/www.italiaeconomiaonline.it\/web\/report-monitoraggio-sui-dati-epidemiologici-e-sulla-capacita-di-risposta-dei-servizi-sanitari-regionali\/\" \/>\n<meta property=\"og:locale\" content=\"it_IT\" \/>\n<meta property=\"og:type\" content=\"article\" \/>\n<meta property=\"og:title\" content=\"Report monitoraggio sui dati epidemiologici e sulla capacit\u00e0 di risposta dei servizi sanitari regionali -\" \/>\n<meta property=\"og:description\" content=\"Il\u00a0sistema di monitoraggio, introdotto con il\u00a0decreto del ministero della Salute del 30 aprile 2020, sui dati epidemiologici e sulla capacit\u00e0 di risposta dei servizi sanitari regionali &#8220;consente di controllare e verificare la condizione di ogni Regione e le ragioni di scelte connesse alle aperture o a eventuali restrizioni&#8221; ha dichiarato il ministro per gli Affari [&hellip;]\" \/>\n<meta property=\"og:url\" content=\"https:\/\/www.italiaeconomiaonline.it\/web\/report-monitoraggio-sui-dati-epidemiologici-e-sulla-capacita-di-risposta-dei-servizi-sanitari-regionali\/\" \/>\n<meta property=\"og:site_name\" content=\"ItaliaEconomiaOnline\" \/>\n<meta property=\"article:published_time\" content=\"2020-10-05T08:51:59+00:00\" \/>\n<meta property=\"article:modified_time\" content=\"2020-10-05T08:55:10+00:00\" \/>\n<meta property=\"og:image\" content=\"https:\/\/www.italiaeconomiaonline.it\/web\/wp-content\/uploads\/2020\/10\/Schermata-2020-10-05-alle-10.54.32.png\" \/>\n\t<meta property=\"og:image:width\" content=\"1612\" \/>\n\t<meta property=\"og:image:height\" content=\"1008\" \/>\n\t<meta property=\"og:image:type\" content=\"image\/png\" \/>\n<meta name=\"author\" content=\"ladyitaliaeconomia\" \/>\n<meta name=\"twitter:card\" content=\"summary_large_image\" \/>\n<meta name=\"twitter:label1\" content=\"Scritto da\" \/>\n\t<meta name=\"twitter:data1\" content=\"ladyitaliaeconomia\" \/>\n\t<meta name=\"twitter:label2\" content=\"Tempo di lettura stimato\" \/>\n\t<meta name=\"twitter:data2\" content=\"6 minuti\" \/>\n<script type=\"application\/ld+json\" class=\"yoast-schema-graph\">{\"@context\":\"https:\/\/schema.org\",\"@graph\":[{\"@type\":\"WebPage\",\"@id\":\"https:\/\/www.italiaeconomiaonline.it\/web\/report-monitoraggio-sui-dati-epidemiologici-e-sulla-capacita-di-risposta-dei-servizi-sanitari-regionali\/\",\"url\":\"https:\/\/www.italiaeconomiaonline.it\/web\/report-monitoraggio-sui-dati-epidemiologici-e-sulla-capacita-di-risposta-dei-servizi-sanitari-regionali\/\",\"name\":\"Report monitoraggio sui dati epidemiologici e sulla capacit\u00e0 di risposta dei servizi sanitari regionali -\",\"isPartOf\":{\"@id\":\"https:\/\/www.italiaeconomiaonline.it\/web\/#website\"},\"primaryImageOfPage\":{\"@id\":\"https:\/\/www.italiaeconomiaonline.it\/web\/report-monitoraggio-sui-dati-epidemiologici-e-sulla-capacita-di-risposta-dei-servizi-sanitari-regionali\/#primaryimage\"},\"image\":{\"@id\":\"https:\/\/www.italiaeconomiaonline.it\/web\/report-monitoraggio-sui-dati-epidemiologici-e-sulla-capacita-di-risposta-dei-servizi-sanitari-regionali\/#primaryimage\"},\"thumbnailUrl\":\"https:\/\/www.italiaeconomiaonline.it\/web\/wp-content\/uploads\/2020\/10\/Schermata-2020-10-05-alle-10.54.32.png\",\"datePublished\":\"2020-10-05T08:51:59+00:00\",\"dateModified\":\"2020-10-05T08:55:10+00:00\",\"author\":{\"@id\":\"https:\/\/www.italiaeconomiaonline.it\/web\/#\/schema\/person\/909a49cce752523b020fbc37d5ab1c31\"},\"breadcrumb\":{\"@id\":\"https:\/\/www.italiaeconomiaonline.it\/web\/report-monitoraggio-sui-dati-epidemiologici-e-sulla-capacita-di-risposta-dei-servizi-sanitari-regionali\/#breadcrumb\"},\"inLanguage\":\"it-IT\",\"potentialAction\":[{\"@type\":\"ReadAction\",\"target\":[\"https:\/\/www.italiaeconomiaonline.it\/web\/report-monitoraggio-sui-dati-epidemiologici-e-sulla-capacita-di-risposta-dei-servizi-sanitari-regionali\/\"]}]},{\"@type\":\"ImageObject\",\"inLanguage\":\"it-IT\",\"@id\":\"https:\/\/www.italiaeconomiaonline.it\/web\/report-monitoraggio-sui-dati-epidemiologici-e-sulla-capacita-di-risposta-dei-servizi-sanitari-regionali\/#primaryimage\",\"url\":\"https:\/\/www.italiaeconomiaonline.it\/web\/wp-content\/uploads\/2020\/10\/Schermata-2020-10-05-alle-10.54.32.png\",\"contentUrl\":\"https:\/\/www.italiaeconomiaonline.it\/web\/wp-content\/uploads\/2020\/10\/Schermata-2020-10-05-alle-10.54.32.png\",\"width\":1612,\"height\":1008},{\"@type\":\"BreadcrumbList\",\"@id\":\"https:\/\/www.italiaeconomiaonline.it\/web\/report-monitoraggio-sui-dati-epidemiologici-e-sulla-capacita-di-risposta-dei-servizi-sanitari-regionali\/#breadcrumb\",\"itemListElement\":[{\"@type\":\"ListItem\",\"position\":1,\"name\":\"Home\",\"item\":\"https:\/\/www.italiaeconomiaonline.it\/web\/\"},{\"@type\":\"ListItem\",\"position\":2,\"name\":\"Report monitoraggio sui dati epidemiologici e sulla capacit\u00e0 di risposta dei servizi sanitari regionali\"}]},{\"@type\":\"WebSite\",\"@id\":\"https:\/\/www.italiaeconomiaonline.it\/web\/#website\",\"url\":\"https:\/\/www.italiaeconomiaonline.it\/web\/\",\"name\":\"ItaliaEconomiaOnline\",\"description\":\"Quotidiano Economico Online\",\"potentialAction\":[{\"@type\":\"SearchAction\",\"target\":{\"@type\":\"EntryPoint\",\"urlTemplate\":\"https:\/\/www.italiaeconomiaonline.it\/web\/?s={search_term_string}\"},\"query-input\":\"required name=search_term_string\"}],\"inLanguage\":\"it-IT\"},{\"@type\":\"Person\",\"@id\":\"https:\/\/www.italiaeconomiaonline.it\/web\/#\/schema\/person\/909a49cce752523b020fbc37d5ab1c31\",\"name\":\"ladyitaliaeconomia\",\"image\":{\"@type\":\"ImageObject\",\"inLanguage\":\"it-IT\",\"@id\":\"https:\/\/www.italiaeconomiaonline.it\/web\/#\/schema\/person\/image\/\",\"url\":\"https:\/\/secure.gravatar.com\/avatar\/cedca10ce7416a579b9fa6bce9c0a8f2?s=96&d=mm&r=g\",\"contentUrl\":\"https:\/\/secure.gravatar.com\/avatar\/cedca10ce7416a579b9fa6bce9c0a8f2?s=96&d=mm&r=g\",\"caption\":\"ladyitaliaeconomia\"},\"url\":\"https:\/\/www.italiaeconomiaonline.it\/web\/author\/ladyitaliaeconomia\/\"}]}<\/script>\n<!-- \/ Yoast SEO plugin. -->","yoast_head_json":{"title":"Report monitoraggio sui dati epidemiologici e sulla capacit\u00e0 di risposta dei servizi sanitari regionali -","robots":{"index":"index","follow":"follow","max-snippet":"max-snippet:-1","max-image-preview":"max-image-preview:large","max-video-preview":"max-video-preview:-1"},"canonical":"https:\/\/www.italiaeconomiaonline.it\/web\/report-monitoraggio-sui-dati-epidemiologici-e-sulla-capacita-di-risposta-dei-servizi-sanitari-regionali\/","og_locale":"it_IT","og_type":"article","og_title":"Report monitoraggio sui dati epidemiologici e sulla capacit\u00e0 di risposta dei servizi sanitari regionali -","og_description":"Il\u00a0sistema di monitoraggio, introdotto con il\u00a0decreto del ministero della Salute del 30 aprile 2020, sui dati epidemiologici e sulla capacit\u00e0 di risposta dei servizi sanitari regionali &#8220;consente di controllare e verificare la condizione di ogni Regione e le ragioni di scelte connesse alle aperture o a eventuali restrizioni&#8221; ha dichiarato il ministro per gli Affari [&hellip;]","og_url":"https:\/\/www.italiaeconomiaonline.it\/web\/report-monitoraggio-sui-dati-epidemiologici-e-sulla-capacita-di-risposta-dei-servizi-sanitari-regionali\/","og_site_name":"ItaliaEconomiaOnline","article_published_time":"2020-10-05T08:51:59+00:00","article_modified_time":"2020-10-05T08:55:10+00:00","og_image":[{"width":1612,"height":1008,"url":"https:\/\/www.italiaeconomiaonline.it\/web\/wp-content\/uploads\/2020\/10\/Schermata-2020-10-05-alle-10.54.32.png","type":"image\/png"}],"author":"ladyitaliaeconomia","twitter_card":"summary_large_image","twitter_misc":{"Scritto da":"ladyitaliaeconomia","Tempo di lettura stimato":"6 minuti"},"schema":{"@context":"https:\/\/schema.org","@graph":[{"@type":"WebPage","@id":"https:\/\/www.italiaeconomiaonline.it\/web\/report-monitoraggio-sui-dati-epidemiologici-e-sulla-capacita-di-risposta-dei-servizi-sanitari-regionali\/","url":"https:\/\/www.italiaeconomiaonline.it\/web\/report-monitoraggio-sui-dati-epidemiologici-e-sulla-capacita-di-risposta-dei-servizi-sanitari-regionali\/","name":"Report monitoraggio sui dati epidemiologici e sulla capacit\u00e0 di risposta dei servizi sanitari regionali -","isPartOf":{"@id":"https:\/\/www.italiaeconomiaonline.it\/web\/#website"},"primaryImageOfPage":{"@id":"https:\/\/www.italiaeconomiaonline.it\/web\/report-monitoraggio-sui-dati-epidemiologici-e-sulla-capacita-di-risposta-dei-servizi-sanitari-regionali\/#primaryimage"},"image":{"@id":"https:\/\/www.italiaeconomiaonline.it\/web\/report-monitoraggio-sui-dati-epidemiologici-e-sulla-capacita-di-risposta-dei-servizi-sanitari-regionali\/#primaryimage"},"thumbnailUrl":"https:\/\/www.italiaeconomiaonline.it\/web\/wp-content\/uploads\/2020\/10\/Schermata-2020-10-05-alle-10.54.32.png","datePublished":"2020-10-05T08:51:59+00:00","dateModified":"2020-10-05T08:55:10+00:00","author":{"@id":"https:\/\/www.italiaeconomiaonline.it\/web\/#\/schema\/person\/909a49cce752523b020fbc37d5ab1c31"},"breadcrumb":{"@id":"https:\/\/www.italiaeconomiaonline.it\/web\/report-monitoraggio-sui-dati-epidemiologici-e-sulla-capacita-di-risposta-dei-servizi-sanitari-regionali\/#breadcrumb"},"inLanguage":"it-IT","potentialAction":[{"@type":"ReadAction","target":["https:\/\/www.italiaeconomiaonline.it\/web\/report-monitoraggio-sui-dati-epidemiologici-e-sulla-capacita-di-risposta-dei-servizi-sanitari-regionali\/"]}]},{"@type":"ImageObject","inLanguage":"it-IT","@id":"https:\/\/www.italiaeconomiaonline.it\/web\/report-monitoraggio-sui-dati-epidemiologici-e-sulla-capacita-di-risposta-dei-servizi-sanitari-regionali\/#primaryimage","url":"https:\/\/www.italiaeconomiaonline.it\/web\/wp-content\/uploads\/2020\/10\/Schermata-2020-10-05-alle-10.54.32.png","contentUrl":"https:\/\/www.italiaeconomiaonline.it\/web\/wp-content\/uploads\/2020\/10\/Schermata-2020-10-05-alle-10.54.32.png","width":1612,"height":1008},{"@type":"BreadcrumbList","@id":"https:\/\/www.italiaeconomiaonline.it\/web\/report-monitoraggio-sui-dati-epidemiologici-e-sulla-capacita-di-risposta-dei-servizi-sanitari-regionali\/#breadcrumb","itemListElement":[{"@type":"ListItem","position":1,"name":"Home","item":"https:\/\/www.italiaeconomiaonline.it\/web\/"},{"@type":"ListItem","position":2,"name":"Report monitoraggio sui dati epidemiologici e sulla capacit\u00e0 di risposta dei servizi sanitari regionali"}]},{"@type":"WebSite","@id":"https:\/\/www.italiaeconomiaonline.it\/web\/#website","url":"https:\/\/www.italiaeconomiaonline.it\/web\/","name":"ItaliaEconomiaOnline","description":"Quotidiano Economico Online","potentialAction":[{"@type":"SearchAction","target":{"@type":"EntryPoint","urlTemplate":"https:\/\/www.italiaeconomiaonline.it\/web\/?s={search_term_string}"},"query-input":"required name=search_term_string"}],"inLanguage":"it-IT"},{"@type":"Person","@id":"https:\/\/www.italiaeconomiaonline.it\/web\/#\/schema\/person\/909a49cce752523b020fbc37d5ab1c31","name":"ladyitaliaeconomia","image":{"@type":"ImageObject","inLanguage":"it-IT","@id":"https:\/\/www.italiaeconomiaonline.it\/web\/#\/schema\/person\/image\/","url":"https:\/\/secure.gravatar.com\/avatar\/cedca10ce7416a579b9fa6bce9c0a8f2?s=96&d=mm&r=g","contentUrl":"https:\/\/secure.gravatar.com\/avatar\/cedca10ce7416a579b9fa6bce9c0a8f2?s=96&d=mm&r=g","caption":"ladyitaliaeconomia"},"url":"https:\/\/www.italiaeconomiaonline.it\/web\/author\/ladyitaliaeconomia\/"}]}},"_links":{"self":[{"href":"https:\/\/www.italiaeconomiaonline.it\/web\/wp-json\/wp\/v2\/posts\/4306"}],"collection":[{"href":"https:\/\/www.italiaeconomiaonline.it\/web\/wp-json\/wp\/v2\/posts"}],"about":[{"href":"https:\/\/www.italiaeconomiaonline.it\/web\/wp-json\/wp\/v2\/types\/post"}],"author":[{"embeddable":true,"href":"https:\/\/www.italiaeconomiaonline.it\/web\/wp-json\/wp\/v2\/users\/1"}],"replies":[{"embeddable":true,"href":"https:\/\/www.italiaeconomiaonline.it\/web\/wp-json\/wp\/v2\/comments?post=4306"}],"version-history":[{"count":1,"href":"https:\/\/www.italiaeconomiaonline.it\/web\/wp-json\/wp\/v2\/posts\/4306\/revisions"}],"predecessor-version":[{"id":4307,"href":"https:\/\/www.italiaeconomiaonline.it\/web\/wp-json\/wp\/v2\/posts\/4306\/revisions\/4307"}],"wp:featuredmedia":[{"embeddable":true,"href":"https:\/\/www.italiaeconomiaonline.it\/web\/wp-json\/wp\/v2\/media\/4309"}],"wp:attachment":[{"href":"https:\/\/www.italiaeconomiaonline.it\/web\/wp-json\/wp\/v2\/media?parent=4306"}],"wp:term":[{"taxonomy":"category","embeddable":true,"href":"https:\/\/www.italiaeconomiaonline.it\/web\/wp-json\/wp\/v2\/categories?post=4306"},{"taxonomy":"post_tag","embeddable":true,"href":"https:\/\/www.italiaeconomiaonline.it\/web\/wp-json\/wp\/v2\/tags?post=4306"}],"curies":[{"name":"wp","href":"https:\/\/api.w.org\/{rel}","templated":true}]}}