{"id":4317,"date":"2020-10-06T10:16:05","date_gmt":"2020-10-06T08:16:05","guid":{"rendered":"http:\/\/www.italiaeconomiaonline.it\/web\/?p=4317"},"modified":"2020-10-06T10:16:05","modified_gmt":"2020-10-06T08:16:05","slug":"arcuri-abbiamo-gia-dispositivi-ed-attrezzature-piu-che-sufficienti-a-fronteggiare-questa-fase-dellemergenza","status":"publish","type":"post","link":"https:\/\/www.italiaeconomiaonline.it\/web\/arcuri-abbiamo-gia-dispositivi-ed-attrezzature-piu-che-sufficienti-a-fronteggiare-questa-fase-dellemergenza\/","title":{"rendered":"Arcuri, abbiamo gi\u00e0 dispositivi ed attrezzature pi\u00f9 che sufficienti a fronteggiare questa fase dell\u2019emergenza"},"content":{"rendered":"<p><span class=\"dropcap dropcap3\">D<\/span>alle mascherine chirurgiche a quelle FFP2 e FFP3, dal gel igienizzante ai camici: gli approvvigionamenti gi\u00e0 effettuati, nonch\u00e9 le disponibilit\u00e0 nei magazzini del Commissario, garantiscono una fornitura di dispositivi di protezione gi\u00e0 adeguata a fronteggiare l\u2019epidemia da Covid-19 ed a <strong>soddisfare il fabbisogno espresso dalle regioni nei prossimi mesi<\/strong>.<\/p>\n<p>Lo ha assicurato il commissario straordinario per l\u2019emergenza, <strong>Domenico Arcuri,<\/strong> durante la riunione odierna del Comitato tecnico scientifico.<\/p>\n<p>&nbsp;<\/p>\n<p>Le scorte a disposizione, acquisite nei mesi scorsi, in preparazione di un possibile aumento delle esigenze, infatti, sono gi\u00e0 sufficienti a garantire gli approvvigionamenti degli ospedali, delle RSA, delle pubbliche amministrazioni locali, dei trasporti pubblici locali, dei servizi essenziali e delle forze dell\u2019ordine, per i prossimi mesi.<\/p>\n<p>La <strong>distribuzione<\/strong> della totalit\u00e0 dei dispositivi e delle apparecchiature continuer\u00e0 ad essere <strong>quotidiana ed a cura degli Uffici del Commissario<\/strong>. Sono gi\u00e0 disponibili <strong> 300milioni di mascherine chirurgiche, 230 milioni di mascherine FFP2 e FFP3, 14 milioni di camici, 28 milioni di guanti, 600mila fra visiere e occhiali e oltre 590mila litri di gel igienizzante.<\/strong><\/p>\n<p>&nbsp;<\/p>\n<p>Inoltre, prosegue la distribuzione di circa <strong>11 milioni di mascherine chirurgiche al giorno negli oltre 18.000 istituti scolastici di tutto il Paese<\/strong>, che continuano ad essere settimanalmente riforniti anche di gel igienizzante. Per queste forniture si provvede facendo ricorso ai dispositivi di protezione individuale direttamente prodotti dagli Uffici del Commissario, che quindi sono aggiuntivi.<\/p>\n<p>&nbsp;<\/p>\n<p>Anche i <strong>ventilatori<\/strong> di terapia intensiva e sub intensiva sono gi\u00e0 <strong>disponibili<\/strong>, in quantit\u00e0 sufficiente, e verranno anzitutto distribuiti in coerenza con il piano di rafforzamento delle strutture sanitarie dedicate al contenimento dell\u2019emergenza che \u00e8 in corso di realizzazione, insieme alle Regioni italiane.<\/p>\n<p>&nbsp;<\/p>\n<p>&nbsp;<\/p>\n","protected":false},"excerpt":{"rendered":"<p>Dalle mascherine chirurgiche a quelle FFP2 e FFP3, dal gel igienizzante ai camici: gli approvvigionamenti gi\u00e0 effettuati, nonch\u00e9 le disponibilit\u00e0 nei magazzini del Commissario, garantiscono una fornitura di dispositivi di protezione gi\u00e0 adeguata a fronteggiare l\u2019epidemia da Covid-19 ed a soddisfare il fabbisogno espresso dalle regioni nei prossimi mesi. Lo ha assicurato il commissario straordinario [&hellip;]<\/p>\n","protected":false},"author":1,"featured_media":728,"comment_status":"closed","ping_status":"open","sticky":false,"template":"","format":"standard","meta":{"footnotes":""},"categories":[128],"tags":[877,292,1007],"yoast_head":"<!-- This site is optimized with the Yoast SEO plugin v22.2 - https:\/\/yoast.com\/wordpress\/plugins\/seo\/ -->\n<title>Arcuri, abbiamo gi\u00e0 dispositivi ed attrezzature pi\u00f9 che sufficienti a fronteggiare questa fase dell\u2019emergenza -<\/title>\n<meta name=\"robots\" content=\"index, follow, max-snippet:-1, max-image-preview:large, max-video-preview:-1\" \/>\n<link rel=\"canonical\" href=\"https:\/\/www.italiaeconomiaonline.it\/web\/arcuri-abbiamo-gia-dispositivi-ed-attrezzature-piu-che-sufficienti-a-fronteggiare-questa-fase-dellemergenza\/\" \/>\n<meta property=\"og:locale\" content=\"it_IT\" \/>\n<meta property=\"og:type\" content=\"article\" \/>\n<meta property=\"og:title\" content=\"Arcuri, abbiamo gi\u00e0 dispositivi ed attrezzature pi\u00f9 che sufficienti a fronteggiare questa fase dell\u2019emergenza -\" \/>\n<meta property=\"og:description\" content=\"Dalle mascherine chirurgiche a quelle FFP2 e FFP3, dal gel igienizzante ai camici: gli approvvigionamenti gi\u00e0 effettuati, nonch\u00e9 le disponibilit\u00e0 nei magazzini del Commissario, garantiscono una fornitura di dispositivi di protezione gi\u00e0 adeguata a fronteggiare l\u2019epidemia da Covid-19 ed a soddisfare il fabbisogno espresso dalle regioni nei prossimi mesi. Lo ha assicurato il commissario straordinario [&hellip;]\" \/>\n<meta property=\"og:url\" content=\"https:\/\/www.italiaeconomiaonline.it\/web\/arcuri-abbiamo-gia-dispositivi-ed-attrezzature-piu-che-sufficienti-a-fronteggiare-questa-fase-dellemergenza\/\" \/>\n<meta property=\"og:site_name\" content=\"ItaliaEconomiaOnline\" \/>\n<meta property=\"article:published_time\" content=\"2020-10-06T08:16:05+00:00\" \/>\n<meta property=\"og:image\" content=\"https:\/\/www.italiaeconomiaonline.it\/web\/wp-content\/uploads\/2019\/05\/arcuri._invitaliajpg.jpg\" \/>\n\t<meta property=\"og:image:width\" content=\"400\" \/>\n\t<meta property=\"og:image:height\" content=\"299\" \/>\n\t<meta property=\"og:image:type\" content=\"image\/jpeg\" \/>\n<meta name=\"author\" content=\"ladyitaliaeconomia\" \/>\n<meta name=\"twitter:card\" content=\"summary_large_image\" \/>\n<meta name=\"twitter:label1\" content=\"Scritto da\" \/>\n\t<meta name=\"twitter:data1\" content=\"ladyitaliaeconomia\" \/>\n\t<meta name=\"twitter:label2\" content=\"Tempo di lettura stimato\" \/>\n\t<meta name=\"twitter:data2\" content=\"1 minuto\" \/>\n<script type=\"application\/ld+json\" class=\"yoast-schema-graph\">{\"@context\":\"https:\/\/schema.org\",\"@graph\":[{\"@type\":\"WebPage\",\"@id\":\"https:\/\/www.italiaeconomiaonline.it\/web\/arcuri-abbiamo-gia-dispositivi-ed-attrezzature-piu-che-sufficienti-a-fronteggiare-questa-fase-dellemergenza\/\",\"url\":\"https:\/\/www.italiaeconomiaonline.it\/web\/arcuri-abbiamo-gia-dispositivi-ed-attrezzature-piu-che-sufficienti-a-fronteggiare-questa-fase-dellemergenza\/\",\"name\":\"Arcuri, abbiamo gi\u00e0 dispositivi ed attrezzature pi\u00f9 che sufficienti a fronteggiare questa fase dell\u2019emergenza -\",\"isPartOf\":{\"@id\":\"https:\/\/www.italiaeconomiaonline.it\/web\/#website\"},\"primaryImageOfPage\":{\"@id\":\"https:\/\/www.italiaeconomiaonline.it\/web\/arcuri-abbiamo-gia-dispositivi-ed-attrezzature-piu-che-sufficienti-a-fronteggiare-questa-fase-dellemergenza\/#primaryimage\"},\"image\":{\"@id\":\"https:\/\/www.italiaeconomiaonline.it\/web\/arcuri-abbiamo-gia-dispositivi-ed-attrezzature-piu-che-sufficienti-a-fronteggiare-questa-fase-dellemergenza\/#primaryimage\"},\"thumbnailUrl\":\"https:\/\/www.italiaeconomiaonline.it\/web\/wp-content\/uploads\/2019\/05\/arcuri._invitaliajpg.jpg\",\"datePublished\":\"2020-10-06T08:16:05+00:00\",\"dateModified\":\"2020-10-06T08:16:05+00:00\",\"author\":{\"@id\":\"https:\/\/www.italiaeconomiaonline.it\/web\/#\/schema\/person\/909a49cce752523b020fbc37d5ab1c31\"},\"breadcrumb\":{\"@id\":\"https:\/\/www.italiaeconomiaonline.it\/web\/arcuri-abbiamo-gia-dispositivi-ed-attrezzature-piu-che-sufficienti-a-fronteggiare-questa-fase-dellemergenza\/#breadcrumb\"},\"inLanguage\":\"it-IT\",\"potentialAction\":[{\"@type\":\"ReadAction\",\"target\":[\"https:\/\/www.italiaeconomiaonline.it\/web\/arcuri-abbiamo-gia-dispositivi-ed-attrezzature-piu-che-sufficienti-a-fronteggiare-questa-fase-dellemergenza\/\"]}]},{\"@type\":\"ImageObject\",\"inLanguage\":\"it-IT\",\"@id\":\"https:\/\/www.italiaeconomiaonline.it\/web\/arcuri-abbiamo-gia-dispositivi-ed-attrezzature-piu-che-sufficienti-a-fronteggiare-questa-fase-dellemergenza\/#primaryimage\",\"url\":\"https:\/\/www.italiaeconomiaonline.it\/web\/wp-content\/uploads\/2019\/05\/arcuri._invitaliajpg.jpg\",\"contentUrl\":\"https:\/\/www.italiaeconomiaonline.it\/web\/wp-content\/uploads\/2019\/05\/arcuri._invitaliajpg.jpg\",\"width\":400,\"height\":299,\"caption\":\"Domenico Arcuri\"},{\"@type\":\"BreadcrumbList\",\"@id\":\"https:\/\/www.italiaeconomiaonline.it\/web\/arcuri-abbiamo-gia-dispositivi-ed-attrezzature-piu-che-sufficienti-a-fronteggiare-questa-fase-dellemergenza\/#breadcrumb\",\"itemListElement\":[{\"@type\":\"ListItem\",\"position\":1,\"name\":\"Home\",\"item\":\"https:\/\/www.italiaeconomiaonline.it\/web\/\"},{\"@type\":\"ListItem\",\"position\":2,\"name\":\"Arcuri, abbiamo gi\u00e0 dispositivi ed attrezzature pi\u00f9 che sufficienti a fronteggiare questa fase dell\u2019emergenza\"}]},{\"@type\":\"WebSite\",\"@id\":\"https:\/\/www.italiaeconomiaonline.it\/web\/#website\",\"url\":\"https:\/\/www.italiaeconomiaonline.it\/web\/\",\"name\":\"ItaliaEconomiaOnline\",\"description\":\"Quotidiano Economico Online\",\"potentialAction\":[{\"@type\":\"SearchAction\",\"target\":{\"@type\":\"EntryPoint\",\"urlTemplate\":\"https:\/\/www.italiaeconomiaonline.it\/web\/?s={search_term_string}\"},\"query-input\":\"required name=search_term_string\"}],\"inLanguage\":\"it-IT\"},{\"@type\":\"Person\",\"@id\":\"https:\/\/www.italiaeconomiaonline.it\/web\/#\/schema\/person\/909a49cce752523b020fbc37d5ab1c31\",\"name\":\"ladyitaliaeconomia\",\"image\":{\"@type\":\"ImageObject\",\"inLanguage\":\"it-IT\",\"@id\":\"https:\/\/www.italiaeconomiaonline.it\/web\/#\/schema\/person\/image\/\",\"url\":\"https:\/\/secure.gravatar.com\/avatar\/cedca10ce7416a579b9fa6bce9c0a8f2?s=96&d=mm&r=g\",\"contentUrl\":\"https:\/\/secure.gravatar.com\/avatar\/cedca10ce7416a579b9fa6bce9c0a8f2?s=96&d=mm&r=g\",\"caption\":\"ladyitaliaeconomia\"},\"url\":\"https:\/\/www.italiaeconomiaonline.it\/web\/author\/ladyitaliaeconomia\/\"}]}<\/script>\n<!-- \/ Yoast SEO plugin. -->","yoast_head_json":{"title":"Arcuri, abbiamo gi\u00e0 dispositivi ed attrezzature pi\u00f9 che sufficienti a fronteggiare questa fase dell\u2019emergenza -","robots":{"index":"index","follow":"follow","max-snippet":"max-snippet:-1","max-image-preview":"max-image-preview:large","max-video-preview":"max-video-preview:-1"},"canonical":"https:\/\/www.italiaeconomiaonline.it\/web\/arcuri-abbiamo-gia-dispositivi-ed-attrezzature-piu-che-sufficienti-a-fronteggiare-questa-fase-dellemergenza\/","og_locale":"it_IT","og_type":"article","og_title":"Arcuri, abbiamo gi\u00e0 dispositivi ed attrezzature pi\u00f9 che sufficienti a fronteggiare questa fase dell\u2019emergenza -","og_description":"Dalle mascherine chirurgiche a quelle FFP2 e FFP3, dal gel igienizzante ai camici: gli approvvigionamenti gi\u00e0 effettuati, nonch\u00e9 le disponibilit\u00e0 nei magazzini del Commissario, garantiscono una fornitura di dispositivi di protezione gi\u00e0 adeguata a fronteggiare l\u2019epidemia da Covid-19 ed a soddisfare il fabbisogno espresso dalle regioni nei prossimi mesi. Lo ha assicurato il commissario straordinario [&hellip;]","og_url":"https:\/\/www.italiaeconomiaonline.it\/web\/arcuri-abbiamo-gia-dispositivi-ed-attrezzature-piu-che-sufficienti-a-fronteggiare-questa-fase-dellemergenza\/","og_site_name":"ItaliaEconomiaOnline","article_published_time":"2020-10-06T08:16:05+00:00","og_image":[{"width":400,"height":299,"url":"https:\/\/www.italiaeconomiaonline.it\/web\/wp-content\/uploads\/2019\/05\/arcuri._invitaliajpg.jpg","type":"image\/jpeg"}],"author":"ladyitaliaeconomia","twitter_card":"summary_large_image","twitter_misc":{"Scritto da":"ladyitaliaeconomia","Tempo di lettura stimato":"1 minuto"},"schema":{"@context":"https:\/\/schema.org","@graph":[{"@type":"WebPage","@id":"https:\/\/www.italiaeconomiaonline.it\/web\/arcuri-abbiamo-gia-dispositivi-ed-attrezzature-piu-che-sufficienti-a-fronteggiare-questa-fase-dellemergenza\/","url":"https:\/\/www.italiaeconomiaonline.it\/web\/arcuri-abbiamo-gia-dispositivi-ed-attrezzature-piu-che-sufficienti-a-fronteggiare-questa-fase-dellemergenza\/","name":"Arcuri, abbiamo gi\u00e0 dispositivi ed attrezzature pi\u00f9 che sufficienti a fronteggiare questa fase dell\u2019emergenza -","isPartOf":{"@id":"https:\/\/www.italiaeconomiaonline.it\/web\/#website"},"primaryImageOfPage":{"@id":"https:\/\/www.italiaeconomiaonline.it\/web\/arcuri-abbiamo-gia-dispositivi-ed-attrezzature-piu-che-sufficienti-a-fronteggiare-questa-fase-dellemergenza\/#primaryimage"},"image":{"@id":"https:\/\/www.italiaeconomiaonline.it\/web\/arcuri-abbiamo-gia-dispositivi-ed-attrezzature-piu-che-sufficienti-a-fronteggiare-questa-fase-dellemergenza\/#primaryimage"},"thumbnailUrl":"https:\/\/www.italiaeconomiaonline.it\/web\/wp-content\/uploads\/2019\/05\/arcuri._invitaliajpg.jpg","datePublished":"2020-10-06T08:16:05+00:00","dateModified":"2020-10-06T08:16:05+00:00","author":{"@id":"https:\/\/www.italiaeconomiaonline.it\/web\/#\/schema\/person\/909a49cce752523b020fbc37d5ab1c31"},"breadcrumb":{"@id":"https:\/\/www.italiaeconomiaonline.it\/web\/arcuri-abbiamo-gia-dispositivi-ed-attrezzature-piu-che-sufficienti-a-fronteggiare-questa-fase-dellemergenza\/#breadcrumb"},"inLanguage":"it-IT","potentialAction":[{"@type":"ReadAction","target":["https:\/\/www.italiaeconomiaonline.it\/web\/arcuri-abbiamo-gia-dispositivi-ed-attrezzature-piu-che-sufficienti-a-fronteggiare-questa-fase-dellemergenza\/"]}]},{"@type":"ImageObject","inLanguage":"it-IT","@id":"https:\/\/www.italiaeconomiaonline.it\/web\/arcuri-abbiamo-gia-dispositivi-ed-attrezzature-piu-che-sufficienti-a-fronteggiare-questa-fase-dellemergenza\/#primaryimage","url":"https:\/\/www.italiaeconomiaonline.it\/web\/wp-content\/uploads\/2019\/05\/arcuri._invitaliajpg.jpg","contentUrl":"https:\/\/www.italiaeconomiaonline.it\/web\/wp-content\/uploads\/2019\/05\/arcuri._invitaliajpg.jpg","width":400,"height":299,"caption":"Domenico Arcuri"},{"@type":"BreadcrumbList","@id":"https:\/\/www.italiaeconomiaonline.it\/web\/arcuri-abbiamo-gia-dispositivi-ed-attrezzature-piu-che-sufficienti-a-fronteggiare-questa-fase-dellemergenza\/#breadcrumb","itemListElement":[{"@type":"ListItem","position":1,"name":"Home","item":"https:\/\/www.italiaeconomiaonline.it\/web\/"},{"@type":"ListItem","position":2,"name":"Arcuri, abbiamo gi\u00e0 dispositivi ed attrezzature pi\u00f9 che sufficienti a fronteggiare questa fase dell\u2019emergenza"}]},{"@type":"WebSite","@id":"https:\/\/www.italiaeconomiaonline.it\/web\/#website","url":"https:\/\/www.italiaeconomiaonline.it\/web\/","name":"ItaliaEconomiaOnline","description":"Quotidiano Economico Online","potentialAction":[{"@type":"SearchAction","target":{"@type":"EntryPoint","urlTemplate":"https:\/\/www.italiaeconomiaonline.it\/web\/?s={search_term_string}"},"query-input":"required name=search_term_string"}],"inLanguage":"it-IT"},{"@type":"Person","@id":"https:\/\/www.italiaeconomiaonline.it\/web\/#\/schema\/person\/909a49cce752523b020fbc37d5ab1c31","name":"ladyitaliaeconomia","image":{"@type":"ImageObject","inLanguage":"it-IT","@id":"https:\/\/www.italiaeconomiaonline.it\/web\/#\/schema\/person\/image\/","url":"https:\/\/secure.gravatar.com\/avatar\/cedca10ce7416a579b9fa6bce9c0a8f2?s=96&d=mm&r=g","contentUrl":"https:\/\/secure.gravatar.com\/avatar\/cedca10ce7416a579b9fa6bce9c0a8f2?s=96&d=mm&r=g","caption":"ladyitaliaeconomia"},"url":"https:\/\/www.italiaeconomiaonline.it\/web\/author\/ladyitaliaeconomia\/"}]}},"_links":{"self":[{"href":"https:\/\/www.italiaeconomiaonline.it\/web\/wp-json\/wp\/v2\/posts\/4317"}],"collection":[{"href":"https:\/\/www.italiaeconomiaonline.it\/web\/wp-json\/wp\/v2\/posts"}],"about":[{"href":"https:\/\/www.italiaeconomiaonline.it\/web\/wp-json\/wp\/v2\/types\/post"}],"author":[{"embeddable":true,"href":"https:\/\/www.italiaeconomiaonline.it\/web\/wp-json\/wp\/v2\/users\/1"}],"replies":[{"embeddable":true,"href":"https:\/\/www.italiaeconomiaonline.it\/web\/wp-json\/wp\/v2\/comments?post=4317"}],"version-history":[{"count":1,"href":"https:\/\/www.italiaeconomiaonline.it\/web\/wp-json\/wp\/v2\/posts\/4317\/revisions"}],"predecessor-version":[{"id":4318,"href":"https:\/\/www.italiaeconomiaonline.it\/web\/wp-json\/wp\/v2\/posts\/4317\/revisions\/4318"}],"wp:featuredmedia":[{"embeddable":true,"href":"https:\/\/www.italiaeconomiaonline.it\/web\/wp-json\/wp\/v2\/media\/728"}],"wp:attachment":[{"href":"https:\/\/www.italiaeconomiaonline.it\/web\/wp-json\/wp\/v2\/media?parent=4317"}],"wp:term":[{"taxonomy":"category","embeddable":true,"href":"https:\/\/www.italiaeconomiaonline.it\/web\/wp-json\/wp\/v2\/categories?post=4317"},{"taxonomy":"post_tag","embeddable":true,"href":"https:\/\/www.italiaeconomiaonline.it\/web\/wp-json\/wp\/v2\/tags?post=4317"}],"curies":[{"name":"wp","href":"https:\/\/api.w.org\/{rel}","templated":true}]}}