{"id":4321,"date":"2020-10-06T10:29:51","date_gmt":"2020-10-06T08:29:51","guid":{"rendered":"http:\/\/www.italiaeconomiaonline.it\/web\/?p=4321"},"modified":"2020-10-06T10:29:51","modified_gmt":"2020-10-06T08:29:51","slug":"lunione-europea-al-giro-ditalia-2020","status":"publish","type":"post","link":"https:\/\/www.italiaeconomiaonline.it\/web\/lunione-europea-al-giro-ditalia-2020\/","title":{"rendered":"L&#8217;Unione Europea al giro d&#8217;Italia 2020"},"content":{"rendered":"<p class=\"CorpoA\"><span class=\"dropcap dropcap3\">D<\/span>a Caltanissetta a Milano in venti giorni, venti tappe con biciclette a pedalata assistita: la Commissione europea rinnova la partnership con il Giro d\u2019Italia edizione 103 per essere protagonista del Giro-E con la maglia europea \u201cNext Generation\u201d e per far scoprire o riscoprire l\u2019Europa sul territorio!<\/p>\n<p>Dalla partenza, domenica 4 ottobre a Caltanissetta, all\u2019arrivo domenica 25 a Milano, il Giro-E permetter\u00e0 a professionisti, amatori e testimonials di pedalare in parallelo alla Corsa Rosa, promuovendo gli interventi ispirati al Green Deal europeo per un futuro sostenibile, equo e inclusivo.<\/p>\n<p>\u201cLa bici elettrica \u00e8 una valida alternativa per la mobilit\u00e0 nelle nostre citt\u00e0 e non solo. Facilita la pedalata e aumenta le opportunit\u00e0 di utilizzo per chiunque, ovunque. Ecco perch\u00e9 il Giro-E e il Green Deal europeo sono un ottimo tandem. La bicicletta aiuta la lotta al cambiamento climatico e assicura alle generazioni future una societ\u00e0 pi\u00f9 sana e pi\u00f9 verde\u201d dichiara Frans Timmermans, vicepresidente esecutivo della Commissione europea.<\/p>\n<p>Ogni giorno, su iniziativa della Commissione europea, sar\u00e0 premiato il miglior giovane con la Maglia europea<i> Next Generation<\/i>, per celebrare insieme il piano straordinario di ripresa dedicato alle generazioni future e voluto dall\u2019Unione Europea.<\/p>\n<p>Un occhio al futuro senza dimenticare il presente: negli ultimi sette anni l\u2019Italia ha beneficiato di quasi cento miliardi di euro di fondi europei per progetti dedicati a sviluppo regionale, ambiente, agricoltura, cultura e molto altro ancora. Lungo il percorso del Giro si potranno incontrare alcune delle migliaia di queste realt\u00e0: dal Castello Nelson di Bronte ai laboratori per la crescita digitale di Rimini, dai progetti di ricerca sul COVID-19 fino alle vie ciclabili transfrontaliere del Friuli, solo per citarne alcuni. Ci sono progetti di ricerca e innovazione, parchi archeologici e naturali, decine di prodotti DOP e DOC italiani, investimenti per il sostegno alle piccole e medie imprese.<\/p>\n<p>Con nuove modalit\u00e0 e nel rispetto delle regole di distanziamento in vigore, l\u2019edizione 2020 di questa competizione si presenta come l\u2019occasione ideale per condividere il messaggio dell\u2019Europa: insieme siamo pi\u00f9 forti.<\/p>\n<p>Il progetto \u201cUEalGiro-E\u201d ideato e promosso dalla Rappresentanza a Milano della Commissione europea, coinvolge attivamente le comunit\u00e0 locali attraverso la rete d\u2019informazione \u201cEurope Direct\u201d e quella dei Centri di documentazione europea operanti in Italia.<\/p>\n<p>&nbsp;<\/p>\n<p><span class=\"Nessuno\"><b>\u00a0<\/b><\/span><\/p>\n","protected":false},"excerpt":{"rendered":"<p>Da Caltanissetta a Milano in venti giorni, venti tappe con biciclette a pedalata assistita: la Commissione europea rinnova la partnership con il Giro d\u2019Italia edizione 103 per essere protagonista del Giro-E con la maglia europea \u201cNext Generation\u201d e per far scoprire o riscoprire l\u2019Europa sul territorio! Dalla partenza, domenica 4 ottobre a Caltanissetta, all\u2019arrivo domenica [&hellip;]<\/p>\n","protected":false},"author":1,"featured_media":4322,"comment_status":"closed","ping_status":"open","sticky":false,"template":"","format":"standard","meta":{"footnotes":""},"categories":[56],"tags":[1322,26],"yoast_head":"<!-- This site is optimized with the Yoast SEO plugin v22.2 - https:\/\/yoast.com\/wordpress\/plugins\/seo\/ -->\n<title>L&#039;Unione Europea al giro d&#039;Italia 2020 -<\/title>\n<meta name=\"robots\" content=\"index, follow, max-snippet:-1, max-image-preview:large, max-video-preview:-1\" \/>\n<link rel=\"canonical\" href=\"https:\/\/www.italiaeconomiaonline.it\/web\/lunione-europea-al-giro-ditalia-2020\/\" \/>\n<meta property=\"og:locale\" content=\"it_IT\" \/>\n<meta property=\"og:type\" content=\"article\" \/>\n<meta property=\"og:title\" content=\"L&#039;Unione Europea al giro d&#039;Italia 2020 -\" \/>\n<meta property=\"og:description\" content=\"Da Caltanissetta a Milano in venti giorni, venti tappe con biciclette a pedalata assistita: la Commissione europea rinnova la partnership con il Giro d\u2019Italia edizione 103 per essere protagonista del Giro-E con la maglia europea \u201cNext Generation\u201d e per far scoprire o riscoprire l\u2019Europa sul territorio! Dalla partenza, domenica 4 ottobre a Caltanissetta, all\u2019arrivo domenica [&hellip;]\" \/>\n<meta property=\"og:url\" content=\"https:\/\/www.italiaeconomiaonline.it\/web\/lunione-europea-al-giro-ditalia-2020\/\" \/>\n<meta property=\"og:site_name\" content=\"ItaliaEconomiaOnline\" \/>\n<meta property=\"article:published_time\" content=\"2020-10-06T08:29:51+00:00\" \/>\n<meta property=\"og:image\" content=\"https:\/\/www.italiaeconomiaonline.it\/web\/wp-content\/uploads\/2020\/10\/Schermata-2020-10-06-alle-10.28.30.png\" \/>\n\t<meta property=\"og:image:width\" content=\"1644\" \/>\n\t<meta property=\"og:image:height\" content=\"976\" \/>\n\t<meta property=\"og:image:type\" content=\"image\/png\" \/>\n<meta name=\"author\" content=\"ladyitaliaeconomia\" \/>\n<meta name=\"twitter:card\" content=\"summary_large_image\" \/>\n<meta name=\"twitter:label1\" content=\"Scritto da\" \/>\n\t<meta name=\"twitter:data1\" content=\"ladyitaliaeconomia\" \/>\n\t<meta name=\"twitter:label2\" content=\"Tempo di lettura stimato\" \/>\n\t<meta name=\"twitter:data2\" content=\"2 minuti\" \/>\n<script type=\"application\/ld+json\" class=\"yoast-schema-graph\">{\"@context\":\"https:\/\/schema.org\",\"@graph\":[{\"@type\":\"WebPage\",\"@id\":\"https:\/\/www.italiaeconomiaonline.it\/web\/lunione-europea-al-giro-ditalia-2020\/\",\"url\":\"https:\/\/www.italiaeconomiaonline.it\/web\/lunione-europea-al-giro-ditalia-2020\/\",\"name\":\"L'Unione Europea al giro d'Italia 2020 -\",\"isPartOf\":{\"@id\":\"https:\/\/www.italiaeconomiaonline.it\/web\/#website\"},\"primaryImageOfPage\":{\"@id\":\"https:\/\/www.italiaeconomiaonline.it\/web\/lunione-europea-al-giro-ditalia-2020\/#primaryimage\"},\"image\":{\"@id\":\"https:\/\/www.italiaeconomiaonline.it\/web\/lunione-europea-al-giro-ditalia-2020\/#primaryimage\"},\"thumbnailUrl\":\"https:\/\/www.italiaeconomiaonline.it\/web\/wp-content\/uploads\/2020\/10\/Schermata-2020-10-06-alle-10.28.30.png\",\"datePublished\":\"2020-10-06T08:29:51+00:00\",\"dateModified\":\"2020-10-06T08:29:51+00:00\",\"author\":{\"@id\":\"https:\/\/www.italiaeconomiaonline.it\/web\/#\/schema\/person\/909a49cce752523b020fbc37d5ab1c31\"},\"breadcrumb\":{\"@id\":\"https:\/\/www.italiaeconomiaonline.it\/web\/lunione-europea-al-giro-ditalia-2020\/#breadcrumb\"},\"inLanguage\":\"it-IT\",\"potentialAction\":[{\"@type\":\"ReadAction\",\"target\":[\"https:\/\/www.italiaeconomiaonline.it\/web\/lunione-europea-al-giro-ditalia-2020\/\"]}]},{\"@type\":\"ImageObject\",\"inLanguage\":\"it-IT\",\"@id\":\"https:\/\/www.italiaeconomiaonline.it\/web\/lunione-europea-al-giro-ditalia-2020\/#primaryimage\",\"url\":\"https:\/\/www.italiaeconomiaonline.it\/web\/wp-content\/uploads\/2020\/10\/Schermata-2020-10-06-alle-10.28.30.png\",\"contentUrl\":\"https:\/\/www.italiaeconomiaonline.it\/web\/wp-content\/uploads\/2020\/10\/Schermata-2020-10-06-alle-10.28.30.png\",\"width\":1644,\"height\":976},{\"@type\":\"BreadcrumbList\",\"@id\":\"https:\/\/www.italiaeconomiaonline.it\/web\/lunione-europea-al-giro-ditalia-2020\/#breadcrumb\",\"itemListElement\":[{\"@type\":\"ListItem\",\"position\":1,\"name\":\"Home\",\"item\":\"https:\/\/www.italiaeconomiaonline.it\/web\/\"},{\"@type\":\"ListItem\",\"position\":2,\"name\":\"L&#8217;Unione Europea al giro d&#8217;Italia 2020\"}]},{\"@type\":\"WebSite\",\"@id\":\"https:\/\/www.italiaeconomiaonline.it\/web\/#website\",\"url\":\"https:\/\/www.italiaeconomiaonline.it\/web\/\",\"name\":\"ItaliaEconomiaOnline\",\"description\":\"Quotidiano Economico Online\",\"potentialAction\":[{\"@type\":\"SearchAction\",\"target\":{\"@type\":\"EntryPoint\",\"urlTemplate\":\"https:\/\/www.italiaeconomiaonline.it\/web\/?s={search_term_string}\"},\"query-input\":\"required name=search_term_string\"}],\"inLanguage\":\"it-IT\"},{\"@type\":\"Person\",\"@id\":\"https:\/\/www.italiaeconomiaonline.it\/web\/#\/schema\/person\/909a49cce752523b020fbc37d5ab1c31\",\"name\":\"ladyitaliaeconomia\",\"image\":{\"@type\":\"ImageObject\",\"inLanguage\":\"it-IT\",\"@id\":\"https:\/\/www.italiaeconomiaonline.it\/web\/#\/schema\/person\/image\/\",\"url\":\"https:\/\/secure.gravatar.com\/avatar\/cedca10ce7416a579b9fa6bce9c0a8f2?s=96&d=mm&r=g\",\"contentUrl\":\"https:\/\/secure.gravatar.com\/avatar\/cedca10ce7416a579b9fa6bce9c0a8f2?s=96&d=mm&r=g\",\"caption\":\"ladyitaliaeconomia\"},\"url\":\"https:\/\/www.italiaeconomiaonline.it\/web\/author\/ladyitaliaeconomia\/\"}]}<\/script>\n<!-- \/ Yoast SEO plugin. -->","yoast_head_json":{"title":"L'Unione Europea al giro d'Italia 2020 -","robots":{"index":"index","follow":"follow","max-snippet":"max-snippet:-1","max-image-preview":"max-image-preview:large","max-video-preview":"max-video-preview:-1"},"canonical":"https:\/\/www.italiaeconomiaonline.it\/web\/lunione-europea-al-giro-ditalia-2020\/","og_locale":"it_IT","og_type":"article","og_title":"L'Unione Europea al giro d'Italia 2020 -","og_description":"Da Caltanissetta a Milano in venti giorni, venti tappe con biciclette a pedalata assistita: la Commissione europea rinnova la partnership con il Giro d\u2019Italia edizione 103 per essere protagonista del Giro-E con la maglia europea \u201cNext Generation\u201d e per far scoprire o riscoprire l\u2019Europa sul territorio! Dalla partenza, domenica 4 ottobre a Caltanissetta, all\u2019arrivo domenica [&hellip;]","og_url":"https:\/\/www.italiaeconomiaonline.it\/web\/lunione-europea-al-giro-ditalia-2020\/","og_site_name":"ItaliaEconomiaOnline","article_published_time":"2020-10-06T08:29:51+00:00","og_image":[{"width":1644,"height":976,"url":"https:\/\/www.italiaeconomiaonline.it\/web\/wp-content\/uploads\/2020\/10\/Schermata-2020-10-06-alle-10.28.30.png","type":"image\/png"}],"author":"ladyitaliaeconomia","twitter_card":"summary_large_image","twitter_misc":{"Scritto da":"ladyitaliaeconomia","Tempo di lettura stimato":"2 minuti"},"schema":{"@context":"https:\/\/schema.org","@graph":[{"@type":"WebPage","@id":"https:\/\/www.italiaeconomiaonline.it\/web\/lunione-europea-al-giro-ditalia-2020\/","url":"https:\/\/www.italiaeconomiaonline.it\/web\/lunione-europea-al-giro-ditalia-2020\/","name":"L'Unione Europea al giro d'Italia 2020 -","isPartOf":{"@id":"https:\/\/www.italiaeconomiaonline.it\/web\/#website"},"primaryImageOfPage":{"@id":"https:\/\/www.italiaeconomiaonline.it\/web\/lunione-europea-al-giro-ditalia-2020\/#primaryimage"},"image":{"@id":"https:\/\/www.italiaeconomiaonline.it\/web\/lunione-europea-al-giro-ditalia-2020\/#primaryimage"},"thumbnailUrl":"https:\/\/www.italiaeconomiaonline.it\/web\/wp-content\/uploads\/2020\/10\/Schermata-2020-10-06-alle-10.28.30.png","datePublished":"2020-10-06T08:29:51+00:00","dateModified":"2020-10-06T08:29:51+00:00","author":{"@id":"https:\/\/www.italiaeconomiaonline.it\/web\/#\/schema\/person\/909a49cce752523b020fbc37d5ab1c31"},"breadcrumb":{"@id":"https:\/\/www.italiaeconomiaonline.it\/web\/lunione-europea-al-giro-ditalia-2020\/#breadcrumb"},"inLanguage":"it-IT","potentialAction":[{"@type":"ReadAction","target":["https:\/\/www.italiaeconomiaonline.it\/web\/lunione-europea-al-giro-ditalia-2020\/"]}]},{"@type":"ImageObject","inLanguage":"it-IT","@id":"https:\/\/www.italiaeconomiaonline.it\/web\/lunione-europea-al-giro-ditalia-2020\/#primaryimage","url":"https:\/\/www.italiaeconomiaonline.it\/web\/wp-content\/uploads\/2020\/10\/Schermata-2020-10-06-alle-10.28.30.png","contentUrl":"https:\/\/www.italiaeconomiaonline.it\/web\/wp-content\/uploads\/2020\/10\/Schermata-2020-10-06-alle-10.28.30.png","width":1644,"height":976},{"@type":"BreadcrumbList","@id":"https:\/\/www.italiaeconomiaonline.it\/web\/lunione-europea-al-giro-ditalia-2020\/#breadcrumb","itemListElement":[{"@type":"ListItem","position":1,"name":"Home","item":"https:\/\/www.italiaeconomiaonline.it\/web\/"},{"@type":"ListItem","position":2,"name":"L&#8217;Unione Europea al giro d&#8217;Italia 2020"}]},{"@type":"WebSite","@id":"https:\/\/www.italiaeconomiaonline.it\/web\/#website","url":"https:\/\/www.italiaeconomiaonline.it\/web\/","name":"ItaliaEconomiaOnline","description":"Quotidiano Economico Online","potentialAction":[{"@type":"SearchAction","target":{"@type":"EntryPoint","urlTemplate":"https:\/\/www.italiaeconomiaonline.it\/web\/?s={search_term_string}"},"query-input":"required name=search_term_string"}],"inLanguage":"it-IT"},{"@type":"Person","@id":"https:\/\/www.italiaeconomiaonline.it\/web\/#\/schema\/person\/909a49cce752523b020fbc37d5ab1c31","name":"ladyitaliaeconomia","image":{"@type":"ImageObject","inLanguage":"it-IT","@id":"https:\/\/www.italiaeconomiaonline.it\/web\/#\/schema\/person\/image\/","url":"https:\/\/secure.gravatar.com\/avatar\/cedca10ce7416a579b9fa6bce9c0a8f2?s=96&d=mm&r=g","contentUrl":"https:\/\/secure.gravatar.com\/avatar\/cedca10ce7416a579b9fa6bce9c0a8f2?s=96&d=mm&r=g","caption":"ladyitaliaeconomia"},"url":"https:\/\/www.italiaeconomiaonline.it\/web\/author\/ladyitaliaeconomia\/"}]}},"_links":{"self":[{"href":"https:\/\/www.italiaeconomiaonline.it\/web\/wp-json\/wp\/v2\/posts\/4321"}],"collection":[{"href":"https:\/\/www.italiaeconomiaonline.it\/web\/wp-json\/wp\/v2\/posts"}],"about":[{"href":"https:\/\/www.italiaeconomiaonline.it\/web\/wp-json\/wp\/v2\/types\/post"}],"author":[{"embeddable":true,"href":"https:\/\/www.italiaeconomiaonline.it\/web\/wp-json\/wp\/v2\/users\/1"}],"replies":[{"embeddable":true,"href":"https:\/\/www.italiaeconomiaonline.it\/web\/wp-json\/wp\/v2\/comments?post=4321"}],"version-history":[{"count":1,"href":"https:\/\/www.italiaeconomiaonline.it\/web\/wp-json\/wp\/v2\/posts\/4321\/revisions"}],"predecessor-version":[{"id":4323,"href":"https:\/\/www.italiaeconomiaonline.it\/web\/wp-json\/wp\/v2\/posts\/4321\/revisions\/4323"}],"wp:featuredmedia":[{"embeddable":true,"href":"https:\/\/www.italiaeconomiaonline.it\/web\/wp-json\/wp\/v2\/media\/4322"}],"wp:attachment":[{"href":"https:\/\/www.italiaeconomiaonline.it\/web\/wp-json\/wp\/v2\/media?parent=4321"}],"wp:term":[{"taxonomy":"category","embeddable":true,"href":"https:\/\/www.italiaeconomiaonline.it\/web\/wp-json\/wp\/v2\/categories?post=4321"},{"taxonomy":"post_tag","embeddable":true,"href":"https:\/\/www.italiaeconomiaonline.it\/web\/wp-json\/wp\/v2\/tags?post=4321"}],"curies":[{"name":"wp","href":"https:\/\/api.w.org\/{rel}","templated":true}]}}