{"id":4330,"date":"2020-10-07T10:20:58","date_gmt":"2020-10-07T08:20:58","guid":{"rendered":"http:\/\/www.italiaeconomiaonline.it\/web\/?p=4330"},"modified":"2020-10-07T10:20:58","modified_gmt":"2020-10-07T08:20:58","slug":"i-sottosegretari-manzella-e-morani-avviano-cantiere-pmi","status":"publish","type":"post","link":"https:\/\/www.italiaeconomiaonline.it\/web\/i-sottosegretari-manzella-e-morani-avviano-cantiere-pmi\/","title":{"rendered":"I Sottosegretari Manzella e Morani avviano &#8216;Cantiere PMI&#8217;"},"content":{"rendered":"<p><span class=\"dropcap dropcap3\">S<\/span>i \u00e8 tenuta\u00a0 ieri in videoconferenza la prima riunione di &#8216;Cantiere PMI&#8217;, un&#8217;iniziativa del Ministero dello Sviluppo economico per elaborare, in confronto con le associazioni di categoria, proposte destinate allo sviluppo delle piccole e medie imprese.<\/p>\n<p>L\u2019incontro \u00e8 stato presieduto dai Sottosegretari<strong> Gian Paolo Manzella<\/strong> e <strong>Alessia Morani<\/strong>, che al termine hanno dichiarato: \u201cI tavoli di lavoro previsti toccano argomenti centrali per il presente e il\u00a0 futuro del nostro Paese, come promuovere cultura di impresa nelle scuole e nelle universit\u00e0, nonch\u00e9 sostenere la transizione digitale e quella green. Lavoreremo, quindi, su proposte per rafforzare le filiere, sostenere la patrimonializzazione delle PMI, portare al loro interno competenze\u201d, sottolineano i due Sottosegretari.<\/p>\n<p>\u201cParticolare attenzione\u00a0 &#8211; aggiungono Manzella e Morani\u00a0 &#8211; verr\u00e0 data alla questione dell&#8217;assetto istituzionale, poich\u00e9 \u00e8 necessario dare alle PMI un peso organizzativo e amministrativo che rifletta il loro peso nell&#8217;economia italiana. Sono temi allineati alla strategia europea di politica industriale per le PMI e alle indicazioni per il Next generation fund.\u00a0 Siamo pertanto convinti che questo spazio di lavoro &#8211; per il quale sono gi\u00e0 in programma altri appuntamenti &#8211;\u00a0 porter\u00e0 a breve ad una serie di proposte capaci di migliorare la vita delle piccole e medie imprese, aumentarne la produttivit\u00e0, affrontare alcuni nodi che ne limitano la performance nella attuale competizione globale&#8221;.<\/p>\n<p><strong>\u00a0<\/strong><\/p>\n<p><strong>\u00a0<\/strong><\/p>\n","protected":false},"excerpt":{"rendered":"<p>Si \u00e8 tenuta\u00a0 ieri in videoconferenza la prima riunione di &#8216;Cantiere PMI&#8217;, un&#8217;iniziativa del Ministero dello Sviluppo economico per elaborare, in confronto con le associazioni di categoria, proposte destinate allo sviluppo delle piccole e medie imprese. L\u2019incontro \u00e8 stato presieduto dai Sottosegretari Gian Paolo Manzella e Alessia Morani, che al termine hanno dichiarato: \u201cI tavoli [&hellip;]<\/p>\n","protected":false},"author":1,"featured_media":4331,"comment_status":"closed","ping_status":"open","sticky":false,"template":"","format":"standard","meta":{"footnotes":""},"categories":[56],"tags":[],"yoast_head":"<!-- This site is optimized with the Yoast SEO plugin v22.2 - https:\/\/yoast.com\/wordpress\/plugins\/seo\/ -->\n<title>I Sottosegretari Manzella e Morani avviano &#039;Cantiere PMI&#039; -<\/title>\n<meta name=\"robots\" content=\"index, follow, max-snippet:-1, max-image-preview:large, max-video-preview:-1\" \/>\n<link rel=\"canonical\" href=\"https:\/\/www.italiaeconomiaonline.it\/web\/i-sottosegretari-manzella-e-morani-avviano-cantiere-pmi\/\" \/>\n<meta property=\"og:locale\" content=\"it_IT\" \/>\n<meta property=\"og:type\" content=\"article\" \/>\n<meta property=\"og:title\" content=\"I Sottosegretari Manzella e Morani avviano &#039;Cantiere PMI&#039; -\" \/>\n<meta property=\"og:description\" content=\"Si \u00e8 tenuta\u00a0 ieri in videoconferenza la prima riunione di &#8216;Cantiere PMI&#8217;, un&#8217;iniziativa del Ministero dello Sviluppo economico per elaborare, in confronto con le associazioni di categoria, proposte destinate allo sviluppo delle piccole e medie imprese. L\u2019incontro \u00e8 stato presieduto dai Sottosegretari Gian Paolo Manzella e Alessia Morani, che al termine hanno dichiarato: \u201cI tavoli [&hellip;]\" \/>\n<meta property=\"og:url\" content=\"https:\/\/www.italiaeconomiaonline.it\/web\/i-sottosegretari-manzella-e-morani-avviano-cantiere-pmi\/\" \/>\n<meta property=\"og:site_name\" content=\"ItaliaEconomiaOnline\" \/>\n<meta property=\"article:published_time\" content=\"2020-10-07T08:20:58+00:00\" \/>\n<meta property=\"og:image\" content=\"https:\/\/www.italiaeconomiaonline.it\/web\/wp-content\/uploads\/2020\/10\/Schermata-2020-10-07-alle-10.20.04.png\" \/>\n\t<meta property=\"og:image:width\" content=\"802\" \/>\n\t<meta property=\"og:image:height\" content=\"506\" \/>\n\t<meta property=\"og:image:type\" content=\"image\/png\" \/>\n<meta name=\"author\" content=\"ladyitaliaeconomia\" \/>\n<meta name=\"twitter:card\" content=\"summary_large_image\" \/>\n<meta name=\"twitter:label1\" content=\"Scritto da\" \/>\n\t<meta name=\"twitter:data1\" content=\"ladyitaliaeconomia\" \/>\n\t<meta name=\"twitter:label2\" content=\"Tempo di lettura stimato\" \/>\n\t<meta name=\"twitter:data2\" content=\"1 minuto\" \/>\n<script type=\"application\/ld+json\" class=\"yoast-schema-graph\">{\"@context\":\"https:\/\/schema.org\",\"@graph\":[{\"@type\":\"WebPage\",\"@id\":\"https:\/\/www.italiaeconomiaonline.it\/web\/i-sottosegretari-manzella-e-morani-avviano-cantiere-pmi\/\",\"url\":\"https:\/\/www.italiaeconomiaonline.it\/web\/i-sottosegretari-manzella-e-morani-avviano-cantiere-pmi\/\",\"name\":\"I Sottosegretari Manzella e Morani avviano 'Cantiere PMI' -\",\"isPartOf\":{\"@id\":\"https:\/\/www.italiaeconomiaonline.it\/web\/#website\"},\"primaryImageOfPage\":{\"@id\":\"https:\/\/www.italiaeconomiaonline.it\/web\/i-sottosegretari-manzella-e-morani-avviano-cantiere-pmi\/#primaryimage\"},\"image\":{\"@id\":\"https:\/\/www.italiaeconomiaonline.it\/web\/i-sottosegretari-manzella-e-morani-avviano-cantiere-pmi\/#primaryimage\"},\"thumbnailUrl\":\"https:\/\/www.italiaeconomiaonline.it\/web\/wp-content\/uploads\/2020\/10\/Schermata-2020-10-07-alle-10.20.04.png\",\"datePublished\":\"2020-10-07T08:20:58+00:00\",\"dateModified\":\"2020-10-07T08:20:58+00:00\",\"author\":{\"@id\":\"https:\/\/www.italiaeconomiaonline.it\/web\/#\/schema\/person\/909a49cce752523b020fbc37d5ab1c31\"},\"breadcrumb\":{\"@id\":\"https:\/\/www.italiaeconomiaonline.it\/web\/i-sottosegretari-manzella-e-morani-avviano-cantiere-pmi\/#breadcrumb\"},\"inLanguage\":\"it-IT\",\"potentialAction\":[{\"@type\":\"ReadAction\",\"target\":[\"https:\/\/www.italiaeconomiaonline.it\/web\/i-sottosegretari-manzella-e-morani-avviano-cantiere-pmi\/\"]}]},{\"@type\":\"ImageObject\",\"inLanguage\":\"it-IT\",\"@id\":\"https:\/\/www.italiaeconomiaonline.it\/web\/i-sottosegretari-manzella-e-morani-avviano-cantiere-pmi\/#primaryimage\",\"url\":\"https:\/\/www.italiaeconomiaonline.it\/web\/wp-content\/uploads\/2020\/10\/Schermata-2020-10-07-alle-10.20.04.png\",\"contentUrl\":\"https:\/\/www.italiaeconomiaonline.it\/web\/wp-content\/uploads\/2020\/10\/Schermata-2020-10-07-alle-10.20.04.png\",\"width\":802,\"height\":506},{\"@type\":\"BreadcrumbList\",\"@id\":\"https:\/\/www.italiaeconomiaonline.it\/web\/i-sottosegretari-manzella-e-morani-avviano-cantiere-pmi\/#breadcrumb\",\"itemListElement\":[{\"@type\":\"ListItem\",\"position\":1,\"name\":\"Home\",\"item\":\"https:\/\/www.italiaeconomiaonline.it\/web\/\"},{\"@type\":\"ListItem\",\"position\":2,\"name\":\"I Sottosegretari Manzella e Morani avviano &#8216;Cantiere PMI&#8217;\"}]},{\"@type\":\"WebSite\",\"@id\":\"https:\/\/www.italiaeconomiaonline.it\/web\/#website\",\"url\":\"https:\/\/www.italiaeconomiaonline.it\/web\/\",\"name\":\"ItaliaEconomiaOnline\",\"description\":\"Quotidiano Economico Online\",\"potentialAction\":[{\"@type\":\"SearchAction\",\"target\":{\"@type\":\"EntryPoint\",\"urlTemplate\":\"https:\/\/www.italiaeconomiaonline.it\/web\/?s={search_term_string}\"},\"query-input\":\"required name=search_term_string\"}],\"inLanguage\":\"it-IT\"},{\"@type\":\"Person\",\"@id\":\"https:\/\/www.italiaeconomiaonline.it\/web\/#\/schema\/person\/909a49cce752523b020fbc37d5ab1c31\",\"name\":\"ladyitaliaeconomia\",\"image\":{\"@type\":\"ImageObject\",\"inLanguage\":\"it-IT\",\"@id\":\"https:\/\/www.italiaeconomiaonline.it\/web\/#\/schema\/person\/image\/\",\"url\":\"https:\/\/secure.gravatar.com\/avatar\/cedca10ce7416a579b9fa6bce9c0a8f2?s=96&d=mm&r=g\",\"contentUrl\":\"https:\/\/secure.gravatar.com\/avatar\/cedca10ce7416a579b9fa6bce9c0a8f2?s=96&d=mm&r=g\",\"caption\":\"ladyitaliaeconomia\"},\"url\":\"https:\/\/www.italiaeconomiaonline.it\/web\/author\/ladyitaliaeconomia\/\"}]}<\/script>\n<!-- \/ Yoast SEO plugin. -->","yoast_head_json":{"title":"I Sottosegretari Manzella e Morani avviano 'Cantiere PMI' -","robots":{"index":"index","follow":"follow","max-snippet":"max-snippet:-1","max-image-preview":"max-image-preview:large","max-video-preview":"max-video-preview:-1"},"canonical":"https:\/\/www.italiaeconomiaonline.it\/web\/i-sottosegretari-manzella-e-morani-avviano-cantiere-pmi\/","og_locale":"it_IT","og_type":"article","og_title":"I Sottosegretari Manzella e Morani avviano 'Cantiere PMI' -","og_description":"Si \u00e8 tenuta\u00a0 ieri in videoconferenza la prima riunione di &#8216;Cantiere PMI&#8217;, un&#8217;iniziativa del Ministero dello Sviluppo economico per elaborare, in confronto con le associazioni di categoria, proposte destinate allo sviluppo delle piccole e medie imprese. L\u2019incontro \u00e8 stato presieduto dai Sottosegretari Gian Paolo Manzella e Alessia Morani, che al termine hanno dichiarato: \u201cI tavoli [&hellip;]","og_url":"https:\/\/www.italiaeconomiaonline.it\/web\/i-sottosegretari-manzella-e-morani-avviano-cantiere-pmi\/","og_site_name":"ItaliaEconomiaOnline","article_published_time":"2020-10-07T08:20:58+00:00","og_image":[{"width":802,"height":506,"url":"https:\/\/www.italiaeconomiaonline.it\/web\/wp-content\/uploads\/2020\/10\/Schermata-2020-10-07-alle-10.20.04.png","type":"image\/png"}],"author":"ladyitaliaeconomia","twitter_card":"summary_large_image","twitter_misc":{"Scritto da":"ladyitaliaeconomia","Tempo di lettura stimato":"1 minuto"},"schema":{"@context":"https:\/\/schema.org","@graph":[{"@type":"WebPage","@id":"https:\/\/www.italiaeconomiaonline.it\/web\/i-sottosegretari-manzella-e-morani-avviano-cantiere-pmi\/","url":"https:\/\/www.italiaeconomiaonline.it\/web\/i-sottosegretari-manzella-e-morani-avviano-cantiere-pmi\/","name":"I Sottosegretari Manzella e Morani avviano 'Cantiere PMI' -","isPartOf":{"@id":"https:\/\/www.italiaeconomiaonline.it\/web\/#website"},"primaryImageOfPage":{"@id":"https:\/\/www.italiaeconomiaonline.it\/web\/i-sottosegretari-manzella-e-morani-avviano-cantiere-pmi\/#primaryimage"},"image":{"@id":"https:\/\/www.italiaeconomiaonline.it\/web\/i-sottosegretari-manzella-e-morani-avviano-cantiere-pmi\/#primaryimage"},"thumbnailUrl":"https:\/\/www.italiaeconomiaonline.it\/web\/wp-content\/uploads\/2020\/10\/Schermata-2020-10-07-alle-10.20.04.png","datePublished":"2020-10-07T08:20:58+00:00","dateModified":"2020-10-07T08:20:58+00:00","author":{"@id":"https:\/\/www.italiaeconomiaonline.it\/web\/#\/schema\/person\/909a49cce752523b020fbc37d5ab1c31"},"breadcrumb":{"@id":"https:\/\/www.italiaeconomiaonline.it\/web\/i-sottosegretari-manzella-e-morani-avviano-cantiere-pmi\/#breadcrumb"},"inLanguage":"it-IT","potentialAction":[{"@type":"ReadAction","target":["https:\/\/www.italiaeconomiaonline.it\/web\/i-sottosegretari-manzella-e-morani-avviano-cantiere-pmi\/"]}]},{"@type":"ImageObject","inLanguage":"it-IT","@id":"https:\/\/www.italiaeconomiaonline.it\/web\/i-sottosegretari-manzella-e-morani-avviano-cantiere-pmi\/#primaryimage","url":"https:\/\/www.italiaeconomiaonline.it\/web\/wp-content\/uploads\/2020\/10\/Schermata-2020-10-07-alle-10.20.04.png","contentUrl":"https:\/\/www.italiaeconomiaonline.it\/web\/wp-content\/uploads\/2020\/10\/Schermata-2020-10-07-alle-10.20.04.png","width":802,"height":506},{"@type":"BreadcrumbList","@id":"https:\/\/www.italiaeconomiaonline.it\/web\/i-sottosegretari-manzella-e-morani-avviano-cantiere-pmi\/#breadcrumb","itemListElement":[{"@type":"ListItem","position":1,"name":"Home","item":"https:\/\/www.italiaeconomiaonline.it\/web\/"},{"@type":"ListItem","position":2,"name":"I Sottosegretari Manzella e Morani avviano &#8216;Cantiere PMI&#8217;"}]},{"@type":"WebSite","@id":"https:\/\/www.italiaeconomiaonline.it\/web\/#website","url":"https:\/\/www.italiaeconomiaonline.it\/web\/","name":"ItaliaEconomiaOnline","description":"Quotidiano Economico Online","potentialAction":[{"@type":"SearchAction","target":{"@type":"EntryPoint","urlTemplate":"https:\/\/www.italiaeconomiaonline.it\/web\/?s={search_term_string}"},"query-input":"required name=search_term_string"}],"inLanguage":"it-IT"},{"@type":"Person","@id":"https:\/\/www.italiaeconomiaonline.it\/web\/#\/schema\/person\/909a49cce752523b020fbc37d5ab1c31","name":"ladyitaliaeconomia","image":{"@type":"ImageObject","inLanguage":"it-IT","@id":"https:\/\/www.italiaeconomiaonline.it\/web\/#\/schema\/person\/image\/","url":"https:\/\/secure.gravatar.com\/avatar\/cedca10ce7416a579b9fa6bce9c0a8f2?s=96&d=mm&r=g","contentUrl":"https:\/\/secure.gravatar.com\/avatar\/cedca10ce7416a579b9fa6bce9c0a8f2?s=96&d=mm&r=g","caption":"ladyitaliaeconomia"},"url":"https:\/\/www.italiaeconomiaonline.it\/web\/author\/ladyitaliaeconomia\/"}]}},"_links":{"self":[{"href":"https:\/\/www.italiaeconomiaonline.it\/web\/wp-json\/wp\/v2\/posts\/4330"}],"collection":[{"href":"https:\/\/www.italiaeconomiaonline.it\/web\/wp-json\/wp\/v2\/posts"}],"about":[{"href":"https:\/\/www.italiaeconomiaonline.it\/web\/wp-json\/wp\/v2\/types\/post"}],"author":[{"embeddable":true,"href":"https:\/\/www.italiaeconomiaonline.it\/web\/wp-json\/wp\/v2\/users\/1"}],"replies":[{"embeddable":true,"href":"https:\/\/www.italiaeconomiaonline.it\/web\/wp-json\/wp\/v2\/comments?post=4330"}],"version-history":[{"count":1,"href":"https:\/\/www.italiaeconomiaonline.it\/web\/wp-json\/wp\/v2\/posts\/4330\/revisions"}],"predecessor-version":[{"id":4332,"href":"https:\/\/www.italiaeconomiaonline.it\/web\/wp-json\/wp\/v2\/posts\/4330\/revisions\/4332"}],"wp:featuredmedia":[{"embeddable":true,"href":"https:\/\/www.italiaeconomiaonline.it\/web\/wp-json\/wp\/v2\/media\/4331"}],"wp:attachment":[{"href":"https:\/\/www.italiaeconomiaonline.it\/web\/wp-json\/wp\/v2\/media?parent=4330"}],"wp:term":[{"taxonomy":"category","embeddable":true,"href":"https:\/\/www.italiaeconomiaonline.it\/web\/wp-json\/wp\/v2\/categories?post=4330"},{"taxonomy":"post_tag","embeddable":true,"href":"https:\/\/www.italiaeconomiaonline.it\/web\/wp-json\/wp\/v2\/tags?post=4330"}],"curies":[{"name":"wp","href":"https:\/\/api.w.org\/{rel}","templated":true}]}}