{"id":4333,"date":"2020-10-07T10:25:13","date_gmt":"2020-10-07T08:25:13","guid":{"rendered":"http:\/\/www.italiaeconomiaonline.it\/web\/?p=4333"},"modified":"2020-10-07T10:25:13","modified_gmt":"2020-10-07T08:25:13","slug":"xi-festival-della-diplomazia-green-deal-scuola-covid-era","status":"publish","type":"post","link":"https:\/\/www.italiaeconomiaonline.it\/web\/xi-festival-della-diplomazia-green-deal-scuola-covid-era\/","title":{"rendered":"XI Festival della Diplomazia Green Deal, Scuola,\u00a0Covid Era"},"content":{"rendered":"<p><b><span class=\"dropcap dropcap3\">R<\/span>eset Control ovvero <em>Azzerare tutto<\/em><\/b>\u00a0\u00e8 questa la frase chiave che racchiude il <b>concept dell\u2019undicesima edizione<\/b> del Festival della Diplomazia, <b>Diplomacy<\/b> <b>2020<\/b> pronto a tornare\u00a0 dal <b>19<\/b> al <b>30<\/b> <b>ottobre<\/b> <b>2020<\/b> on line e presso lo <b>Spazio Europa di Via IV Novembre 149 a Roma,<\/b> adeguandosi alle direttive di contenimento del Covid 19 in tutto il mondo.<\/p>\n<p><b><i>Azzeriamo, ricominciamo da capo, cercando di trovare la bussola che ci conduca fuori dall\u2019incertezza verso porti pi\u00f9 rassicuranti<\/i>.<\/b> \u00c8 in queste due parole che si condensa Diplomacy 2020, che racconter\u00e0 la <b>sfida sostenuta tramite il confronto diplomatico nell\u2019era della pandemia.<\/b><\/p>\n<p>Un <b>tavolo unico di dialogo<\/b> sui grandi temi: <b>Green Deal, Scuola, Global governance, Clima e Salute nella Covid Era e tanto altro.<\/b><\/p>\n<p>Un viaggio tra i temi pi\u00f9 urgenti dell\u2019attualit\u00e0, affrontati da alcuni dei principali protagonisti del settore, con classici incontri dal vivo e, per la prima volta, attraverso 4 inediti diplo-channel per <b>10 ore no-stop quotidiane di approfondimenti, <\/b>interviste e confronti, insieme a sessioni speciali e retrospettive esclusive, per un totale di <b>90 ore di full immersion<\/b> tra comprensione del passato e del presente, riflessione e riprogettazione collettiva del futuro e dei suoi scenari.<\/p>\n<p><b>Green Deal.<\/b> Il <b>green deal europeo<\/b> e la sostenibilit\u00e0 economica con un importante incontro in presenza presso Spazio Europa luned\u00ec 26 ottobre a Roma su <em>Sostenibilit\u00e0 ed Innovazione<\/em>\u00a0in cui parteciperanno tra gli altri il Commissario Europeo all\u2019ambiente Virginjius Sinkevicius. E ancora un webinair il giorno dopo, marted\u00ec 27 ottobre\u00a0 su transizione energetica e\u00a0 ruolo dell\u2019energia per la ripresa economica post covid19 che vedr\u00e0 la partecipazione del Commissario Europeo all\u2019Energia Kadri Simson.<\/p>\n<p><b>Covid Era. <\/b>Salute, ricerca e societ\u00e0\u00a0 nella <em><b>Covid<\/b> <b>Era<\/b><\/em>\u00a0 argomenti di stretta attualit\u00e0 considerato l\u2019andamento dei contagi nel mondo e quello che stiamo vivendo ormai da mesi. Il tutto contenuto in mostre fotografiche, docufilm e rassegne che parlano direttamente ed indirettamente dell\u2019attualit\u00e0 legata alla pandemia. Tra cui: una mostra fotografica dedicata alla <em>Vita\u00a0ai tempi del COVID<\/em>\u00a0realizzata da Roma Fotografia con il contributo di fotografi di oltre 30 Paesi; il docufilm <em>COVID HOTEL<\/em>\u00a0realizzato da Sergio Ramazzotti e Andrea Monzani per Parallelozero in collaborazione con OSA Operatori Sanitari Associati che racconta a colpi di testimonianze toccanti la vita e il vissuto nei mesi scorsi dei pazienti covid ricoverati nella struttura alberghiera trasformata in presidio sanitario del Winter Garden Hotel di Grassobbio alle porte di Bergamo.<\/p>\n<p><b>Scuola<\/b>. <b>La scuola <\/b>parte integrante del nostro paese e non solo. Ospite<b> <\/b>d\u2019onore dell\u2019edizione 2020 \u00e8 l\u2019Arabia Saudita che quest\u2019anno organizza il G20, e a questa assise internazionale \u00e8 dedicata la simulazione, organizzata insieme al Ministero dell\u2019Istruzione, che vedr\u00e0 20 Istituti Superiori di tutta Italia interpretare il ruolo dei 20 Paesi partecipanti, dibattendo sulle stesse tematiche che saranno oggetto di discussione e negoziazione il prossimo novembre a Riad. Il tutto potr\u00e0 essere seguito on line a distanza sul diplo-channel 3 del Festival. Largo spazio alla scuola e ai suoi protagonisti: agli studenti sono dedicate le Lezioni di Diplomacy che ogni giorno dalle 9.30 alle 12.00 sul diplo-channel One, offriranno ai professori spunti da approfondire nelle materie di Storia, Filosofia, Economia, Geografia, Storia della Diplomazia, lotta alle diseguaglianze, letteratura e politica.<\/p>\n<p><strong>Fra i protagonisti dei lavori dell\u2019undicesimo Festival della Diplomazia ci saranno voci autorevoli del mondo della diplomazia e del mondo politico italiano ed estero<\/strong> come: i <b>Commissari Europei<\/b> Paolo Gentiloni, Virginijus Sinkevicius e Kadri Simson, gli <b>analisti politici<\/b> Parag Khanna, Brian Klass, John Ikenberry, William Davies, Trita Parsi, Sheila Redzepi vice presidente della World Bank, e fra gli italiani, gli ambasciatori Giampiero Massolo, presidente ISPI, Nelli Feroci, presidente Istituto Affari Internazionali, Pietro Sebastiani, ambasciatore presso la S. Sede, Piero Benassi, consigliere diplomatico del Presidente del Consiglio, Luca Sabatucci, Giorgio Marrapodi, Vincenzo Celeste e Enzo Angeloni, rispettivamente Direttore generale della Mondializzazione, della Cooperazione, degli Affari Europei e del Sistema Paese Italia. E ancora Carlo Corazza, capo dell\u2019Ufficio Informazioni del Parlamento Europeo, Antonio Parenti, capo della rappresentanza della Commissione Europea, Maria Chiara Malaguti presidente Unidroit, Pasquale Salzano Presidente della Simest, Luigi Paganetto Vice Presidente CDP, Domenico Fanizza, Executive Director dell\u2019Fondo Monetario Internazionale, Franco Frattini Presidente SIOI.<\/p>\n","protected":false},"excerpt":{"rendered":"<p>Reset Control ovvero Azzerare tutto\u00a0\u00e8 questa la frase chiave che racchiude il concept dell\u2019undicesima edizione del Festival della Diplomazia, Diplomacy 2020 pronto a tornare\u00a0 dal 19 al 30 ottobre 2020 on line e presso lo Spazio Europa di Via IV Novembre 149 a Roma, adeguandosi alle direttive di contenimento del Covid 19 in tutto il [&hellip;]<\/p>\n","protected":false},"author":1,"featured_media":4335,"comment_status":"closed","ping_status":"open","sticky":false,"template":"","format":"standard","meta":{"footnotes":""},"categories":[127],"tags":[1328,1327],"yoast_head":"<!-- This site is optimized with the Yoast SEO plugin v22.2 - https:\/\/yoast.com\/wordpress\/plugins\/seo\/ -->\n<title>XI Festival della Diplomazia Green Deal, Scuola,\u00a0Covid Era -<\/title>\n<meta name=\"robots\" content=\"index, follow, max-snippet:-1, max-image-preview:large, max-video-preview:-1\" \/>\n<link rel=\"canonical\" href=\"https:\/\/www.italiaeconomiaonline.it\/web\/xi-festival-della-diplomazia-green-deal-scuola-covid-era\/\" \/>\n<meta property=\"og:locale\" content=\"it_IT\" \/>\n<meta property=\"og:type\" content=\"article\" \/>\n<meta property=\"og:title\" content=\"XI Festival della Diplomazia Green Deal, Scuola,\u00a0Covid Era -\" \/>\n<meta property=\"og:description\" content=\"Reset Control ovvero Azzerare tutto\u00a0\u00e8 questa la frase chiave che racchiude il concept dell\u2019undicesima edizione del Festival della Diplomazia, Diplomacy 2020 pronto a tornare\u00a0 dal 19 al 30 ottobre 2020 on line e presso lo Spazio Europa di Via IV Novembre 149 a Roma, adeguandosi alle direttive di contenimento del Covid 19 in tutto il [&hellip;]\" \/>\n<meta property=\"og:url\" content=\"https:\/\/www.italiaeconomiaonline.it\/web\/xi-festival-della-diplomazia-green-deal-scuola-covid-era\/\" \/>\n<meta property=\"og:site_name\" content=\"ItaliaEconomiaOnline\" \/>\n<meta property=\"article:published_time\" content=\"2020-10-07T08:25:13+00:00\" \/>\n<meta property=\"og:image\" content=\"https:\/\/www.italiaeconomiaonline.it\/web\/wp-content\/uploads\/2020\/10\/Diplomacy-XI-1.jpg\" \/>\n\t<meta property=\"og:image:width\" content=\"1500\" \/>\n\t<meta property=\"og:image:height\" content=\"1001\" \/>\n\t<meta property=\"og:image:type\" content=\"image\/jpeg\" \/>\n<meta name=\"author\" content=\"ladyitaliaeconomia\" \/>\n<meta name=\"twitter:card\" content=\"summary_large_image\" \/>\n<meta name=\"twitter:label1\" content=\"Scritto da\" \/>\n\t<meta name=\"twitter:data1\" content=\"ladyitaliaeconomia\" \/>\n\t<meta name=\"twitter:label2\" content=\"Tempo di lettura stimato\" \/>\n\t<meta name=\"twitter:data2\" content=\"3 minuti\" \/>\n<script type=\"application\/ld+json\" class=\"yoast-schema-graph\">{\"@context\":\"https:\/\/schema.org\",\"@graph\":[{\"@type\":\"WebPage\",\"@id\":\"https:\/\/www.italiaeconomiaonline.it\/web\/xi-festival-della-diplomazia-green-deal-scuola-covid-era\/\",\"url\":\"https:\/\/www.italiaeconomiaonline.it\/web\/xi-festival-della-diplomazia-green-deal-scuola-covid-era\/\",\"name\":\"XI Festival della Diplomazia Green Deal, Scuola,\u00a0Covid Era -\",\"isPartOf\":{\"@id\":\"https:\/\/www.italiaeconomiaonline.it\/web\/#website\"},\"primaryImageOfPage\":{\"@id\":\"https:\/\/www.italiaeconomiaonline.it\/web\/xi-festival-della-diplomazia-green-deal-scuola-covid-era\/#primaryimage\"},\"image\":{\"@id\":\"https:\/\/www.italiaeconomiaonline.it\/web\/xi-festival-della-diplomazia-green-deal-scuola-covid-era\/#primaryimage\"},\"thumbnailUrl\":\"https:\/\/www.italiaeconomiaonline.it\/web\/wp-content\/uploads\/2020\/10\/Diplomacy-XI-1.jpg\",\"datePublished\":\"2020-10-07T08:25:13+00:00\",\"dateModified\":\"2020-10-07T08:25:13+00:00\",\"author\":{\"@id\":\"https:\/\/www.italiaeconomiaonline.it\/web\/#\/schema\/person\/909a49cce752523b020fbc37d5ab1c31\"},\"breadcrumb\":{\"@id\":\"https:\/\/www.italiaeconomiaonline.it\/web\/xi-festival-della-diplomazia-green-deal-scuola-covid-era\/#breadcrumb\"},\"inLanguage\":\"it-IT\",\"potentialAction\":[{\"@type\":\"ReadAction\",\"target\":[\"https:\/\/www.italiaeconomiaonline.it\/web\/xi-festival-della-diplomazia-green-deal-scuola-covid-era\/\"]}]},{\"@type\":\"ImageObject\",\"inLanguage\":\"it-IT\",\"@id\":\"https:\/\/www.italiaeconomiaonline.it\/web\/xi-festival-della-diplomazia-green-deal-scuola-covid-era\/#primaryimage\",\"url\":\"https:\/\/www.italiaeconomiaonline.it\/web\/wp-content\/uploads\/2020\/10\/Diplomacy-XI-1.jpg\",\"contentUrl\":\"https:\/\/www.italiaeconomiaonline.it\/web\/wp-content\/uploads\/2020\/10\/Diplomacy-XI-1.jpg\",\"width\":1500,\"height\":1001},{\"@type\":\"BreadcrumbList\",\"@id\":\"https:\/\/www.italiaeconomiaonline.it\/web\/xi-festival-della-diplomazia-green-deal-scuola-covid-era\/#breadcrumb\",\"itemListElement\":[{\"@type\":\"ListItem\",\"position\":1,\"name\":\"Home\",\"item\":\"https:\/\/www.italiaeconomiaonline.it\/web\/\"},{\"@type\":\"ListItem\",\"position\":2,\"name\":\"XI Festival della Diplomazia Green Deal, Scuola,\u00a0Covid Era\"}]},{\"@type\":\"WebSite\",\"@id\":\"https:\/\/www.italiaeconomiaonline.it\/web\/#website\",\"url\":\"https:\/\/www.italiaeconomiaonline.it\/web\/\",\"name\":\"ItaliaEconomiaOnline\",\"description\":\"Quotidiano Economico Online\",\"potentialAction\":[{\"@type\":\"SearchAction\",\"target\":{\"@type\":\"EntryPoint\",\"urlTemplate\":\"https:\/\/www.italiaeconomiaonline.it\/web\/?s={search_term_string}\"},\"query-input\":\"required name=search_term_string\"}],\"inLanguage\":\"it-IT\"},{\"@type\":\"Person\",\"@id\":\"https:\/\/www.italiaeconomiaonline.it\/web\/#\/schema\/person\/909a49cce752523b020fbc37d5ab1c31\",\"name\":\"ladyitaliaeconomia\",\"image\":{\"@type\":\"ImageObject\",\"inLanguage\":\"it-IT\",\"@id\":\"https:\/\/www.italiaeconomiaonline.it\/web\/#\/schema\/person\/image\/\",\"url\":\"https:\/\/secure.gravatar.com\/avatar\/cedca10ce7416a579b9fa6bce9c0a8f2?s=96&d=mm&r=g\",\"contentUrl\":\"https:\/\/secure.gravatar.com\/avatar\/cedca10ce7416a579b9fa6bce9c0a8f2?s=96&d=mm&r=g\",\"caption\":\"ladyitaliaeconomia\"},\"url\":\"https:\/\/www.italiaeconomiaonline.it\/web\/author\/ladyitaliaeconomia\/\"}]}<\/script>\n<!-- \/ Yoast SEO plugin. -->","yoast_head_json":{"title":"XI Festival della Diplomazia Green Deal, Scuola,\u00a0Covid Era -","robots":{"index":"index","follow":"follow","max-snippet":"max-snippet:-1","max-image-preview":"max-image-preview:large","max-video-preview":"max-video-preview:-1"},"canonical":"https:\/\/www.italiaeconomiaonline.it\/web\/xi-festival-della-diplomazia-green-deal-scuola-covid-era\/","og_locale":"it_IT","og_type":"article","og_title":"XI Festival della Diplomazia Green Deal, Scuola,\u00a0Covid Era -","og_description":"Reset Control ovvero Azzerare tutto\u00a0\u00e8 questa la frase chiave che racchiude il concept dell\u2019undicesima edizione del Festival della Diplomazia, Diplomacy 2020 pronto a tornare\u00a0 dal 19 al 30 ottobre 2020 on line e presso lo Spazio Europa di Via IV Novembre 149 a Roma, adeguandosi alle direttive di contenimento del Covid 19 in tutto il [&hellip;]","og_url":"https:\/\/www.italiaeconomiaonline.it\/web\/xi-festival-della-diplomazia-green-deal-scuola-covid-era\/","og_site_name":"ItaliaEconomiaOnline","article_published_time":"2020-10-07T08:25:13+00:00","og_image":[{"width":1500,"height":1001,"url":"https:\/\/www.italiaeconomiaonline.it\/web\/wp-content\/uploads\/2020\/10\/Diplomacy-XI-1.jpg","type":"image\/jpeg"}],"author":"ladyitaliaeconomia","twitter_card":"summary_large_image","twitter_misc":{"Scritto da":"ladyitaliaeconomia","Tempo di lettura stimato":"3 minuti"},"schema":{"@context":"https:\/\/schema.org","@graph":[{"@type":"WebPage","@id":"https:\/\/www.italiaeconomiaonline.it\/web\/xi-festival-della-diplomazia-green-deal-scuola-covid-era\/","url":"https:\/\/www.italiaeconomiaonline.it\/web\/xi-festival-della-diplomazia-green-deal-scuola-covid-era\/","name":"XI Festival della Diplomazia Green Deal, Scuola,\u00a0Covid Era -","isPartOf":{"@id":"https:\/\/www.italiaeconomiaonline.it\/web\/#website"},"primaryImageOfPage":{"@id":"https:\/\/www.italiaeconomiaonline.it\/web\/xi-festival-della-diplomazia-green-deal-scuola-covid-era\/#primaryimage"},"image":{"@id":"https:\/\/www.italiaeconomiaonline.it\/web\/xi-festival-della-diplomazia-green-deal-scuola-covid-era\/#primaryimage"},"thumbnailUrl":"https:\/\/www.italiaeconomiaonline.it\/web\/wp-content\/uploads\/2020\/10\/Diplomacy-XI-1.jpg","datePublished":"2020-10-07T08:25:13+00:00","dateModified":"2020-10-07T08:25:13+00:00","author":{"@id":"https:\/\/www.italiaeconomiaonline.it\/web\/#\/schema\/person\/909a49cce752523b020fbc37d5ab1c31"},"breadcrumb":{"@id":"https:\/\/www.italiaeconomiaonline.it\/web\/xi-festival-della-diplomazia-green-deal-scuola-covid-era\/#breadcrumb"},"inLanguage":"it-IT","potentialAction":[{"@type":"ReadAction","target":["https:\/\/www.italiaeconomiaonline.it\/web\/xi-festival-della-diplomazia-green-deal-scuola-covid-era\/"]}]},{"@type":"ImageObject","inLanguage":"it-IT","@id":"https:\/\/www.italiaeconomiaonline.it\/web\/xi-festival-della-diplomazia-green-deal-scuola-covid-era\/#primaryimage","url":"https:\/\/www.italiaeconomiaonline.it\/web\/wp-content\/uploads\/2020\/10\/Diplomacy-XI-1.jpg","contentUrl":"https:\/\/www.italiaeconomiaonline.it\/web\/wp-content\/uploads\/2020\/10\/Diplomacy-XI-1.jpg","width":1500,"height":1001},{"@type":"BreadcrumbList","@id":"https:\/\/www.italiaeconomiaonline.it\/web\/xi-festival-della-diplomazia-green-deal-scuola-covid-era\/#breadcrumb","itemListElement":[{"@type":"ListItem","position":1,"name":"Home","item":"https:\/\/www.italiaeconomiaonline.it\/web\/"},{"@type":"ListItem","position":2,"name":"XI Festival della Diplomazia Green Deal, Scuola,\u00a0Covid Era"}]},{"@type":"WebSite","@id":"https:\/\/www.italiaeconomiaonline.it\/web\/#website","url":"https:\/\/www.italiaeconomiaonline.it\/web\/","name":"ItaliaEconomiaOnline","description":"Quotidiano Economico Online","potentialAction":[{"@type":"SearchAction","target":{"@type":"EntryPoint","urlTemplate":"https:\/\/www.italiaeconomiaonline.it\/web\/?s={search_term_string}"},"query-input":"required name=search_term_string"}],"inLanguage":"it-IT"},{"@type":"Person","@id":"https:\/\/www.italiaeconomiaonline.it\/web\/#\/schema\/person\/909a49cce752523b020fbc37d5ab1c31","name":"ladyitaliaeconomia","image":{"@type":"ImageObject","inLanguage":"it-IT","@id":"https:\/\/www.italiaeconomiaonline.it\/web\/#\/schema\/person\/image\/","url":"https:\/\/secure.gravatar.com\/avatar\/cedca10ce7416a579b9fa6bce9c0a8f2?s=96&d=mm&r=g","contentUrl":"https:\/\/secure.gravatar.com\/avatar\/cedca10ce7416a579b9fa6bce9c0a8f2?s=96&d=mm&r=g","caption":"ladyitaliaeconomia"},"url":"https:\/\/www.italiaeconomiaonline.it\/web\/author\/ladyitaliaeconomia\/"}]}},"_links":{"self":[{"href":"https:\/\/www.italiaeconomiaonline.it\/web\/wp-json\/wp\/v2\/posts\/4333"}],"collection":[{"href":"https:\/\/www.italiaeconomiaonline.it\/web\/wp-json\/wp\/v2\/posts"}],"about":[{"href":"https:\/\/www.italiaeconomiaonline.it\/web\/wp-json\/wp\/v2\/types\/post"}],"author":[{"embeddable":true,"href":"https:\/\/www.italiaeconomiaonline.it\/web\/wp-json\/wp\/v2\/users\/1"}],"replies":[{"embeddable":true,"href":"https:\/\/www.italiaeconomiaonline.it\/web\/wp-json\/wp\/v2\/comments?post=4333"}],"version-history":[{"count":1,"href":"https:\/\/www.italiaeconomiaonline.it\/web\/wp-json\/wp\/v2\/posts\/4333\/revisions"}],"predecessor-version":[{"id":4336,"href":"https:\/\/www.italiaeconomiaonline.it\/web\/wp-json\/wp\/v2\/posts\/4333\/revisions\/4336"}],"wp:featuredmedia":[{"embeddable":true,"href":"https:\/\/www.italiaeconomiaonline.it\/web\/wp-json\/wp\/v2\/media\/4335"}],"wp:attachment":[{"href":"https:\/\/www.italiaeconomiaonline.it\/web\/wp-json\/wp\/v2\/media?parent=4333"}],"wp:term":[{"taxonomy":"category","embeddable":true,"href":"https:\/\/www.italiaeconomiaonline.it\/web\/wp-json\/wp\/v2\/categories?post=4333"},{"taxonomy":"post_tag","embeddable":true,"href":"https:\/\/www.italiaeconomiaonline.it\/web\/wp-json\/wp\/v2\/tags?post=4333"}],"curies":[{"name":"wp","href":"https:\/\/api.w.org\/{rel}","templated":true}]}}