{"id":4352,"date":"2020-10-09T10:17:20","date_gmt":"2020-10-09T08:17:20","guid":{"rendered":"http:\/\/www.italiaeconomiaonline.it\/web\/?p=4352"},"modified":"2020-10-09T10:17:20","modified_gmt":"2020-10-09T08:17:20","slug":"cna-estendere-a-artigiani-e-autonomi-indennita-congedo-straordinario-per-la-quarantena-dei-figli","status":"publish","type":"post","link":"https:\/\/www.italiaeconomiaonline.it\/web\/cna-estendere-a-artigiani-e-autonomi-indennita-congedo-straordinario-per-la-quarantena-dei-figli\/","title":{"rendered":"CNA: \u201cEstendere a artigiani e autonomi indennit\u00e0  congedo straordinario per la quarantena dei figli\u201d"},"content":{"rendered":"<p><span class=\"dropcap dropcap3\">C<\/span>NA chiede di riconoscere un\u2019indennit\u00e0 di congedo straordinario anche a favore di genitori artigiani e lavoratori autonomi, costretti ad astenersi dal lavoro nel periodo di quarantena del figlio convivente minore di 14 anni, a causa di contatti scolastici.<\/p>\n<p>In fase di conversione del cosiddetto Decreto Agosto \u00e8 stata prevista, soltanto ai genitori lavoratori dipendenti che non possono prestare la propria attivit\u00e0 in modalit\u00e0 agile, un\u2019indennit\u00e0 di congedo pari al 50% della retribuzione.<\/p>\n<p>&nbsp;<\/p>\n<p>La Confederazione apprezza la misura di sostegno alle famiglie, ma sottolinea che \u00e8 una evidente discriminazione limitare il congedo indennizzato ai soli genitori lavoratori dipendenti. Le esigenze di cura e assistenza non fanno distinzioni e valgono anche per quei genitori che svolgono attivit\u00e0 lavorativa in forma autonoma e che assai frequentemente non possono ricorrere allo smart working per la natura dell\u2019attivit\u00e0 esercitata.<\/p>\n<p>&nbsp;<\/p>\n<p>Tale discriminazione \u00e8 ancor pi\u00f9 incomprensibile considerando che dall\u2019inizio della pandemia il legislatore ha opportunamente predisposto misure di sostegno tanto per il lavoro dipendente quanto per gli autonomi e quest\u2019ultimi stanno vivendo una fase congiunturale caratterizzata ancora da forti incertezze.<\/p>\n<p>&nbsp;<\/p>\n<p>Pertanto CNA auspica che l\u2019indennit\u00e0 di congedo straordinario venga estesa ai lavoratori autonomi con il primo provvedimento utile.<\/p>\n<p>&nbsp;<\/p>\n<p>&nbsp;<\/p>\n<p>&nbsp;<\/p>\n<p>&nbsp;<\/p>\n<p>&nbsp;<\/p>\n","protected":false},"excerpt":{"rendered":"<p>CNA chiede di riconoscere un\u2019indennit\u00e0 di congedo straordinario anche a favore di genitori artigiani e lavoratori autonomi, costretti ad astenersi dal lavoro nel periodo di quarantena del figlio convivente minore di 14 anni, a causa di contatti scolastici. In fase di conversione del cosiddetto Decreto Agosto \u00e8 stata prevista, soltanto ai genitori lavoratori dipendenti che [&hellip;]<\/p>\n","protected":false},"author":1,"featured_media":1600,"comment_status":"closed","ping_status":"open","sticky":false,"template":"","format":"standard","meta":{"footnotes":""},"categories":[28],"tags":[425,877,1241,1336,88],"yoast_head":"<!-- This site is optimized with the Yoast SEO plugin v22.2 - https:\/\/yoast.com\/wordpress\/plugins\/seo\/ -->\n<title>CNA: \u201cEstendere a artigiani e autonomi indennit\u00e0 congedo straordinario per la quarantena dei figli\u201d -<\/title>\n<meta name=\"robots\" content=\"index, follow, max-snippet:-1, max-image-preview:large, max-video-preview:-1\" \/>\n<link rel=\"canonical\" href=\"https:\/\/www.italiaeconomiaonline.it\/web\/cna-estendere-a-artigiani-e-autonomi-indennita-congedo-straordinario-per-la-quarantena-dei-figli\/\" \/>\n<meta property=\"og:locale\" content=\"it_IT\" \/>\n<meta property=\"og:type\" content=\"article\" \/>\n<meta property=\"og:title\" content=\"CNA: \u201cEstendere a artigiani e autonomi indennit\u00e0 congedo straordinario per la quarantena dei figli\u201d -\" \/>\n<meta property=\"og:description\" content=\"CNA chiede di riconoscere un\u2019indennit\u00e0 di congedo straordinario anche a favore di genitori artigiani e lavoratori autonomi, costretti ad astenersi dal lavoro nel periodo di quarantena del figlio convivente minore di 14 anni, a causa di contatti scolastici. In fase di conversione del cosiddetto Decreto Agosto \u00e8 stata prevista, soltanto ai genitori lavoratori dipendenti che [&hellip;]\" \/>\n<meta property=\"og:url\" content=\"https:\/\/www.italiaeconomiaonline.it\/web\/cna-estendere-a-artigiani-e-autonomi-indennita-congedo-straordinario-per-la-quarantena-dei-figli\/\" \/>\n<meta property=\"og:site_name\" content=\"ItaliaEconomiaOnline\" \/>\n<meta property=\"article:published_time\" content=\"2020-10-09T08:17:20+00:00\" \/>\n<meta property=\"og:image\" content=\"https:\/\/www.italiaeconomiaonline.it\/web\/wp-content\/uploads\/2019\/08\/Lavoro5.jpg\" \/>\n\t<meta property=\"og:image:width\" content=\"510\" \/>\n\t<meta property=\"og:image:height\" content=\"340\" \/>\n\t<meta property=\"og:image:type\" content=\"image\/jpeg\" \/>\n<meta name=\"author\" content=\"ladyitaliaeconomia\" \/>\n<meta name=\"twitter:card\" content=\"summary_large_image\" \/>\n<meta name=\"twitter:label1\" content=\"Scritto da\" \/>\n\t<meta name=\"twitter:data1\" content=\"ladyitaliaeconomia\" \/>\n\t<meta name=\"twitter:label2\" content=\"Tempo di lettura stimato\" \/>\n\t<meta name=\"twitter:data2\" content=\"1 minuto\" \/>\n<script type=\"application\/ld+json\" class=\"yoast-schema-graph\">{\"@context\":\"https:\/\/schema.org\",\"@graph\":[{\"@type\":\"WebPage\",\"@id\":\"https:\/\/www.italiaeconomiaonline.it\/web\/cna-estendere-a-artigiani-e-autonomi-indennita-congedo-straordinario-per-la-quarantena-dei-figli\/\",\"url\":\"https:\/\/www.italiaeconomiaonline.it\/web\/cna-estendere-a-artigiani-e-autonomi-indennita-congedo-straordinario-per-la-quarantena-dei-figli\/\",\"name\":\"CNA: \u201cEstendere a artigiani e autonomi indennit\u00e0 congedo straordinario per la quarantena dei figli\u201d -\",\"isPartOf\":{\"@id\":\"https:\/\/www.italiaeconomiaonline.it\/web\/#website\"},\"primaryImageOfPage\":{\"@id\":\"https:\/\/www.italiaeconomiaonline.it\/web\/cna-estendere-a-artigiani-e-autonomi-indennita-congedo-straordinario-per-la-quarantena-dei-figli\/#primaryimage\"},\"image\":{\"@id\":\"https:\/\/www.italiaeconomiaonline.it\/web\/cna-estendere-a-artigiani-e-autonomi-indennita-congedo-straordinario-per-la-quarantena-dei-figli\/#primaryimage\"},\"thumbnailUrl\":\"https:\/\/www.italiaeconomiaonline.it\/web\/wp-content\/uploads\/2019\/08\/Lavoro5.jpg\",\"datePublished\":\"2020-10-09T08:17:20+00:00\",\"dateModified\":\"2020-10-09T08:17:20+00:00\",\"author\":{\"@id\":\"https:\/\/www.italiaeconomiaonline.it\/web\/#\/schema\/person\/909a49cce752523b020fbc37d5ab1c31\"},\"breadcrumb\":{\"@id\":\"https:\/\/www.italiaeconomiaonline.it\/web\/cna-estendere-a-artigiani-e-autonomi-indennita-congedo-straordinario-per-la-quarantena-dei-figli\/#breadcrumb\"},\"inLanguage\":\"it-IT\",\"potentialAction\":[{\"@type\":\"ReadAction\",\"target\":[\"https:\/\/www.italiaeconomiaonline.it\/web\/cna-estendere-a-artigiani-e-autonomi-indennita-congedo-straordinario-per-la-quarantena-dei-figli\/\"]}]},{\"@type\":\"ImageObject\",\"inLanguage\":\"it-IT\",\"@id\":\"https:\/\/www.italiaeconomiaonline.it\/web\/cna-estendere-a-artigiani-e-autonomi-indennita-congedo-straordinario-per-la-quarantena-dei-figli\/#primaryimage\",\"url\":\"https:\/\/www.italiaeconomiaonline.it\/web\/wp-content\/uploads\/2019\/08\/Lavoro5.jpg\",\"contentUrl\":\"https:\/\/www.italiaeconomiaonline.it\/web\/wp-content\/uploads\/2019\/08\/Lavoro5.jpg\",\"width\":510,\"height\":340},{\"@type\":\"BreadcrumbList\",\"@id\":\"https:\/\/www.italiaeconomiaonline.it\/web\/cna-estendere-a-artigiani-e-autonomi-indennita-congedo-straordinario-per-la-quarantena-dei-figli\/#breadcrumb\",\"itemListElement\":[{\"@type\":\"ListItem\",\"position\":1,\"name\":\"Home\",\"item\":\"https:\/\/www.italiaeconomiaonline.it\/web\/\"},{\"@type\":\"ListItem\",\"position\":2,\"name\":\"CNA: \u201cEstendere a artigiani e autonomi indennit\u00e0 congedo straordinario per la quarantena dei figli\u201d\"}]},{\"@type\":\"WebSite\",\"@id\":\"https:\/\/www.italiaeconomiaonline.it\/web\/#website\",\"url\":\"https:\/\/www.italiaeconomiaonline.it\/web\/\",\"name\":\"ItaliaEconomiaOnline\",\"description\":\"Quotidiano Economico Online\",\"potentialAction\":[{\"@type\":\"SearchAction\",\"target\":{\"@type\":\"EntryPoint\",\"urlTemplate\":\"https:\/\/www.italiaeconomiaonline.it\/web\/?s={search_term_string}\"},\"query-input\":\"required name=search_term_string\"}],\"inLanguage\":\"it-IT\"},{\"@type\":\"Person\",\"@id\":\"https:\/\/www.italiaeconomiaonline.it\/web\/#\/schema\/person\/909a49cce752523b020fbc37d5ab1c31\",\"name\":\"ladyitaliaeconomia\",\"image\":{\"@type\":\"ImageObject\",\"inLanguage\":\"it-IT\",\"@id\":\"https:\/\/www.italiaeconomiaonline.it\/web\/#\/schema\/person\/image\/\",\"url\":\"https:\/\/secure.gravatar.com\/avatar\/cedca10ce7416a579b9fa6bce9c0a8f2?s=96&d=mm&r=g\",\"contentUrl\":\"https:\/\/secure.gravatar.com\/avatar\/cedca10ce7416a579b9fa6bce9c0a8f2?s=96&d=mm&r=g\",\"caption\":\"ladyitaliaeconomia\"},\"url\":\"https:\/\/www.italiaeconomiaonline.it\/web\/author\/ladyitaliaeconomia\/\"}]}<\/script>\n<!-- \/ Yoast SEO plugin. -->","yoast_head_json":{"title":"CNA: \u201cEstendere a artigiani e autonomi indennit\u00e0 congedo straordinario per la quarantena dei figli\u201d -","robots":{"index":"index","follow":"follow","max-snippet":"max-snippet:-1","max-image-preview":"max-image-preview:large","max-video-preview":"max-video-preview:-1"},"canonical":"https:\/\/www.italiaeconomiaonline.it\/web\/cna-estendere-a-artigiani-e-autonomi-indennita-congedo-straordinario-per-la-quarantena-dei-figli\/","og_locale":"it_IT","og_type":"article","og_title":"CNA: \u201cEstendere a artigiani e autonomi indennit\u00e0 congedo straordinario per la quarantena dei figli\u201d -","og_description":"CNA chiede di riconoscere un\u2019indennit\u00e0 di congedo straordinario anche a favore di genitori artigiani e lavoratori autonomi, costretti ad astenersi dal lavoro nel periodo di quarantena del figlio convivente minore di 14 anni, a causa di contatti scolastici. In fase di conversione del cosiddetto Decreto Agosto \u00e8 stata prevista, soltanto ai genitori lavoratori dipendenti che [&hellip;]","og_url":"https:\/\/www.italiaeconomiaonline.it\/web\/cna-estendere-a-artigiani-e-autonomi-indennita-congedo-straordinario-per-la-quarantena-dei-figli\/","og_site_name":"ItaliaEconomiaOnline","article_published_time":"2020-10-09T08:17:20+00:00","og_image":[{"width":510,"height":340,"url":"https:\/\/www.italiaeconomiaonline.it\/web\/wp-content\/uploads\/2019\/08\/Lavoro5.jpg","type":"image\/jpeg"}],"author":"ladyitaliaeconomia","twitter_card":"summary_large_image","twitter_misc":{"Scritto da":"ladyitaliaeconomia","Tempo di lettura stimato":"1 minuto"},"schema":{"@context":"https:\/\/schema.org","@graph":[{"@type":"WebPage","@id":"https:\/\/www.italiaeconomiaonline.it\/web\/cna-estendere-a-artigiani-e-autonomi-indennita-congedo-straordinario-per-la-quarantena-dei-figli\/","url":"https:\/\/www.italiaeconomiaonline.it\/web\/cna-estendere-a-artigiani-e-autonomi-indennita-congedo-straordinario-per-la-quarantena-dei-figli\/","name":"CNA: \u201cEstendere a artigiani e autonomi indennit\u00e0 congedo straordinario per la quarantena dei figli\u201d -","isPartOf":{"@id":"https:\/\/www.italiaeconomiaonline.it\/web\/#website"},"primaryImageOfPage":{"@id":"https:\/\/www.italiaeconomiaonline.it\/web\/cna-estendere-a-artigiani-e-autonomi-indennita-congedo-straordinario-per-la-quarantena-dei-figli\/#primaryimage"},"image":{"@id":"https:\/\/www.italiaeconomiaonline.it\/web\/cna-estendere-a-artigiani-e-autonomi-indennita-congedo-straordinario-per-la-quarantena-dei-figli\/#primaryimage"},"thumbnailUrl":"https:\/\/www.italiaeconomiaonline.it\/web\/wp-content\/uploads\/2019\/08\/Lavoro5.jpg","datePublished":"2020-10-09T08:17:20+00:00","dateModified":"2020-10-09T08:17:20+00:00","author":{"@id":"https:\/\/www.italiaeconomiaonline.it\/web\/#\/schema\/person\/909a49cce752523b020fbc37d5ab1c31"},"breadcrumb":{"@id":"https:\/\/www.italiaeconomiaonline.it\/web\/cna-estendere-a-artigiani-e-autonomi-indennita-congedo-straordinario-per-la-quarantena-dei-figli\/#breadcrumb"},"inLanguage":"it-IT","potentialAction":[{"@type":"ReadAction","target":["https:\/\/www.italiaeconomiaonline.it\/web\/cna-estendere-a-artigiani-e-autonomi-indennita-congedo-straordinario-per-la-quarantena-dei-figli\/"]}]},{"@type":"ImageObject","inLanguage":"it-IT","@id":"https:\/\/www.italiaeconomiaonline.it\/web\/cna-estendere-a-artigiani-e-autonomi-indennita-congedo-straordinario-per-la-quarantena-dei-figli\/#primaryimage","url":"https:\/\/www.italiaeconomiaonline.it\/web\/wp-content\/uploads\/2019\/08\/Lavoro5.jpg","contentUrl":"https:\/\/www.italiaeconomiaonline.it\/web\/wp-content\/uploads\/2019\/08\/Lavoro5.jpg","width":510,"height":340},{"@type":"BreadcrumbList","@id":"https:\/\/www.italiaeconomiaonline.it\/web\/cna-estendere-a-artigiani-e-autonomi-indennita-congedo-straordinario-per-la-quarantena-dei-figli\/#breadcrumb","itemListElement":[{"@type":"ListItem","position":1,"name":"Home","item":"https:\/\/www.italiaeconomiaonline.it\/web\/"},{"@type":"ListItem","position":2,"name":"CNA: \u201cEstendere a artigiani e autonomi indennit\u00e0 congedo straordinario per la quarantena dei figli\u201d"}]},{"@type":"WebSite","@id":"https:\/\/www.italiaeconomiaonline.it\/web\/#website","url":"https:\/\/www.italiaeconomiaonline.it\/web\/","name":"ItaliaEconomiaOnline","description":"Quotidiano Economico Online","potentialAction":[{"@type":"SearchAction","target":{"@type":"EntryPoint","urlTemplate":"https:\/\/www.italiaeconomiaonline.it\/web\/?s={search_term_string}"},"query-input":"required name=search_term_string"}],"inLanguage":"it-IT"},{"@type":"Person","@id":"https:\/\/www.italiaeconomiaonline.it\/web\/#\/schema\/person\/909a49cce752523b020fbc37d5ab1c31","name":"ladyitaliaeconomia","image":{"@type":"ImageObject","inLanguage":"it-IT","@id":"https:\/\/www.italiaeconomiaonline.it\/web\/#\/schema\/person\/image\/","url":"https:\/\/secure.gravatar.com\/avatar\/cedca10ce7416a579b9fa6bce9c0a8f2?s=96&d=mm&r=g","contentUrl":"https:\/\/secure.gravatar.com\/avatar\/cedca10ce7416a579b9fa6bce9c0a8f2?s=96&d=mm&r=g","caption":"ladyitaliaeconomia"},"url":"https:\/\/www.italiaeconomiaonline.it\/web\/author\/ladyitaliaeconomia\/"}]}},"_links":{"self":[{"href":"https:\/\/www.italiaeconomiaonline.it\/web\/wp-json\/wp\/v2\/posts\/4352"}],"collection":[{"href":"https:\/\/www.italiaeconomiaonline.it\/web\/wp-json\/wp\/v2\/posts"}],"about":[{"href":"https:\/\/www.italiaeconomiaonline.it\/web\/wp-json\/wp\/v2\/types\/post"}],"author":[{"embeddable":true,"href":"https:\/\/www.italiaeconomiaonline.it\/web\/wp-json\/wp\/v2\/users\/1"}],"replies":[{"embeddable":true,"href":"https:\/\/www.italiaeconomiaonline.it\/web\/wp-json\/wp\/v2\/comments?post=4352"}],"version-history":[{"count":1,"href":"https:\/\/www.italiaeconomiaonline.it\/web\/wp-json\/wp\/v2\/posts\/4352\/revisions"}],"predecessor-version":[{"id":4353,"href":"https:\/\/www.italiaeconomiaonline.it\/web\/wp-json\/wp\/v2\/posts\/4352\/revisions\/4353"}],"wp:featuredmedia":[{"embeddable":true,"href":"https:\/\/www.italiaeconomiaonline.it\/web\/wp-json\/wp\/v2\/media\/1600"}],"wp:attachment":[{"href":"https:\/\/www.italiaeconomiaonline.it\/web\/wp-json\/wp\/v2\/media?parent=4352"}],"wp:term":[{"taxonomy":"category","embeddable":true,"href":"https:\/\/www.italiaeconomiaonline.it\/web\/wp-json\/wp\/v2\/categories?post=4352"},{"taxonomy":"post_tag","embeddable":true,"href":"https:\/\/www.italiaeconomiaonline.it\/web\/wp-json\/wp\/v2\/tags?post=4352"}],"curies":[{"name":"wp","href":"https:\/\/api.w.org\/{rel}","templated":true}]}}