{"id":4356,"date":"2020-10-09T10:33:01","date_gmt":"2020-10-09T08:33:01","guid":{"rendered":"http:\/\/www.italiaeconomiaonline.it\/web\/?p=4356"},"modified":"2020-10-09T10:33:01","modified_gmt":"2020-10-09T08:33:01","slug":"uil-rispettare-quanto-sottoscritto-nel-patto-della-fabbrica","status":"publish","type":"post","link":"https:\/\/www.italiaeconomiaonline.it\/web\/uil-rispettare-quanto-sottoscritto-nel-patto-della-fabbrica\/","title":{"rendered":"Uil: &#8220;Rispettare quanto sottoscritto nel Patto della fabbrica&#8221;"},"content":{"rendered":"<div><span class=\"dropcap dropcap3\">D<\/span>a tempo sosteniamo che la ripresa del Paese passa anche attraverso il rispetto dei rinnovi contrattuali e gli aumenti dei salari. Ed \u00e8 per questo che richiamiamo Confindustria al rispetto di quanto insieme sottoscritto nel Patto della Fabbrica, in cui fra gli obiettivi comuni vi \u00e8 quello di \u201ccontribuire a determinare le condizioni per migliorare il valore reale dei trattamenti economici\u2026\u201d.<\/div>\n<div><\/div>\n<div>Stupisce, quindi, la rottura del tavolo dei metalmeccanici, e quanto avvenuto con il Contratto degli Alimentaristi nei mesi scorsi. Pertanto, appoggiamo tutte le forme di lotta e mobilitazione che si \u00e8 deciso di mettere in campo, al fine di dare le giuste tutele economiche e normative a milioni di lavoratrici e lavoratori in attesa di rinnovo contrattuale.<\/div>\n<div><\/div>\n<div>Vogliamo ricordare l\u2019impegno che questi ultimi stanno mettendo in atto in questo periodo di pandemia Covid-19. La responsabilit\u00e0 che il mondo del lavoro ha dimostrato nel garantire la continuit\u00e0 produttiva merita rispetto, a partire da quanto stabilito nell\u2019Accordo del marzo 2018.<\/div>\n<div><\/div>\n<div>La nostra priorit\u00e0 \u00e8 sempre stata quella di rinnovare in tempi brevi i Ccnl scaduti. \u00c9 anche tramite questi che si pu\u00f2 attuare una politica in grado di incentivare la domanda interna e di conseguenza far ripartire il sistema economico.<\/div>\n<div><\/div>\n<div>\u00c8 la fondamentale risposta che possiamo dare al Paese per aiutarlo a ritrovare la strada della ripresa. Ci vogliono determinazione e senso di responsabilit\u00e0, ma \u00e8 l\u2019unica strada percorribile. In questo quadro rilanciamo la richiesta di un confronto con il Governo che abbia al centro la ripresa produttiva e la buona occupazione. Gli impegni che dovr\u00e0 assumere il nostro Paese per rendere operativi i finanziamenti previsti dal Recovery Fund, richiedono la condivisione delle rappresentanze del mondo del Lavoro\u201d.<\/div>\n<div><\/div>\n","protected":false},"excerpt":{"rendered":"<p>Da tempo sosteniamo che la ripresa del Paese passa anche attraverso il rispetto dei rinnovi contrattuali e gli aumenti dei salari. Ed \u00e8 per questo che richiamiamo Confindustria al rispetto di quanto insieme sottoscritto nel Patto della Fabbrica, in cui fra gli obiettivi comuni vi \u00e8 quello di \u201ccontribuire a determinare le condizioni per migliorare [&hellip;]<\/p>\n","protected":false},"author":1,"featured_media":1123,"comment_status":"closed","ping_status":"open","sticky":false,"template":"","format":"standard","meta":{"footnotes":""},"categories":[28],"tags":[180,1337,88,546],"yoast_head":"<!-- This site is optimized with the Yoast SEO plugin v22.2 - https:\/\/yoast.com\/wordpress\/plugins\/seo\/ -->\n<title>Uil: &quot;Rispettare quanto sottoscritto nel Patto della fabbrica&quot; -<\/title>\n<meta name=\"robots\" content=\"index, follow, max-snippet:-1, max-image-preview:large, max-video-preview:-1\" \/>\n<link rel=\"canonical\" href=\"https:\/\/www.italiaeconomiaonline.it\/web\/uil-rispettare-quanto-sottoscritto-nel-patto-della-fabbrica\/\" \/>\n<meta property=\"og:locale\" content=\"it_IT\" \/>\n<meta property=\"og:type\" content=\"article\" \/>\n<meta property=\"og:title\" content=\"Uil: &quot;Rispettare quanto sottoscritto nel Patto della fabbrica&quot; -\" \/>\n<meta property=\"og:description\" content=\"Da tempo sosteniamo che la ripresa del Paese passa anche attraverso il rispetto dei rinnovi contrattuali e gli aumenti dei salari. Ed \u00e8 per questo che richiamiamo Confindustria al rispetto di quanto insieme sottoscritto nel Patto della Fabbrica, in cui fra gli obiettivi comuni vi \u00e8 quello di \u201ccontribuire a determinare le condizioni per migliorare [&hellip;]\" \/>\n<meta property=\"og:url\" content=\"https:\/\/www.italiaeconomiaonline.it\/web\/uil-rispettare-quanto-sottoscritto-nel-patto-della-fabbrica\/\" \/>\n<meta property=\"og:site_name\" content=\"ItaliaEconomiaOnline\" \/>\n<meta property=\"article:published_time\" content=\"2020-10-09T08:33:01+00:00\" \/>\n<meta property=\"og:image\" content=\"https:\/\/www.italiaeconomiaonline.it\/web\/wp-content\/uploads\/2019\/06\/lavoro-3.jpg\" \/>\n\t<meta property=\"og:image:width\" content=\"960\" \/>\n\t<meta property=\"og:image:height\" content=\"640\" \/>\n\t<meta property=\"og:image:type\" content=\"image\/jpeg\" \/>\n<meta name=\"author\" content=\"ladyitaliaeconomia\" \/>\n<meta name=\"twitter:card\" content=\"summary_large_image\" \/>\n<meta name=\"twitter:label1\" content=\"Scritto da\" \/>\n\t<meta name=\"twitter:data1\" content=\"ladyitaliaeconomia\" \/>\n\t<meta name=\"twitter:label2\" content=\"Tempo di lettura stimato\" \/>\n\t<meta name=\"twitter:data2\" content=\"1 minuto\" \/>\n<script type=\"application\/ld+json\" class=\"yoast-schema-graph\">{\"@context\":\"https:\/\/schema.org\",\"@graph\":[{\"@type\":\"WebPage\",\"@id\":\"https:\/\/www.italiaeconomiaonline.it\/web\/uil-rispettare-quanto-sottoscritto-nel-patto-della-fabbrica\/\",\"url\":\"https:\/\/www.italiaeconomiaonline.it\/web\/uil-rispettare-quanto-sottoscritto-nel-patto-della-fabbrica\/\",\"name\":\"Uil: \\\"Rispettare quanto sottoscritto nel Patto della fabbrica\\\" -\",\"isPartOf\":{\"@id\":\"https:\/\/www.italiaeconomiaonline.it\/web\/#website\"},\"primaryImageOfPage\":{\"@id\":\"https:\/\/www.italiaeconomiaonline.it\/web\/uil-rispettare-quanto-sottoscritto-nel-patto-della-fabbrica\/#primaryimage\"},\"image\":{\"@id\":\"https:\/\/www.italiaeconomiaonline.it\/web\/uil-rispettare-quanto-sottoscritto-nel-patto-della-fabbrica\/#primaryimage\"},\"thumbnailUrl\":\"https:\/\/www.italiaeconomiaonline.it\/web\/wp-content\/uploads\/2019\/06\/lavoro-3.jpg\",\"datePublished\":\"2020-10-09T08:33:01+00:00\",\"dateModified\":\"2020-10-09T08:33:01+00:00\",\"author\":{\"@id\":\"https:\/\/www.italiaeconomiaonline.it\/web\/#\/schema\/person\/909a49cce752523b020fbc37d5ab1c31\"},\"breadcrumb\":{\"@id\":\"https:\/\/www.italiaeconomiaonline.it\/web\/uil-rispettare-quanto-sottoscritto-nel-patto-della-fabbrica\/#breadcrumb\"},\"inLanguage\":\"it-IT\",\"potentialAction\":[{\"@type\":\"ReadAction\",\"target\":[\"https:\/\/www.italiaeconomiaonline.it\/web\/uil-rispettare-quanto-sottoscritto-nel-patto-della-fabbrica\/\"]}]},{\"@type\":\"ImageObject\",\"inLanguage\":\"it-IT\",\"@id\":\"https:\/\/www.italiaeconomiaonline.it\/web\/uil-rispettare-quanto-sottoscritto-nel-patto-della-fabbrica\/#primaryimage\",\"url\":\"https:\/\/www.italiaeconomiaonline.it\/web\/wp-content\/uploads\/2019\/06\/lavoro-3.jpg\",\"contentUrl\":\"https:\/\/www.italiaeconomiaonline.it\/web\/wp-content\/uploads\/2019\/06\/lavoro-3.jpg\",\"width\":960,\"height\":640},{\"@type\":\"BreadcrumbList\",\"@id\":\"https:\/\/www.italiaeconomiaonline.it\/web\/uil-rispettare-quanto-sottoscritto-nel-patto-della-fabbrica\/#breadcrumb\",\"itemListElement\":[{\"@type\":\"ListItem\",\"position\":1,\"name\":\"Home\",\"item\":\"https:\/\/www.italiaeconomiaonline.it\/web\/\"},{\"@type\":\"ListItem\",\"position\":2,\"name\":\"Uil: &#8220;Rispettare quanto sottoscritto nel Patto della fabbrica&#8221;\"}]},{\"@type\":\"WebSite\",\"@id\":\"https:\/\/www.italiaeconomiaonline.it\/web\/#website\",\"url\":\"https:\/\/www.italiaeconomiaonline.it\/web\/\",\"name\":\"ItaliaEconomiaOnline\",\"description\":\"Quotidiano Economico Online\",\"potentialAction\":[{\"@type\":\"SearchAction\",\"target\":{\"@type\":\"EntryPoint\",\"urlTemplate\":\"https:\/\/www.italiaeconomiaonline.it\/web\/?s={search_term_string}\"},\"query-input\":\"required name=search_term_string\"}],\"inLanguage\":\"it-IT\"},{\"@type\":\"Person\",\"@id\":\"https:\/\/www.italiaeconomiaonline.it\/web\/#\/schema\/person\/909a49cce752523b020fbc37d5ab1c31\",\"name\":\"ladyitaliaeconomia\",\"image\":{\"@type\":\"ImageObject\",\"inLanguage\":\"it-IT\",\"@id\":\"https:\/\/www.italiaeconomiaonline.it\/web\/#\/schema\/person\/image\/\",\"url\":\"https:\/\/secure.gravatar.com\/avatar\/cedca10ce7416a579b9fa6bce9c0a8f2?s=96&d=mm&r=g\",\"contentUrl\":\"https:\/\/secure.gravatar.com\/avatar\/cedca10ce7416a579b9fa6bce9c0a8f2?s=96&d=mm&r=g\",\"caption\":\"ladyitaliaeconomia\"},\"url\":\"https:\/\/www.italiaeconomiaonline.it\/web\/author\/ladyitaliaeconomia\/\"}]}<\/script>\n<!-- \/ Yoast SEO plugin. -->","yoast_head_json":{"title":"Uil: \"Rispettare quanto sottoscritto nel Patto della fabbrica\" -","robots":{"index":"index","follow":"follow","max-snippet":"max-snippet:-1","max-image-preview":"max-image-preview:large","max-video-preview":"max-video-preview:-1"},"canonical":"https:\/\/www.italiaeconomiaonline.it\/web\/uil-rispettare-quanto-sottoscritto-nel-patto-della-fabbrica\/","og_locale":"it_IT","og_type":"article","og_title":"Uil: \"Rispettare quanto sottoscritto nel Patto della fabbrica\" -","og_description":"Da tempo sosteniamo che la ripresa del Paese passa anche attraverso il rispetto dei rinnovi contrattuali e gli aumenti dei salari. Ed \u00e8 per questo che richiamiamo Confindustria al rispetto di quanto insieme sottoscritto nel Patto della Fabbrica, in cui fra gli obiettivi comuni vi \u00e8 quello di \u201ccontribuire a determinare le condizioni per migliorare [&hellip;]","og_url":"https:\/\/www.italiaeconomiaonline.it\/web\/uil-rispettare-quanto-sottoscritto-nel-patto-della-fabbrica\/","og_site_name":"ItaliaEconomiaOnline","article_published_time":"2020-10-09T08:33:01+00:00","og_image":[{"width":960,"height":640,"url":"https:\/\/www.italiaeconomiaonline.it\/web\/wp-content\/uploads\/2019\/06\/lavoro-3.jpg","type":"image\/jpeg"}],"author":"ladyitaliaeconomia","twitter_card":"summary_large_image","twitter_misc":{"Scritto da":"ladyitaliaeconomia","Tempo di lettura stimato":"1 minuto"},"schema":{"@context":"https:\/\/schema.org","@graph":[{"@type":"WebPage","@id":"https:\/\/www.italiaeconomiaonline.it\/web\/uil-rispettare-quanto-sottoscritto-nel-patto-della-fabbrica\/","url":"https:\/\/www.italiaeconomiaonline.it\/web\/uil-rispettare-quanto-sottoscritto-nel-patto-della-fabbrica\/","name":"Uil: \"Rispettare quanto sottoscritto nel Patto della fabbrica\" -","isPartOf":{"@id":"https:\/\/www.italiaeconomiaonline.it\/web\/#website"},"primaryImageOfPage":{"@id":"https:\/\/www.italiaeconomiaonline.it\/web\/uil-rispettare-quanto-sottoscritto-nel-patto-della-fabbrica\/#primaryimage"},"image":{"@id":"https:\/\/www.italiaeconomiaonline.it\/web\/uil-rispettare-quanto-sottoscritto-nel-patto-della-fabbrica\/#primaryimage"},"thumbnailUrl":"https:\/\/www.italiaeconomiaonline.it\/web\/wp-content\/uploads\/2019\/06\/lavoro-3.jpg","datePublished":"2020-10-09T08:33:01+00:00","dateModified":"2020-10-09T08:33:01+00:00","author":{"@id":"https:\/\/www.italiaeconomiaonline.it\/web\/#\/schema\/person\/909a49cce752523b020fbc37d5ab1c31"},"breadcrumb":{"@id":"https:\/\/www.italiaeconomiaonline.it\/web\/uil-rispettare-quanto-sottoscritto-nel-patto-della-fabbrica\/#breadcrumb"},"inLanguage":"it-IT","potentialAction":[{"@type":"ReadAction","target":["https:\/\/www.italiaeconomiaonline.it\/web\/uil-rispettare-quanto-sottoscritto-nel-patto-della-fabbrica\/"]}]},{"@type":"ImageObject","inLanguage":"it-IT","@id":"https:\/\/www.italiaeconomiaonline.it\/web\/uil-rispettare-quanto-sottoscritto-nel-patto-della-fabbrica\/#primaryimage","url":"https:\/\/www.italiaeconomiaonline.it\/web\/wp-content\/uploads\/2019\/06\/lavoro-3.jpg","contentUrl":"https:\/\/www.italiaeconomiaonline.it\/web\/wp-content\/uploads\/2019\/06\/lavoro-3.jpg","width":960,"height":640},{"@type":"BreadcrumbList","@id":"https:\/\/www.italiaeconomiaonline.it\/web\/uil-rispettare-quanto-sottoscritto-nel-patto-della-fabbrica\/#breadcrumb","itemListElement":[{"@type":"ListItem","position":1,"name":"Home","item":"https:\/\/www.italiaeconomiaonline.it\/web\/"},{"@type":"ListItem","position":2,"name":"Uil: &#8220;Rispettare quanto sottoscritto nel Patto della fabbrica&#8221;"}]},{"@type":"WebSite","@id":"https:\/\/www.italiaeconomiaonline.it\/web\/#website","url":"https:\/\/www.italiaeconomiaonline.it\/web\/","name":"ItaliaEconomiaOnline","description":"Quotidiano Economico Online","potentialAction":[{"@type":"SearchAction","target":{"@type":"EntryPoint","urlTemplate":"https:\/\/www.italiaeconomiaonline.it\/web\/?s={search_term_string}"},"query-input":"required name=search_term_string"}],"inLanguage":"it-IT"},{"@type":"Person","@id":"https:\/\/www.italiaeconomiaonline.it\/web\/#\/schema\/person\/909a49cce752523b020fbc37d5ab1c31","name":"ladyitaliaeconomia","image":{"@type":"ImageObject","inLanguage":"it-IT","@id":"https:\/\/www.italiaeconomiaonline.it\/web\/#\/schema\/person\/image\/","url":"https:\/\/secure.gravatar.com\/avatar\/cedca10ce7416a579b9fa6bce9c0a8f2?s=96&d=mm&r=g","contentUrl":"https:\/\/secure.gravatar.com\/avatar\/cedca10ce7416a579b9fa6bce9c0a8f2?s=96&d=mm&r=g","caption":"ladyitaliaeconomia"},"url":"https:\/\/www.italiaeconomiaonline.it\/web\/author\/ladyitaliaeconomia\/"}]}},"_links":{"self":[{"href":"https:\/\/www.italiaeconomiaonline.it\/web\/wp-json\/wp\/v2\/posts\/4356"}],"collection":[{"href":"https:\/\/www.italiaeconomiaonline.it\/web\/wp-json\/wp\/v2\/posts"}],"about":[{"href":"https:\/\/www.italiaeconomiaonline.it\/web\/wp-json\/wp\/v2\/types\/post"}],"author":[{"embeddable":true,"href":"https:\/\/www.italiaeconomiaonline.it\/web\/wp-json\/wp\/v2\/users\/1"}],"replies":[{"embeddable":true,"href":"https:\/\/www.italiaeconomiaonline.it\/web\/wp-json\/wp\/v2\/comments?post=4356"}],"version-history":[{"count":1,"href":"https:\/\/www.italiaeconomiaonline.it\/web\/wp-json\/wp\/v2\/posts\/4356\/revisions"}],"predecessor-version":[{"id":4357,"href":"https:\/\/www.italiaeconomiaonline.it\/web\/wp-json\/wp\/v2\/posts\/4356\/revisions\/4357"}],"wp:featuredmedia":[{"embeddable":true,"href":"https:\/\/www.italiaeconomiaonline.it\/web\/wp-json\/wp\/v2\/media\/1123"}],"wp:attachment":[{"href":"https:\/\/www.italiaeconomiaonline.it\/web\/wp-json\/wp\/v2\/media?parent=4356"}],"wp:term":[{"taxonomy":"category","embeddable":true,"href":"https:\/\/www.italiaeconomiaonline.it\/web\/wp-json\/wp\/v2\/categories?post=4356"},{"taxonomy":"post_tag","embeddable":true,"href":"https:\/\/www.italiaeconomiaonline.it\/web\/wp-json\/wp\/v2\/tags?post=4356"}],"curies":[{"name":"wp","href":"https:\/\/api.w.org\/{rel}","templated":true}]}}