{"id":4425,"date":"2020-10-16T12:22:10","date_gmt":"2020-10-16T10:22:10","guid":{"rendered":"http:\/\/www.italiaeconomiaonline.it\/web\/?p=4425"},"modified":"2020-10-16T12:22:10","modified_gmt":"2020-10-16T10:22:10","slug":"giornata-mondiale-alimentazione-confagricoltura-unagricoltura-forte-per-il-riscatto-dei-popoli","status":"publish","type":"post","link":"https:\/\/www.italiaeconomiaonline.it\/web\/giornata-mondiale-alimentazione-confagricoltura-unagricoltura-forte-per-il-riscatto-dei-popoli\/","title":{"rendered":"Giornata mondiale alimentazione, Confagricoltura: un&#8217;agricoltura forte per il riscatto dei popoli"},"content":{"rendered":"<p><span class=\"dropcap dropcap3\">L<\/span>a Giornata mondiale dell\u2019alimentazione \u00e8 ancor pi\u00f9 significativa, nell\u2019anno della pandemia.<\/p>\n<p>La necessit\u00e0 del settore agricolo di essere posto nelle condizioni di assicurare alle popolazioni, nonostante la pandemia, cibo sufficiente &#8211;\u00a0 in quantit\u00e0, qualit\u00e0 e sicurezza alimentare &#8211; \u00e8 emerso in tutta la sua prepotente importanza.<\/p>\n<p>Lo sottolinea Confagricoltura in occasione del \u2018World Food Day 2020\u2019 della FAO.<br \/>\nIl tema della Giornata dell\u2019alimentazione di quest\u2019anno \u2013 \u2018Coltivare, nutrire, preservare. Insieme\u2019 &#8211; sta ad evidenziare la stretta interconnessione tra produzione alimentare, nutrizione e salute.<\/p>\n<p>\u201cI paradossi dell\u2019accesso al cibo\u00a0sono evidenti\u00a0&#8211; rileva l\u2019Organizzazione agricola &#8211; da un lato 690 milioni di individui sulla Terra che ancora oggi soffrono la fame e 2 miliardi malnutriti. D\u2019altro lato, una persona su 8 nella nostra civilt\u00e0 occidentale che soffre di obesit\u00e0 o di malattie connesse alla cattiva o eccessiva alimentazione\u201d.<\/p>\n<p>L\u2019obiettivo per\u00f2 deve essere non solo di dare accesso al cibo a tutti (Fame Zero), ma di permettere a tutti di fruire di un\u2019agricoltura produttiva e non di sussistenza. L\u2019attivit\u00e0 dell\u2019agricoltura \u2013 osserva Confagricoltura &#8211; va salvaguardata e sviluppata anche nelle zone del pianeta pi\u00f9 difficili.<\/p>\n<p>In tante parti del mondo \u2013 pone in evidenza Confagricoltura &#8211; si produce con scarse risorse tecnologiche, strumenti inadeguati, situazioni climatiche sfavorevoli, tensioni politiche, situazioni oltre tutto che si sono pesantemente aggravate per il Covid-19; questi popoli hanno, cos\u00ec, raccolti ridotti rispetto agli standard e perdite di parte di quello che si \u00e8 prodotto anche per carenza di infrastrutture di stoccaggio, conservazione, trasporto e lavorazione. L\u2019agricoltura occidentale, dal canto suo, ha il dovere di porre in essere tutti gli sforzi per incrementare la produzione, fronteggiare le emergenze alimentari, contribuire a risolvere il problema del diritto di ogni uomo di accesso al cibo, garantire la sicurezza alimentare e la sostenibilit\u00e0.<\/p>\n<p>\u00c8 giunto il momento \u2013 conclude l\u2019Organizzazione degli imprenditori agricoli \u2013 di uno sforzo collegiale dei governi per superare le tensioni e le guerre, anche commerciali. Serve volont\u00e0 politica per affermare nuovi equilibri, pacificazione e benessere.<\/p>\n","protected":false},"excerpt":{"rendered":"<p>La Giornata mondiale dell\u2019alimentazione \u00e8 ancor pi\u00f9 significativa, nell\u2019anno della pandemia. La necessit\u00e0 del settore agricolo di essere posto nelle condizioni di assicurare alle popolazioni, nonostante la pandemia, cibo sufficiente &#8211;\u00a0 in quantit\u00e0, qualit\u00e0 e sicurezza alimentare &#8211; \u00e8 emerso in tutta la sua prepotente importanza. Lo sottolinea Confagricoltura in occasione del \u2018World Food Day [&hellip;]<\/p>\n","protected":false},"author":1,"featured_media":268,"comment_status":"closed","ping_status":"open","sticky":false,"template":"","format":"standard","meta":{"footnotes":""},"categories":[17],"tags":[],"yoast_head":"<!-- This site is optimized with the Yoast SEO plugin v22.2 - https:\/\/yoast.com\/wordpress\/plugins\/seo\/ -->\n<title>Giornata mondiale alimentazione, Confagricoltura: un&#039;agricoltura forte per il riscatto dei popoli -<\/title>\n<meta name=\"robots\" content=\"index, follow, max-snippet:-1, max-image-preview:large, max-video-preview:-1\" \/>\n<link rel=\"canonical\" href=\"https:\/\/www.italiaeconomiaonline.it\/web\/giornata-mondiale-alimentazione-confagricoltura-unagricoltura-forte-per-il-riscatto-dei-popoli\/\" \/>\n<meta property=\"og:locale\" content=\"it_IT\" \/>\n<meta property=\"og:type\" content=\"article\" \/>\n<meta property=\"og:title\" content=\"Giornata mondiale alimentazione, Confagricoltura: un&#039;agricoltura forte per il riscatto dei popoli -\" \/>\n<meta property=\"og:description\" content=\"La Giornata mondiale dell\u2019alimentazione \u00e8 ancor pi\u00f9 significativa, nell\u2019anno della pandemia. La necessit\u00e0 del settore agricolo di essere posto nelle condizioni di assicurare alle popolazioni, nonostante la pandemia, cibo sufficiente &#8211;\u00a0 in quantit\u00e0, qualit\u00e0 e sicurezza alimentare &#8211; \u00e8 emerso in tutta la sua prepotente importanza. Lo sottolinea Confagricoltura in occasione del \u2018World Food Day [&hellip;]\" \/>\n<meta property=\"og:url\" content=\"https:\/\/www.italiaeconomiaonline.it\/web\/giornata-mondiale-alimentazione-confagricoltura-unagricoltura-forte-per-il-riscatto-dei-popoli\/\" \/>\n<meta property=\"og:site_name\" content=\"ItaliaEconomiaOnline\" \/>\n<meta property=\"article:published_time\" content=\"2020-10-16T10:22:10+00:00\" \/>\n<meta property=\"og:image\" content=\"https:\/\/www.italiaeconomiaonline.it\/web\/wp-content\/uploads\/2018\/09\/agricoltura-1.jpg\" \/>\n\t<meta property=\"og:image:width\" content=\"960\" \/>\n\t<meta property=\"og:image:height\" content=\"571\" \/>\n\t<meta property=\"og:image:type\" content=\"image\/jpeg\" \/>\n<meta name=\"author\" content=\"ladyitaliaeconomia\" \/>\n<meta name=\"twitter:card\" content=\"summary_large_image\" \/>\n<meta name=\"twitter:label1\" content=\"Scritto da\" \/>\n\t<meta name=\"twitter:data1\" content=\"ladyitaliaeconomia\" \/>\n\t<meta name=\"twitter:label2\" content=\"Tempo di lettura stimato\" \/>\n\t<meta name=\"twitter:data2\" content=\"2 minuti\" \/>\n<script type=\"application\/ld+json\" class=\"yoast-schema-graph\">{\"@context\":\"https:\/\/schema.org\",\"@graph\":[{\"@type\":\"WebPage\",\"@id\":\"https:\/\/www.italiaeconomiaonline.it\/web\/giornata-mondiale-alimentazione-confagricoltura-unagricoltura-forte-per-il-riscatto-dei-popoli\/\",\"url\":\"https:\/\/www.italiaeconomiaonline.it\/web\/giornata-mondiale-alimentazione-confagricoltura-unagricoltura-forte-per-il-riscatto-dei-popoli\/\",\"name\":\"Giornata mondiale alimentazione, Confagricoltura: un'agricoltura forte per il riscatto dei popoli -\",\"isPartOf\":{\"@id\":\"https:\/\/www.italiaeconomiaonline.it\/web\/#website\"},\"primaryImageOfPage\":{\"@id\":\"https:\/\/www.italiaeconomiaonline.it\/web\/giornata-mondiale-alimentazione-confagricoltura-unagricoltura-forte-per-il-riscatto-dei-popoli\/#primaryimage\"},\"image\":{\"@id\":\"https:\/\/www.italiaeconomiaonline.it\/web\/giornata-mondiale-alimentazione-confagricoltura-unagricoltura-forte-per-il-riscatto-dei-popoli\/#primaryimage\"},\"thumbnailUrl\":\"https:\/\/www.italiaeconomiaonline.it\/web\/wp-content\/uploads\/2018\/09\/agricoltura-1.jpg\",\"datePublished\":\"2020-10-16T10:22:10+00:00\",\"dateModified\":\"2020-10-16T10:22:10+00:00\",\"author\":{\"@id\":\"https:\/\/www.italiaeconomiaonline.it\/web\/#\/schema\/person\/909a49cce752523b020fbc37d5ab1c31\"},\"breadcrumb\":{\"@id\":\"https:\/\/www.italiaeconomiaonline.it\/web\/giornata-mondiale-alimentazione-confagricoltura-unagricoltura-forte-per-il-riscatto-dei-popoli\/#breadcrumb\"},\"inLanguage\":\"it-IT\",\"potentialAction\":[{\"@type\":\"ReadAction\",\"target\":[\"https:\/\/www.italiaeconomiaonline.it\/web\/giornata-mondiale-alimentazione-confagricoltura-unagricoltura-forte-per-il-riscatto-dei-popoli\/\"]}]},{\"@type\":\"ImageObject\",\"inLanguage\":\"it-IT\",\"@id\":\"https:\/\/www.italiaeconomiaonline.it\/web\/giornata-mondiale-alimentazione-confagricoltura-unagricoltura-forte-per-il-riscatto-dei-popoli\/#primaryimage\",\"url\":\"https:\/\/www.italiaeconomiaonline.it\/web\/wp-content\/uploads\/2018\/09\/agricoltura-1.jpg\",\"contentUrl\":\"https:\/\/www.italiaeconomiaonline.it\/web\/wp-content\/uploads\/2018\/09\/agricoltura-1.jpg\",\"width\":960,\"height\":571},{\"@type\":\"BreadcrumbList\",\"@id\":\"https:\/\/www.italiaeconomiaonline.it\/web\/giornata-mondiale-alimentazione-confagricoltura-unagricoltura-forte-per-il-riscatto-dei-popoli\/#breadcrumb\",\"itemListElement\":[{\"@type\":\"ListItem\",\"position\":1,\"name\":\"Home\",\"item\":\"https:\/\/www.italiaeconomiaonline.it\/web\/\"},{\"@type\":\"ListItem\",\"position\":2,\"name\":\"Giornata mondiale alimentazione, Confagricoltura: un&#8217;agricoltura forte per il riscatto dei popoli\"}]},{\"@type\":\"WebSite\",\"@id\":\"https:\/\/www.italiaeconomiaonline.it\/web\/#website\",\"url\":\"https:\/\/www.italiaeconomiaonline.it\/web\/\",\"name\":\"ItaliaEconomiaOnline\",\"description\":\"Quotidiano Economico Online\",\"potentialAction\":[{\"@type\":\"SearchAction\",\"target\":{\"@type\":\"EntryPoint\",\"urlTemplate\":\"https:\/\/www.italiaeconomiaonline.it\/web\/?s={search_term_string}\"},\"query-input\":\"required name=search_term_string\"}],\"inLanguage\":\"it-IT\"},{\"@type\":\"Person\",\"@id\":\"https:\/\/www.italiaeconomiaonline.it\/web\/#\/schema\/person\/909a49cce752523b020fbc37d5ab1c31\",\"name\":\"ladyitaliaeconomia\",\"image\":{\"@type\":\"ImageObject\",\"inLanguage\":\"it-IT\",\"@id\":\"https:\/\/www.italiaeconomiaonline.it\/web\/#\/schema\/person\/image\/\",\"url\":\"https:\/\/secure.gravatar.com\/avatar\/cedca10ce7416a579b9fa6bce9c0a8f2?s=96&d=mm&r=g\",\"contentUrl\":\"https:\/\/secure.gravatar.com\/avatar\/cedca10ce7416a579b9fa6bce9c0a8f2?s=96&d=mm&r=g\",\"caption\":\"ladyitaliaeconomia\"},\"url\":\"https:\/\/www.italiaeconomiaonline.it\/web\/author\/ladyitaliaeconomia\/\"}]}<\/script>\n<!-- \/ Yoast SEO plugin. -->","yoast_head_json":{"title":"Giornata mondiale alimentazione, Confagricoltura: un'agricoltura forte per il riscatto dei popoli -","robots":{"index":"index","follow":"follow","max-snippet":"max-snippet:-1","max-image-preview":"max-image-preview:large","max-video-preview":"max-video-preview:-1"},"canonical":"https:\/\/www.italiaeconomiaonline.it\/web\/giornata-mondiale-alimentazione-confagricoltura-unagricoltura-forte-per-il-riscatto-dei-popoli\/","og_locale":"it_IT","og_type":"article","og_title":"Giornata mondiale alimentazione, Confagricoltura: un'agricoltura forte per il riscatto dei popoli -","og_description":"La Giornata mondiale dell\u2019alimentazione \u00e8 ancor pi\u00f9 significativa, nell\u2019anno della pandemia. La necessit\u00e0 del settore agricolo di essere posto nelle condizioni di assicurare alle popolazioni, nonostante la pandemia, cibo sufficiente &#8211;\u00a0 in quantit\u00e0, qualit\u00e0 e sicurezza alimentare &#8211; \u00e8 emerso in tutta la sua prepotente importanza. Lo sottolinea Confagricoltura in occasione del \u2018World Food Day [&hellip;]","og_url":"https:\/\/www.italiaeconomiaonline.it\/web\/giornata-mondiale-alimentazione-confagricoltura-unagricoltura-forte-per-il-riscatto-dei-popoli\/","og_site_name":"ItaliaEconomiaOnline","article_published_time":"2020-10-16T10:22:10+00:00","og_image":[{"width":960,"height":571,"url":"https:\/\/www.italiaeconomiaonline.it\/web\/wp-content\/uploads\/2018\/09\/agricoltura-1.jpg","type":"image\/jpeg"}],"author":"ladyitaliaeconomia","twitter_card":"summary_large_image","twitter_misc":{"Scritto da":"ladyitaliaeconomia","Tempo di lettura stimato":"2 minuti"},"schema":{"@context":"https:\/\/schema.org","@graph":[{"@type":"WebPage","@id":"https:\/\/www.italiaeconomiaonline.it\/web\/giornata-mondiale-alimentazione-confagricoltura-unagricoltura-forte-per-il-riscatto-dei-popoli\/","url":"https:\/\/www.italiaeconomiaonline.it\/web\/giornata-mondiale-alimentazione-confagricoltura-unagricoltura-forte-per-il-riscatto-dei-popoli\/","name":"Giornata mondiale alimentazione, Confagricoltura: un'agricoltura forte per il riscatto dei popoli -","isPartOf":{"@id":"https:\/\/www.italiaeconomiaonline.it\/web\/#website"},"primaryImageOfPage":{"@id":"https:\/\/www.italiaeconomiaonline.it\/web\/giornata-mondiale-alimentazione-confagricoltura-unagricoltura-forte-per-il-riscatto-dei-popoli\/#primaryimage"},"image":{"@id":"https:\/\/www.italiaeconomiaonline.it\/web\/giornata-mondiale-alimentazione-confagricoltura-unagricoltura-forte-per-il-riscatto-dei-popoli\/#primaryimage"},"thumbnailUrl":"https:\/\/www.italiaeconomiaonline.it\/web\/wp-content\/uploads\/2018\/09\/agricoltura-1.jpg","datePublished":"2020-10-16T10:22:10+00:00","dateModified":"2020-10-16T10:22:10+00:00","author":{"@id":"https:\/\/www.italiaeconomiaonline.it\/web\/#\/schema\/person\/909a49cce752523b020fbc37d5ab1c31"},"breadcrumb":{"@id":"https:\/\/www.italiaeconomiaonline.it\/web\/giornata-mondiale-alimentazione-confagricoltura-unagricoltura-forte-per-il-riscatto-dei-popoli\/#breadcrumb"},"inLanguage":"it-IT","potentialAction":[{"@type":"ReadAction","target":["https:\/\/www.italiaeconomiaonline.it\/web\/giornata-mondiale-alimentazione-confagricoltura-unagricoltura-forte-per-il-riscatto-dei-popoli\/"]}]},{"@type":"ImageObject","inLanguage":"it-IT","@id":"https:\/\/www.italiaeconomiaonline.it\/web\/giornata-mondiale-alimentazione-confagricoltura-unagricoltura-forte-per-il-riscatto-dei-popoli\/#primaryimage","url":"https:\/\/www.italiaeconomiaonline.it\/web\/wp-content\/uploads\/2018\/09\/agricoltura-1.jpg","contentUrl":"https:\/\/www.italiaeconomiaonline.it\/web\/wp-content\/uploads\/2018\/09\/agricoltura-1.jpg","width":960,"height":571},{"@type":"BreadcrumbList","@id":"https:\/\/www.italiaeconomiaonline.it\/web\/giornata-mondiale-alimentazione-confagricoltura-unagricoltura-forte-per-il-riscatto-dei-popoli\/#breadcrumb","itemListElement":[{"@type":"ListItem","position":1,"name":"Home","item":"https:\/\/www.italiaeconomiaonline.it\/web\/"},{"@type":"ListItem","position":2,"name":"Giornata mondiale alimentazione, Confagricoltura: un&#8217;agricoltura forte per il riscatto dei popoli"}]},{"@type":"WebSite","@id":"https:\/\/www.italiaeconomiaonline.it\/web\/#website","url":"https:\/\/www.italiaeconomiaonline.it\/web\/","name":"ItaliaEconomiaOnline","description":"Quotidiano Economico Online","potentialAction":[{"@type":"SearchAction","target":{"@type":"EntryPoint","urlTemplate":"https:\/\/www.italiaeconomiaonline.it\/web\/?s={search_term_string}"},"query-input":"required name=search_term_string"}],"inLanguage":"it-IT"},{"@type":"Person","@id":"https:\/\/www.italiaeconomiaonline.it\/web\/#\/schema\/person\/909a49cce752523b020fbc37d5ab1c31","name":"ladyitaliaeconomia","image":{"@type":"ImageObject","inLanguage":"it-IT","@id":"https:\/\/www.italiaeconomiaonline.it\/web\/#\/schema\/person\/image\/","url":"https:\/\/secure.gravatar.com\/avatar\/cedca10ce7416a579b9fa6bce9c0a8f2?s=96&d=mm&r=g","contentUrl":"https:\/\/secure.gravatar.com\/avatar\/cedca10ce7416a579b9fa6bce9c0a8f2?s=96&d=mm&r=g","caption":"ladyitaliaeconomia"},"url":"https:\/\/www.italiaeconomiaonline.it\/web\/author\/ladyitaliaeconomia\/"}]}},"_links":{"self":[{"href":"https:\/\/www.italiaeconomiaonline.it\/web\/wp-json\/wp\/v2\/posts\/4425"}],"collection":[{"href":"https:\/\/www.italiaeconomiaonline.it\/web\/wp-json\/wp\/v2\/posts"}],"about":[{"href":"https:\/\/www.italiaeconomiaonline.it\/web\/wp-json\/wp\/v2\/types\/post"}],"author":[{"embeddable":true,"href":"https:\/\/www.italiaeconomiaonline.it\/web\/wp-json\/wp\/v2\/users\/1"}],"replies":[{"embeddable":true,"href":"https:\/\/www.italiaeconomiaonline.it\/web\/wp-json\/wp\/v2\/comments?post=4425"}],"version-history":[{"count":1,"href":"https:\/\/www.italiaeconomiaonline.it\/web\/wp-json\/wp\/v2\/posts\/4425\/revisions"}],"predecessor-version":[{"id":4426,"href":"https:\/\/www.italiaeconomiaonline.it\/web\/wp-json\/wp\/v2\/posts\/4425\/revisions\/4426"}],"wp:featuredmedia":[{"embeddable":true,"href":"https:\/\/www.italiaeconomiaonline.it\/web\/wp-json\/wp\/v2\/media\/268"}],"wp:attachment":[{"href":"https:\/\/www.italiaeconomiaonline.it\/web\/wp-json\/wp\/v2\/media?parent=4425"}],"wp:term":[{"taxonomy":"category","embeddable":true,"href":"https:\/\/www.italiaeconomiaonline.it\/web\/wp-json\/wp\/v2\/categories?post=4425"},{"taxonomy":"post_tag","embeddable":true,"href":"https:\/\/www.italiaeconomiaonline.it\/web\/wp-json\/wp\/v2\/tags?post=4425"}],"curies":[{"name":"wp","href":"https:\/\/api.w.org\/{rel}","templated":true}]}}