{"id":4452,"date":"2020-10-20T17:07:25","date_gmt":"2020-10-20T15:07:25","guid":{"rendered":"http:\/\/www.italiaeconomiaonline.it\/web\/?p=4452"},"modified":"2020-10-20T17:07:25","modified_gmt":"2020-10-20T15:07:25","slug":"dpcm-inseguono-numeri-del-giorno-con-stillicidio-di-blande-restrizioni","status":"publish","type":"post","link":"https:\/\/www.italiaeconomiaonline.it\/web\/dpcm-inseguono-numeri-del-giorno-con-stillicidio-di-blande-restrizioni\/","title":{"rendered":"Dpcm, inseguono numeri del giorno con stillicidio di blande restrizioni"},"content":{"rendered":"<p><span class=\"dropcap dropcap3\">D<\/span>avanti ad una curva del contagio che s\u2019impenna ogni giorno di pi\u00f9 e ospedali che si riempiono inesorabilmente, come in un d\u00e9j\u00e0-vu nel giro di pochi giorni il Governo introduce ulteriori misure restrittive nel tentativo di frenare l\u2019epidemia.<\/p>\n<p>\u00abLa necessit\u00e0 di emanare due DPCM in una settimana \u2013 afferma Nino Cartabellotta, Presidente della Fondazione GIMBE \u2013 conferma che il contenimento della seconda ondata viene affidato alla valutazione dei numeri del giorno con la progressiva introduzione di misure troppo deboli per piegare una curva dei contagi in vertiginosa ascesa\u00bb.<\/p>\n<p>La <strong>prima componente<\/strong> della \u201cnon strategia\u201d \u00e8 farsi guidare dai numeri del giorno per definire l\u2019entit\u00e0 delle misure di contenimento, senza considerare le dinamiche attuali dell\u2019epidemia, molto diverse da quelle della prima ondata. Questo favorisce inesorabilmente l\u2019ascesa dei contagi e vanifica gli effetti delle misure per varie ragioni:<\/p>\n<ul>\n<li>I numeri riportati quotidianamente dal bollettino della Protezione Civile non rispecchiano affatto i casi del giorno perch\u00e9 dal contagio alla notifica intercorre un ritardo medio di 15 giorni, in quanto:\n<ul>\n<li>Il tempo medio tra contagio e comparsa dei sintomi \u00e8 di 5 giorni (range 2-14 giorni).<\/li>\n<li>Secondo l\u2019Istituto Superiore di Sanit\u00e0 il tempo mediano tra inizio dei sintomi e prelievo\/diagnosi \u00e8 di 3 giorni (settimana 7-13 ottobre), ma potrebbe allungarsi considerando i tempi di analisi di laboratorio e di refertazione. Peraltro, per i casi asintomatici non \u00e8 noto perch\u00e9 la tempestivit\u00e0 nella richiesta del tampone dipende dall\u2019efficacia dell\u2019attivit\u00e0 di testing &amp; tracing.<\/li>\n<li>La comunicazione dei nuovi casi dalle Regioni alla Protezione Civile non avviene in tempo reale: ad esempio, nella settimana 5-11 ottobre meno di un terzo dei casi \u00e8 stato notificato entro 2 giorni dalla diagnosi, il 54% tra 3 e 5 giorni e il 14% dopo oltre 6 giorni; peraltro tale ritardo aumenta progressivamente per il crescente numero di casi.<\/li>\n<\/ul>\n<\/li>\n<li>La curva dei contagi ha ormai assunto un trend esponenziale: nella settimana 13-19 ottobre il numero dei casi attualmente positivi \u00e8 salito da 82.764 a 134.003 (+53,7%) e il rapporto positivi\/casi testati in una settimana \u00e8 cresciuto dal 6,4% al 10,4%. Trend che si riflettono sia sul numero dei pazienti ricoverati con sintomi, aumentati negli ultimi 7 giorni da 4.821 a 7.676 (+59,2%) e di quelli in terapia intensiva da 452 a 797 (+76,3%) con segnali di sovraccarico in diverse Regioni, sia sul progressivo aumento della letalit\u00e0.<\/li>\n<li>L\u2019affanno del sistema di testing &amp; tracing aumenta la probabilit\u00e0 di sottostimare i casi, perch\u00e9 l\u2019espansione del bacino di asintomatici non isolati accelera ulteriormente la diffusione del contagio.<\/li>\n<li>Gli effetti delle misure restrittive, non valutabili prima di 2-3 settimane, saranno verosimilmente neutralizzati dal trend di crescita della curva epidemica.<\/li>\n<\/ul>\n<p>&nbsp;<\/p>\n<p>La <strong>seconda componente <\/strong>\u00e8 il mancato allineamento tra le misure dei due DPCM e quanto previsto dalla <a href=\"https:\/\/u7959543.ct.sendgrid.net\/ls\/click?upn=V4a3HWGduUkDrYrpMo1P8m-2Bv2yNbRzx6PSikvBG4DFia-2B7C-2FlA-2BhY3o3xUxZbTKDRxKkLtDJ1QGpfOTdL038qB49hc5qobSaI8wFZmooUC0-3DJJ4W_mLoYh0p4AWg4foFr5HgrZ-2FGIEY7f-2B3z3TfkqyYwi8fWgGE2aboJ-2FB-2BTaCxv0y-2Bjul35khteCvGFs9xCiFs6ezVZxk9WUDZuDYTGNGWjyIEo1ab8XE6DJWfHBDAkCjP-2Bm3aUkEwDG0qzwZjxt-2FvbddCzu5x4EvojTg-2BImP1VDlasVfTrNmhu21LDw7arnKfR26rhNA4-2BF-2B9Uz1yU4BsIdAYc8Z1u1GO4owuULfz5pJOgmgynbXLpkKV9jasuKwg9N\">circolare del 12 ottobre del Ministero della Salute<\/a>. Nel documento \u201c<a href=\"https:\/\/u7959543.ct.sendgrid.net\/ls\/click?upn=V4a3HWGduUkDrYrpMo1P8m-2Bv2yNbRzx6PSikvBG4DFia-2B7C-2FlA-2BhY3o3xUxZbTKDRxKkLtDJ1QGpfOTdL038qB49hc5qobSaI8wFZmooUC0-3DSWpf_mLoYh0p4AWg4foFr5HgrZ-2FGIEY7f-2B3z3TfkqyYwi8fWgGE2aboJ-2FB-2BTaCxv0y-2Bjul35khteCvGFs9xCiFs6ezXVTV59qnrdHR82oYarkSyvNG4Ge3GcsCwOZycwdSrCQHG1ostMZBdyFayJzAgbxtu-2FH-2BTsWsjGtLuASBuObOgmG3MMEWrGmb93GEvk3oDmn8CXpaQ-2FR83eH84pMabaWYZ7gteyCJ-2F6pQOLmGyCeHSzCxxClljoKK1msU8MZEu4k\">Prevenzione e risposta a COVID-19<\/a>\u201d vengono delineati quattro scenari di evoluzione dell\u2019epidemia in relazione a diversi livelli di rischio accompagnati da relative misure da attuare nei vari settori. \u00abConsiderato che diverse Regioni \u2013 spiega il Presidente \u2013 sono ormai nella fase di rischio alto\/molto alto, \u00e8 inspiegabile che le misure raccomandate non siano state introdotte dal nuovo DPCM, che ha seguito le indicazioni del Comitato Tecnico Scientifico, n\u00e9 attuate dalle Regioni, che hanno partecipato alla stesura del documento\u00bb.<\/p>\n<p>La <strong>terza componente<\/strong> della \u201cnon strategia\u201d \u00e8 il mancato approccio di sistema basato su responsabilit\u00e0 e alleanza tra politica e cittadini, oltre che sull\u2019efficienza dei servizi sanitari. \u00abNumeri a parte \u2013 precisa Cartabellotta \u2013 il contenimento della seconda ondata doveva inevitabilmente poggiare, gi\u00e0 alla fine del lockdown, su tre pilastri integrati: massima aderenza della popolazione ai comportamenti raccomandati, potenziamento dei servizi sanitari territoriali e ospedalieri e collaborazione in piena sintonia tra Governo, Regioni ed Enti locali\u00bb.<\/p>\n<p>\u00abNon essere riusciti a prevenire la risalita della curva epidemica quando avevamo un grande vantaggio sul virus \u2013 conclude Cartabellotta \u2013 oggi impone la necessit\u00e0 di misure di contenimento in grado di anticipare il virus. Tali misure devono essere pianificate su modelli predittivi ad almeno 2-3 settimane, perch\u00e9 la \u201cnon strategia\u201d di inseguire i numeri del giorno con uno stillicidio di DPCM che, settimana dopo settimana, impongono la continua necessit\u00e0 di riorganizzarsi su vari fronti, spinger\u00e0 inevitabilmente il Paese proprio verso quel nuovo lockdown che nessuno vuole e che non possiamo permetterci\u00bb.<\/p>\n<p>&nbsp;<\/p>\n","protected":false},"excerpt":{"rendered":"<p>Davanti ad una curva del contagio che s\u2019impenna ogni giorno di pi\u00f9 e ospedali che si riempiono inesorabilmente, come in un d\u00e9j\u00e0-vu nel giro di pochi giorni il Governo introduce ulteriori misure restrittive nel tentativo di frenare l\u2019epidemia. \u00abLa necessit\u00e0 di emanare due DPCM in una settimana \u2013 afferma Nino Cartabellotta, Presidente della Fondazione GIMBE [&hellip;]<\/p>\n","protected":false},"author":1,"featured_media":2645,"comment_status":"closed","ping_status":"open","sticky":false,"template":"","format":"standard","meta":{"footnotes":""},"categories":[128],"tags":[],"yoast_head":"<!-- This site is optimized with the Yoast SEO plugin v22.2 - https:\/\/yoast.com\/wordpress\/plugins\/seo\/ -->\n<title>Dpcm, inseguono numeri del giorno con stillicidio di blande restrizioni -<\/title>\n<meta name=\"robots\" content=\"index, follow, max-snippet:-1, max-image-preview:large, max-video-preview:-1\" \/>\n<link rel=\"canonical\" href=\"https:\/\/www.italiaeconomiaonline.it\/web\/dpcm-inseguono-numeri-del-giorno-con-stillicidio-di-blande-restrizioni\/\" \/>\n<meta property=\"og:locale\" content=\"it_IT\" \/>\n<meta property=\"og:type\" content=\"article\" \/>\n<meta property=\"og:title\" content=\"Dpcm, inseguono numeri del giorno con stillicidio di blande restrizioni -\" \/>\n<meta property=\"og:description\" content=\"Davanti ad una curva del contagio che s\u2019impenna ogni giorno di pi\u00f9 e ospedali che si riempiono inesorabilmente, come in un d\u00e9j\u00e0-vu nel giro di pochi giorni il Governo introduce ulteriori misure restrittive nel tentativo di frenare l\u2019epidemia. \u00abLa necessit\u00e0 di emanare due DPCM in una settimana \u2013 afferma Nino Cartabellotta, Presidente della Fondazione GIMBE [&hellip;]\" \/>\n<meta property=\"og:url\" content=\"https:\/\/www.italiaeconomiaonline.it\/web\/dpcm-inseguono-numeri-del-giorno-con-stillicidio-di-blande-restrizioni\/\" \/>\n<meta property=\"og:site_name\" content=\"ItaliaEconomiaOnline\" \/>\n<meta property=\"article:published_time\" content=\"2020-10-20T15:07:25+00:00\" \/>\n<meta property=\"og:image\" content=\"https:\/\/www.italiaeconomiaonline.it\/web\/wp-content\/uploads\/2020\/03\/Schermata-2020-03-06-alle-17.58.41.png\" \/>\n\t<meta property=\"og:image:width\" content=\"854\" \/>\n\t<meta property=\"og:image:height\" content=\"542\" \/>\n\t<meta property=\"og:image:type\" content=\"image\/png\" \/>\n<meta name=\"author\" content=\"ladyitaliaeconomia\" \/>\n<meta name=\"twitter:card\" content=\"summary_large_image\" \/>\n<meta name=\"twitter:label1\" content=\"Scritto da\" \/>\n\t<meta name=\"twitter:data1\" content=\"ladyitaliaeconomia\" \/>\n\t<meta name=\"twitter:label2\" content=\"Tempo di lettura stimato\" \/>\n\t<meta name=\"twitter:data2\" content=\"3 minuti\" \/>\n<script type=\"application\/ld+json\" class=\"yoast-schema-graph\">{\"@context\":\"https:\/\/schema.org\",\"@graph\":[{\"@type\":\"WebPage\",\"@id\":\"https:\/\/www.italiaeconomiaonline.it\/web\/dpcm-inseguono-numeri-del-giorno-con-stillicidio-di-blande-restrizioni\/\",\"url\":\"https:\/\/www.italiaeconomiaonline.it\/web\/dpcm-inseguono-numeri-del-giorno-con-stillicidio-di-blande-restrizioni\/\",\"name\":\"Dpcm, inseguono numeri del giorno con stillicidio di blande restrizioni -\",\"isPartOf\":{\"@id\":\"https:\/\/www.italiaeconomiaonline.it\/web\/#website\"},\"primaryImageOfPage\":{\"@id\":\"https:\/\/www.italiaeconomiaonline.it\/web\/dpcm-inseguono-numeri-del-giorno-con-stillicidio-di-blande-restrizioni\/#primaryimage\"},\"image\":{\"@id\":\"https:\/\/www.italiaeconomiaonline.it\/web\/dpcm-inseguono-numeri-del-giorno-con-stillicidio-di-blande-restrizioni\/#primaryimage\"},\"thumbnailUrl\":\"https:\/\/www.italiaeconomiaonline.it\/web\/wp-content\/uploads\/2020\/03\/Schermata-2020-03-06-alle-17.58.41.png\",\"datePublished\":\"2020-10-20T15:07:25+00:00\",\"dateModified\":\"2020-10-20T15:07:25+00:00\",\"author\":{\"@id\":\"https:\/\/www.italiaeconomiaonline.it\/web\/#\/schema\/person\/909a49cce752523b020fbc37d5ab1c31\"},\"breadcrumb\":{\"@id\":\"https:\/\/www.italiaeconomiaonline.it\/web\/dpcm-inseguono-numeri-del-giorno-con-stillicidio-di-blande-restrizioni\/#breadcrumb\"},\"inLanguage\":\"it-IT\",\"potentialAction\":[{\"@type\":\"ReadAction\",\"target\":[\"https:\/\/www.italiaeconomiaonline.it\/web\/dpcm-inseguono-numeri-del-giorno-con-stillicidio-di-blande-restrizioni\/\"]}]},{\"@type\":\"ImageObject\",\"inLanguage\":\"it-IT\",\"@id\":\"https:\/\/www.italiaeconomiaonline.it\/web\/dpcm-inseguono-numeri-del-giorno-con-stillicidio-di-blande-restrizioni\/#primaryimage\",\"url\":\"https:\/\/www.italiaeconomiaonline.it\/web\/wp-content\/uploads\/2020\/03\/Schermata-2020-03-06-alle-17.58.41.png\",\"contentUrl\":\"https:\/\/www.italiaeconomiaonline.it\/web\/wp-content\/uploads\/2020\/03\/Schermata-2020-03-06-alle-17.58.41.png\",\"width\":854,\"height\":542},{\"@type\":\"BreadcrumbList\",\"@id\":\"https:\/\/www.italiaeconomiaonline.it\/web\/dpcm-inseguono-numeri-del-giorno-con-stillicidio-di-blande-restrizioni\/#breadcrumb\",\"itemListElement\":[{\"@type\":\"ListItem\",\"position\":1,\"name\":\"Home\",\"item\":\"https:\/\/www.italiaeconomiaonline.it\/web\/\"},{\"@type\":\"ListItem\",\"position\":2,\"name\":\"Dpcm, inseguono numeri del giorno con stillicidio di blande restrizioni\"}]},{\"@type\":\"WebSite\",\"@id\":\"https:\/\/www.italiaeconomiaonline.it\/web\/#website\",\"url\":\"https:\/\/www.italiaeconomiaonline.it\/web\/\",\"name\":\"ItaliaEconomiaOnline\",\"description\":\"Quotidiano Economico Online\",\"potentialAction\":[{\"@type\":\"SearchAction\",\"target\":{\"@type\":\"EntryPoint\",\"urlTemplate\":\"https:\/\/www.italiaeconomiaonline.it\/web\/?s={search_term_string}\"},\"query-input\":\"required name=search_term_string\"}],\"inLanguage\":\"it-IT\"},{\"@type\":\"Person\",\"@id\":\"https:\/\/www.italiaeconomiaonline.it\/web\/#\/schema\/person\/909a49cce752523b020fbc37d5ab1c31\",\"name\":\"ladyitaliaeconomia\",\"image\":{\"@type\":\"ImageObject\",\"inLanguage\":\"it-IT\",\"@id\":\"https:\/\/www.italiaeconomiaonline.it\/web\/#\/schema\/person\/image\/\",\"url\":\"https:\/\/secure.gravatar.com\/avatar\/cedca10ce7416a579b9fa6bce9c0a8f2?s=96&d=mm&r=g\",\"contentUrl\":\"https:\/\/secure.gravatar.com\/avatar\/cedca10ce7416a579b9fa6bce9c0a8f2?s=96&d=mm&r=g\",\"caption\":\"ladyitaliaeconomia\"},\"url\":\"https:\/\/www.italiaeconomiaonline.it\/web\/author\/ladyitaliaeconomia\/\"}]}<\/script>\n<!-- \/ Yoast SEO plugin. -->","yoast_head_json":{"title":"Dpcm, inseguono numeri del giorno con stillicidio di blande restrizioni -","robots":{"index":"index","follow":"follow","max-snippet":"max-snippet:-1","max-image-preview":"max-image-preview:large","max-video-preview":"max-video-preview:-1"},"canonical":"https:\/\/www.italiaeconomiaonline.it\/web\/dpcm-inseguono-numeri-del-giorno-con-stillicidio-di-blande-restrizioni\/","og_locale":"it_IT","og_type":"article","og_title":"Dpcm, inseguono numeri del giorno con stillicidio di blande restrizioni -","og_description":"Davanti ad una curva del contagio che s\u2019impenna ogni giorno di pi\u00f9 e ospedali che si riempiono inesorabilmente, come in un d\u00e9j\u00e0-vu nel giro di pochi giorni il Governo introduce ulteriori misure restrittive nel tentativo di frenare l\u2019epidemia. \u00abLa necessit\u00e0 di emanare due DPCM in una settimana \u2013 afferma Nino Cartabellotta, Presidente della Fondazione GIMBE [&hellip;]","og_url":"https:\/\/www.italiaeconomiaonline.it\/web\/dpcm-inseguono-numeri-del-giorno-con-stillicidio-di-blande-restrizioni\/","og_site_name":"ItaliaEconomiaOnline","article_published_time":"2020-10-20T15:07:25+00:00","og_image":[{"width":854,"height":542,"url":"https:\/\/www.italiaeconomiaonline.it\/web\/wp-content\/uploads\/2020\/03\/Schermata-2020-03-06-alle-17.58.41.png","type":"image\/png"}],"author":"ladyitaliaeconomia","twitter_card":"summary_large_image","twitter_misc":{"Scritto da":"ladyitaliaeconomia","Tempo di lettura stimato":"3 minuti"},"schema":{"@context":"https:\/\/schema.org","@graph":[{"@type":"WebPage","@id":"https:\/\/www.italiaeconomiaonline.it\/web\/dpcm-inseguono-numeri-del-giorno-con-stillicidio-di-blande-restrizioni\/","url":"https:\/\/www.italiaeconomiaonline.it\/web\/dpcm-inseguono-numeri-del-giorno-con-stillicidio-di-blande-restrizioni\/","name":"Dpcm, inseguono numeri del giorno con stillicidio di blande restrizioni -","isPartOf":{"@id":"https:\/\/www.italiaeconomiaonline.it\/web\/#website"},"primaryImageOfPage":{"@id":"https:\/\/www.italiaeconomiaonline.it\/web\/dpcm-inseguono-numeri-del-giorno-con-stillicidio-di-blande-restrizioni\/#primaryimage"},"image":{"@id":"https:\/\/www.italiaeconomiaonline.it\/web\/dpcm-inseguono-numeri-del-giorno-con-stillicidio-di-blande-restrizioni\/#primaryimage"},"thumbnailUrl":"https:\/\/www.italiaeconomiaonline.it\/web\/wp-content\/uploads\/2020\/03\/Schermata-2020-03-06-alle-17.58.41.png","datePublished":"2020-10-20T15:07:25+00:00","dateModified":"2020-10-20T15:07:25+00:00","author":{"@id":"https:\/\/www.italiaeconomiaonline.it\/web\/#\/schema\/person\/909a49cce752523b020fbc37d5ab1c31"},"breadcrumb":{"@id":"https:\/\/www.italiaeconomiaonline.it\/web\/dpcm-inseguono-numeri-del-giorno-con-stillicidio-di-blande-restrizioni\/#breadcrumb"},"inLanguage":"it-IT","potentialAction":[{"@type":"ReadAction","target":["https:\/\/www.italiaeconomiaonline.it\/web\/dpcm-inseguono-numeri-del-giorno-con-stillicidio-di-blande-restrizioni\/"]}]},{"@type":"ImageObject","inLanguage":"it-IT","@id":"https:\/\/www.italiaeconomiaonline.it\/web\/dpcm-inseguono-numeri-del-giorno-con-stillicidio-di-blande-restrizioni\/#primaryimage","url":"https:\/\/www.italiaeconomiaonline.it\/web\/wp-content\/uploads\/2020\/03\/Schermata-2020-03-06-alle-17.58.41.png","contentUrl":"https:\/\/www.italiaeconomiaonline.it\/web\/wp-content\/uploads\/2020\/03\/Schermata-2020-03-06-alle-17.58.41.png","width":854,"height":542},{"@type":"BreadcrumbList","@id":"https:\/\/www.italiaeconomiaonline.it\/web\/dpcm-inseguono-numeri-del-giorno-con-stillicidio-di-blande-restrizioni\/#breadcrumb","itemListElement":[{"@type":"ListItem","position":1,"name":"Home","item":"https:\/\/www.italiaeconomiaonline.it\/web\/"},{"@type":"ListItem","position":2,"name":"Dpcm, inseguono numeri del giorno con stillicidio di blande restrizioni"}]},{"@type":"WebSite","@id":"https:\/\/www.italiaeconomiaonline.it\/web\/#website","url":"https:\/\/www.italiaeconomiaonline.it\/web\/","name":"ItaliaEconomiaOnline","description":"Quotidiano Economico Online","potentialAction":[{"@type":"SearchAction","target":{"@type":"EntryPoint","urlTemplate":"https:\/\/www.italiaeconomiaonline.it\/web\/?s={search_term_string}"},"query-input":"required name=search_term_string"}],"inLanguage":"it-IT"},{"@type":"Person","@id":"https:\/\/www.italiaeconomiaonline.it\/web\/#\/schema\/person\/909a49cce752523b020fbc37d5ab1c31","name":"ladyitaliaeconomia","image":{"@type":"ImageObject","inLanguage":"it-IT","@id":"https:\/\/www.italiaeconomiaonline.it\/web\/#\/schema\/person\/image\/","url":"https:\/\/secure.gravatar.com\/avatar\/cedca10ce7416a579b9fa6bce9c0a8f2?s=96&d=mm&r=g","contentUrl":"https:\/\/secure.gravatar.com\/avatar\/cedca10ce7416a579b9fa6bce9c0a8f2?s=96&d=mm&r=g","caption":"ladyitaliaeconomia"},"url":"https:\/\/www.italiaeconomiaonline.it\/web\/author\/ladyitaliaeconomia\/"}]}},"_links":{"self":[{"href":"https:\/\/www.italiaeconomiaonline.it\/web\/wp-json\/wp\/v2\/posts\/4452"}],"collection":[{"href":"https:\/\/www.italiaeconomiaonline.it\/web\/wp-json\/wp\/v2\/posts"}],"about":[{"href":"https:\/\/www.italiaeconomiaonline.it\/web\/wp-json\/wp\/v2\/types\/post"}],"author":[{"embeddable":true,"href":"https:\/\/www.italiaeconomiaonline.it\/web\/wp-json\/wp\/v2\/users\/1"}],"replies":[{"embeddable":true,"href":"https:\/\/www.italiaeconomiaonline.it\/web\/wp-json\/wp\/v2\/comments?post=4452"}],"version-history":[{"count":1,"href":"https:\/\/www.italiaeconomiaonline.it\/web\/wp-json\/wp\/v2\/posts\/4452\/revisions"}],"predecessor-version":[{"id":4453,"href":"https:\/\/www.italiaeconomiaonline.it\/web\/wp-json\/wp\/v2\/posts\/4452\/revisions\/4453"}],"wp:featuredmedia":[{"embeddable":true,"href":"https:\/\/www.italiaeconomiaonline.it\/web\/wp-json\/wp\/v2\/media\/2645"}],"wp:attachment":[{"href":"https:\/\/www.italiaeconomiaonline.it\/web\/wp-json\/wp\/v2\/media?parent=4452"}],"wp:term":[{"taxonomy":"category","embeddable":true,"href":"https:\/\/www.italiaeconomiaonline.it\/web\/wp-json\/wp\/v2\/categories?post=4452"},{"taxonomy":"post_tag","embeddable":true,"href":"https:\/\/www.italiaeconomiaonline.it\/web\/wp-json\/wp\/v2\/tags?post=4452"}],"curies":[{"name":"wp","href":"https:\/\/api.w.org\/{rel}","templated":true}]}}