{"id":4466,"date":"2020-10-22T10:13:17","date_gmt":"2020-10-22T08:13:17","guid":{"rendered":"http:\/\/www.italiaeconomiaonline.it\/web\/?p=4466"},"modified":"2020-10-22T10:13:17","modified_gmt":"2020-10-22T08:13:17","slug":"pac-copagri-dopo-accordo-politico-consiglio-ue-ed-emendamenti-compromesso-pe-si-va-verso-inizio-trilogia","status":"publish","type":"post","link":"https:\/\/www.italiaeconomiaonline.it\/web\/pac-copagri-dopo-accordo-politico-consiglio-ue-ed-emendamenti-compromesso-pe-si-va-verso-inizio-trilogia\/","title":{"rendered":"PAC, Copagri: dopo accordo politico consiglio UE ed emendamenti compromesso PE si va verso inizio trilogia"},"content":{"rendered":"<p><span class=\"dropcap dropcap3\">P<\/span>rendiamo atto con soddisfazione dell\u2019accordo politico raggiunto in sede di Consiglio dei ministri dell\u2019Agricoltura UE sulla <strong>riforma della PAC<\/strong>, primo necessario passo della lunga e complessa strada che porter\u00e0 all\u2019intesa finale; si tratta di uno step fondamentale, visto che ora il Consiglio UE ha il mandato politico per avviare i triloghi con la Commissione UE e con il Parlamento Europeo, che in sessione plenaria ha approvato la prima parte dei quasi duemila emendamenti di compromesso che andranno a formare la posizione negoziale degli eurodeputati sulla riforma della PAC\u201d.<\/p>\n<p>Lo sottolinea il presidente della <strong>Copagri Franco Verrascina<\/strong> dopo gli esiti degli ultimi vertici comunitari, chiamati a confrontarsi sul futuro della Politica Agricola Comune, la cui entrata in vigore \u00e8 prevista per l\u2019inizio del 2023.<\/p>\n<p>&nbsp;<\/p>\n<p>\u201cL&#8217;accordo raggiunto in sede di Consiglio prevede forti impegni da parte degli Stati Membri per una maggiore ambizione ambientale e introduce strumenti importanti come gli eco-schemi obbligatori, oltre a una condizionalit\u00e0 rafforzata, senza dimenticare gli interventi destinati ai giovani imprenditori agricoli e ai piccoli agricoltori; l\u2019intesa raggiunta, che fa il paio con la posizione del Parlamento UE orientata verso una PAC pi\u00f9 verde e con maggiori ambizioni, consente inoltre agli Stati Membri di avere maggiore flessibilit\u00e0, fondamentale per raggiungere gli impegnativi obiettivi in materia ambientale\u201d, spiega il presidente.<\/p>\n<p>&nbsp;<\/p>\n<p>\u201cA oltre due anni di distanza dalla presentazione delle proposte di regolamento della Commissione UE, si apre ora una fase nuova che porter\u00e0 all\u2019intesa definitiva sul futuro dell\u2019agricoltura comunitaria; la priorit\u00e0 resta quella di lavorare per salvaguardare il capitolo agricolo del bilancio UE, garantendo al primario i fondi necessari e adeguati a far s\u00ec che le sfide ambientali e climatiche non vadano a gravare sulle spalle degli agricoltori e che la sostenibilit\u00e0 richiesta dalle istituzioni UE non vada a incidere sulla tenuta e sulla competitivit\u00e0 del primario nazionale\u201d, prosegue Verrascina.<\/p>\n<p>&nbsp;<\/p>\n<p>\u201cRingraziando la delegazione italiana per l\u2019importante lavoro portato avanti, riteniamo ora prioritario accelerare il dibattito in corso a livello nazionale sul Piano Strategico Nazionale-PSN, con il fine ultimo di andare ad armonizzare le diverse esigenze e le peculiarit\u00e0 delle tante agricoltura che caratterizzano il Belpaese\u201d, conclude il presidente della Copagri.<\/p>\n<p>&nbsp;<\/p>\n<p>&nbsp;<\/p>\n","protected":false},"excerpt":{"rendered":"<p>Prendiamo atto con soddisfazione dell\u2019accordo politico raggiunto in sede di Consiglio dei ministri dell\u2019Agricoltura UE sulla riforma della PAC, primo necessario passo della lunga e complessa strada che porter\u00e0 all\u2019intesa finale; si tratta di uno step fondamentale, visto che ora il Consiglio UE ha il mandato politico per avviare i triloghi con la Commissione UE [&hellip;]<\/p>\n","protected":false},"author":1,"featured_media":500,"comment_status":"closed","ping_status":"open","sticky":false,"template":"","format":"standard","meta":{"footnotes":""},"categories":[56],"tags":[1154,1362],"yoast_head":"<!-- This site is optimized with the Yoast SEO plugin v22.2 - https:\/\/yoast.com\/wordpress\/plugins\/seo\/ -->\n<title>PAC, Copagri: dopo accordo politico consiglio UE ed emendamenti compromesso PE si va verso inizio trilogia -<\/title>\n<meta name=\"robots\" content=\"index, follow, max-snippet:-1, max-image-preview:large, max-video-preview:-1\" \/>\n<link rel=\"canonical\" href=\"https:\/\/www.italiaeconomiaonline.it\/web\/pac-copagri-dopo-accordo-politico-consiglio-ue-ed-emendamenti-compromesso-pe-si-va-verso-inizio-trilogia\/\" \/>\n<meta property=\"og:locale\" content=\"it_IT\" \/>\n<meta property=\"og:type\" content=\"article\" \/>\n<meta property=\"og:title\" content=\"PAC, Copagri: dopo accordo politico consiglio UE ed emendamenti compromesso PE si va verso inizio trilogia -\" \/>\n<meta property=\"og:description\" content=\"Prendiamo atto con soddisfazione dell\u2019accordo politico raggiunto in sede di Consiglio dei ministri dell\u2019Agricoltura UE sulla riforma della PAC, primo necessario passo della lunga e complessa strada che porter\u00e0 all\u2019intesa finale; si tratta di uno step fondamentale, visto che ora il Consiglio UE ha il mandato politico per avviare i triloghi con la Commissione UE [&hellip;]\" \/>\n<meta property=\"og:url\" content=\"https:\/\/www.italiaeconomiaonline.it\/web\/pac-copagri-dopo-accordo-politico-consiglio-ue-ed-emendamenti-compromesso-pe-si-va-verso-inizio-trilogia\/\" \/>\n<meta property=\"og:site_name\" content=\"ItaliaEconomiaOnline\" \/>\n<meta property=\"article:published_time\" content=\"2020-10-22T08:13:17+00:00\" \/>\n<meta property=\"og:image\" content=\"https:\/\/www.italiaeconomiaonline.it\/web\/wp-content\/uploads\/2019\/04\/agricoltura.jpg\" \/>\n\t<meta property=\"og:image:width\" content=\"960\" \/>\n\t<meta property=\"og:image:height\" content=\"637\" \/>\n\t<meta property=\"og:image:type\" content=\"image\/jpeg\" \/>\n<meta name=\"author\" content=\"ladyitaliaeconomia\" \/>\n<meta name=\"twitter:card\" content=\"summary_large_image\" \/>\n<meta name=\"twitter:label1\" content=\"Scritto da\" \/>\n\t<meta name=\"twitter:data1\" content=\"ladyitaliaeconomia\" \/>\n\t<meta name=\"twitter:label2\" content=\"Tempo di lettura stimato\" \/>\n\t<meta name=\"twitter:data2\" content=\"2 minuti\" \/>\n<script type=\"application\/ld+json\" class=\"yoast-schema-graph\">{\"@context\":\"https:\/\/schema.org\",\"@graph\":[{\"@type\":\"WebPage\",\"@id\":\"https:\/\/www.italiaeconomiaonline.it\/web\/pac-copagri-dopo-accordo-politico-consiglio-ue-ed-emendamenti-compromesso-pe-si-va-verso-inizio-trilogia\/\",\"url\":\"https:\/\/www.italiaeconomiaonline.it\/web\/pac-copagri-dopo-accordo-politico-consiglio-ue-ed-emendamenti-compromesso-pe-si-va-verso-inizio-trilogia\/\",\"name\":\"PAC, Copagri: dopo accordo politico consiglio UE ed emendamenti compromesso PE si va verso inizio trilogia -\",\"isPartOf\":{\"@id\":\"https:\/\/www.italiaeconomiaonline.it\/web\/#website\"},\"primaryImageOfPage\":{\"@id\":\"https:\/\/www.italiaeconomiaonline.it\/web\/pac-copagri-dopo-accordo-politico-consiglio-ue-ed-emendamenti-compromesso-pe-si-va-verso-inizio-trilogia\/#primaryimage\"},\"image\":{\"@id\":\"https:\/\/www.italiaeconomiaonline.it\/web\/pac-copagri-dopo-accordo-politico-consiglio-ue-ed-emendamenti-compromesso-pe-si-va-verso-inizio-trilogia\/#primaryimage\"},\"thumbnailUrl\":\"https:\/\/www.italiaeconomiaonline.it\/web\/wp-content\/uploads\/2019\/04\/agricoltura.jpg\",\"datePublished\":\"2020-10-22T08:13:17+00:00\",\"dateModified\":\"2020-10-22T08:13:17+00:00\",\"author\":{\"@id\":\"https:\/\/www.italiaeconomiaonline.it\/web\/#\/schema\/person\/909a49cce752523b020fbc37d5ab1c31\"},\"breadcrumb\":{\"@id\":\"https:\/\/www.italiaeconomiaonline.it\/web\/pac-copagri-dopo-accordo-politico-consiglio-ue-ed-emendamenti-compromesso-pe-si-va-verso-inizio-trilogia\/#breadcrumb\"},\"inLanguage\":\"it-IT\",\"potentialAction\":[{\"@type\":\"ReadAction\",\"target\":[\"https:\/\/www.italiaeconomiaonline.it\/web\/pac-copagri-dopo-accordo-politico-consiglio-ue-ed-emendamenti-compromesso-pe-si-va-verso-inizio-trilogia\/\"]}]},{\"@type\":\"ImageObject\",\"inLanguage\":\"it-IT\",\"@id\":\"https:\/\/www.italiaeconomiaonline.it\/web\/pac-copagri-dopo-accordo-politico-consiglio-ue-ed-emendamenti-compromesso-pe-si-va-verso-inizio-trilogia\/#primaryimage\",\"url\":\"https:\/\/www.italiaeconomiaonline.it\/web\/wp-content\/uploads\/2019\/04\/agricoltura.jpg\",\"contentUrl\":\"https:\/\/www.italiaeconomiaonline.it\/web\/wp-content\/uploads\/2019\/04\/agricoltura.jpg\",\"width\":960,\"height\":637},{\"@type\":\"BreadcrumbList\",\"@id\":\"https:\/\/www.italiaeconomiaonline.it\/web\/pac-copagri-dopo-accordo-politico-consiglio-ue-ed-emendamenti-compromesso-pe-si-va-verso-inizio-trilogia\/#breadcrumb\",\"itemListElement\":[{\"@type\":\"ListItem\",\"position\":1,\"name\":\"Home\",\"item\":\"https:\/\/www.italiaeconomiaonline.it\/web\/\"},{\"@type\":\"ListItem\",\"position\":2,\"name\":\"PAC, Copagri: dopo accordo politico consiglio UE ed emendamenti compromesso PE si va verso inizio trilogia\"}]},{\"@type\":\"WebSite\",\"@id\":\"https:\/\/www.italiaeconomiaonline.it\/web\/#website\",\"url\":\"https:\/\/www.italiaeconomiaonline.it\/web\/\",\"name\":\"ItaliaEconomiaOnline\",\"description\":\"Quotidiano Economico Online\",\"potentialAction\":[{\"@type\":\"SearchAction\",\"target\":{\"@type\":\"EntryPoint\",\"urlTemplate\":\"https:\/\/www.italiaeconomiaonline.it\/web\/?s={search_term_string}\"},\"query-input\":\"required name=search_term_string\"}],\"inLanguage\":\"it-IT\"},{\"@type\":\"Person\",\"@id\":\"https:\/\/www.italiaeconomiaonline.it\/web\/#\/schema\/person\/909a49cce752523b020fbc37d5ab1c31\",\"name\":\"ladyitaliaeconomia\",\"image\":{\"@type\":\"ImageObject\",\"inLanguage\":\"it-IT\",\"@id\":\"https:\/\/www.italiaeconomiaonline.it\/web\/#\/schema\/person\/image\/\",\"url\":\"https:\/\/secure.gravatar.com\/avatar\/cedca10ce7416a579b9fa6bce9c0a8f2?s=96&d=mm&r=g\",\"contentUrl\":\"https:\/\/secure.gravatar.com\/avatar\/cedca10ce7416a579b9fa6bce9c0a8f2?s=96&d=mm&r=g\",\"caption\":\"ladyitaliaeconomia\"},\"url\":\"https:\/\/www.italiaeconomiaonline.it\/web\/author\/ladyitaliaeconomia\/\"}]}<\/script>\n<!-- \/ Yoast SEO plugin. -->","yoast_head_json":{"title":"PAC, Copagri: dopo accordo politico consiglio UE ed emendamenti compromesso PE si va verso inizio trilogia -","robots":{"index":"index","follow":"follow","max-snippet":"max-snippet:-1","max-image-preview":"max-image-preview:large","max-video-preview":"max-video-preview:-1"},"canonical":"https:\/\/www.italiaeconomiaonline.it\/web\/pac-copagri-dopo-accordo-politico-consiglio-ue-ed-emendamenti-compromesso-pe-si-va-verso-inizio-trilogia\/","og_locale":"it_IT","og_type":"article","og_title":"PAC, Copagri: dopo accordo politico consiglio UE ed emendamenti compromesso PE si va verso inizio trilogia -","og_description":"Prendiamo atto con soddisfazione dell\u2019accordo politico raggiunto in sede di Consiglio dei ministri dell\u2019Agricoltura UE sulla riforma della PAC, primo necessario passo della lunga e complessa strada che porter\u00e0 all\u2019intesa finale; si tratta di uno step fondamentale, visto che ora il Consiglio UE ha il mandato politico per avviare i triloghi con la Commissione UE [&hellip;]","og_url":"https:\/\/www.italiaeconomiaonline.it\/web\/pac-copagri-dopo-accordo-politico-consiglio-ue-ed-emendamenti-compromesso-pe-si-va-verso-inizio-trilogia\/","og_site_name":"ItaliaEconomiaOnline","article_published_time":"2020-10-22T08:13:17+00:00","og_image":[{"width":960,"height":637,"url":"https:\/\/www.italiaeconomiaonline.it\/web\/wp-content\/uploads\/2019\/04\/agricoltura.jpg","type":"image\/jpeg"}],"author":"ladyitaliaeconomia","twitter_card":"summary_large_image","twitter_misc":{"Scritto da":"ladyitaliaeconomia","Tempo di lettura stimato":"2 minuti"},"schema":{"@context":"https:\/\/schema.org","@graph":[{"@type":"WebPage","@id":"https:\/\/www.italiaeconomiaonline.it\/web\/pac-copagri-dopo-accordo-politico-consiglio-ue-ed-emendamenti-compromesso-pe-si-va-verso-inizio-trilogia\/","url":"https:\/\/www.italiaeconomiaonline.it\/web\/pac-copagri-dopo-accordo-politico-consiglio-ue-ed-emendamenti-compromesso-pe-si-va-verso-inizio-trilogia\/","name":"PAC, Copagri: dopo accordo politico consiglio UE ed emendamenti compromesso PE si va verso inizio trilogia -","isPartOf":{"@id":"https:\/\/www.italiaeconomiaonline.it\/web\/#website"},"primaryImageOfPage":{"@id":"https:\/\/www.italiaeconomiaonline.it\/web\/pac-copagri-dopo-accordo-politico-consiglio-ue-ed-emendamenti-compromesso-pe-si-va-verso-inizio-trilogia\/#primaryimage"},"image":{"@id":"https:\/\/www.italiaeconomiaonline.it\/web\/pac-copagri-dopo-accordo-politico-consiglio-ue-ed-emendamenti-compromesso-pe-si-va-verso-inizio-trilogia\/#primaryimage"},"thumbnailUrl":"https:\/\/www.italiaeconomiaonline.it\/web\/wp-content\/uploads\/2019\/04\/agricoltura.jpg","datePublished":"2020-10-22T08:13:17+00:00","dateModified":"2020-10-22T08:13:17+00:00","author":{"@id":"https:\/\/www.italiaeconomiaonline.it\/web\/#\/schema\/person\/909a49cce752523b020fbc37d5ab1c31"},"breadcrumb":{"@id":"https:\/\/www.italiaeconomiaonline.it\/web\/pac-copagri-dopo-accordo-politico-consiglio-ue-ed-emendamenti-compromesso-pe-si-va-verso-inizio-trilogia\/#breadcrumb"},"inLanguage":"it-IT","potentialAction":[{"@type":"ReadAction","target":["https:\/\/www.italiaeconomiaonline.it\/web\/pac-copagri-dopo-accordo-politico-consiglio-ue-ed-emendamenti-compromesso-pe-si-va-verso-inizio-trilogia\/"]}]},{"@type":"ImageObject","inLanguage":"it-IT","@id":"https:\/\/www.italiaeconomiaonline.it\/web\/pac-copagri-dopo-accordo-politico-consiglio-ue-ed-emendamenti-compromesso-pe-si-va-verso-inizio-trilogia\/#primaryimage","url":"https:\/\/www.italiaeconomiaonline.it\/web\/wp-content\/uploads\/2019\/04\/agricoltura.jpg","contentUrl":"https:\/\/www.italiaeconomiaonline.it\/web\/wp-content\/uploads\/2019\/04\/agricoltura.jpg","width":960,"height":637},{"@type":"BreadcrumbList","@id":"https:\/\/www.italiaeconomiaonline.it\/web\/pac-copagri-dopo-accordo-politico-consiglio-ue-ed-emendamenti-compromesso-pe-si-va-verso-inizio-trilogia\/#breadcrumb","itemListElement":[{"@type":"ListItem","position":1,"name":"Home","item":"https:\/\/www.italiaeconomiaonline.it\/web\/"},{"@type":"ListItem","position":2,"name":"PAC, Copagri: dopo accordo politico consiglio UE ed emendamenti compromesso PE si va verso inizio trilogia"}]},{"@type":"WebSite","@id":"https:\/\/www.italiaeconomiaonline.it\/web\/#website","url":"https:\/\/www.italiaeconomiaonline.it\/web\/","name":"ItaliaEconomiaOnline","description":"Quotidiano Economico Online","potentialAction":[{"@type":"SearchAction","target":{"@type":"EntryPoint","urlTemplate":"https:\/\/www.italiaeconomiaonline.it\/web\/?s={search_term_string}"},"query-input":"required name=search_term_string"}],"inLanguage":"it-IT"},{"@type":"Person","@id":"https:\/\/www.italiaeconomiaonline.it\/web\/#\/schema\/person\/909a49cce752523b020fbc37d5ab1c31","name":"ladyitaliaeconomia","image":{"@type":"ImageObject","inLanguage":"it-IT","@id":"https:\/\/www.italiaeconomiaonline.it\/web\/#\/schema\/person\/image\/","url":"https:\/\/secure.gravatar.com\/avatar\/cedca10ce7416a579b9fa6bce9c0a8f2?s=96&d=mm&r=g","contentUrl":"https:\/\/secure.gravatar.com\/avatar\/cedca10ce7416a579b9fa6bce9c0a8f2?s=96&d=mm&r=g","caption":"ladyitaliaeconomia"},"url":"https:\/\/www.italiaeconomiaonline.it\/web\/author\/ladyitaliaeconomia\/"}]}},"_links":{"self":[{"href":"https:\/\/www.italiaeconomiaonline.it\/web\/wp-json\/wp\/v2\/posts\/4466"}],"collection":[{"href":"https:\/\/www.italiaeconomiaonline.it\/web\/wp-json\/wp\/v2\/posts"}],"about":[{"href":"https:\/\/www.italiaeconomiaonline.it\/web\/wp-json\/wp\/v2\/types\/post"}],"author":[{"embeddable":true,"href":"https:\/\/www.italiaeconomiaonline.it\/web\/wp-json\/wp\/v2\/users\/1"}],"replies":[{"embeddable":true,"href":"https:\/\/www.italiaeconomiaonline.it\/web\/wp-json\/wp\/v2\/comments?post=4466"}],"version-history":[{"count":1,"href":"https:\/\/www.italiaeconomiaonline.it\/web\/wp-json\/wp\/v2\/posts\/4466\/revisions"}],"predecessor-version":[{"id":4467,"href":"https:\/\/www.italiaeconomiaonline.it\/web\/wp-json\/wp\/v2\/posts\/4466\/revisions\/4467"}],"wp:featuredmedia":[{"embeddable":true,"href":"https:\/\/www.italiaeconomiaonline.it\/web\/wp-json\/wp\/v2\/media\/500"}],"wp:attachment":[{"href":"https:\/\/www.italiaeconomiaonline.it\/web\/wp-json\/wp\/v2\/media?parent=4466"}],"wp:term":[{"taxonomy":"category","embeddable":true,"href":"https:\/\/www.italiaeconomiaonline.it\/web\/wp-json\/wp\/v2\/categories?post=4466"},{"taxonomy":"post_tag","embeddable":true,"href":"https:\/\/www.italiaeconomiaonline.it\/web\/wp-json\/wp\/v2\/tags?post=4466"}],"curies":[{"name":"wp","href":"https:\/\/api.w.org\/{rel}","templated":true}]}}