{"id":4532,"date":"2020-11-02T16:12:16","date_gmt":"2020-11-02T15:12:16","guid":{"rendered":"http:\/\/www.italiaeconomiaonline.it\/web\/?p=4532"},"modified":"2020-11-02T16:12:16","modified_gmt":"2020-11-02T15:12:16","slug":"il-contributo-a-fondo-perduto-del-primo-lockdown-e-finito-da-mesi-e-molte-imprese-non-lhanno-ricevuto","status":"publish","type":"post","link":"https:\/\/www.italiaeconomiaonline.it\/web\/il-contributo-a-fondo-perduto-del-primo-lockdown-e-finito-da-mesi-e-molte-imprese-non-lhanno-ricevuto\/","title":{"rendered":"Il contributo a fondo perduto del primo lockdown \u00e8 finito da mesi e molte imprese non l&#8217;hanno ricevuto"},"content":{"rendered":"<p><span class=\"dropcap dropcap3\">M<\/span>arco <strong>Paccagnella,<\/strong> presidente della <strong>Federcontribuenti<\/strong>: &#8221;il <strong>58,6% delle attivit\u00e0 produttive<\/strong> non ha ricevuto il finanziamento dei 25 mila euro e a fine 2020 conteremo <strong>un milione e 500 mila lavoratori in meno<\/strong> e quando scadr\u00e0 il<strong> blocco dei licenziamenti<\/strong> il <strong>62,8%<\/strong> delle imprese lascer\u00e0 a casa da 1 a 5 dipendenti.<\/p>\n<p>A marzo il governo ha<strong> privilegiato le grandi aziende<\/strong> con oltre <strong>5 milioni di fatturato<\/strong>, anche quelle che era facile intuire si sarebbero arricchite durante la pandemia, mortificando le piccole realt\u00e0 produttive e i negozianti<strong> sperperando<\/strong> una importante somma di denaro. Questo errore lo pagheremo caro fra pochi mesi, quando la pandemia finir\u00e0 e ci troveremo a raccogliere i cocci di questo disastro politico&#8221;. <strong>150 miliardi<\/strong> da recuperare subito per salvare pi\u00f9 di un milione di posti di lavoro.<\/p>\n<p>&#8221;<strong>Annullare<\/strong> gli <strong>anticipi IVA,<\/strong> applicare IVA al <strong>15%<\/strong> a tutte le PMI con meno di<strong> 100 mila euro<\/strong> di fatturato e al <strong>7% sui generi di primo consumo.<\/strong> Iva al <strong>26%<\/strong> per tutte le <strong>multinazionali <\/strong>che importano in Italia o che vendono in Italia, come Google, Amazon, Facebook dove a fronte di un ricavo di <strong>2, 4 miliardi di euro<\/strong> versano solo il <strong>2,7% di tasse in Italia<\/strong>. E&#8217; vero che Amazon offre occupazione ma, \u00e8 anche vero che ha<strong> monopolizzato la logistica<\/strong> a sfregio dei piccoli negozianti. Mentre Amazon consegna con i nostri corrieri in <strong>24 ore<\/strong>, gli stessi corrieri impiegano fino a <strong>10 giorni <\/strong>per la merce dei negozianti fuori dal loro circuito. Indovinate perch\u00e9!<\/p>\n<p>&nbsp;<\/p>\n<p>Ci ritroveremo a breve in una <strong>catastrofe economica<\/strong> ben peggiore del 2008. Marco <strong>Paccagnella<\/strong>: &#8221;dobbiamo dare soldi e appoggio concreto alle saracinesche o per i prossimi 5 anni ci dovremo far carico economicamente, a spese dei <strong>contribuenti,<\/strong> dei gravi errori politici di questi ultimi 10 mesi&#8221;.<\/p>\n<p>L&#8217;Italia, avviluppata dal luogo comune, ha sempre avuto in odio i commercianti o gli autonomi in generale perch\u00e8 sapientemente dipinti, da qualcuno che cercava giustificazioni al rialzo del carico fiscale, come <strong>incalliti evasori fiscali<\/strong> dimenticando, sempre sapientemente, che gli autonomi rappresentano la forza motore del Paese con il loro <strong>70% di gettito fiscale <\/strong>versando al fisco oltre<strong> 42 miliardi <\/strong>di euro, mentre le famose <strong>grandi multinazionali del web<\/strong> sottraggono all&#8217;erario italiano circa 20 miliardi di euro a fronte di guadagni stellari \u2013 2.855 miliardi di euro.<\/p>\n<p>Le imprese con pi\u00f9 di 250 addetti sono solo lo 0,1 per cento del totale quando le PMI contano oltre <strong>14,5 milioni di addetti. <\/strong><\/p>\n<p><strong>Paccagnella<\/strong>: &#8221; le demonizzate piccole imprese e negozianti vari producono lavoro e benessere alle casse dello Stato eppure a loro non corrisponde un&#8217;attenzione adeguata dal mondo politico come l&#8217;hanno invece le big. Alle piccole P. Iva applichiamo una tassazione al di sopra della loro capacit\u00e0 contributiva, non gli si garantisce l&#8217;accesso al credito e non ricevono per tempo utile i pagamenti della PA. Diteci voi a quale santo devono appellarsi!&#8221;.<\/p>\n<p>&nbsp;<\/p>\n<p><strong>Cosa sta facendo Federcontibuenti <\/strong>( cosa deve fare questo governo):<\/p>\n<p>&#8221;Come sempre spingiamo il governo a varare misure immediate sul sistema IVA &#8211; a<strong>nnullare<\/strong> gli <strong>anticipi IVA,<\/strong> applicare IVA al <strong>15%<\/strong> a tutte le PMI con meno di<strong> 5 addetti <\/strong>e al <strong>7% sui generi di primo <\/strong>consumo e portare l&#8217;Iva al <strong>26%<\/strong> per tutte le <strong>multinazionali <\/strong>che importano in Italia o che vendono in Italia -. Come associazione stiamo offrendo <strong>tutela fiscale e bancaria<\/strong> per salvare le saracinesche dal fallimento perch\u00e9 <strong>indotto per causa di forza maggiore<\/strong>; abbiamo ideato un <strong>accesso al credito alternativo<\/strong> tra privati &#8211; escludendo le banche e le assurde garanzie che chiedono per cercare di sostenere imprese destinate alla chiusura con gravi ripercussioni sull&#8217;intero indotto.<\/p>\n<p>Stiamo cercando di <strong>agevolare le aziende meno strutturate <\/strong>perch\u00e9 giovani o con i postumi del precedente lockdown, con dei prestiti anche <strong>senza garanzie di solvibilit\u00e0<\/strong> ma, come unica garanzia la seriet\u00e0 e la progettualit\u00e0 futura sostituendoci ad uno Stato che ancora una volta non comprende cosa sia la fame vera e la paura di perdere non solo il negozio o l&#8217;ufficio ma anche la casa con il mutuo.<\/p>\n<p><span class=\"td_btn td_btn_lg td_default_btn\">Chi pagher\u00e0 l&#8217;ammucchiamento delle tasse sospese? Chi ha gi\u00e0 fallito? Chi si \u00e8 suicidato? Chi \u00e8 rimasto in piedi strapieno di debiti derivanti da affitti, bollette, mutui oppure il piano \u00e8 prorogare i versamenti obbligatori fino all\u2019arrivo dei<strong> recovery found<\/strong>?<\/span><\/p>\n<p>Con una mano te li danno e con l\u2019altra te li tolgono, le imprese non faranno a tempo nemmeno a vederli. Ora \u00e8 il tempo del condono tombale dei debiti, di distribuire <strong>contributi a fondo perduto<\/strong> per il riavviamento dei negozi, delle imprese di quelle P. Iva rimaste senza reddito nemmeno per fare la spesa o crescere i figli o pagarsi il mutuo di casa! Dove troviamo il denaro? Il denaro \u00e8 carta stampata e stampatene a ciclo continuo e datene a tutti anche con il rischio di darne a soggetti sbagliati, ma \u00e8 un rischio che poi risolver\u00e0 la magistratura quando il Paese sar\u00e0 in salvo. Se non volete stampare denaro almeno l&#8217;Italia pensi alla Lirabond e usi la doppia moneta come ogni altro Stato europeo!<\/p>\n","protected":false},"excerpt":{"rendered":"<p>Marco Paccagnella, presidente della Federcontribuenti: &#8221;il 58,6% delle attivit\u00e0 produttive non ha ricevuto il finanziamento dei 25 mila euro e a fine 2020 conteremo un milione e 500 mila lavoratori in meno e quando scadr\u00e0 il blocco dei licenziamenti il 62,8% delle imprese lascer\u00e0 a casa da 1 a 5 dipendenti. A marzo il governo [&hellip;]<\/p>\n","protected":false},"author":1,"featured_media":4533,"comment_status":"closed","ping_status":"open","sticky":false,"template":"","format":"standard","meta":{"footnotes":""},"categories":[56],"tags":[],"yoast_head":"<!-- This site is optimized with the Yoast SEO plugin v22.2 - https:\/\/yoast.com\/wordpress\/plugins\/seo\/ -->\n<title>Il contributo a fondo perduto del primo lockdown \u00e8 finito da mesi e molte imprese non l&#039;hanno ricevuto -<\/title>\n<meta name=\"robots\" content=\"index, follow, max-snippet:-1, max-image-preview:large, max-video-preview:-1\" \/>\n<link rel=\"canonical\" href=\"https:\/\/www.italiaeconomiaonline.it\/web\/il-contributo-a-fondo-perduto-del-primo-lockdown-e-finito-da-mesi-e-molte-imprese-non-lhanno-ricevuto\/\" \/>\n<meta property=\"og:locale\" content=\"it_IT\" \/>\n<meta property=\"og:type\" content=\"article\" \/>\n<meta property=\"og:title\" content=\"Il contributo a fondo perduto del primo lockdown \u00e8 finito da mesi e molte imprese non l&#039;hanno ricevuto -\" \/>\n<meta property=\"og:description\" content=\"Marco Paccagnella, presidente della Federcontribuenti: &#8221;il 58,6% delle attivit\u00e0 produttive non ha ricevuto il finanziamento dei 25 mila euro e a fine 2020 conteremo un milione e 500 mila lavoratori in meno e quando scadr\u00e0 il blocco dei licenziamenti il 62,8% delle imprese lascer\u00e0 a casa da 1 a 5 dipendenti. A marzo il governo [&hellip;]\" \/>\n<meta property=\"og:url\" content=\"https:\/\/www.italiaeconomiaonline.it\/web\/il-contributo-a-fondo-perduto-del-primo-lockdown-e-finito-da-mesi-e-molte-imprese-non-lhanno-ricevuto\/\" \/>\n<meta property=\"og:site_name\" content=\"ItaliaEconomiaOnline\" \/>\n<meta property=\"article:published_time\" content=\"2020-11-02T15:12:16+00:00\" \/>\n<meta property=\"og:image\" content=\"https:\/\/www.italiaeconomiaonline.it\/web\/wp-content\/uploads\/2020\/11\/Schermata-2020-11-02-alle-16.10.44.png\" \/>\n\t<meta property=\"og:image:width\" content=\"1160\" \/>\n\t<meta property=\"og:image:height\" content=\"786\" \/>\n\t<meta property=\"og:image:type\" content=\"image\/png\" \/>\n<meta name=\"author\" content=\"ladyitaliaeconomia\" \/>\n<meta name=\"twitter:card\" content=\"summary_large_image\" \/>\n<meta name=\"twitter:label1\" content=\"Scritto da\" \/>\n\t<meta name=\"twitter:data1\" content=\"ladyitaliaeconomia\" \/>\n\t<meta name=\"twitter:label2\" content=\"Tempo di lettura stimato\" \/>\n\t<meta name=\"twitter:data2\" content=\"4 minuti\" \/>\n<script type=\"application\/ld+json\" class=\"yoast-schema-graph\">{\"@context\":\"https:\/\/schema.org\",\"@graph\":[{\"@type\":\"WebPage\",\"@id\":\"https:\/\/www.italiaeconomiaonline.it\/web\/il-contributo-a-fondo-perduto-del-primo-lockdown-e-finito-da-mesi-e-molte-imprese-non-lhanno-ricevuto\/\",\"url\":\"https:\/\/www.italiaeconomiaonline.it\/web\/il-contributo-a-fondo-perduto-del-primo-lockdown-e-finito-da-mesi-e-molte-imprese-non-lhanno-ricevuto\/\",\"name\":\"Il contributo a fondo perduto del primo lockdown \u00e8 finito da mesi e molte imprese non l'hanno ricevuto -\",\"isPartOf\":{\"@id\":\"https:\/\/www.italiaeconomiaonline.it\/web\/#website\"},\"primaryImageOfPage\":{\"@id\":\"https:\/\/www.italiaeconomiaonline.it\/web\/il-contributo-a-fondo-perduto-del-primo-lockdown-e-finito-da-mesi-e-molte-imprese-non-lhanno-ricevuto\/#primaryimage\"},\"image\":{\"@id\":\"https:\/\/www.italiaeconomiaonline.it\/web\/il-contributo-a-fondo-perduto-del-primo-lockdown-e-finito-da-mesi-e-molte-imprese-non-lhanno-ricevuto\/#primaryimage\"},\"thumbnailUrl\":\"https:\/\/www.italiaeconomiaonline.it\/web\/wp-content\/uploads\/2020\/11\/Schermata-2020-11-02-alle-16.10.44.png\",\"datePublished\":\"2020-11-02T15:12:16+00:00\",\"dateModified\":\"2020-11-02T15:12:16+00:00\",\"author\":{\"@id\":\"https:\/\/www.italiaeconomiaonline.it\/web\/#\/schema\/person\/909a49cce752523b020fbc37d5ab1c31\"},\"breadcrumb\":{\"@id\":\"https:\/\/www.italiaeconomiaonline.it\/web\/il-contributo-a-fondo-perduto-del-primo-lockdown-e-finito-da-mesi-e-molte-imprese-non-lhanno-ricevuto\/#breadcrumb\"},\"inLanguage\":\"it-IT\",\"potentialAction\":[{\"@type\":\"ReadAction\",\"target\":[\"https:\/\/www.italiaeconomiaonline.it\/web\/il-contributo-a-fondo-perduto-del-primo-lockdown-e-finito-da-mesi-e-molte-imprese-non-lhanno-ricevuto\/\"]}]},{\"@type\":\"ImageObject\",\"inLanguage\":\"it-IT\",\"@id\":\"https:\/\/www.italiaeconomiaonline.it\/web\/il-contributo-a-fondo-perduto-del-primo-lockdown-e-finito-da-mesi-e-molte-imprese-non-lhanno-ricevuto\/#primaryimage\",\"url\":\"https:\/\/www.italiaeconomiaonline.it\/web\/wp-content\/uploads\/2020\/11\/Schermata-2020-11-02-alle-16.10.44.png\",\"contentUrl\":\"https:\/\/www.italiaeconomiaonline.it\/web\/wp-content\/uploads\/2020\/11\/Schermata-2020-11-02-alle-16.10.44.png\",\"width\":1160,\"height\":786},{\"@type\":\"BreadcrumbList\",\"@id\":\"https:\/\/www.italiaeconomiaonline.it\/web\/il-contributo-a-fondo-perduto-del-primo-lockdown-e-finito-da-mesi-e-molte-imprese-non-lhanno-ricevuto\/#breadcrumb\",\"itemListElement\":[{\"@type\":\"ListItem\",\"position\":1,\"name\":\"Home\",\"item\":\"https:\/\/www.italiaeconomiaonline.it\/web\/\"},{\"@type\":\"ListItem\",\"position\":2,\"name\":\"Il contributo a fondo perduto del primo lockdown \u00e8 finito da mesi e molte imprese non l&#8217;hanno ricevuto\"}]},{\"@type\":\"WebSite\",\"@id\":\"https:\/\/www.italiaeconomiaonline.it\/web\/#website\",\"url\":\"https:\/\/www.italiaeconomiaonline.it\/web\/\",\"name\":\"ItaliaEconomiaOnline\",\"description\":\"Quotidiano Economico Online\",\"potentialAction\":[{\"@type\":\"SearchAction\",\"target\":{\"@type\":\"EntryPoint\",\"urlTemplate\":\"https:\/\/www.italiaeconomiaonline.it\/web\/?s={search_term_string}\"},\"query-input\":\"required name=search_term_string\"}],\"inLanguage\":\"it-IT\"},{\"@type\":\"Person\",\"@id\":\"https:\/\/www.italiaeconomiaonline.it\/web\/#\/schema\/person\/909a49cce752523b020fbc37d5ab1c31\",\"name\":\"ladyitaliaeconomia\",\"image\":{\"@type\":\"ImageObject\",\"inLanguage\":\"it-IT\",\"@id\":\"https:\/\/www.italiaeconomiaonline.it\/web\/#\/schema\/person\/image\/\",\"url\":\"https:\/\/secure.gravatar.com\/avatar\/cedca10ce7416a579b9fa6bce9c0a8f2?s=96&d=mm&r=g\",\"contentUrl\":\"https:\/\/secure.gravatar.com\/avatar\/cedca10ce7416a579b9fa6bce9c0a8f2?s=96&d=mm&r=g\",\"caption\":\"ladyitaliaeconomia\"},\"url\":\"https:\/\/www.italiaeconomiaonline.it\/web\/author\/ladyitaliaeconomia\/\"}]}<\/script>\n<!-- \/ Yoast SEO plugin. -->","yoast_head_json":{"title":"Il contributo a fondo perduto del primo lockdown \u00e8 finito da mesi e molte imprese non l'hanno ricevuto -","robots":{"index":"index","follow":"follow","max-snippet":"max-snippet:-1","max-image-preview":"max-image-preview:large","max-video-preview":"max-video-preview:-1"},"canonical":"https:\/\/www.italiaeconomiaonline.it\/web\/il-contributo-a-fondo-perduto-del-primo-lockdown-e-finito-da-mesi-e-molte-imprese-non-lhanno-ricevuto\/","og_locale":"it_IT","og_type":"article","og_title":"Il contributo a fondo perduto del primo lockdown \u00e8 finito da mesi e molte imprese non l'hanno ricevuto -","og_description":"Marco Paccagnella, presidente della Federcontribuenti: &#8221;il 58,6% delle attivit\u00e0 produttive non ha ricevuto il finanziamento dei 25 mila euro e a fine 2020 conteremo un milione e 500 mila lavoratori in meno e quando scadr\u00e0 il blocco dei licenziamenti il 62,8% delle imprese lascer\u00e0 a casa da 1 a 5 dipendenti. A marzo il governo [&hellip;]","og_url":"https:\/\/www.italiaeconomiaonline.it\/web\/il-contributo-a-fondo-perduto-del-primo-lockdown-e-finito-da-mesi-e-molte-imprese-non-lhanno-ricevuto\/","og_site_name":"ItaliaEconomiaOnline","article_published_time":"2020-11-02T15:12:16+00:00","og_image":[{"width":1160,"height":786,"url":"https:\/\/www.italiaeconomiaonline.it\/web\/wp-content\/uploads\/2020\/11\/Schermata-2020-11-02-alle-16.10.44.png","type":"image\/png"}],"author":"ladyitaliaeconomia","twitter_card":"summary_large_image","twitter_misc":{"Scritto da":"ladyitaliaeconomia","Tempo di lettura stimato":"4 minuti"},"schema":{"@context":"https:\/\/schema.org","@graph":[{"@type":"WebPage","@id":"https:\/\/www.italiaeconomiaonline.it\/web\/il-contributo-a-fondo-perduto-del-primo-lockdown-e-finito-da-mesi-e-molte-imprese-non-lhanno-ricevuto\/","url":"https:\/\/www.italiaeconomiaonline.it\/web\/il-contributo-a-fondo-perduto-del-primo-lockdown-e-finito-da-mesi-e-molte-imprese-non-lhanno-ricevuto\/","name":"Il contributo a fondo perduto del primo lockdown \u00e8 finito da mesi e molte imprese non l'hanno ricevuto -","isPartOf":{"@id":"https:\/\/www.italiaeconomiaonline.it\/web\/#website"},"primaryImageOfPage":{"@id":"https:\/\/www.italiaeconomiaonline.it\/web\/il-contributo-a-fondo-perduto-del-primo-lockdown-e-finito-da-mesi-e-molte-imprese-non-lhanno-ricevuto\/#primaryimage"},"image":{"@id":"https:\/\/www.italiaeconomiaonline.it\/web\/il-contributo-a-fondo-perduto-del-primo-lockdown-e-finito-da-mesi-e-molte-imprese-non-lhanno-ricevuto\/#primaryimage"},"thumbnailUrl":"https:\/\/www.italiaeconomiaonline.it\/web\/wp-content\/uploads\/2020\/11\/Schermata-2020-11-02-alle-16.10.44.png","datePublished":"2020-11-02T15:12:16+00:00","dateModified":"2020-11-02T15:12:16+00:00","author":{"@id":"https:\/\/www.italiaeconomiaonline.it\/web\/#\/schema\/person\/909a49cce752523b020fbc37d5ab1c31"},"breadcrumb":{"@id":"https:\/\/www.italiaeconomiaonline.it\/web\/il-contributo-a-fondo-perduto-del-primo-lockdown-e-finito-da-mesi-e-molte-imprese-non-lhanno-ricevuto\/#breadcrumb"},"inLanguage":"it-IT","potentialAction":[{"@type":"ReadAction","target":["https:\/\/www.italiaeconomiaonline.it\/web\/il-contributo-a-fondo-perduto-del-primo-lockdown-e-finito-da-mesi-e-molte-imprese-non-lhanno-ricevuto\/"]}]},{"@type":"ImageObject","inLanguage":"it-IT","@id":"https:\/\/www.italiaeconomiaonline.it\/web\/il-contributo-a-fondo-perduto-del-primo-lockdown-e-finito-da-mesi-e-molte-imprese-non-lhanno-ricevuto\/#primaryimage","url":"https:\/\/www.italiaeconomiaonline.it\/web\/wp-content\/uploads\/2020\/11\/Schermata-2020-11-02-alle-16.10.44.png","contentUrl":"https:\/\/www.italiaeconomiaonline.it\/web\/wp-content\/uploads\/2020\/11\/Schermata-2020-11-02-alle-16.10.44.png","width":1160,"height":786},{"@type":"BreadcrumbList","@id":"https:\/\/www.italiaeconomiaonline.it\/web\/il-contributo-a-fondo-perduto-del-primo-lockdown-e-finito-da-mesi-e-molte-imprese-non-lhanno-ricevuto\/#breadcrumb","itemListElement":[{"@type":"ListItem","position":1,"name":"Home","item":"https:\/\/www.italiaeconomiaonline.it\/web\/"},{"@type":"ListItem","position":2,"name":"Il contributo a fondo perduto del primo lockdown \u00e8 finito da mesi e molte imprese non l&#8217;hanno ricevuto"}]},{"@type":"WebSite","@id":"https:\/\/www.italiaeconomiaonline.it\/web\/#website","url":"https:\/\/www.italiaeconomiaonline.it\/web\/","name":"ItaliaEconomiaOnline","description":"Quotidiano Economico Online","potentialAction":[{"@type":"SearchAction","target":{"@type":"EntryPoint","urlTemplate":"https:\/\/www.italiaeconomiaonline.it\/web\/?s={search_term_string}"},"query-input":"required name=search_term_string"}],"inLanguage":"it-IT"},{"@type":"Person","@id":"https:\/\/www.italiaeconomiaonline.it\/web\/#\/schema\/person\/909a49cce752523b020fbc37d5ab1c31","name":"ladyitaliaeconomia","image":{"@type":"ImageObject","inLanguage":"it-IT","@id":"https:\/\/www.italiaeconomiaonline.it\/web\/#\/schema\/person\/image\/","url":"https:\/\/secure.gravatar.com\/avatar\/cedca10ce7416a579b9fa6bce9c0a8f2?s=96&d=mm&r=g","contentUrl":"https:\/\/secure.gravatar.com\/avatar\/cedca10ce7416a579b9fa6bce9c0a8f2?s=96&d=mm&r=g","caption":"ladyitaliaeconomia"},"url":"https:\/\/www.italiaeconomiaonline.it\/web\/author\/ladyitaliaeconomia\/"}]}},"_links":{"self":[{"href":"https:\/\/www.italiaeconomiaonline.it\/web\/wp-json\/wp\/v2\/posts\/4532"}],"collection":[{"href":"https:\/\/www.italiaeconomiaonline.it\/web\/wp-json\/wp\/v2\/posts"}],"about":[{"href":"https:\/\/www.italiaeconomiaonline.it\/web\/wp-json\/wp\/v2\/types\/post"}],"author":[{"embeddable":true,"href":"https:\/\/www.italiaeconomiaonline.it\/web\/wp-json\/wp\/v2\/users\/1"}],"replies":[{"embeddable":true,"href":"https:\/\/www.italiaeconomiaonline.it\/web\/wp-json\/wp\/v2\/comments?post=4532"}],"version-history":[{"count":1,"href":"https:\/\/www.italiaeconomiaonline.it\/web\/wp-json\/wp\/v2\/posts\/4532\/revisions"}],"predecessor-version":[{"id":4534,"href":"https:\/\/www.italiaeconomiaonline.it\/web\/wp-json\/wp\/v2\/posts\/4532\/revisions\/4534"}],"wp:featuredmedia":[{"embeddable":true,"href":"https:\/\/www.italiaeconomiaonline.it\/web\/wp-json\/wp\/v2\/media\/4533"}],"wp:attachment":[{"href":"https:\/\/www.italiaeconomiaonline.it\/web\/wp-json\/wp\/v2\/media?parent=4532"}],"wp:term":[{"taxonomy":"category","embeddable":true,"href":"https:\/\/www.italiaeconomiaonline.it\/web\/wp-json\/wp\/v2\/categories?post=4532"},{"taxonomy":"post_tag","embeddable":true,"href":"https:\/\/www.italiaeconomiaonline.it\/web\/wp-json\/wp\/v2\/tags?post=4532"}],"curies":[{"name":"wp","href":"https:\/\/api.w.org\/{rel}","templated":true}]}}