{"id":4535,"date":"2020-11-02T16:13:41","date_gmt":"2020-11-02T15:13:41","guid":{"rendered":"http:\/\/www.italiaeconomiaonline.it\/web\/?p=4535"},"modified":"2020-11-02T16:13:41","modified_gmt":"2020-11-02T15:13:41","slug":"vaccarino-cna-i-servizi-alla-persona-non-vanno-penalizzati-finora-non-hanno-rappresentato-una-fonte-di-contagio","status":"publish","type":"post","link":"https:\/\/www.italiaeconomiaonline.it\/web\/vaccarino-cna-i-servizi-alla-persona-non-vanno-penalizzati-finora-non-hanno-rappresentato-una-fonte-di-contagio\/","title":{"rendered":"Vaccarino (CNA): \u201cI servizi alla persona non vanno penalizzati: finora non hanno rappresentato una fonte di contagio\u201d"},"content":{"rendered":"<p><span class=\"dropcap dropcap3\">C<\/span>NA \u00e8 estremamente preoccupata dalle indiscrezioni filtrate attraverso i mezzi di comunicazione su alcuni provvedimenti contenuti nel Dpcm che si appresta a varare il presidente del Consiglio.<\/p>\n<p>In particolare, ci allarmano le voci relative a una stretta sul settore dei servizi alla persona, a cominciare dai servizi di acconciatura ed estetica. Finora, infatti, questi artigiani hanno rispettato in maniera sistematica e continua i protocolli di sicurezza fissati dalle autorit\u00e0 pubbliche, in molti casi rendendoli ancora pi\u00f9 stringenti. Non \u00e8 un caso che non abbiano rappresentato una fonte di contagio.<\/p>\n<p>Pare francamente assurdo, pertanto, che questa categoria, gi\u00e0 penalizzata in maniera pesante dalle restrizioni sociali e dal forte calo dei consumi, possa essere punita di nuovo e senza motivazioni oggettive. CNA chiede quindi che il Governo fughi questi timori evitando atti punitivi e ingiustificati verso una incolpevole categoria di artigiani che crea occupazione e forma sul campo lavoratori senza nulla in cambio. CNA chiede, inoltre, che qualsiasi restrizione inserita nel nuovo Dpcm, territoriale od oraria, permetta il libero svolgimento delle attivit\u00e0 lavorative\u201d.<\/p>\n<p>&nbsp;<\/p>\n<p>&nbsp;<\/p>\n","protected":false},"excerpt":{"rendered":"<p>CNA \u00e8 estremamente preoccupata dalle indiscrezioni filtrate attraverso i mezzi di comunicazione su alcuni provvedimenti contenuti nel Dpcm che si appresta a varare il presidente del Consiglio. In particolare, ci allarmano le voci relative a una stretta sul settore dei servizi alla persona, a cominciare dai servizi di acconciatura ed estetica. Finora, infatti, questi artigiani [&hellip;]<\/p>\n","protected":false},"author":1,"featured_media":4041,"comment_status":"closed","ping_status":"open","sticky":false,"template":"","format":"standard","meta":{"footnotes":""},"categories":[56],"tags":[425,1372],"yoast_head":"<!-- This site is optimized with the Yoast SEO plugin v22.2 - https:\/\/yoast.com\/wordpress\/plugins\/seo\/ -->\n<title>Vaccarino (CNA): \u201cI servizi alla persona non vanno penalizzati: finora non hanno rappresentato una fonte di contagio\u201d -<\/title>\n<meta name=\"robots\" content=\"index, follow, max-snippet:-1, max-image-preview:large, max-video-preview:-1\" \/>\n<link rel=\"canonical\" href=\"https:\/\/www.italiaeconomiaonline.it\/web\/vaccarino-cna-i-servizi-alla-persona-non-vanno-penalizzati-finora-non-hanno-rappresentato-una-fonte-di-contagio\/\" \/>\n<meta property=\"og:locale\" content=\"it_IT\" \/>\n<meta property=\"og:type\" content=\"article\" \/>\n<meta property=\"og:title\" content=\"Vaccarino (CNA): \u201cI servizi alla persona non vanno penalizzati: finora non hanno rappresentato una fonte di contagio\u201d -\" \/>\n<meta property=\"og:description\" content=\"CNA \u00e8 estremamente preoccupata dalle indiscrezioni filtrate attraverso i mezzi di comunicazione su alcuni provvedimenti contenuti nel Dpcm che si appresta a varare il presidente del Consiglio. In particolare, ci allarmano le voci relative a una stretta sul settore dei servizi alla persona, a cominciare dai servizi di acconciatura ed estetica. Finora, infatti, questi artigiani [&hellip;]\" \/>\n<meta property=\"og:url\" content=\"https:\/\/www.italiaeconomiaonline.it\/web\/vaccarino-cna-i-servizi-alla-persona-non-vanno-penalizzati-finora-non-hanno-rappresentato-una-fonte-di-contagio\/\" \/>\n<meta property=\"og:site_name\" content=\"ItaliaEconomiaOnline\" \/>\n<meta property=\"article:published_time\" content=\"2020-11-02T15:13:41+00:00\" \/>\n<meta property=\"og:image\" content=\"https:\/\/www.italiaeconomiaonline.it\/web\/wp-content\/uploads\/2020\/09\/Schermata-2020-09-02-alle-18.50.01.png\" \/>\n\t<meta property=\"og:image:width\" content=\"990\" \/>\n\t<meta property=\"og:image:height\" content=\"632\" \/>\n\t<meta property=\"og:image:type\" content=\"image\/png\" \/>\n<meta name=\"author\" content=\"ladyitaliaeconomia\" \/>\n<meta name=\"twitter:card\" content=\"summary_large_image\" \/>\n<meta name=\"twitter:label1\" content=\"Scritto da\" \/>\n\t<meta name=\"twitter:data1\" content=\"ladyitaliaeconomia\" \/>\n\t<meta name=\"twitter:label2\" content=\"Tempo di lettura stimato\" \/>\n\t<meta name=\"twitter:data2\" content=\"1 minuto\" \/>\n<script type=\"application\/ld+json\" class=\"yoast-schema-graph\">{\"@context\":\"https:\/\/schema.org\",\"@graph\":[{\"@type\":\"WebPage\",\"@id\":\"https:\/\/www.italiaeconomiaonline.it\/web\/vaccarino-cna-i-servizi-alla-persona-non-vanno-penalizzati-finora-non-hanno-rappresentato-una-fonte-di-contagio\/\",\"url\":\"https:\/\/www.italiaeconomiaonline.it\/web\/vaccarino-cna-i-servizi-alla-persona-non-vanno-penalizzati-finora-non-hanno-rappresentato-una-fonte-di-contagio\/\",\"name\":\"Vaccarino (CNA): \u201cI servizi alla persona non vanno penalizzati: finora non hanno rappresentato una fonte di contagio\u201d -\",\"isPartOf\":{\"@id\":\"https:\/\/www.italiaeconomiaonline.it\/web\/#website\"},\"primaryImageOfPage\":{\"@id\":\"https:\/\/www.italiaeconomiaonline.it\/web\/vaccarino-cna-i-servizi-alla-persona-non-vanno-penalizzati-finora-non-hanno-rappresentato-una-fonte-di-contagio\/#primaryimage\"},\"image\":{\"@id\":\"https:\/\/www.italiaeconomiaonline.it\/web\/vaccarino-cna-i-servizi-alla-persona-non-vanno-penalizzati-finora-non-hanno-rappresentato-una-fonte-di-contagio\/#primaryimage\"},\"thumbnailUrl\":\"https:\/\/www.italiaeconomiaonline.it\/web\/wp-content\/uploads\/2020\/09\/Schermata-2020-09-02-alle-18.50.01.png\",\"datePublished\":\"2020-11-02T15:13:41+00:00\",\"dateModified\":\"2020-11-02T15:13:41+00:00\",\"author\":{\"@id\":\"https:\/\/www.italiaeconomiaonline.it\/web\/#\/schema\/person\/909a49cce752523b020fbc37d5ab1c31\"},\"breadcrumb\":{\"@id\":\"https:\/\/www.italiaeconomiaonline.it\/web\/vaccarino-cna-i-servizi-alla-persona-non-vanno-penalizzati-finora-non-hanno-rappresentato-una-fonte-di-contagio\/#breadcrumb\"},\"inLanguage\":\"it-IT\",\"potentialAction\":[{\"@type\":\"ReadAction\",\"target\":[\"https:\/\/www.italiaeconomiaonline.it\/web\/vaccarino-cna-i-servizi-alla-persona-non-vanno-penalizzati-finora-non-hanno-rappresentato-una-fonte-di-contagio\/\"]}]},{\"@type\":\"ImageObject\",\"inLanguage\":\"it-IT\",\"@id\":\"https:\/\/www.italiaeconomiaonline.it\/web\/vaccarino-cna-i-servizi-alla-persona-non-vanno-penalizzati-finora-non-hanno-rappresentato-una-fonte-di-contagio\/#primaryimage\",\"url\":\"https:\/\/www.italiaeconomiaonline.it\/web\/wp-content\/uploads\/2020\/09\/Schermata-2020-09-02-alle-18.50.01.png\",\"contentUrl\":\"https:\/\/www.italiaeconomiaonline.it\/web\/wp-content\/uploads\/2020\/09\/Schermata-2020-09-02-alle-18.50.01.png\",\"width\":990,\"height\":632},{\"@type\":\"BreadcrumbList\",\"@id\":\"https:\/\/www.italiaeconomiaonline.it\/web\/vaccarino-cna-i-servizi-alla-persona-non-vanno-penalizzati-finora-non-hanno-rappresentato-una-fonte-di-contagio\/#breadcrumb\",\"itemListElement\":[{\"@type\":\"ListItem\",\"position\":1,\"name\":\"Home\",\"item\":\"https:\/\/www.italiaeconomiaonline.it\/web\/\"},{\"@type\":\"ListItem\",\"position\":2,\"name\":\"Vaccarino (CNA): \u201cI servizi alla persona non vanno penalizzati: finora non hanno rappresentato una fonte di contagio\u201d\"}]},{\"@type\":\"WebSite\",\"@id\":\"https:\/\/www.italiaeconomiaonline.it\/web\/#website\",\"url\":\"https:\/\/www.italiaeconomiaonline.it\/web\/\",\"name\":\"ItaliaEconomiaOnline\",\"description\":\"Quotidiano Economico Online\",\"potentialAction\":[{\"@type\":\"SearchAction\",\"target\":{\"@type\":\"EntryPoint\",\"urlTemplate\":\"https:\/\/www.italiaeconomiaonline.it\/web\/?s={search_term_string}\"},\"query-input\":\"required name=search_term_string\"}],\"inLanguage\":\"it-IT\"},{\"@type\":\"Person\",\"@id\":\"https:\/\/www.italiaeconomiaonline.it\/web\/#\/schema\/person\/909a49cce752523b020fbc37d5ab1c31\",\"name\":\"ladyitaliaeconomia\",\"image\":{\"@type\":\"ImageObject\",\"inLanguage\":\"it-IT\",\"@id\":\"https:\/\/www.italiaeconomiaonline.it\/web\/#\/schema\/person\/image\/\",\"url\":\"https:\/\/secure.gravatar.com\/avatar\/cedca10ce7416a579b9fa6bce9c0a8f2?s=96&d=mm&r=g\",\"contentUrl\":\"https:\/\/secure.gravatar.com\/avatar\/cedca10ce7416a579b9fa6bce9c0a8f2?s=96&d=mm&r=g\",\"caption\":\"ladyitaliaeconomia\"},\"url\":\"https:\/\/www.italiaeconomiaonline.it\/web\/author\/ladyitaliaeconomia\/\"}]}<\/script>\n<!-- \/ Yoast SEO plugin. -->","yoast_head_json":{"title":"Vaccarino (CNA): \u201cI servizi alla persona non vanno penalizzati: finora non hanno rappresentato una fonte di contagio\u201d -","robots":{"index":"index","follow":"follow","max-snippet":"max-snippet:-1","max-image-preview":"max-image-preview:large","max-video-preview":"max-video-preview:-1"},"canonical":"https:\/\/www.italiaeconomiaonline.it\/web\/vaccarino-cna-i-servizi-alla-persona-non-vanno-penalizzati-finora-non-hanno-rappresentato-una-fonte-di-contagio\/","og_locale":"it_IT","og_type":"article","og_title":"Vaccarino (CNA): \u201cI servizi alla persona non vanno penalizzati: finora non hanno rappresentato una fonte di contagio\u201d -","og_description":"CNA \u00e8 estremamente preoccupata dalle indiscrezioni filtrate attraverso i mezzi di comunicazione su alcuni provvedimenti contenuti nel Dpcm che si appresta a varare il presidente del Consiglio. In particolare, ci allarmano le voci relative a una stretta sul settore dei servizi alla persona, a cominciare dai servizi di acconciatura ed estetica. Finora, infatti, questi artigiani [&hellip;]","og_url":"https:\/\/www.italiaeconomiaonline.it\/web\/vaccarino-cna-i-servizi-alla-persona-non-vanno-penalizzati-finora-non-hanno-rappresentato-una-fonte-di-contagio\/","og_site_name":"ItaliaEconomiaOnline","article_published_time":"2020-11-02T15:13:41+00:00","og_image":[{"width":990,"height":632,"url":"https:\/\/www.italiaeconomiaonline.it\/web\/wp-content\/uploads\/2020\/09\/Schermata-2020-09-02-alle-18.50.01.png","type":"image\/png"}],"author":"ladyitaliaeconomia","twitter_card":"summary_large_image","twitter_misc":{"Scritto da":"ladyitaliaeconomia","Tempo di lettura stimato":"1 minuto"},"schema":{"@context":"https:\/\/schema.org","@graph":[{"@type":"WebPage","@id":"https:\/\/www.italiaeconomiaonline.it\/web\/vaccarino-cna-i-servizi-alla-persona-non-vanno-penalizzati-finora-non-hanno-rappresentato-una-fonte-di-contagio\/","url":"https:\/\/www.italiaeconomiaonline.it\/web\/vaccarino-cna-i-servizi-alla-persona-non-vanno-penalizzati-finora-non-hanno-rappresentato-una-fonte-di-contagio\/","name":"Vaccarino (CNA): \u201cI servizi alla persona non vanno penalizzati: finora non hanno rappresentato una fonte di contagio\u201d -","isPartOf":{"@id":"https:\/\/www.italiaeconomiaonline.it\/web\/#website"},"primaryImageOfPage":{"@id":"https:\/\/www.italiaeconomiaonline.it\/web\/vaccarino-cna-i-servizi-alla-persona-non-vanno-penalizzati-finora-non-hanno-rappresentato-una-fonte-di-contagio\/#primaryimage"},"image":{"@id":"https:\/\/www.italiaeconomiaonline.it\/web\/vaccarino-cna-i-servizi-alla-persona-non-vanno-penalizzati-finora-non-hanno-rappresentato-una-fonte-di-contagio\/#primaryimage"},"thumbnailUrl":"https:\/\/www.italiaeconomiaonline.it\/web\/wp-content\/uploads\/2020\/09\/Schermata-2020-09-02-alle-18.50.01.png","datePublished":"2020-11-02T15:13:41+00:00","dateModified":"2020-11-02T15:13:41+00:00","author":{"@id":"https:\/\/www.italiaeconomiaonline.it\/web\/#\/schema\/person\/909a49cce752523b020fbc37d5ab1c31"},"breadcrumb":{"@id":"https:\/\/www.italiaeconomiaonline.it\/web\/vaccarino-cna-i-servizi-alla-persona-non-vanno-penalizzati-finora-non-hanno-rappresentato-una-fonte-di-contagio\/#breadcrumb"},"inLanguage":"it-IT","potentialAction":[{"@type":"ReadAction","target":["https:\/\/www.italiaeconomiaonline.it\/web\/vaccarino-cna-i-servizi-alla-persona-non-vanno-penalizzati-finora-non-hanno-rappresentato-una-fonte-di-contagio\/"]}]},{"@type":"ImageObject","inLanguage":"it-IT","@id":"https:\/\/www.italiaeconomiaonline.it\/web\/vaccarino-cna-i-servizi-alla-persona-non-vanno-penalizzati-finora-non-hanno-rappresentato-una-fonte-di-contagio\/#primaryimage","url":"https:\/\/www.italiaeconomiaonline.it\/web\/wp-content\/uploads\/2020\/09\/Schermata-2020-09-02-alle-18.50.01.png","contentUrl":"https:\/\/www.italiaeconomiaonline.it\/web\/wp-content\/uploads\/2020\/09\/Schermata-2020-09-02-alle-18.50.01.png","width":990,"height":632},{"@type":"BreadcrumbList","@id":"https:\/\/www.italiaeconomiaonline.it\/web\/vaccarino-cna-i-servizi-alla-persona-non-vanno-penalizzati-finora-non-hanno-rappresentato-una-fonte-di-contagio\/#breadcrumb","itemListElement":[{"@type":"ListItem","position":1,"name":"Home","item":"https:\/\/www.italiaeconomiaonline.it\/web\/"},{"@type":"ListItem","position":2,"name":"Vaccarino (CNA): \u201cI servizi alla persona non vanno penalizzati: finora non hanno rappresentato una fonte di contagio\u201d"}]},{"@type":"WebSite","@id":"https:\/\/www.italiaeconomiaonline.it\/web\/#website","url":"https:\/\/www.italiaeconomiaonline.it\/web\/","name":"ItaliaEconomiaOnline","description":"Quotidiano Economico Online","potentialAction":[{"@type":"SearchAction","target":{"@type":"EntryPoint","urlTemplate":"https:\/\/www.italiaeconomiaonline.it\/web\/?s={search_term_string}"},"query-input":"required name=search_term_string"}],"inLanguage":"it-IT"},{"@type":"Person","@id":"https:\/\/www.italiaeconomiaonline.it\/web\/#\/schema\/person\/909a49cce752523b020fbc37d5ab1c31","name":"ladyitaliaeconomia","image":{"@type":"ImageObject","inLanguage":"it-IT","@id":"https:\/\/www.italiaeconomiaonline.it\/web\/#\/schema\/person\/image\/","url":"https:\/\/secure.gravatar.com\/avatar\/cedca10ce7416a579b9fa6bce9c0a8f2?s=96&d=mm&r=g","contentUrl":"https:\/\/secure.gravatar.com\/avatar\/cedca10ce7416a579b9fa6bce9c0a8f2?s=96&d=mm&r=g","caption":"ladyitaliaeconomia"},"url":"https:\/\/www.italiaeconomiaonline.it\/web\/author\/ladyitaliaeconomia\/"}]}},"_links":{"self":[{"href":"https:\/\/www.italiaeconomiaonline.it\/web\/wp-json\/wp\/v2\/posts\/4535"}],"collection":[{"href":"https:\/\/www.italiaeconomiaonline.it\/web\/wp-json\/wp\/v2\/posts"}],"about":[{"href":"https:\/\/www.italiaeconomiaonline.it\/web\/wp-json\/wp\/v2\/types\/post"}],"author":[{"embeddable":true,"href":"https:\/\/www.italiaeconomiaonline.it\/web\/wp-json\/wp\/v2\/users\/1"}],"replies":[{"embeddable":true,"href":"https:\/\/www.italiaeconomiaonline.it\/web\/wp-json\/wp\/v2\/comments?post=4535"}],"version-history":[{"count":1,"href":"https:\/\/www.italiaeconomiaonline.it\/web\/wp-json\/wp\/v2\/posts\/4535\/revisions"}],"predecessor-version":[{"id":4536,"href":"https:\/\/www.italiaeconomiaonline.it\/web\/wp-json\/wp\/v2\/posts\/4535\/revisions\/4536"}],"wp:featuredmedia":[{"embeddable":true,"href":"https:\/\/www.italiaeconomiaonline.it\/web\/wp-json\/wp\/v2\/media\/4041"}],"wp:attachment":[{"href":"https:\/\/www.italiaeconomiaonline.it\/web\/wp-json\/wp\/v2\/media?parent=4535"}],"wp:term":[{"taxonomy":"category","embeddable":true,"href":"https:\/\/www.italiaeconomiaonline.it\/web\/wp-json\/wp\/v2\/categories?post=4535"},{"taxonomy":"post_tag","embeddable":true,"href":"https:\/\/www.italiaeconomiaonline.it\/web\/wp-json\/wp\/v2\/tags?post=4535"}],"curies":[{"name":"wp","href":"https:\/\/api.w.org\/{rel}","templated":true}]}}