{"id":4537,"date":"2020-11-02T16:21:34","date_gmt":"2020-11-02T15:21:34","guid":{"rendered":"http:\/\/www.italiaeconomiaonline.it\/web\/?p=4537"},"modified":"2020-11-02T16:54:16","modified_gmt":"2020-11-02T15:54:16","slug":"patrimonializzazione-delle-imprese-competere-eu-scrive-al-governo-le-misure-non-sono-cumulabili-con-i-limiti-con-la-garanzia-del-fondo-pmi-o-sace","status":"publish","type":"post","link":"https:\/\/www.italiaeconomiaonline.it\/web\/patrimonializzazione-delle-imprese-competere-eu-scrive-al-governo-le-misure-non-sono-cumulabili-con-i-limiti-con-la-garanzia-del-fondo-pmi-o-sace\/","title":{"rendered":"Patrimonializzazione delle imprese, Competere.Eu scrive al Governo: le misure non sono cumulabili con i limiti con la garanzia del Fondo Pmi o Sace"},"content":{"rendered":"<p><span class=\"dropcap dropcap3\">L<\/span>e misure messe in campo dal Governo con il Fondo Patrimonio Pmi nato nell\u2019ambito del Quadro temporaneo per le misure di Aiuto di Stato a sostegno dell\u2019economia e dell\u2019attuale emergenza Covid-19 per spingere le imprese a rafforzare il patrimonio aziendale, rischiano di non raggiungere l\u2019obiettivo per le quali sono nate.<\/p>\n<p>E\u2019 fondamentale che il Governo, alla luce del riemergere della pandemia, tratti con la Commissione Europea per modificare i limiti e per prorogare il provvedimento al 2021 o ancor meglio al 2022, in coerenza con la recente proroga del Temporary Framework.\u201d<\/p>\n<p>Lo scrivono in una lettera inviata al Governo il segretario generale di Competere.EU Roberto Race e il coordinatore dell\u2019Osservatorio per la ricostruzione economica post Covid19 del think tank Giuseppe Arleo.<\/p>\n<p>\u201cL\u2019incentivo, nella sua complessit\u00e0 attuativa, \u00e8 alternativo- sottolinea Competere.Eu nella lettera- a quello dei finanziamenti garantiti ai sensi del Dl Liquidit\u00e0 per via dei limiti di cumulo previsti dal Temporary Framework in materia di Aiuti di Stato della Commissione Europea. Molte imprese hanno gi\u00e0 raggiunto i limiti con la garanzia del Fondo Pmi o Sace e non avranno accesso all\u2019agevolazione.\u201d<\/p>\n<p>\u201cLa pandemia Covid19- spiega Arleo- ha portato alla luce in maniera drammatica uno dei problemi annosi delle imprese italiane: la scarsa patrimonializzazione. Il Governo ha cercato di correre ai ripari con due strumenti, una misura gestita da Invitalia, e dei crediti d\u2019imposta a cura dell\u2019Agenzia delle Entrate\u201d.<\/p>\n<p>\u201cNell\u2019ambito del Quadro temporaneo per le misure di Aiuto di Stato a sostegno dell\u2019economia e dell\u2019attuale emergenza Covid-19 -spiega Arleo- l\u2019Unione Europea ha dato il via libera al Fondo Patrimonio Pmi. Entro il 31 dicembre 2020, le imprese che abbiano subito perdite pari ad almeno il 33% dei ricavi nel periodo marzo-aprile 2020 rispetto allo stesso periodo dell\u2019anno precedente, con ricavi non inferiori a 10 milioni di euro e non superiori ai 50 nel periodo d\u2019imposta 2019, con numero di dipendenti inferiore a 250, che effettuino un aumento di capitale non inferiore a 250 mila euro, possono emettere obbligazioni o titoli di debito sottoscrivibili dal Fondo. L\u2019ammontare massimo della sottoscrizione da parte del Fondo \u00e8 pari al minore importo tra il triplo dell\u2019incremento di capitale effettuato nel 2020 e il 12,5% dell\u2019ammontare dei ricavi 2019. Il rimborso \u00e8 stabilito decorsi sei anni dalla sottoscrizione, ma la societ\u00e0 emittente pu\u00f2 anticiparlo, decorsi tre anni. Gli interessi maturano con periodicit\u00e0 annuale e sono corrisposti in unica soluzione alla data di rimborso\u201d.<\/p>\n<p>\u201cLa dotazione presente di 4 miliardi di euro \u2013 continua Arleo &#8211; permette una gestione nel tempo dell\u2019incentivo evitando la procedura del click day.\u00a0 Invitalia, a cui \u00e8 affidata anche la rendicontazione della misura, ha gi\u00e0 indicato che la valutazione delle richieste debba avvenire seguendo l\u2019ordine cronologico, con una tempistica di valutazione entro 10 giorni dall\u2019arrivo delle richieste e conseguente erogazione, fatte salve richieste di integrazione, entro 20 giorni, rendendo quindi l\u2019incentivo estremamente rapido ed incisivo\u201d.<\/p>\n<p>Sono sottoscrivibili dal Fondo titoli con valore nominale non inferiore a 10 mila euro. Il tasso agevolato \u00e8 fissato a partire da 1,75% del primo anno, con interessi da corrispondere annualmente.<\/p>\n<p>Nel caso in cui l\u2019azienda abbia ottenuto altri aiuti il prestito ottenibile non potr\u00e0 superare il maggior valore tra il 25% del fatturato dell\u2019anno 2019 ed il doppio del costo del personale del medesimo anno.<br \/>\n\u201cL\u2019incentivo &#8211; precisa Arleo &#8211; deve essere destinato al finanziamento dei costi del personale, spese inerenti il capitale circolante come materie prime, locazioni, scorte, semilavorati, utenze, promozione, comunicazione ecc. In regime di de minimis, poi, \u00e8 presente una premialit\u00e0 pari alla riduzione del 5% del valore da rimborsare, purch\u00e9 siano mantenuti i livelli occupazionali presenti al 31 dicembre 2019 e si investa almeno il 30% del valore dei titoli in tutela ambientale e in tecnologia secondo i parametri di Industria 4.0\u201d.<\/p>\n<p>\u201cCome si evince, infatti, dall\u2019art 26 comma 12 del Dl Rilancio- sottolinea Arleo-\u2018\u2026.Qualora la societ\u00e0&#8217; sia beneficiaria di finanziamenti assistiti da garanzia pubblica in attuazione di un regime di aiuto ai sensi del paragrafo 3.2 della Comunicazione della Commissione europea recante un \u00abQuadro temporaneo per le misure di aiuto di Stato a sostegno dell&#8217;economia nell&#8217;attuale emergenza del COVID-19\u00bb, ovvero di aiuti sotto forma di tassi d&#8217;interesse agevolati in attuazione di un regime di aiuto ai sensi del paragrafo 3.3 della stessa Comunicazione, la somma degli importi garantiti, dei prestiti agevolati e dell&#8217;ammontare degli strumenti finanziari sottoscritti non pu\u00f2 superare il maggiore valore tra: il 25 per cento dell&#8217;ammontare dei ricavi di cui al comma 1, lettera a); il doppio dei costi del personale della societ\u00e0 relativi al 2019, come risultanti dal bilancio ovvero da dati certificati se l&#8217;impresa non ha approvato il bilancio; il fabbisogno di liquidit\u00e0 della societ\u00e0 per i diciotto mesi successivi alla concessione della misura di aiuto, come risultante da una autocertificazione del rappresentante legale\u2026.\u2019. Con le condizioni di accesso all\u2019incentivo, date dai parametri dimensionali delle imprese partecipanti, e dalla condizione della perdita di fatturato sopra indicata, l\u2019incentivo assume pi\u00f9 una connotazione di indennizzo a breve termine, che strategica, volta a intervenire sulla struttura finanziaria delle imprese\u201d.<\/p>\n<p>\u201c\u00c8 auspicabile &#8211; secondo Arleo &#8211; che il termine del 31 dicembre 2020 sia prorogato in coerenza con la recente proroga del Temporary Framework, anche in vista delle nuove criticit\u00e0 per le imprese indotte dalla pandemia. La proroga, d\u2019altra parte, sarebbe funzionale anche a una maggiore efficacia \u00a0dell\u2019incentivo, altrimenti troppo circoscritto nel tempo\u201d.<\/p>\n<p>\u201cOltre la misura gestita da Invitalia -conclude \u00a0il coordinatore dell\u2019Osservatorio per la ricostruzione economica post Covid19 del think tank Competere.eu- \u00e8 di notevole importanza l\u2019incentivo all\u2019aumento di capitale sociale tramite la procedura di credito d\u2019imposta attuata dall\u2019Agenzia delle entrate per coloro che apportino versamenti liquidi e per le societ\u00e0 beneficiarie. Le imprese con fatturato compreso tra 5 e 50 milioni di euro e con le caratteristiche sopra indicate per l\u2019accesso al Fondo patrimonio PMI (perdita di fatturato e aumento di capitale sociale) che apportano capitali liquidi avranno un credito d\u2019imposta pari al 20% capiente fino a 2 milioni di euro. Le societ\u00e0 beneficiarie possono anche usufruire solo in compensazione del credito d\u2019imposta nella misura del 50% delle perdite eccedenti il 10% del patrimonio netto fino ad un massimo di 800 mila euro ridotto a 120 mila per le imprese operanti nel settore pesca o 100 mila per quelle agricole\u201d.<\/p>\n<p><wbr \/><wbr \/><wbr \/><wbr \/><wbr \/><wbr \/><\/p>\n<div id=\"mt-signature\" contenteditable=\"false\"><\/div>\n","protected":false},"excerpt":{"rendered":"<p>Le misure messe in campo dal Governo con il Fondo Patrimonio Pmi nato nell\u2019ambito del Quadro temporaneo per le misure di Aiuto di Stato a sostegno dell\u2019economia e dell\u2019attuale emergenza Covid-19 per spingere le imprese a rafforzare il patrimonio aziendale, rischiano di non raggiungere l\u2019obiettivo per le quali sono nate. E\u2019 fondamentale che il Governo, [&hellip;]<\/p>\n","protected":false},"author":1,"featured_media":2801,"comment_status":"closed","ping_status":"open","sticky":false,"template":"","format":"standard","meta":{"footnotes":""},"categories":[56],"tags":[1023,1373,788],"yoast_head":"<!-- This site is optimized with the Yoast SEO plugin v22.2 - https:\/\/yoast.com\/wordpress\/plugins\/seo\/ -->\n<title>Patrimonializzazione delle imprese, Competere.Eu scrive al Governo: le misure non sono cumulabili con i limiti con la garanzia del Fondo Pmi o Sace -<\/title>\n<meta name=\"robots\" content=\"index, follow, max-snippet:-1, max-image-preview:large, max-video-preview:-1\" \/>\n<link rel=\"canonical\" href=\"https:\/\/www.italiaeconomiaonline.it\/web\/patrimonializzazione-delle-imprese-competere-eu-scrive-al-governo-le-misure-non-sono-cumulabili-con-i-limiti-con-la-garanzia-del-fondo-pmi-o-sace\/\" \/>\n<meta property=\"og:locale\" content=\"it_IT\" \/>\n<meta property=\"og:type\" content=\"article\" \/>\n<meta property=\"og:title\" content=\"Patrimonializzazione delle imprese, Competere.Eu scrive al Governo: le misure non sono cumulabili con i limiti con la garanzia del Fondo Pmi o Sace -\" \/>\n<meta property=\"og:description\" content=\"Le misure messe in campo dal Governo con il Fondo Patrimonio Pmi nato nell\u2019ambito del Quadro temporaneo per le misure di Aiuto di Stato a sostegno dell\u2019economia e dell\u2019attuale emergenza Covid-19 per spingere le imprese a rafforzare il patrimonio aziendale, rischiano di non raggiungere l\u2019obiettivo per le quali sono nate. E\u2019 fondamentale che il Governo, [&hellip;]\" \/>\n<meta property=\"og:url\" content=\"https:\/\/www.italiaeconomiaonline.it\/web\/patrimonializzazione-delle-imprese-competere-eu-scrive-al-governo-le-misure-non-sono-cumulabili-con-i-limiti-con-la-garanzia-del-fondo-pmi-o-sace\/\" \/>\n<meta property=\"og:site_name\" content=\"ItaliaEconomiaOnline\" \/>\n<meta property=\"article:published_time\" content=\"2020-11-02T15:21:34+00:00\" \/>\n<meta property=\"article:modified_time\" content=\"2020-11-02T15:54:16+00:00\" \/>\n<meta property=\"og:image\" content=\"https:\/\/www.italiaeconomiaonline.it\/web\/wp-content\/uploads\/2020\/04\/Roberto-Race-.jpg\" \/>\n\t<meta property=\"og:image:width\" content=\"1600\" \/>\n\t<meta property=\"og:image:height\" content=\"1067\" \/>\n\t<meta property=\"og:image:type\" content=\"image\/jpeg\" \/>\n<meta name=\"author\" content=\"ladyitaliaeconomia\" \/>\n<meta name=\"twitter:card\" content=\"summary_large_image\" \/>\n<meta name=\"twitter:label1\" content=\"Scritto da\" \/>\n\t<meta name=\"twitter:data1\" content=\"ladyitaliaeconomia\" \/>\n\t<meta name=\"twitter:label2\" content=\"Tempo di lettura stimato\" \/>\n\t<meta name=\"twitter:data2\" content=\"5 minuti\" \/>\n<script type=\"application\/ld+json\" class=\"yoast-schema-graph\">{\"@context\":\"https:\/\/schema.org\",\"@graph\":[{\"@type\":\"WebPage\",\"@id\":\"https:\/\/www.italiaeconomiaonline.it\/web\/patrimonializzazione-delle-imprese-competere-eu-scrive-al-governo-le-misure-non-sono-cumulabili-con-i-limiti-con-la-garanzia-del-fondo-pmi-o-sace\/\",\"url\":\"https:\/\/www.italiaeconomiaonline.it\/web\/patrimonializzazione-delle-imprese-competere-eu-scrive-al-governo-le-misure-non-sono-cumulabili-con-i-limiti-con-la-garanzia-del-fondo-pmi-o-sace\/\",\"name\":\"Patrimonializzazione delle imprese, Competere.Eu scrive al Governo: le misure non sono cumulabili con i limiti con la garanzia del Fondo Pmi o Sace -\",\"isPartOf\":{\"@id\":\"https:\/\/www.italiaeconomiaonline.it\/web\/#website\"},\"primaryImageOfPage\":{\"@id\":\"https:\/\/www.italiaeconomiaonline.it\/web\/patrimonializzazione-delle-imprese-competere-eu-scrive-al-governo-le-misure-non-sono-cumulabili-con-i-limiti-con-la-garanzia-del-fondo-pmi-o-sace\/#primaryimage\"},\"image\":{\"@id\":\"https:\/\/www.italiaeconomiaonline.it\/web\/patrimonializzazione-delle-imprese-competere-eu-scrive-al-governo-le-misure-non-sono-cumulabili-con-i-limiti-con-la-garanzia-del-fondo-pmi-o-sace\/#primaryimage\"},\"thumbnailUrl\":\"https:\/\/www.italiaeconomiaonline.it\/web\/wp-content\/uploads\/2020\/04\/Roberto-Race-.jpg\",\"datePublished\":\"2020-11-02T15:21:34+00:00\",\"dateModified\":\"2020-11-02T15:54:16+00:00\",\"author\":{\"@id\":\"https:\/\/www.italiaeconomiaonline.it\/web\/#\/schema\/person\/909a49cce752523b020fbc37d5ab1c31\"},\"breadcrumb\":{\"@id\":\"https:\/\/www.italiaeconomiaonline.it\/web\/patrimonializzazione-delle-imprese-competere-eu-scrive-al-governo-le-misure-non-sono-cumulabili-con-i-limiti-con-la-garanzia-del-fondo-pmi-o-sace\/#breadcrumb\"},\"inLanguage\":\"it-IT\",\"potentialAction\":[{\"@type\":\"ReadAction\",\"target\":[\"https:\/\/www.italiaeconomiaonline.it\/web\/patrimonializzazione-delle-imprese-competere-eu-scrive-al-governo-le-misure-non-sono-cumulabili-con-i-limiti-con-la-garanzia-del-fondo-pmi-o-sace\/\"]}]},{\"@type\":\"ImageObject\",\"inLanguage\":\"it-IT\",\"@id\":\"https:\/\/www.italiaeconomiaonline.it\/web\/patrimonializzazione-delle-imprese-competere-eu-scrive-al-governo-le-misure-non-sono-cumulabili-con-i-limiti-con-la-garanzia-del-fondo-pmi-o-sace\/#primaryimage\",\"url\":\"https:\/\/www.italiaeconomiaonline.it\/web\/wp-content\/uploads\/2020\/04\/Roberto-Race-.jpg\",\"contentUrl\":\"https:\/\/www.italiaeconomiaonline.it\/web\/wp-content\/uploads\/2020\/04\/Roberto-Race-.jpg\",\"width\":1600,\"height\":1067},{\"@type\":\"BreadcrumbList\",\"@id\":\"https:\/\/www.italiaeconomiaonline.it\/web\/patrimonializzazione-delle-imprese-competere-eu-scrive-al-governo-le-misure-non-sono-cumulabili-con-i-limiti-con-la-garanzia-del-fondo-pmi-o-sace\/#breadcrumb\",\"itemListElement\":[{\"@type\":\"ListItem\",\"position\":1,\"name\":\"Home\",\"item\":\"https:\/\/www.italiaeconomiaonline.it\/web\/\"},{\"@type\":\"ListItem\",\"position\":2,\"name\":\"Patrimonializzazione delle imprese, Competere.Eu scrive al Governo: le misure non sono cumulabili con i limiti con la garanzia del Fondo Pmi o Sace\"}]},{\"@type\":\"WebSite\",\"@id\":\"https:\/\/www.italiaeconomiaonline.it\/web\/#website\",\"url\":\"https:\/\/www.italiaeconomiaonline.it\/web\/\",\"name\":\"ItaliaEconomiaOnline\",\"description\":\"Quotidiano Economico Online\",\"potentialAction\":[{\"@type\":\"SearchAction\",\"target\":{\"@type\":\"EntryPoint\",\"urlTemplate\":\"https:\/\/www.italiaeconomiaonline.it\/web\/?s={search_term_string}\"},\"query-input\":\"required name=search_term_string\"}],\"inLanguage\":\"it-IT\"},{\"@type\":\"Person\",\"@id\":\"https:\/\/www.italiaeconomiaonline.it\/web\/#\/schema\/person\/909a49cce752523b020fbc37d5ab1c31\",\"name\":\"ladyitaliaeconomia\",\"image\":{\"@type\":\"ImageObject\",\"inLanguage\":\"it-IT\",\"@id\":\"https:\/\/www.italiaeconomiaonline.it\/web\/#\/schema\/person\/image\/\",\"url\":\"https:\/\/secure.gravatar.com\/avatar\/cedca10ce7416a579b9fa6bce9c0a8f2?s=96&d=mm&r=g\",\"contentUrl\":\"https:\/\/secure.gravatar.com\/avatar\/cedca10ce7416a579b9fa6bce9c0a8f2?s=96&d=mm&r=g\",\"caption\":\"ladyitaliaeconomia\"},\"url\":\"https:\/\/www.italiaeconomiaonline.it\/web\/author\/ladyitaliaeconomia\/\"}]}<\/script>\n<!-- \/ Yoast SEO plugin. -->","yoast_head_json":{"title":"Patrimonializzazione delle imprese, Competere.Eu scrive al Governo: le misure non sono cumulabili con i limiti con la garanzia del Fondo Pmi o Sace -","robots":{"index":"index","follow":"follow","max-snippet":"max-snippet:-1","max-image-preview":"max-image-preview:large","max-video-preview":"max-video-preview:-1"},"canonical":"https:\/\/www.italiaeconomiaonline.it\/web\/patrimonializzazione-delle-imprese-competere-eu-scrive-al-governo-le-misure-non-sono-cumulabili-con-i-limiti-con-la-garanzia-del-fondo-pmi-o-sace\/","og_locale":"it_IT","og_type":"article","og_title":"Patrimonializzazione delle imprese, Competere.Eu scrive al Governo: le misure non sono cumulabili con i limiti con la garanzia del Fondo Pmi o Sace -","og_description":"Le misure messe in campo dal Governo con il Fondo Patrimonio Pmi nato nell\u2019ambito del Quadro temporaneo per le misure di Aiuto di Stato a sostegno dell\u2019economia e dell\u2019attuale emergenza Covid-19 per spingere le imprese a rafforzare il patrimonio aziendale, rischiano di non raggiungere l\u2019obiettivo per le quali sono nate. E\u2019 fondamentale che il Governo, [&hellip;]","og_url":"https:\/\/www.italiaeconomiaonline.it\/web\/patrimonializzazione-delle-imprese-competere-eu-scrive-al-governo-le-misure-non-sono-cumulabili-con-i-limiti-con-la-garanzia-del-fondo-pmi-o-sace\/","og_site_name":"ItaliaEconomiaOnline","article_published_time":"2020-11-02T15:21:34+00:00","article_modified_time":"2020-11-02T15:54:16+00:00","og_image":[{"width":1600,"height":1067,"url":"https:\/\/www.italiaeconomiaonline.it\/web\/wp-content\/uploads\/2020\/04\/Roberto-Race-.jpg","type":"image\/jpeg"}],"author":"ladyitaliaeconomia","twitter_card":"summary_large_image","twitter_misc":{"Scritto da":"ladyitaliaeconomia","Tempo di lettura stimato":"5 minuti"},"schema":{"@context":"https:\/\/schema.org","@graph":[{"@type":"WebPage","@id":"https:\/\/www.italiaeconomiaonline.it\/web\/patrimonializzazione-delle-imprese-competere-eu-scrive-al-governo-le-misure-non-sono-cumulabili-con-i-limiti-con-la-garanzia-del-fondo-pmi-o-sace\/","url":"https:\/\/www.italiaeconomiaonline.it\/web\/patrimonializzazione-delle-imprese-competere-eu-scrive-al-governo-le-misure-non-sono-cumulabili-con-i-limiti-con-la-garanzia-del-fondo-pmi-o-sace\/","name":"Patrimonializzazione delle imprese, Competere.Eu scrive al Governo: le misure non sono cumulabili con i limiti con la garanzia del Fondo Pmi o Sace -","isPartOf":{"@id":"https:\/\/www.italiaeconomiaonline.it\/web\/#website"},"primaryImageOfPage":{"@id":"https:\/\/www.italiaeconomiaonline.it\/web\/patrimonializzazione-delle-imprese-competere-eu-scrive-al-governo-le-misure-non-sono-cumulabili-con-i-limiti-con-la-garanzia-del-fondo-pmi-o-sace\/#primaryimage"},"image":{"@id":"https:\/\/www.italiaeconomiaonline.it\/web\/patrimonializzazione-delle-imprese-competere-eu-scrive-al-governo-le-misure-non-sono-cumulabili-con-i-limiti-con-la-garanzia-del-fondo-pmi-o-sace\/#primaryimage"},"thumbnailUrl":"https:\/\/www.italiaeconomiaonline.it\/web\/wp-content\/uploads\/2020\/04\/Roberto-Race-.jpg","datePublished":"2020-11-02T15:21:34+00:00","dateModified":"2020-11-02T15:54:16+00:00","author":{"@id":"https:\/\/www.italiaeconomiaonline.it\/web\/#\/schema\/person\/909a49cce752523b020fbc37d5ab1c31"},"breadcrumb":{"@id":"https:\/\/www.italiaeconomiaonline.it\/web\/patrimonializzazione-delle-imprese-competere-eu-scrive-al-governo-le-misure-non-sono-cumulabili-con-i-limiti-con-la-garanzia-del-fondo-pmi-o-sace\/#breadcrumb"},"inLanguage":"it-IT","potentialAction":[{"@type":"ReadAction","target":["https:\/\/www.italiaeconomiaonline.it\/web\/patrimonializzazione-delle-imprese-competere-eu-scrive-al-governo-le-misure-non-sono-cumulabili-con-i-limiti-con-la-garanzia-del-fondo-pmi-o-sace\/"]}]},{"@type":"ImageObject","inLanguage":"it-IT","@id":"https:\/\/www.italiaeconomiaonline.it\/web\/patrimonializzazione-delle-imprese-competere-eu-scrive-al-governo-le-misure-non-sono-cumulabili-con-i-limiti-con-la-garanzia-del-fondo-pmi-o-sace\/#primaryimage","url":"https:\/\/www.italiaeconomiaonline.it\/web\/wp-content\/uploads\/2020\/04\/Roberto-Race-.jpg","contentUrl":"https:\/\/www.italiaeconomiaonline.it\/web\/wp-content\/uploads\/2020\/04\/Roberto-Race-.jpg","width":1600,"height":1067},{"@type":"BreadcrumbList","@id":"https:\/\/www.italiaeconomiaonline.it\/web\/patrimonializzazione-delle-imprese-competere-eu-scrive-al-governo-le-misure-non-sono-cumulabili-con-i-limiti-con-la-garanzia-del-fondo-pmi-o-sace\/#breadcrumb","itemListElement":[{"@type":"ListItem","position":1,"name":"Home","item":"https:\/\/www.italiaeconomiaonline.it\/web\/"},{"@type":"ListItem","position":2,"name":"Patrimonializzazione delle imprese, Competere.Eu scrive al Governo: le misure non sono cumulabili con i limiti con la garanzia del Fondo Pmi o Sace"}]},{"@type":"WebSite","@id":"https:\/\/www.italiaeconomiaonline.it\/web\/#website","url":"https:\/\/www.italiaeconomiaonline.it\/web\/","name":"ItaliaEconomiaOnline","description":"Quotidiano Economico Online","potentialAction":[{"@type":"SearchAction","target":{"@type":"EntryPoint","urlTemplate":"https:\/\/www.italiaeconomiaonline.it\/web\/?s={search_term_string}"},"query-input":"required name=search_term_string"}],"inLanguage":"it-IT"},{"@type":"Person","@id":"https:\/\/www.italiaeconomiaonline.it\/web\/#\/schema\/person\/909a49cce752523b020fbc37d5ab1c31","name":"ladyitaliaeconomia","image":{"@type":"ImageObject","inLanguage":"it-IT","@id":"https:\/\/www.italiaeconomiaonline.it\/web\/#\/schema\/person\/image\/","url":"https:\/\/secure.gravatar.com\/avatar\/cedca10ce7416a579b9fa6bce9c0a8f2?s=96&d=mm&r=g","contentUrl":"https:\/\/secure.gravatar.com\/avatar\/cedca10ce7416a579b9fa6bce9c0a8f2?s=96&d=mm&r=g","caption":"ladyitaliaeconomia"},"url":"https:\/\/www.italiaeconomiaonline.it\/web\/author\/ladyitaliaeconomia\/"}]}},"_links":{"self":[{"href":"https:\/\/www.italiaeconomiaonline.it\/web\/wp-json\/wp\/v2\/posts\/4537"}],"collection":[{"href":"https:\/\/www.italiaeconomiaonline.it\/web\/wp-json\/wp\/v2\/posts"}],"about":[{"href":"https:\/\/www.italiaeconomiaonline.it\/web\/wp-json\/wp\/v2\/types\/post"}],"author":[{"embeddable":true,"href":"https:\/\/www.italiaeconomiaonline.it\/web\/wp-json\/wp\/v2\/users\/1"}],"replies":[{"embeddable":true,"href":"https:\/\/www.italiaeconomiaonline.it\/web\/wp-json\/wp\/v2\/comments?post=4537"}],"version-history":[{"count":2,"href":"https:\/\/www.italiaeconomiaonline.it\/web\/wp-json\/wp\/v2\/posts\/4537\/revisions"}],"predecessor-version":[{"id":4539,"href":"https:\/\/www.italiaeconomiaonline.it\/web\/wp-json\/wp\/v2\/posts\/4537\/revisions\/4539"}],"wp:featuredmedia":[{"embeddable":true,"href":"https:\/\/www.italiaeconomiaonline.it\/web\/wp-json\/wp\/v2\/media\/2801"}],"wp:attachment":[{"href":"https:\/\/www.italiaeconomiaonline.it\/web\/wp-json\/wp\/v2\/media?parent=4537"}],"wp:term":[{"taxonomy":"category","embeddable":true,"href":"https:\/\/www.italiaeconomiaonline.it\/web\/wp-json\/wp\/v2\/categories?post=4537"},{"taxonomy":"post_tag","embeddable":true,"href":"https:\/\/www.italiaeconomiaonline.it\/web\/wp-json\/wp\/v2\/tags?post=4537"}],"curies":[{"name":"wp","href":"https:\/\/api.w.org\/{rel}","templated":true}]}}