{"id":4540,"date":"2020-11-02T18:40:55","date_gmt":"2020-11-02T17:40:55","guid":{"rendered":"http:\/\/www.italiaeconomiaonline.it\/web\/?p=4540"},"modified":"2020-11-02T18:40:55","modified_gmt":"2020-11-02T17:40:55","slug":"nuove-restrizioni-confcommercio-piu-programmazione-e-coordinamento","status":"publish","type":"post","link":"https:\/\/www.italiaeconomiaonline.it\/web\/nuove-restrizioni-confcommercio-piu-programmazione-e-coordinamento\/","title":{"rendered":"Nuove restrizioni, Confcommercio: pi\u00f9 programmazione e coordinamento"},"content":{"rendered":"<p><span class=\"dropcap dropcap3\">C<\/span>onfcommercio rimane convinta del fatto che la necessit\u00e0 di contrastare con la massima determinazione l\u2019aggravarsi dell\u2019emergenza epidemiologica richieda anzitutto pi\u00f9 programmazione e pi\u00f9 coordinamento.<\/p>\n<p>Pi\u00f9 programmazione e pi\u00f9 coordinamento per recuperare i ritardi e per sanare gli errori che largamente spiegano le criticit\u00e0 emerse su tanti fronti: da quello dei tamponi, del tracciamento e della sanit\u00e0 territoriale ed ospedaliera a quelli del trasporto pubblico locale e della scuola.<\/p>\n<p>Pi\u00f9 programmazione e pi\u00f9 coordinamento perch\u00e9 la soluzione di ultima istanza del \u2018pi\u00f9 chiusure\u2019 determina costi economici e sociali crescenti, sempre meno sostenibili e che, comunque, richiedono ristori davvero adeguati e davvero tempestivi: \u00e8 quanto si legge in una nota di Confcommercio in vista delle annunciate nuove restrizioni che il Governo si appresta a varare.<\/p>\n","protected":false},"excerpt":{"rendered":"<p>Confcommercio rimane convinta del fatto che la necessit\u00e0 di contrastare con la massima determinazione l\u2019aggravarsi dell\u2019emergenza epidemiologica richieda anzitutto pi\u00f9 programmazione e pi\u00f9 coordinamento. Pi\u00f9 programmazione e pi\u00f9 coordinamento per recuperare i ritardi e per sanare gli errori che largamente spiegano le criticit\u00e0 emerse su tanti fronti: da quello dei tamponi, del tracciamento e della [&hellip;]<\/p>\n","protected":false},"author":1,"featured_media":3716,"comment_status":"closed","ping_status":"open","sticky":false,"template":"","format":"standard","meta":{"footnotes":""},"categories":[612],"tags":[],"yoast_head":"<!-- This site is optimized with the Yoast SEO plugin v22.2 - https:\/\/yoast.com\/wordpress\/plugins\/seo\/ -->\n<title>Nuove restrizioni, Confcommercio: pi\u00f9 programmazione e coordinamento -<\/title>\n<meta name=\"robots\" content=\"index, follow, max-snippet:-1, max-image-preview:large, max-video-preview:-1\" \/>\n<link rel=\"canonical\" href=\"https:\/\/www.italiaeconomiaonline.it\/web\/nuove-restrizioni-confcommercio-piu-programmazione-e-coordinamento\/\" \/>\n<meta property=\"og:locale\" content=\"it_IT\" \/>\n<meta property=\"og:type\" content=\"article\" \/>\n<meta property=\"og:title\" content=\"Nuove restrizioni, Confcommercio: pi\u00f9 programmazione e coordinamento -\" \/>\n<meta property=\"og:description\" content=\"Confcommercio rimane convinta del fatto che la necessit\u00e0 di contrastare con la massima determinazione l\u2019aggravarsi dell\u2019emergenza epidemiologica richieda anzitutto pi\u00f9 programmazione e pi\u00f9 coordinamento. Pi\u00f9 programmazione e pi\u00f9 coordinamento per recuperare i ritardi e per sanare gli errori che largamente spiegano le criticit\u00e0 emerse su tanti fronti: da quello dei tamponi, del tracciamento e della [&hellip;]\" \/>\n<meta property=\"og:url\" content=\"https:\/\/www.italiaeconomiaonline.it\/web\/nuove-restrizioni-confcommercio-piu-programmazione-e-coordinamento\/\" \/>\n<meta property=\"og:site_name\" content=\"ItaliaEconomiaOnline\" \/>\n<meta property=\"article:published_time\" content=\"2020-11-02T17:40:55+00:00\" \/>\n<meta property=\"og:image\" content=\"https:\/\/www.italiaeconomiaonline.it\/web\/wp-content\/uploads\/2020\/07\/Schermata-2020-07-21-alle-12.05.30.png\" \/>\n\t<meta property=\"og:image:width\" content=\"1710\" \/>\n\t<meta property=\"og:image:height\" content=\"924\" \/>\n\t<meta property=\"og:image:type\" content=\"image\/png\" \/>\n<meta name=\"author\" content=\"ladyitaliaeconomia\" \/>\n<meta name=\"twitter:card\" content=\"summary_large_image\" \/>\n<meta name=\"twitter:label1\" content=\"Scritto da\" \/>\n\t<meta name=\"twitter:data1\" content=\"ladyitaliaeconomia\" \/>\n\t<meta name=\"twitter:label2\" content=\"Tempo di lettura stimato\" \/>\n\t<meta name=\"twitter:data2\" content=\"1 minuto\" \/>\n<script type=\"application\/ld+json\" class=\"yoast-schema-graph\">{\"@context\":\"https:\/\/schema.org\",\"@graph\":[{\"@type\":\"WebPage\",\"@id\":\"https:\/\/www.italiaeconomiaonline.it\/web\/nuove-restrizioni-confcommercio-piu-programmazione-e-coordinamento\/\",\"url\":\"https:\/\/www.italiaeconomiaonline.it\/web\/nuove-restrizioni-confcommercio-piu-programmazione-e-coordinamento\/\",\"name\":\"Nuove restrizioni, Confcommercio: pi\u00f9 programmazione e coordinamento -\",\"isPartOf\":{\"@id\":\"https:\/\/www.italiaeconomiaonline.it\/web\/#website\"},\"primaryImageOfPage\":{\"@id\":\"https:\/\/www.italiaeconomiaonline.it\/web\/nuove-restrizioni-confcommercio-piu-programmazione-e-coordinamento\/#primaryimage\"},\"image\":{\"@id\":\"https:\/\/www.italiaeconomiaonline.it\/web\/nuove-restrizioni-confcommercio-piu-programmazione-e-coordinamento\/#primaryimage\"},\"thumbnailUrl\":\"https:\/\/www.italiaeconomiaonline.it\/web\/wp-content\/uploads\/2020\/07\/Schermata-2020-07-21-alle-12.05.30.png\",\"datePublished\":\"2020-11-02T17:40:55+00:00\",\"dateModified\":\"2020-11-02T17:40:55+00:00\",\"author\":{\"@id\":\"https:\/\/www.italiaeconomiaonline.it\/web\/#\/schema\/person\/909a49cce752523b020fbc37d5ab1c31\"},\"breadcrumb\":{\"@id\":\"https:\/\/www.italiaeconomiaonline.it\/web\/nuove-restrizioni-confcommercio-piu-programmazione-e-coordinamento\/#breadcrumb\"},\"inLanguage\":\"it-IT\",\"potentialAction\":[{\"@type\":\"ReadAction\",\"target\":[\"https:\/\/www.italiaeconomiaonline.it\/web\/nuove-restrizioni-confcommercio-piu-programmazione-e-coordinamento\/\"]}]},{\"@type\":\"ImageObject\",\"inLanguage\":\"it-IT\",\"@id\":\"https:\/\/www.italiaeconomiaonline.it\/web\/nuove-restrizioni-confcommercio-piu-programmazione-e-coordinamento\/#primaryimage\",\"url\":\"https:\/\/www.italiaeconomiaonline.it\/web\/wp-content\/uploads\/2020\/07\/Schermata-2020-07-21-alle-12.05.30.png\",\"contentUrl\":\"https:\/\/www.italiaeconomiaonline.it\/web\/wp-content\/uploads\/2020\/07\/Schermata-2020-07-21-alle-12.05.30.png\",\"width\":1710,\"height\":924},{\"@type\":\"BreadcrumbList\",\"@id\":\"https:\/\/www.italiaeconomiaonline.it\/web\/nuove-restrizioni-confcommercio-piu-programmazione-e-coordinamento\/#breadcrumb\",\"itemListElement\":[{\"@type\":\"ListItem\",\"position\":1,\"name\":\"Home\",\"item\":\"https:\/\/www.italiaeconomiaonline.it\/web\/\"},{\"@type\":\"ListItem\",\"position\":2,\"name\":\"Nuove restrizioni, Confcommercio: pi\u00f9 programmazione e coordinamento\"}]},{\"@type\":\"WebSite\",\"@id\":\"https:\/\/www.italiaeconomiaonline.it\/web\/#website\",\"url\":\"https:\/\/www.italiaeconomiaonline.it\/web\/\",\"name\":\"ItaliaEconomiaOnline\",\"description\":\"Quotidiano Economico Online\",\"potentialAction\":[{\"@type\":\"SearchAction\",\"target\":{\"@type\":\"EntryPoint\",\"urlTemplate\":\"https:\/\/www.italiaeconomiaonline.it\/web\/?s={search_term_string}\"},\"query-input\":\"required name=search_term_string\"}],\"inLanguage\":\"it-IT\"},{\"@type\":\"Person\",\"@id\":\"https:\/\/www.italiaeconomiaonline.it\/web\/#\/schema\/person\/909a49cce752523b020fbc37d5ab1c31\",\"name\":\"ladyitaliaeconomia\",\"image\":{\"@type\":\"ImageObject\",\"inLanguage\":\"it-IT\",\"@id\":\"https:\/\/www.italiaeconomiaonline.it\/web\/#\/schema\/person\/image\/\",\"url\":\"https:\/\/secure.gravatar.com\/avatar\/cedca10ce7416a579b9fa6bce9c0a8f2?s=96&d=mm&r=g\",\"contentUrl\":\"https:\/\/secure.gravatar.com\/avatar\/cedca10ce7416a579b9fa6bce9c0a8f2?s=96&d=mm&r=g\",\"caption\":\"ladyitaliaeconomia\"},\"url\":\"https:\/\/www.italiaeconomiaonline.it\/web\/author\/ladyitaliaeconomia\/\"}]}<\/script>\n<!-- \/ Yoast SEO plugin. -->","yoast_head_json":{"title":"Nuove restrizioni, Confcommercio: pi\u00f9 programmazione e coordinamento -","robots":{"index":"index","follow":"follow","max-snippet":"max-snippet:-1","max-image-preview":"max-image-preview:large","max-video-preview":"max-video-preview:-1"},"canonical":"https:\/\/www.italiaeconomiaonline.it\/web\/nuove-restrizioni-confcommercio-piu-programmazione-e-coordinamento\/","og_locale":"it_IT","og_type":"article","og_title":"Nuove restrizioni, Confcommercio: pi\u00f9 programmazione e coordinamento -","og_description":"Confcommercio rimane convinta del fatto che la necessit\u00e0 di contrastare con la massima determinazione l\u2019aggravarsi dell\u2019emergenza epidemiologica richieda anzitutto pi\u00f9 programmazione e pi\u00f9 coordinamento. Pi\u00f9 programmazione e pi\u00f9 coordinamento per recuperare i ritardi e per sanare gli errori che largamente spiegano le criticit\u00e0 emerse su tanti fronti: da quello dei tamponi, del tracciamento e della [&hellip;]","og_url":"https:\/\/www.italiaeconomiaonline.it\/web\/nuove-restrizioni-confcommercio-piu-programmazione-e-coordinamento\/","og_site_name":"ItaliaEconomiaOnline","article_published_time":"2020-11-02T17:40:55+00:00","og_image":[{"width":1710,"height":924,"url":"https:\/\/www.italiaeconomiaonline.it\/web\/wp-content\/uploads\/2020\/07\/Schermata-2020-07-21-alle-12.05.30.png","type":"image\/png"}],"author":"ladyitaliaeconomia","twitter_card":"summary_large_image","twitter_misc":{"Scritto da":"ladyitaliaeconomia","Tempo di lettura stimato":"1 minuto"},"schema":{"@context":"https:\/\/schema.org","@graph":[{"@type":"WebPage","@id":"https:\/\/www.italiaeconomiaonline.it\/web\/nuove-restrizioni-confcommercio-piu-programmazione-e-coordinamento\/","url":"https:\/\/www.italiaeconomiaonline.it\/web\/nuove-restrizioni-confcommercio-piu-programmazione-e-coordinamento\/","name":"Nuove restrizioni, Confcommercio: pi\u00f9 programmazione e coordinamento -","isPartOf":{"@id":"https:\/\/www.italiaeconomiaonline.it\/web\/#website"},"primaryImageOfPage":{"@id":"https:\/\/www.italiaeconomiaonline.it\/web\/nuove-restrizioni-confcommercio-piu-programmazione-e-coordinamento\/#primaryimage"},"image":{"@id":"https:\/\/www.italiaeconomiaonline.it\/web\/nuove-restrizioni-confcommercio-piu-programmazione-e-coordinamento\/#primaryimage"},"thumbnailUrl":"https:\/\/www.italiaeconomiaonline.it\/web\/wp-content\/uploads\/2020\/07\/Schermata-2020-07-21-alle-12.05.30.png","datePublished":"2020-11-02T17:40:55+00:00","dateModified":"2020-11-02T17:40:55+00:00","author":{"@id":"https:\/\/www.italiaeconomiaonline.it\/web\/#\/schema\/person\/909a49cce752523b020fbc37d5ab1c31"},"breadcrumb":{"@id":"https:\/\/www.italiaeconomiaonline.it\/web\/nuove-restrizioni-confcommercio-piu-programmazione-e-coordinamento\/#breadcrumb"},"inLanguage":"it-IT","potentialAction":[{"@type":"ReadAction","target":["https:\/\/www.italiaeconomiaonline.it\/web\/nuove-restrizioni-confcommercio-piu-programmazione-e-coordinamento\/"]}]},{"@type":"ImageObject","inLanguage":"it-IT","@id":"https:\/\/www.italiaeconomiaonline.it\/web\/nuove-restrizioni-confcommercio-piu-programmazione-e-coordinamento\/#primaryimage","url":"https:\/\/www.italiaeconomiaonline.it\/web\/wp-content\/uploads\/2020\/07\/Schermata-2020-07-21-alle-12.05.30.png","contentUrl":"https:\/\/www.italiaeconomiaonline.it\/web\/wp-content\/uploads\/2020\/07\/Schermata-2020-07-21-alle-12.05.30.png","width":1710,"height":924},{"@type":"BreadcrumbList","@id":"https:\/\/www.italiaeconomiaonline.it\/web\/nuove-restrizioni-confcommercio-piu-programmazione-e-coordinamento\/#breadcrumb","itemListElement":[{"@type":"ListItem","position":1,"name":"Home","item":"https:\/\/www.italiaeconomiaonline.it\/web\/"},{"@type":"ListItem","position":2,"name":"Nuove restrizioni, Confcommercio: pi\u00f9 programmazione e coordinamento"}]},{"@type":"WebSite","@id":"https:\/\/www.italiaeconomiaonline.it\/web\/#website","url":"https:\/\/www.italiaeconomiaonline.it\/web\/","name":"ItaliaEconomiaOnline","description":"Quotidiano Economico Online","potentialAction":[{"@type":"SearchAction","target":{"@type":"EntryPoint","urlTemplate":"https:\/\/www.italiaeconomiaonline.it\/web\/?s={search_term_string}"},"query-input":"required name=search_term_string"}],"inLanguage":"it-IT"},{"@type":"Person","@id":"https:\/\/www.italiaeconomiaonline.it\/web\/#\/schema\/person\/909a49cce752523b020fbc37d5ab1c31","name":"ladyitaliaeconomia","image":{"@type":"ImageObject","inLanguage":"it-IT","@id":"https:\/\/www.italiaeconomiaonline.it\/web\/#\/schema\/person\/image\/","url":"https:\/\/secure.gravatar.com\/avatar\/cedca10ce7416a579b9fa6bce9c0a8f2?s=96&d=mm&r=g","contentUrl":"https:\/\/secure.gravatar.com\/avatar\/cedca10ce7416a579b9fa6bce9c0a8f2?s=96&d=mm&r=g","caption":"ladyitaliaeconomia"},"url":"https:\/\/www.italiaeconomiaonline.it\/web\/author\/ladyitaliaeconomia\/"}]}},"_links":{"self":[{"href":"https:\/\/www.italiaeconomiaonline.it\/web\/wp-json\/wp\/v2\/posts\/4540"}],"collection":[{"href":"https:\/\/www.italiaeconomiaonline.it\/web\/wp-json\/wp\/v2\/posts"}],"about":[{"href":"https:\/\/www.italiaeconomiaonline.it\/web\/wp-json\/wp\/v2\/types\/post"}],"author":[{"embeddable":true,"href":"https:\/\/www.italiaeconomiaonline.it\/web\/wp-json\/wp\/v2\/users\/1"}],"replies":[{"embeddable":true,"href":"https:\/\/www.italiaeconomiaonline.it\/web\/wp-json\/wp\/v2\/comments?post=4540"}],"version-history":[{"count":1,"href":"https:\/\/www.italiaeconomiaonline.it\/web\/wp-json\/wp\/v2\/posts\/4540\/revisions"}],"predecessor-version":[{"id":4541,"href":"https:\/\/www.italiaeconomiaonline.it\/web\/wp-json\/wp\/v2\/posts\/4540\/revisions\/4541"}],"wp:featuredmedia":[{"embeddable":true,"href":"https:\/\/www.italiaeconomiaonline.it\/web\/wp-json\/wp\/v2\/media\/3716"}],"wp:attachment":[{"href":"https:\/\/www.italiaeconomiaonline.it\/web\/wp-json\/wp\/v2\/media?parent=4540"}],"wp:term":[{"taxonomy":"category","embeddable":true,"href":"https:\/\/www.italiaeconomiaonline.it\/web\/wp-json\/wp\/v2\/categories?post=4540"},{"taxonomy":"post_tag","embeddable":true,"href":"https:\/\/www.italiaeconomiaonline.it\/web\/wp-json\/wp\/v2\/tags?post=4540"}],"curies":[{"name":"wp","href":"https:\/\/api.w.org\/{rel}","templated":true}]}}