{"id":4592,"date":"2020-11-09T17:39:12","date_gmt":"2020-11-09T16:39:12","guid":{"rendered":"http:\/\/www.italiaeconomiaonline.it\/web\/?p=4592"},"modified":"2020-11-09T17:39:12","modified_gmt":"2020-11-09T16:39:12","slug":"il-commissario-reynders-apre-la-settimana-internazionale-della-sicurezza-dei-prodotti-2020","status":"publish","type":"post","link":"https:\/\/www.italiaeconomiaonline.it\/web\/il-commissario-reynders-apre-la-settimana-internazionale-della-sicurezza-dei-prodotti-2020\/","title":{"rendered":"Il Commissario Reynders apre la Settimana internazionale della sicurezza dei prodotti 2020"},"content":{"rendered":"<p><span class=\"dropcap dropcap3\">O<\/span>ggi il Commissario Reynders aprir\u00e0 la Settimana internazionale della sicurezza dei prodotti 2020, durante la quale altri due mercati online &#8211; <a href=\"https:\/\/www.bol.com\/nl\/\">Bol.com<\/a> e <a href=\"https:\/\/www.emag.ro\/\">eMAG<\/a> &#8211; aderiranno ufficialmente <a href=\"https:\/\/ec.europa.eu\/info\/business-economy-euro\/product-safety-and-requirements\/product-safety\/product-safety-rules_it\"> all&#8217;impegno per la sicurezza dei prodotti<\/a>, che li vincola ad impegnarsi a rimuovere pi\u00f9 rapidamente i prodotti pericolosi dalle loro piattaforme.<\/p>\n<p>Didier <strong>Reynders<\/strong>, Commissario per la Giustizia, ha dichiarato: &#8220;<em>A seguito della crisi del coronavirus, gli acquisti online sono aumentati e con loro le truffe. Non possiamo osservare inerti come questi truffatori si approfittano delle vulnerabilit\u00e0 dei consumatori. Solo con la collaborazione dei rivenditori online possiamo proteggere i consumatori dell&#8217;UE e garantire la sicurezza dei prodotti. Sono lieto di accogliere Bol.com e eMAG tra i firmatari dell&#8217;impegno per la sicurezza dei prodotti e invito altri rivenditori online a seguire il loro esempio. Dobbiamo continuare ad impegnarci per migliorare la sicurezza dei consumatori, online e offline.<\/em>&#8221;<\/p>\n<p><a href=\"https:\/\/www.bol.com\/nl\/\">Bol.com<\/a> e <a href=\"https:\/\/www.emag.ro\/\">eMAG<\/a> si aggiungono ad altri sette importanti mercati online: Alibaba (per AliExpress), Allegro, Amazon, Cdiscount, eBay, Rakuten France e Wish.com, che si sono gi\u00e0 impegnati a rimuovere pi\u00f9 rapidamente i prodotti pericolosi. Queste societ\u00e0 agevoleranno la notifica dei prodotti pericolosi da parte dei clienti e li rimuoveranno entro due giorni lavorativi dalla comunicazione da parte delle autorit\u00e0 degli Stati membri dell&#8217;UE.<\/p>\n<p>La Settimana internazionale della sicurezza dei prodotti 2020 riunir\u00e0 partecipanti da tutto il mondo in una conferenza virtuale per discutere di come rafforzare la sicurezza dei prodotti a livello mondiale. L&#8217;evento di quest&#8217;anno si concentrer\u00e0 sulla sicurezza dei prodotti durante la crisi di Covid-19 e su come migliorare la tracciabilit\u00e0 e il ritiro dal mercato dei prodotti pericolosi. Maggiori informazioni sulla Settimana internazionale della sicurezza dei prodotti sono disponibili <a href=\"https:\/\/www.ipsw2020.eu\/home\">online<\/a> e la conferenza e il discorso del Commissario Reynders saranno disponibili su <a href=\"https:\/\/audiovisual.ec.europa.eu\/en\/video\/I-198187\">EbS<\/a>.<\/p>\n<p>In settimana la Commissione presenter\u00e0 anche la sua nuova agenda dei consumatori, che delineer\u00e0 le priorit\u00e0 e le azioni in materia di politica dei consumatori per i prossimi anni.<\/p>\n<p>&nbsp;<\/p>\n","protected":false},"excerpt":{"rendered":"<p>Oggi il Commissario Reynders aprir\u00e0 la Settimana internazionale della sicurezza dei prodotti 2020, durante la quale altri due mercati online &#8211; Bol.com e eMAG &#8211; aderiranno ufficialmente all&#8217;impegno per la sicurezza dei prodotti, che li vincola ad impegnarsi a rimuovere pi\u00f9 rapidamente i prodotti pericolosi dalle loro piattaforme. Didier Reynders, Commissario per la Giustizia, ha [&hellip;]<\/p>\n","protected":false},"author":1,"featured_media":2513,"comment_status":"closed","ping_status":"open","sticky":false,"template":"","format":"standard","meta":{"footnotes":""},"categories":[56],"tags":[],"yoast_head":"<!-- This site is optimized with the Yoast SEO plugin v22.2 - https:\/\/yoast.com\/wordpress\/plugins\/seo\/ -->\n<title>Il Commissario Reynders apre la Settimana internazionale della sicurezza dei prodotti 2020 -<\/title>\n<meta name=\"robots\" content=\"index, follow, max-snippet:-1, max-image-preview:large, max-video-preview:-1\" \/>\n<link rel=\"canonical\" href=\"https:\/\/www.italiaeconomiaonline.it\/web\/il-commissario-reynders-apre-la-settimana-internazionale-della-sicurezza-dei-prodotti-2020\/\" \/>\n<meta property=\"og:locale\" content=\"it_IT\" \/>\n<meta property=\"og:type\" content=\"article\" \/>\n<meta property=\"og:title\" content=\"Il Commissario Reynders apre la Settimana internazionale della sicurezza dei prodotti 2020 -\" \/>\n<meta property=\"og:description\" content=\"Oggi il Commissario Reynders aprir\u00e0 la Settimana internazionale della sicurezza dei prodotti 2020, durante la quale altri due mercati online &#8211; Bol.com e eMAG &#8211; aderiranno ufficialmente all&#8217;impegno per la sicurezza dei prodotti, che li vincola ad impegnarsi a rimuovere pi\u00f9 rapidamente i prodotti pericolosi dalle loro piattaforme. Didier Reynders, Commissario per la Giustizia, ha [&hellip;]\" \/>\n<meta property=\"og:url\" content=\"https:\/\/www.italiaeconomiaonline.it\/web\/il-commissario-reynders-apre-la-settimana-internazionale-della-sicurezza-dei-prodotti-2020\/\" \/>\n<meta property=\"og:site_name\" content=\"ItaliaEconomiaOnline\" \/>\n<meta property=\"article:published_time\" content=\"2020-11-09T16:39:12+00:00\" \/>\n<meta property=\"og:image\" content=\"https:\/\/www.italiaeconomiaonline.it\/web\/wp-content\/uploads\/2020\/02\/Schermata-2020-02-13-alle-10.24.47.png\" \/>\n\t<meta property=\"og:image:width\" content=\"744\" \/>\n\t<meta property=\"og:image:height\" content=\"424\" \/>\n\t<meta property=\"og:image:type\" content=\"image\/png\" \/>\n<meta name=\"author\" content=\"ladyitaliaeconomia\" \/>\n<meta name=\"twitter:card\" content=\"summary_large_image\" \/>\n<meta name=\"twitter:label1\" content=\"Scritto da\" \/>\n\t<meta name=\"twitter:data1\" content=\"ladyitaliaeconomia\" \/>\n\t<meta name=\"twitter:label2\" content=\"Tempo di lettura stimato\" \/>\n\t<meta name=\"twitter:data2\" content=\"2 minuti\" \/>\n<script type=\"application\/ld+json\" class=\"yoast-schema-graph\">{\"@context\":\"https:\/\/schema.org\",\"@graph\":[{\"@type\":\"WebPage\",\"@id\":\"https:\/\/www.italiaeconomiaonline.it\/web\/il-commissario-reynders-apre-la-settimana-internazionale-della-sicurezza-dei-prodotti-2020\/\",\"url\":\"https:\/\/www.italiaeconomiaonline.it\/web\/il-commissario-reynders-apre-la-settimana-internazionale-della-sicurezza-dei-prodotti-2020\/\",\"name\":\"Il Commissario Reynders apre la Settimana internazionale della sicurezza dei prodotti 2020 -\",\"isPartOf\":{\"@id\":\"https:\/\/www.italiaeconomiaonline.it\/web\/#website\"},\"primaryImageOfPage\":{\"@id\":\"https:\/\/www.italiaeconomiaonline.it\/web\/il-commissario-reynders-apre-la-settimana-internazionale-della-sicurezza-dei-prodotti-2020\/#primaryimage\"},\"image\":{\"@id\":\"https:\/\/www.italiaeconomiaonline.it\/web\/il-commissario-reynders-apre-la-settimana-internazionale-della-sicurezza-dei-prodotti-2020\/#primaryimage\"},\"thumbnailUrl\":\"https:\/\/www.italiaeconomiaonline.it\/web\/wp-content\/uploads\/2020\/02\/Schermata-2020-02-13-alle-10.24.47.png\",\"datePublished\":\"2020-11-09T16:39:12+00:00\",\"dateModified\":\"2020-11-09T16:39:12+00:00\",\"author\":{\"@id\":\"https:\/\/www.italiaeconomiaonline.it\/web\/#\/schema\/person\/909a49cce752523b020fbc37d5ab1c31\"},\"breadcrumb\":{\"@id\":\"https:\/\/www.italiaeconomiaonline.it\/web\/il-commissario-reynders-apre-la-settimana-internazionale-della-sicurezza-dei-prodotti-2020\/#breadcrumb\"},\"inLanguage\":\"it-IT\",\"potentialAction\":[{\"@type\":\"ReadAction\",\"target\":[\"https:\/\/www.italiaeconomiaonline.it\/web\/il-commissario-reynders-apre-la-settimana-internazionale-della-sicurezza-dei-prodotti-2020\/\"]}]},{\"@type\":\"ImageObject\",\"inLanguage\":\"it-IT\",\"@id\":\"https:\/\/www.italiaeconomiaonline.it\/web\/il-commissario-reynders-apre-la-settimana-internazionale-della-sicurezza-dei-prodotti-2020\/#primaryimage\",\"url\":\"https:\/\/www.italiaeconomiaonline.it\/web\/wp-content\/uploads\/2020\/02\/Schermata-2020-02-13-alle-10.24.47.png\",\"contentUrl\":\"https:\/\/www.italiaeconomiaonline.it\/web\/wp-content\/uploads\/2020\/02\/Schermata-2020-02-13-alle-10.24.47.png\",\"width\":744,\"height\":424,\"caption\":\"europa parlamento\"},{\"@type\":\"BreadcrumbList\",\"@id\":\"https:\/\/www.italiaeconomiaonline.it\/web\/il-commissario-reynders-apre-la-settimana-internazionale-della-sicurezza-dei-prodotti-2020\/#breadcrumb\",\"itemListElement\":[{\"@type\":\"ListItem\",\"position\":1,\"name\":\"Home\",\"item\":\"https:\/\/www.italiaeconomiaonline.it\/web\/\"},{\"@type\":\"ListItem\",\"position\":2,\"name\":\"Il Commissario Reynders apre la Settimana internazionale della sicurezza dei prodotti 2020\"}]},{\"@type\":\"WebSite\",\"@id\":\"https:\/\/www.italiaeconomiaonline.it\/web\/#website\",\"url\":\"https:\/\/www.italiaeconomiaonline.it\/web\/\",\"name\":\"ItaliaEconomiaOnline\",\"description\":\"Quotidiano Economico Online\",\"potentialAction\":[{\"@type\":\"SearchAction\",\"target\":{\"@type\":\"EntryPoint\",\"urlTemplate\":\"https:\/\/www.italiaeconomiaonline.it\/web\/?s={search_term_string}\"},\"query-input\":\"required name=search_term_string\"}],\"inLanguage\":\"it-IT\"},{\"@type\":\"Person\",\"@id\":\"https:\/\/www.italiaeconomiaonline.it\/web\/#\/schema\/person\/909a49cce752523b020fbc37d5ab1c31\",\"name\":\"ladyitaliaeconomia\",\"image\":{\"@type\":\"ImageObject\",\"inLanguage\":\"it-IT\",\"@id\":\"https:\/\/www.italiaeconomiaonline.it\/web\/#\/schema\/person\/image\/\",\"url\":\"https:\/\/secure.gravatar.com\/avatar\/cedca10ce7416a579b9fa6bce9c0a8f2?s=96&d=mm&r=g\",\"contentUrl\":\"https:\/\/secure.gravatar.com\/avatar\/cedca10ce7416a579b9fa6bce9c0a8f2?s=96&d=mm&r=g\",\"caption\":\"ladyitaliaeconomia\"},\"url\":\"https:\/\/www.italiaeconomiaonline.it\/web\/author\/ladyitaliaeconomia\/\"}]}<\/script>\n<!-- \/ Yoast SEO plugin. -->","yoast_head_json":{"title":"Il Commissario Reynders apre la Settimana internazionale della sicurezza dei prodotti 2020 -","robots":{"index":"index","follow":"follow","max-snippet":"max-snippet:-1","max-image-preview":"max-image-preview:large","max-video-preview":"max-video-preview:-1"},"canonical":"https:\/\/www.italiaeconomiaonline.it\/web\/il-commissario-reynders-apre-la-settimana-internazionale-della-sicurezza-dei-prodotti-2020\/","og_locale":"it_IT","og_type":"article","og_title":"Il Commissario Reynders apre la Settimana internazionale della sicurezza dei prodotti 2020 -","og_description":"Oggi il Commissario Reynders aprir\u00e0 la Settimana internazionale della sicurezza dei prodotti 2020, durante la quale altri due mercati online &#8211; Bol.com e eMAG &#8211; aderiranno ufficialmente all&#8217;impegno per la sicurezza dei prodotti, che li vincola ad impegnarsi a rimuovere pi\u00f9 rapidamente i prodotti pericolosi dalle loro piattaforme. Didier Reynders, Commissario per la Giustizia, ha [&hellip;]","og_url":"https:\/\/www.italiaeconomiaonline.it\/web\/il-commissario-reynders-apre-la-settimana-internazionale-della-sicurezza-dei-prodotti-2020\/","og_site_name":"ItaliaEconomiaOnline","article_published_time":"2020-11-09T16:39:12+00:00","og_image":[{"width":744,"height":424,"url":"https:\/\/www.italiaeconomiaonline.it\/web\/wp-content\/uploads\/2020\/02\/Schermata-2020-02-13-alle-10.24.47.png","type":"image\/png"}],"author":"ladyitaliaeconomia","twitter_card":"summary_large_image","twitter_misc":{"Scritto da":"ladyitaliaeconomia","Tempo di lettura stimato":"2 minuti"},"schema":{"@context":"https:\/\/schema.org","@graph":[{"@type":"WebPage","@id":"https:\/\/www.italiaeconomiaonline.it\/web\/il-commissario-reynders-apre-la-settimana-internazionale-della-sicurezza-dei-prodotti-2020\/","url":"https:\/\/www.italiaeconomiaonline.it\/web\/il-commissario-reynders-apre-la-settimana-internazionale-della-sicurezza-dei-prodotti-2020\/","name":"Il Commissario Reynders apre la Settimana internazionale della sicurezza dei prodotti 2020 -","isPartOf":{"@id":"https:\/\/www.italiaeconomiaonline.it\/web\/#website"},"primaryImageOfPage":{"@id":"https:\/\/www.italiaeconomiaonline.it\/web\/il-commissario-reynders-apre-la-settimana-internazionale-della-sicurezza-dei-prodotti-2020\/#primaryimage"},"image":{"@id":"https:\/\/www.italiaeconomiaonline.it\/web\/il-commissario-reynders-apre-la-settimana-internazionale-della-sicurezza-dei-prodotti-2020\/#primaryimage"},"thumbnailUrl":"https:\/\/www.italiaeconomiaonline.it\/web\/wp-content\/uploads\/2020\/02\/Schermata-2020-02-13-alle-10.24.47.png","datePublished":"2020-11-09T16:39:12+00:00","dateModified":"2020-11-09T16:39:12+00:00","author":{"@id":"https:\/\/www.italiaeconomiaonline.it\/web\/#\/schema\/person\/909a49cce752523b020fbc37d5ab1c31"},"breadcrumb":{"@id":"https:\/\/www.italiaeconomiaonline.it\/web\/il-commissario-reynders-apre-la-settimana-internazionale-della-sicurezza-dei-prodotti-2020\/#breadcrumb"},"inLanguage":"it-IT","potentialAction":[{"@type":"ReadAction","target":["https:\/\/www.italiaeconomiaonline.it\/web\/il-commissario-reynders-apre-la-settimana-internazionale-della-sicurezza-dei-prodotti-2020\/"]}]},{"@type":"ImageObject","inLanguage":"it-IT","@id":"https:\/\/www.italiaeconomiaonline.it\/web\/il-commissario-reynders-apre-la-settimana-internazionale-della-sicurezza-dei-prodotti-2020\/#primaryimage","url":"https:\/\/www.italiaeconomiaonline.it\/web\/wp-content\/uploads\/2020\/02\/Schermata-2020-02-13-alle-10.24.47.png","contentUrl":"https:\/\/www.italiaeconomiaonline.it\/web\/wp-content\/uploads\/2020\/02\/Schermata-2020-02-13-alle-10.24.47.png","width":744,"height":424,"caption":"europa parlamento"},{"@type":"BreadcrumbList","@id":"https:\/\/www.italiaeconomiaonline.it\/web\/il-commissario-reynders-apre-la-settimana-internazionale-della-sicurezza-dei-prodotti-2020\/#breadcrumb","itemListElement":[{"@type":"ListItem","position":1,"name":"Home","item":"https:\/\/www.italiaeconomiaonline.it\/web\/"},{"@type":"ListItem","position":2,"name":"Il Commissario Reynders apre la Settimana internazionale della sicurezza dei prodotti 2020"}]},{"@type":"WebSite","@id":"https:\/\/www.italiaeconomiaonline.it\/web\/#website","url":"https:\/\/www.italiaeconomiaonline.it\/web\/","name":"ItaliaEconomiaOnline","description":"Quotidiano Economico Online","potentialAction":[{"@type":"SearchAction","target":{"@type":"EntryPoint","urlTemplate":"https:\/\/www.italiaeconomiaonline.it\/web\/?s={search_term_string}"},"query-input":"required name=search_term_string"}],"inLanguage":"it-IT"},{"@type":"Person","@id":"https:\/\/www.italiaeconomiaonline.it\/web\/#\/schema\/person\/909a49cce752523b020fbc37d5ab1c31","name":"ladyitaliaeconomia","image":{"@type":"ImageObject","inLanguage":"it-IT","@id":"https:\/\/www.italiaeconomiaonline.it\/web\/#\/schema\/person\/image\/","url":"https:\/\/secure.gravatar.com\/avatar\/cedca10ce7416a579b9fa6bce9c0a8f2?s=96&d=mm&r=g","contentUrl":"https:\/\/secure.gravatar.com\/avatar\/cedca10ce7416a579b9fa6bce9c0a8f2?s=96&d=mm&r=g","caption":"ladyitaliaeconomia"},"url":"https:\/\/www.italiaeconomiaonline.it\/web\/author\/ladyitaliaeconomia\/"}]}},"_links":{"self":[{"href":"https:\/\/www.italiaeconomiaonline.it\/web\/wp-json\/wp\/v2\/posts\/4592"}],"collection":[{"href":"https:\/\/www.italiaeconomiaonline.it\/web\/wp-json\/wp\/v2\/posts"}],"about":[{"href":"https:\/\/www.italiaeconomiaonline.it\/web\/wp-json\/wp\/v2\/types\/post"}],"author":[{"embeddable":true,"href":"https:\/\/www.italiaeconomiaonline.it\/web\/wp-json\/wp\/v2\/users\/1"}],"replies":[{"embeddable":true,"href":"https:\/\/www.italiaeconomiaonline.it\/web\/wp-json\/wp\/v2\/comments?post=4592"}],"version-history":[{"count":1,"href":"https:\/\/www.italiaeconomiaonline.it\/web\/wp-json\/wp\/v2\/posts\/4592\/revisions"}],"predecessor-version":[{"id":4593,"href":"https:\/\/www.italiaeconomiaonline.it\/web\/wp-json\/wp\/v2\/posts\/4592\/revisions\/4593"}],"wp:featuredmedia":[{"embeddable":true,"href":"https:\/\/www.italiaeconomiaonline.it\/web\/wp-json\/wp\/v2\/media\/2513"}],"wp:attachment":[{"href":"https:\/\/www.italiaeconomiaonline.it\/web\/wp-json\/wp\/v2\/media?parent=4592"}],"wp:term":[{"taxonomy":"category","embeddable":true,"href":"https:\/\/www.italiaeconomiaonline.it\/web\/wp-json\/wp\/v2\/categories?post=4592"},{"taxonomy":"post_tag","embeddable":true,"href":"https:\/\/www.italiaeconomiaonline.it\/web\/wp-json\/wp\/v2\/tags?post=4592"}],"curies":[{"name":"wp","href":"https:\/\/api.w.org\/{rel}","templated":true}]}}