{"id":4594,"date":"2020-11-09T17:42:53","date_gmt":"2020-11-09T16:42:53","guid":{"rendered":"http:\/\/www.italiaeconomiaonline.it\/web\/?p=4594"},"modified":"2020-11-09T17:42:53","modified_gmt":"2020-11-09T16:42:53","slug":"reddito-di-emergenza-dal-10-novembre-possibile-presentare-la-nuova-domanda","status":"publish","type":"post","link":"https:\/\/www.italiaeconomiaonline.it\/web\/reddito-di-emergenza-dal-10-novembre-possibile-presentare-la-nuova-domanda\/","title":{"rendered":"Reddito di emergenza Dal 10 novembre possibile presentare la nuova domanda"},"content":{"rendered":"<p><span class=\"dropcap dropcap3\">A<\/span> partire da marted\u00ec 10 novembre 2020 sar\u00e0 possibile presentare la nuova domanda di Reddito di emergenza prevista dal recente decreto legge 28 ottobre 2020, n. 137 (cd. \u201cDecreto ristori\u201d).<\/p>\n<p>Il REm, introdotto con il decreto legge n. 34\/2020, era gi\u00e0 stato prorogato con il decreto legge n. 104\/2020 che ha riconosciuto ai nuclei familiari in possesso dei requisiti la possibilit\u00e0 di presentare una nuova domanda per il riconoscimento di un\u2019ulteriore mensilit\u00e0 (indipendentemente dall\u2019avere gi\u00e0 richiesto, ed eventualmente ottenuto, il precedente beneficio).<\/p>\n<p>Il recente decreto legge n. 137\/2020 (cd. Decreto ristori) ha previsto la possibilit\u00e0 di ottenere due ulteriori mensilit\u00e0, per i mesi di novembre e dicembre 2020.<br \/>\nPotranno presentare la nuova domanda esclusivamente:<br \/>\ni nuclei che non hanno mai ottenuto il beneficio in precedenza (perch\u00e9 non hanno presentato la domanda o perch\u00e9 non \u00e8 stato loro riconosciuto il beneficio);<br \/>\ni nuclei che hanno ottenuto solo il primo REm (quello introdotto dal decreto legge 34\/2020) e non anche il secondo (quello previsto dal decreto legge 104\/2020).<br \/>\nPer tutti i nuclei gi\u00e0 beneficiari del REm di cui al decreto legge n. 104\/2020, infatti, il riconoscimento avverr\u00e0 d\u2019ufficio, senza necessit\u00e0 di presentare domanda.<\/p>\n<p>&nbsp;<\/p>\n","protected":false},"excerpt":{"rendered":"<p>A partire da marted\u00ec 10 novembre 2020 sar\u00e0 possibile presentare la nuova domanda di Reddito di emergenza prevista dal recente decreto legge 28 ottobre 2020, n. 137 (cd. \u201cDecreto ristori\u201d). Il REm, introdotto con il decreto legge n. 34\/2020, era gi\u00e0 stato prorogato con il decreto legge n. 104\/2020 che ha riconosciuto ai nuclei familiari [&hellip;]<\/p>\n","protected":false},"author":1,"featured_media":1596,"comment_status":"closed","ping_status":"open","sticky":false,"template":"","format":"standard","meta":{"footnotes":""},"categories":[970],"tags":[1024],"yoast_head":"<!-- This site is optimized with the Yoast SEO plugin v22.2 - https:\/\/yoast.com\/wordpress\/plugins\/seo\/ -->\n<title>Reddito di emergenza Dal 10 novembre possibile presentare la nuova domanda -<\/title>\n<meta name=\"robots\" content=\"index, follow, max-snippet:-1, max-image-preview:large, max-video-preview:-1\" \/>\n<link rel=\"canonical\" href=\"https:\/\/www.italiaeconomiaonline.it\/web\/reddito-di-emergenza-dal-10-novembre-possibile-presentare-la-nuova-domanda\/\" \/>\n<meta property=\"og:locale\" content=\"it_IT\" \/>\n<meta property=\"og:type\" content=\"article\" \/>\n<meta property=\"og:title\" content=\"Reddito di emergenza Dal 10 novembre possibile presentare la nuova domanda -\" \/>\n<meta property=\"og:description\" content=\"A partire da marted\u00ec 10 novembre 2020 sar\u00e0 possibile presentare la nuova domanda di Reddito di emergenza prevista dal recente decreto legge 28 ottobre 2020, n. 137 (cd. \u201cDecreto ristori\u201d). Il REm, introdotto con il decreto legge n. 34\/2020, era gi\u00e0 stato prorogato con il decreto legge n. 104\/2020 che ha riconosciuto ai nuclei familiari [&hellip;]\" \/>\n<meta property=\"og:url\" content=\"https:\/\/www.italiaeconomiaonline.it\/web\/reddito-di-emergenza-dal-10-novembre-possibile-presentare-la-nuova-domanda\/\" \/>\n<meta property=\"og:site_name\" content=\"ItaliaEconomiaOnline\" \/>\n<meta property=\"article:published_time\" content=\"2020-11-09T16:42:53+00:00\" \/>\n<meta property=\"og:image\" content=\"https:\/\/www.italiaeconomiaonline.it\/web\/wp-content\/uploads\/2019\/08\/soldi.jpg\" \/>\n\t<meta property=\"og:image:width\" content=\"960\" \/>\n\t<meta property=\"og:image:height\" content=\"638\" \/>\n\t<meta property=\"og:image:type\" content=\"image\/jpeg\" \/>\n<meta name=\"author\" content=\"ladyitaliaeconomia\" \/>\n<meta name=\"twitter:card\" content=\"summary_large_image\" \/>\n<meta name=\"twitter:label1\" content=\"Scritto da\" \/>\n\t<meta name=\"twitter:data1\" content=\"ladyitaliaeconomia\" \/>\n\t<meta name=\"twitter:label2\" content=\"Tempo di lettura stimato\" \/>\n\t<meta name=\"twitter:data2\" content=\"1 minuto\" \/>\n<script type=\"application\/ld+json\" class=\"yoast-schema-graph\">{\"@context\":\"https:\/\/schema.org\",\"@graph\":[{\"@type\":\"WebPage\",\"@id\":\"https:\/\/www.italiaeconomiaonline.it\/web\/reddito-di-emergenza-dal-10-novembre-possibile-presentare-la-nuova-domanda\/\",\"url\":\"https:\/\/www.italiaeconomiaonline.it\/web\/reddito-di-emergenza-dal-10-novembre-possibile-presentare-la-nuova-domanda\/\",\"name\":\"Reddito di emergenza Dal 10 novembre possibile presentare la nuova domanda -\",\"isPartOf\":{\"@id\":\"https:\/\/www.italiaeconomiaonline.it\/web\/#website\"},\"primaryImageOfPage\":{\"@id\":\"https:\/\/www.italiaeconomiaonline.it\/web\/reddito-di-emergenza-dal-10-novembre-possibile-presentare-la-nuova-domanda\/#primaryimage\"},\"image\":{\"@id\":\"https:\/\/www.italiaeconomiaonline.it\/web\/reddito-di-emergenza-dal-10-novembre-possibile-presentare-la-nuova-domanda\/#primaryimage\"},\"thumbnailUrl\":\"https:\/\/www.italiaeconomiaonline.it\/web\/wp-content\/uploads\/2019\/08\/soldi.jpg\",\"datePublished\":\"2020-11-09T16:42:53+00:00\",\"dateModified\":\"2020-11-09T16:42:53+00:00\",\"author\":{\"@id\":\"https:\/\/www.italiaeconomiaonline.it\/web\/#\/schema\/person\/909a49cce752523b020fbc37d5ab1c31\"},\"breadcrumb\":{\"@id\":\"https:\/\/www.italiaeconomiaonline.it\/web\/reddito-di-emergenza-dal-10-novembre-possibile-presentare-la-nuova-domanda\/#breadcrumb\"},\"inLanguage\":\"it-IT\",\"potentialAction\":[{\"@type\":\"ReadAction\",\"target\":[\"https:\/\/www.italiaeconomiaonline.it\/web\/reddito-di-emergenza-dal-10-novembre-possibile-presentare-la-nuova-domanda\/\"]}]},{\"@type\":\"ImageObject\",\"inLanguage\":\"it-IT\",\"@id\":\"https:\/\/www.italiaeconomiaonline.it\/web\/reddito-di-emergenza-dal-10-novembre-possibile-presentare-la-nuova-domanda\/#primaryimage\",\"url\":\"https:\/\/www.italiaeconomiaonline.it\/web\/wp-content\/uploads\/2019\/08\/soldi.jpg\",\"contentUrl\":\"https:\/\/www.italiaeconomiaonline.it\/web\/wp-content\/uploads\/2019\/08\/soldi.jpg\",\"width\":960,\"height\":638},{\"@type\":\"BreadcrumbList\",\"@id\":\"https:\/\/www.italiaeconomiaonline.it\/web\/reddito-di-emergenza-dal-10-novembre-possibile-presentare-la-nuova-domanda\/#breadcrumb\",\"itemListElement\":[{\"@type\":\"ListItem\",\"position\":1,\"name\":\"Home\",\"item\":\"https:\/\/www.italiaeconomiaonline.it\/web\/\"},{\"@type\":\"ListItem\",\"position\":2,\"name\":\"Reddito di emergenza Dal 10 novembre possibile presentare la nuova domanda\"}]},{\"@type\":\"WebSite\",\"@id\":\"https:\/\/www.italiaeconomiaonline.it\/web\/#website\",\"url\":\"https:\/\/www.italiaeconomiaonline.it\/web\/\",\"name\":\"ItaliaEconomiaOnline\",\"description\":\"Quotidiano Economico Online\",\"potentialAction\":[{\"@type\":\"SearchAction\",\"target\":{\"@type\":\"EntryPoint\",\"urlTemplate\":\"https:\/\/www.italiaeconomiaonline.it\/web\/?s={search_term_string}\"},\"query-input\":\"required name=search_term_string\"}],\"inLanguage\":\"it-IT\"},{\"@type\":\"Person\",\"@id\":\"https:\/\/www.italiaeconomiaonline.it\/web\/#\/schema\/person\/909a49cce752523b020fbc37d5ab1c31\",\"name\":\"ladyitaliaeconomia\",\"image\":{\"@type\":\"ImageObject\",\"inLanguage\":\"it-IT\",\"@id\":\"https:\/\/www.italiaeconomiaonline.it\/web\/#\/schema\/person\/image\/\",\"url\":\"https:\/\/secure.gravatar.com\/avatar\/cedca10ce7416a579b9fa6bce9c0a8f2?s=96&d=mm&r=g\",\"contentUrl\":\"https:\/\/secure.gravatar.com\/avatar\/cedca10ce7416a579b9fa6bce9c0a8f2?s=96&d=mm&r=g\",\"caption\":\"ladyitaliaeconomia\"},\"url\":\"https:\/\/www.italiaeconomiaonline.it\/web\/author\/ladyitaliaeconomia\/\"}]}<\/script>\n<!-- \/ Yoast SEO plugin. -->","yoast_head_json":{"title":"Reddito di emergenza Dal 10 novembre possibile presentare la nuova domanda -","robots":{"index":"index","follow":"follow","max-snippet":"max-snippet:-1","max-image-preview":"max-image-preview:large","max-video-preview":"max-video-preview:-1"},"canonical":"https:\/\/www.italiaeconomiaonline.it\/web\/reddito-di-emergenza-dal-10-novembre-possibile-presentare-la-nuova-domanda\/","og_locale":"it_IT","og_type":"article","og_title":"Reddito di emergenza Dal 10 novembre possibile presentare la nuova domanda -","og_description":"A partire da marted\u00ec 10 novembre 2020 sar\u00e0 possibile presentare la nuova domanda di Reddito di emergenza prevista dal recente decreto legge 28 ottobre 2020, n. 137 (cd. \u201cDecreto ristori\u201d). Il REm, introdotto con il decreto legge n. 34\/2020, era gi\u00e0 stato prorogato con il decreto legge n. 104\/2020 che ha riconosciuto ai nuclei familiari [&hellip;]","og_url":"https:\/\/www.italiaeconomiaonline.it\/web\/reddito-di-emergenza-dal-10-novembre-possibile-presentare-la-nuova-domanda\/","og_site_name":"ItaliaEconomiaOnline","article_published_time":"2020-11-09T16:42:53+00:00","og_image":[{"width":960,"height":638,"url":"https:\/\/www.italiaeconomiaonline.it\/web\/wp-content\/uploads\/2019\/08\/soldi.jpg","type":"image\/jpeg"}],"author":"ladyitaliaeconomia","twitter_card":"summary_large_image","twitter_misc":{"Scritto da":"ladyitaliaeconomia","Tempo di lettura stimato":"1 minuto"},"schema":{"@context":"https:\/\/schema.org","@graph":[{"@type":"WebPage","@id":"https:\/\/www.italiaeconomiaonline.it\/web\/reddito-di-emergenza-dal-10-novembre-possibile-presentare-la-nuova-domanda\/","url":"https:\/\/www.italiaeconomiaonline.it\/web\/reddito-di-emergenza-dal-10-novembre-possibile-presentare-la-nuova-domanda\/","name":"Reddito di emergenza Dal 10 novembre possibile presentare la nuova domanda -","isPartOf":{"@id":"https:\/\/www.italiaeconomiaonline.it\/web\/#website"},"primaryImageOfPage":{"@id":"https:\/\/www.italiaeconomiaonline.it\/web\/reddito-di-emergenza-dal-10-novembre-possibile-presentare-la-nuova-domanda\/#primaryimage"},"image":{"@id":"https:\/\/www.italiaeconomiaonline.it\/web\/reddito-di-emergenza-dal-10-novembre-possibile-presentare-la-nuova-domanda\/#primaryimage"},"thumbnailUrl":"https:\/\/www.italiaeconomiaonline.it\/web\/wp-content\/uploads\/2019\/08\/soldi.jpg","datePublished":"2020-11-09T16:42:53+00:00","dateModified":"2020-11-09T16:42:53+00:00","author":{"@id":"https:\/\/www.italiaeconomiaonline.it\/web\/#\/schema\/person\/909a49cce752523b020fbc37d5ab1c31"},"breadcrumb":{"@id":"https:\/\/www.italiaeconomiaonline.it\/web\/reddito-di-emergenza-dal-10-novembre-possibile-presentare-la-nuova-domanda\/#breadcrumb"},"inLanguage":"it-IT","potentialAction":[{"@type":"ReadAction","target":["https:\/\/www.italiaeconomiaonline.it\/web\/reddito-di-emergenza-dal-10-novembre-possibile-presentare-la-nuova-domanda\/"]}]},{"@type":"ImageObject","inLanguage":"it-IT","@id":"https:\/\/www.italiaeconomiaonline.it\/web\/reddito-di-emergenza-dal-10-novembre-possibile-presentare-la-nuova-domanda\/#primaryimage","url":"https:\/\/www.italiaeconomiaonline.it\/web\/wp-content\/uploads\/2019\/08\/soldi.jpg","contentUrl":"https:\/\/www.italiaeconomiaonline.it\/web\/wp-content\/uploads\/2019\/08\/soldi.jpg","width":960,"height":638},{"@type":"BreadcrumbList","@id":"https:\/\/www.italiaeconomiaonline.it\/web\/reddito-di-emergenza-dal-10-novembre-possibile-presentare-la-nuova-domanda\/#breadcrumb","itemListElement":[{"@type":"ListItem","position":1,"name":"Home","item":"https:\/\/www.italiaeconomiaonline.it\/web\/"},{"@type":"ListItem","position":2,"name":"Reddito di emergenza Dal 10 novembre possibile presentare la nuova domanda"}]},{"@type":"WebSite","@id":"https:\/\/www.italiaeconomiaonline.it\/web\/#website","url":"https:\/\/www.italiaeconomiaonline.it\/web\/","name":"ItaliaEconomiaOnline","description":"Quotidiano Economico Online","potentialAction":[{"@type":"SearchAction","target":{"@type":"EntryPoint","urlTemplate":"https:\/\/www.italiaeconomiaonline.it\/web\/?s={search_term_string}"},"query-input":"required name=search_term_string"}],"inLanguage":"it-IT"},{"@type":"Person","@id":"https:\/\/www.italiaeconomiaonline.it\/web\/#\/schema\/person\/909a49cce752523b020fbc37d5ab1c31","name":"ladyitaliaeconomia","image":{"@type":"ImageObject","inLanguage":"it-IT","@id":"https:\/\/www.italiaeconomiaonline.it\/web\/#\/schema\/person\/image\/","url":"https:\/\/secure.gravatar.com\/avatar\/cedca10ce7416a579b9fa6bce9c0a8f2?s=96&d=mm&r=g","contentUrl":"https:\/\/secure.gravatar.com\/avatar\/cedca10ce7416a579b9fa6bce9c0a8f2?s=96&d=mm&r=g","caption":"ladyitaliaeconomia"},"url":"https:\/\/www.italiaeconomiaonline.it\/web\/author\/ladyitaliaeconomia\/"}]}},"_links":{"self":[{"href":"https:\/\/www.italiaeconomiaonline.it\/web\/wp-json\/wp\/v2\/posts\/4594"}],"collection":[{"href":"https:\/\/www.italiaeconomiaonline.it\/web\/wp-json\/wp\/v2\/posts"}],"about":[{"href":"https:\/\/www.italiaeconomiaonline.it\/web\/wp-json\/wp\/v2\/types\/post"}],"author":[{"embeddable":true,"href":"https:\/\/www.italiaeconomiaonline.it\/web\/wp-json\/wp\/v2\/users\/1"}],"replies":[{"embeddable":true,"href":"https:\/\/www.italiaeconomiaonline.it\/web\/wp-json\/wp\/v2\/comments?post=4594"}],"version-history":[{"count":1,"href":"https:\/\/www.italiaeconomiaonline.it\/web\/wp-json\/wp\/v2\/posts\/4594\/revisions"}],"predecessor-version":[{"id":4595,"href":"https:\/\/www.italiaeconomiaonline.it\/web\/wp-json\/wp\/v2\/posts\/4594\/revisions\/4595"}],"wp:featuredmedia":[{"embeddable":true,"href":"https:\/\/www.italiaeconomiaonline.it\/web\/wp-json\/wp\/v2\/media\/1596"}],"wp:attachment":[{"href":"https:\/\/www.italiaeconomiaonline.it\/web\/wp-json\/wp\/v2\/media?parent=4594"}],"wp:term":[{"taxonomy":"category","embeddable":true,"href":"https:\/\/www.italiaeconomiaonline.it\/web\/wp-json\/wp\/v2\/categories?post=4594"},{"taxonomy":"post_tag","embeddable":true,"href":"https:\/\/www.italiaeconomiaonline.it\/web\/wp-json\/wp\/v2\/tags?post=4594"}],"curies":[{"name":"wp","href":"https:\/\/api.w.org\/{rel}","templated":true}]}}