{"id":4596,"date":"2020-11-10T15:04:09","date_gmt":"2020-11-10T14:04:09","guid":{"rendered":"http:\/\/www.italiaeconomiaonline.it\/web\/?p=4596"},"modified":"2020-11-10T15:04:09","modified_gmt":"2020-11-10T14:04:09","slug":"decreto-ristori-bis-federazione-moda-confcommercio-sconcertati-dallesclusione-dei-negozi-di-scarpe","status":"publish","type":"post","link":"https:\/\/www.italiaeconomiaonline.it\/web\/decreto-ristori-bis-federazione-moda-confcommercio-sconcertati-dallesclusione-dei-negozi-di-scarpe\/","title":{"rendered":"Decreto ristori bis, Federazione Moda-Confcommercio: sconcertati dall&#8217;esclusione dei negozi di scarpe"},"content":{"rendered":"<p><span class=\"dropcap dropcap3\">T<\/span>roviamo qualche piccolo e insufficiente ristoro per il settore moda, ad oggi troppo trascurato nonostante perdite ingenti.<\/p>\n<p>Il nostro comparto vive di stagionalit\u00e0 e sta perdendo tutte le vendite dell\u2019autunno\/inverno in un momento fondamentale che \u00e8 il pi\u00f9 importante dell\u2019anno. Servono ristori congrui e a geometrie variabili anche nelle aree arancioni e gialle, altrimenti non ci sar\u00e0 pi\u00f9 un futuro per queste attivit\u00e0 che presidiano le nostre strade, vie e piazze\u201d, cos\u00ec commenta il presidente di FederazioneModaItalia-Confcommercio, Renato Borghi, il Decreto Legge \u201cRistori bis\u201d.<\/p>\n<p>\u201cMa soprattutto &#8211; prosegue Borghi &#8211; siamo increduli per l\u2019assurda e surreale decisione di escludere volontariamente i negozi di calzature di cui il Governo ha disposto con DPCM la chiusura nelle zone rosse. \u00c8 una discriminazione che non possiamo tollerare e non vogliamo accettare. I negozi di calzature per bambini e quelli per adulti hanno lo stesso codice ateco.<\/p>\n<p>Dunque quelli per bambini possono stare aperti e quelli per adulti, no. E allora, perch\u00e9 i negozi di scarpe per adulti non possono ricevere i contributi previsti? Serve una pi\u00f9 seria e responsabile attenzione al Sistema economico, visione e lungimiranza. Proprio per questo, far riferimento ai meri codici ateco (oltretutto sbagliando anche nello specifico), anzich\u00e9 guardare alla grave crisi del comparto nel suo complesso, \u00e8 una visione molto miope. Ai nostri Associati, che in questi giorni ci hanno bombardato di telefonate, mail, messaggi di ogni tipo &#8211; conclude Borghi &#8211; cosa dovremo dire? che il Governo li vuole chiudere per sempre ? Si agisca subito per una soluzione perch\u00e9 le nostre imprese non hanno tempo di attendere la conversione in legge del decreto. Sarebbe troppo tardi\u201d.<\/p>\n","protected":false},"excerpt":{"rendered":"<p>Troviamo qualche piccolo e insufficiente ristoro per il settore moda, ad oggi troppo trascurato nonostante perdite ingenti. Il nostro comparto vive di stagionalit\u00e0 e sta perdendo tutte le vendite dell\u2019autunno\/inverno in un momento fondamentale che \u00e8 il pi\u00f9 importante dell\u2019anno. Servono ristori congrui e a geometrie variabili anche nelle aree arancioni e gialle, altrimenti non [&hellip;]<\/p>\n","protected":false},"author":1,"featured_media":4597,"comment_status":"closed","ping_status":"open","sticky":false,"template":"","format":"standard","meta":{"footnotes":""},"categories":[612],"tags":[726,1389,1388],"yoast_head":"<!-- This site is optimized with the Yoast SEO plugin v22.2 - https:\/\/yoast.com\/wordpress\/plugins\/seo\/ -->\n<title>Decreto ristori bis, Federazione Moda-Confcommercio: sconcertati dall&#039;esclusione dei negozi di scarpe -<\/title>\n<meta name=\"robots\" content=\"index, follow, max-snippet:-1, max-image-preview:large, max-video-preview:-1\" \/>\n<link rel=\"canonical\" href=\"https:\/\/www.italiaeconomiaonline.it\/web\/decreto-ristori-bis-federazione-moda-confcommercio-sconcertati-dallesclusione-dei-negozi-di-scarpe\/\" \/>\n<meta property=\"og:locale\" content=\"it_IT\" \/>\n<meta property=\"og:type\" content=\"article\" \/>\n<meta property=\"og:title\" content=\"Decreto ristori bis, Federazione Moda-Confcommercio: sconcertati dall&#039;esclusione dei negozi di scarpe -\" \/>\n<meta property=\"og:description\" content=\"Troviamo qualche piccolo e insufficiente ristoro per il settore moda, ad oggi troppo trascurato nonostante perdite ingenti. Il nostro comparto vive di stagionalit\u00e0 e sta perdendo tutte le vendite dell\u2019autunno\/inverno in un momento fondamentale che \u00e8 il pi\u00f9 importante dell\u2019anno. Servono ristori congrui e a geometrie variabili anche nelle aree arancioni e gialle, altrimenti non [&hellip;]\" \/>\n<meta property=\"og:url\" content=\"https:\/\/www.italiaeconomiaonline.it\/web\/decreto-ristori-bis-federazione-moda-confcommercio-sconcertati-dallesclusione-dei-negozi-di-scarpe\/\" \/>\n<meta property=\"og:site_name\" content=\"ItaliaEconomiaOnline\" \/>\n<meta property=\"article:published_time\" content=\"2020-11-10T14:04:09+00:00\" \/>\n<meta property=\"og:image\" content=\"https:\/\/www.italiaeconomiaonline.it\/web\/wp-content\/uploads\/2020\/11\/Schermata-2020-11-10-alle-15.03.14.png\" \/>\n\t<meta property=\"og:image:width\" content=\"1416\" \/>\n\t<meta property=\"og:image:height\" content=\"732\" \/>\n\t<meta property=\"og:image:type\" content=\"image\/png\" \/>\n<meta name=\"author\" content=\"ladyitaliaeconomia\" \/>\n<meta name=\"twitter:card\" content=\"summary_large_image\" \/>\n<meta name=\"twitter:label1\" content=\"Scritto da\" \/>\n\t<meta name=\"twitter:data1\" content=\"ladyitaliaeconomia\" \/>\n\t<meta name=\"twitter:label2\" content=\"Tempo di lettura stimato\" \/>\n\t<meta name=\"twitter:data2\" content=\"1 minuto\" \/>\n<script type=\"application\/ld+json\" class=\"yoast-schema-graph\">{\"@context\":\"https:\/\/schema.org\",\"@graph\":[{\"@type\":\"WebPage\",\"@id\":\"https:\/\/www.italiaeconomiaonline.it\/web\/decreto-ristori-bis-federazione-moda-confcommercio-sconcertati-dallesclusione-dei-negozi-di-scarpe\/\",\"url\":\"https:\/\/www.italiaeconomiaonline.it\/web\/decreto-ristori-bis-federazione-moda-confcommercio-sconcertati-dallesclusione-dei-negozi-di-scarpe\/\",\"name\":\"Decreto ristori bis, Federazione Moda-Confcommercio: sconcertati dall'esclusione dei negozi di scarpe -\",\"isPartOf\":{\"@id\":\"https:\/\/www.italiaeconomiaonline.it\/web\/#website\"},\"primaryImageOfPage\":{\"@id\":\"https:\/\/www.italiaeconomiaonline.it\/web\/decreto-ristori-bis-federazione-moda-confcommercio-sconcertati-dallesclusione-dei-negozi-di-scarpe\/#primaryimage\"},\"image\":{\"@id\":\"https:\/\/www.italiaeconomiaonline.it\/web\/decreto-ristori-bis-federazione-moda-confcommercio-sconcertati-dallesclusione-dei-negozi-di-scarpe\/#primaryimage\"},\"thumbnailUrl\":\"https:\/\/www.italiaeconomiaonline.it\/web\/wp-content\/uploads\/2020\/11\/Schermata-2020-11-10-alle-15.03.14.png\",\"datePublished\":\"2020-11-10T14:04:09+00:00\",\"dateModified\":\"2020-11-10T14:04:09+00:00\",\"author\":{\"@id\":\"https:\/\/www.italiaeconomiaonline.it\/web\/#\/schema\/person\/909a49cce752523b020fbc37d5ab1c31\"},\"breadcrumb\":{\"@id\":\"https:\/\/www.italiaeconomiaonline.it\/web\/decreto-ristori-bis-federazione-moda-confcommercio-sconcertati-dallesclusione-dei-negozi-di-scarpe\/#breadcrumb\"},\"inLanguage\":\"it-IT\",\"potentialAction\":[{\"@type\":\"ReadAction\",\"target\":[\"https:\/\/www.italiaeconomiaonline.it\/web\/decreto-ristori-bis-federazione-moda-confcommercio-sconcertati-dallesclusione-dei-negozi-di-scarpe\/\"]}]},{\"@type\":\"ImageObject\",\"inLanguage\":\"it-IT\",\"@id\":\"https:\/\/www.italiaeconomiaonline.it\/web\/decreto-ristori-bis-federazione-moda-confcommercio-sconcertati-dallesclusione-dei-negozi-di-scarpe\/#primaryimage\",\"url\":\"https:\/\/www.italiaeconomiaonline.it\/web\/wp-content\/uploads\/2020\/11\/Schermata-2020-11-10-alle-15.03.14.png\",\"contentUrl\":\"https:\/\/www.italiaeconomiaonline.it\/web\/wp-content\/uploads\/2020\/11\/Schermata-2020-11-10-alle-15.03.14.png\",\"width\":1416,\"height\":732},{\"@type\":\"BreadcrumbList\",\"@id\":\"https:\/\/www.italiaeconomiaonline.it\/web\/decreto-ristori-bis-federazione-moda-confcommercio-sconcertati-dallesclusione-dei-negozi-di-scarpe\/#breadcrumb\",\"itemListElement\":[{\"@type\":\"ListItem\",\"position\":1,\"name\":\"Home\",\"item\":\"https:\/\/www.italiaeconomiaonline.it\/web\/\"},{\"@type\":\"ListItem\",\"position\":2,\"name\":\"Decreto ristori bis, Federazione Moda-Confcommercio: sconcertati dall&#8217;esclusione dei negozi di scarpe\"}]},{\"@type\":\"WebSite\",\"@id\":\"https:\/\/www.italiaeconomiaonline.it\/web\/#website\",\"url\":\"https:\/\/www.italiaeconomiaonline.it\/web\/\",\"name\":\"ItaliaEconomiaOnline\",\"description\":\"Quotidiano Economico Online\",\"potentialAction\":[{\"@type\":\"SearchAction\",\"target\":{\"@type\":\"EntryPoint\",\"urlTemplate\":\"https:\/\/www.italiaeconomiaonline.it\/web\/?s={search_term_string}\"},\"query-input\":\"required name=search_term_string\"}],\"inLanguage\":\"it-IT\"},{\"@type\":\"Person\",\"@id\":\"https:\/\/www.italiaeconomiaonline.it\/web\/#\/schema\/person\/909a49cce752523b020fbc37d5ab1c31\",\"name\":\"ladyitaliaeconomia\",\"image\":{\"@type\":\"ImageObject\",\"inLanguage\":\"it-IT\",\"@id\":\"https:\/\/www.italiaeconomiaonline.it\/web\/#\/schema\/person\/image\/\",\"url\":\"https:\/\/secure.gravatar.com\/avatar\/cedca10ce7416a579b9fa6bce9c0a8f2?s=96&d=mm&r=g\",\"contentUrl\":\"https:\/\/secure.gravatar.com\/avatar\/cedca10ce7416a579b9fa6bce9c0a8f2?s=96&d=mm&r=g\",\"caption\":\"ladyitaliaeconomia\"},\"url\":\"https:\/\/www.italiaeconomiaonline.it\/web\/author\/ladyitaliaeconomia\/\"}]}<\/script>\n<!-- \/ Yoast SEO plugin. -->","yoast_head_json":{"title":"Decreto ristori bis, Federazione Moda-Confcommercio: sconcertati dall'esclusione dei negozi di scarpe -","robots":{"index":"index","follow":"follow","max-snippet":"max-snippet:-1","max-image-preview":"max-image-preview:large","max-video-preview":"max-video-preview:-1"},"canonical":"https:\/\/www.italiaeconomiaonline.it\/web\/decreto-ristori-bis-federazione-moda-confcommercio-sconcertati-dallesclusione-dei-negozi-di-scarpe\/","og_locale":"it_IT","og_type":"article","og_title":"Decreto ristori bis, Federazione Moda-Confcommercio: sconcertati dall'esclusione dei negozi di scarpe -","og_description":"Troviamo qualche piccolo e insufficiente ristoro per il settore moda, ad oggi troppo trascurato nonostante perdite ingenti. Il nostro comparto vive di stagionalit\u00e0 e sta perdendo tutte le vendite dell\u2019autunno\/inverno in un momento fondamentale che \u00e8 il pi\u00f9 importante dell\u2019anno. Servono ristori congrui e a geometrie variabili anche nelle aree arancioni e gialle, altrimenti non [&hellip;]","og_url":"https:\/\/www.italiaeconomiaonline.it\/web\/decreto-ristori-bis-federazione-moda-confcommercio-sconcertati-dallesclusione-dei-negozi-di-scarpe\/","og_site_name":"ItaliaEconomiaOnline","article_published_time":"2020-11-10T14:04:09+00:00","og_image":[{"width":1416,"height":732,"url":"https:\/\/www.italiaeconomiaonline.it\/web\/wp-content\/uploads\/2020\/11\/Schermata-2020-11-10-alle-15.03.14.png","type":"image\/png"}],"author":"ladyitaliaeconomia","twitter_card":"summary_large_image","twitter_misc":{"Scritto da":"ladyitaliaeconomia","Tempo di lettura stimato":"1 minuto"},"schema":{"@context":"https:\/\/schema.org","@graph":[{"@type":"WebPage","@id":"https:\/\/www.italiaeconomiaonline.it\/web\/decreto-ristori-bis-federazione-moda-confcommercio-sconcertati-dallesclusione-dei-negozi-di-scarpe\/","url":"https:\/\/www.italiaeconomiaonline.it\/web\/decreto-ristori-bis-federazione-moda-confcommercio-sconcertati-dallesclusione-dei-negozi-di-scarpe\/","name":"Decreto ristori bis, Federazione Moda-Confcommercio: sconcertati dall'esclusione dei negozi di scarpe -","isPartOf":{"@id":"https:\/\/www.italiaeconomiaonline.it\/web\/#website"},"primaryImageOfPage":{"@id":"https:\/\/www.italiaeconomiaonline.it\/web\/decreto-ristori-bis-federazione-moda-confcommercio-sconcertati-dallesclusione-dei-negozi-di-scarpe\/#primaryimage"},"image":{"@id":"https:\/\/www.italiaeconomiaonline.it\/web\/decreto-ristori-bis-federazione-moda-confcommercio-sconcertati-dallesclusione-dei-negozi-di-scarpe\/#primaryimage"},"thumbnailUrl":"https:\/\/www.italiaeconomiaonline.it\/web\/wp-content\/uploads\/2020\/11\/Schermata-2020-11-10-alle-15.03.14.png","datePublished":"2020-11-10T14:04:09+00:00","dateModified":"2020-11-10T14:04:09+00:00","author":{"@id":"https:\/\/www.italiaeconomiaonline.it\/web\/#\/schema\/person\/909a49cce752523b020fbc37d5ab1c31"},"breadcrumb":{"@id":"https:\/\/www.italiaeconomiaonline.it\/web\/decreto-ristori-bis-federazione-moda-confcommercio-sconcertati-dallesclusione-dei-negozi-di-scarpe\/#breadcrumb"},"inLanguage":"it-IT","potentialAction":[{"@type":"ReadAction","target":["https:\/\/www.italiaeconomiaonline.it\/web\/decreto-ristori-bis-federazione-moda-confcommercio-sconcertati-dallesclusione-dei-negozi-di-scarpe\/"]}]},{"@type":"ImageObject","inLanguage":"it-IT","@id":"https:\/\/www.italiaeconomiaonline.it\/web\/decreto-ristori-bis-federazione-moda-confcommercio-sconcertati-dallesclusione-dei-negozi-di-scarpe\/#primaryimage","url":"https:\/\/www.italiaeconomiaonline.it\/web\/wp-content\/uploads\/2020\/11\/Schermata-2020-11-10-alle-15.03.14.png","contentUrl":"https:\/\/www.italiaeconomiaonline.it\/web\/wp-content\/uploads\/2020\/11\/Schermata-2020-11-10-alle-15.03.14.png","width":1416,"height":732},{"@type":"BreadcrumbList","@id":"https:\/\/www.italiaeconomiaonline.it\/web\/decreto-ristori-bis-federazione-moda-confcommercio-sconcertati-dallesclusione-dei-negozi-di-scarpe\/#breadcrumb","itemListElement":[{"@type":"ListItem","position":1,"name":"Home","item":"https:\/\/www.italiaeconomiaonline.it\/web\/"},{"@type":"ListItem","position":2,"name":"Decreto ristori bis, Federazione Moda-Confcommercio: sconcertati dall&#8217;esclusione dei negozi di scarpe"}]},{"@type":"WebSite","@id":"https:\/\/www.italiaeconomiaonline.it\/web\/#website","url":"https:\/\/www.italiaeconomiaonline.it\/web\/","name":"ItaliaEconomiaOnline","description":"Quotidiano Economico Online","potentialAction":[{"@type":"SearchAction","target":{"@type":"EntryPoint","urlTemplate":"https:\/\/www.italiaeconomiaonline.it\/web\/?s={search_term_string}"},"query-input":"required name=search_term_string"}],"inLanguage":"it-IT"},{"@type":"Person","@id":"https:\/\/www.italiaeconomiaonline.it\/web\/#\/schema\/person\/909a49cce752523b020fbc37d5ab1c31","name":"ladyitaliaeconomia","image":{"@type":"ImageObject","inLanguage":"it-IT","@id":"https:\/\/www.italiaeconomiaonline.it\/web\/#\/schema\/person\/image\/","url":"https:\/\/secure.gravatar.com\/avatar\/cedca10ce7416a579b9fa6bce9c0a8f2?s=96&d=mm&r=g","contentUrl":"https:\/\/secure.gravatar.com\/avatar\/cedca10ce7416a579b9fa6bce9c0a8f2?s=96&d=mm&r=g","caption":"ladyitaliaeconomia"},"url":"https:\/\/www.italiaeconomiaonline.it\/web\/author\/ladyitaliaeconomia\/"}]}},"_links":{"self":[{"href":"https:\/\/www.italiaeconomiaonline.it\/web\/wp-json\/wp\/v2\/posts\/4596"}],"collection":[{"href":"https:\/\/www.italiaeconomiaonline.it\/web\/wp-json\/wp\/v2\/posts"}],"about":[{"href":"https:\/\/www.italiaeconomiaonline.it\/web\/wp-json\/wp\/v2\/types\/post"}],"author":[{"embeddable":true,"href":"https:\/\/www.italiaeconomiaonline.it\/web\/wp-json\/wp\/v2\/users\/1"}],"replies":[{"embeddable":true,"href":"https:\/\/www.italiaeconomiaonline.it\/web\/wp-json\/wp\/v2\/comments?post=4596"}],"version-history":[{"count":1,"href":"https:\/\/www.italiaeconomiaonline.it\/web\/wp-json\/wp\/v2\/posts\/4596\/revisions"}],"predecessor-version":[{"id":4598,"href":"https:\/\/www.italiaeconomiaonline.it\/web\/wp-json\/wp\/v2\/posts\/4596\/revisions\/4598"}],"wp:featuredmedia":[{"embeddable":true,"href":"https:\/\/www.italiaeconomiaonline.it\/web\/wp-json\/wp\/v2\/media\/4597"}],"wp:attachment":[{"href":"https:\/\/www.italiaeconomiaonline.it\/web\/wp-json\/wp\/v2\/media?parent=4596"}],"wp:term":[{"taxonomy":"category","embeddable":true,"href":"https:\/\/www.italiaeconomiaonline.it\/web\/wp-json\/wp\/v2\/categories?post=4596"},{"taxonomy":"post_tag","embeddable":true,"href":"https:\/\/www.italiaeconomiaonline.it\/web\/wp-json\/wp\/v2\/tags?post=4596"}],"curies":[{"name":"wp","href":"https:\/\/api.w.org\/{rel}","templated":true}]}}