{"id":4626,"date":"2020-11-13T12:26:11","date_gmt":"2020-11-13T11:26:11","guid":{"rendered":"http:\/\/www.italiaeconomiaonline.it\/web\/?p=4626"},"modified":"2020-11-13T12:26:11","modified_gmt":"2020-11-13T11:26:11","slug":"uecoop-21-lavoro-nero-e-irregolare-in-6-mesi","status":"publish","type":"post","link":"https:\/\/www.italiaeconomiaonline.it\/web\/uecoop-21-lavoro-nero-e-irregolare-in-6-mesi\/","title":{"rendered":"UECOOP, +21% lavoro nero e irregolare in 6 mesi"},"content":{"rendered":"<p><span class=\"dropcap dropcap3\">C<\/span>on l\u2019emergenza Covid nel 2020 \u00e8 boom per il lavoro nero e irregolare con una crescita del +21% per la frenata dell\u2019economia, la chiusura di molte attivit\u00e0 commerciali e produttive e l\u2019incertezza sul futuro.<\/p>\n<p>E\u2019 quanto emerge da una analisi dell\u2019Unione europea delle cooperative (Uecoop) su dati dell\u2019Ispettorato del lavoro relativi al primo semestre del 2020 quando i controlli hanno fatto emergere quasi 129mila occupati in nero o irregolari contro i poco pi\u00f9 di 106mila registrati nello stesso periodo dello scorso anno.<\/p>\n<p>&nbsp;<\/p>\n<p>Pi\u00f9 di 2 lavoratori sommersi su 3 (67%) scoperti dai controlli si trovano concentrati in cinque settori produttivi \u2013 spiega l\u2019analisi di Uecoop \u2013 l\u2019alloggio e ristorazione con il 19%, il trasporto e il magazzinaggio con il 15%, le costruzioni con il 12,4%, le attivit\u00e0 manifatturiere con il 12%, il commercio con l\u20198,6%, mentre meno di 1\/3 \u00e8 diviso fra noleggio, viaggi, servizi alle imprese, sanit\u00e0, assistenza, agricoltura, spor, spettacolo, collaborazioni domestiche.<\/p>\n<p>&nbsp;<\/p>\n<p>Si tratta di un dato preoccupante per dipendenti e imprese \u2013 sottolinea Uecoop \u2013 perch\u00e9 sintomo di una sofferenza sociale ed economica su entrambi i fronti con una pericolosa deriva sul rispetto delle regole. Trasparenza e legalit\u00e0 nei rapporti di lavoro \u2013 continua Uecoop \u2013 sono la base per una corretta crescita del sistema economico e per la sua sostenibilit\u00e0 a lungo termine in un\u2019ottica di concorrenza leale per riparare i danni causati al sistema produttivo nazionale dall\u2019emergenza coronavirus.<\/p>\n<p>&nbsp;<\/p>\n<p>Il 44% delle imprese pensa che ci vorr\u00e0 almeno un anno per rivedere una ripartenza generale del Paese con il recupero dei posti di lavoro persi, secondo l\u2019indagine di Uecoop su un campione nazionale di realt\u00e0 produttive. L\u2019evolversi della situazione sta mettendo a dura prova la resilienza delle aziende per questo serve uno sforzo comune per difendere l\u2019attivit\u00e0 di oltre 80mila cooperative italiane che \u2013 evidenzia Uecoop \u2013 offrono lavoro a pi\u00f9 di 1 milione di persone dall\u2019agroalimentare alla scuola, dalle costruzioni alla logistica, dal commercio all\u2019informatica, dall\u2019assistenza sociale ai servizi di sicurezza e vigilanza generando un fatturato annuo che supera i 150 miliardi di euro.<\/p>\n<p>&nbsp;<\/p>\n<p>\u201cLa vera cooperazione \u00e8 quella legata al rispetto dei diritti e delle regole\u201d afferma il presidente di Uecoop ed ex magistrato del pool di Mani Pulite Gherardo Colombo nel sottolineare che \u201cproprio il rispetto delle regole promuove la solidariet\u00e0 facendo gli interessi di tutti e aumentando la coesione sociale. Una solida e duratura ripartenza economica dopo l\u2019emergenza coronavirus dipender\u00e0 anche dalla capacit\u00e0 del nostro Paese di garantire a tutti pari opportunit\u00e0 di impresa e di lavoro\u201d.<\/p>\n","protected":false},"excerpt":{"rendered":"<p>Con l\u2019emergenza Covid nel 2020 \u00e8 boom per il lavoro nero e irregolare con una crescita del +21% per la frenata dell\u2019economia, la chiusura di molte attivit\u00e0 commerciali e produttive e l\u2019incertezza sul futuro. E\u2019 quanto emerge da una analisi dell\u2019Unione europea delle cooperative (Uecoop) su dati dell\u2019Ispettorato del lavoro relativi al primo semestre del [&hellip;]<\/p>\n","protected":false},"author":1,"featured_media":4627,"comment_status":"closed","ping_status":"open","sticky":false,"template":"","format":"standard","meta":{"footnotes":""},"categories":[56],"tags":[877,1241,148,24],"yoast_head":"<!-- This site is optimized with the Yoast SEO plugin v22.2 - https:\/\/yoast.com\/wordpress\/plugins\/seo\/ -->\n<title>UECOOP, +21% lavoro nero e irregolare in 6 mesi -<\/title>\n<meta name=\"robots\" content=\"index, follow, max-snippet:-1, max-image-preview:large, max-video-preview:-1\" \/>\n<link rel=\"canonical\" href=\"https:\/\/www.italiaeconomiaonline.it\/web\/uecoop-21-lavoro-nero-e-irregolare-in-6-mesi\/\" \/>\n<meta property=\"og:locale\" content=\"it_IT\" \/>\n<meta property=\"og:type\" content=\"article\" \/>\n<meta property=\"og:title\" content=\"UECOOP, +21% lavoro nero e irregolare in 6 mesi -\" \/>\n<meta property=\"og:description\" content=\"Con l\u2019emergenza Covid nel 2020 \u00e8 boom per il lavoro nero e irregolare con una crescita del +21% per la frenata dell\u2019economia, la chiusura di molte attivit\u00e0 commerciali e produttive e l\u2019incertezza sul futuro. E\u2019 quanto emerge da una analisi dell\u2019Unione europea delle cooperative (Uecoop) su dati dell\u2019Ispettorato del lavoro relativi al primo semestre del [&hellip;]\" \/>\n<meta property=\"og:url\" content=\"https:\/\/www.italiaeconomiaonline.it\/web\/uecoop-21-lavoro-nero-e-irregolare-in-6-mesi\/\" \/>\n<meta property=\"og:site_name\" content=\"ItaliaEconomiaOnline\" \/>\n<meta property=\"article:published_time\" content=\"2020-11-13T11:26:11+00:00\" \/>\n<meta property=\"og:image\" content=\"https:\/\/www.italiaeconomiaonline.it\/web\/wp-content\/uploads\/2020\/11\/Schermata-2020-11-13-alle-12.24.06.png\" \/>\n\t<meta property=\"og:image:width\" content=\"1514\" \/>\n\t<meta property=\"og:image:height\" content=\"900\" \/>\n\t<meta property=\"og:image:type\" content=\"image\/png\" \/>\n<meta name=\"author\" content=\"ladyitaliaeconomia\" \/>\n<meta name=\"twitter:card\" content=\"summary_large_image\" \/>\n<meta name=\"twitter:label1\" content=\"Scritto da\" \/>\n\t<meta name=\"twitter:data1\" content=\"ladyitaliaeconomia\" \/>\n\t<meta name=\"twitter:label2\" content=\"Tempo di lettura stimato\" \/>\n\t<meta name=\"twitter:data2\" content=\"2 minuti\" \/>\n<script type=\"application\/ld+json\" class=\"yoast-schema-graph\">{\"@context\":\"https:\/\/schema.org\",\"@graph\":[{\"@type\":\"WebPage\",\"@id\":\"https:\/\/www.italiaeconomiaonline.it\/web\/uecoop-21-lavoro-nero-e-irregolare-in-6-mesi\/\",\"url\":\"https:\/\/www.italiaeconomiaonline.it\/web\/uecoop-21-lavoro-nero-e-irregolare-in-6-mesi\/\",\"name\":\"UECOOP, +21% lavoro nero e irregolare in 6 mesi -\",\"isPartOf\":{\"@id\":\"https:\/\/www.italiaeconomiaonline.it\/web\/#website\"},\"primaryImageOfPage\":{\"@id\":\"https:\/\/www.italiaeconomiaonline.it\/web\/uecoop-21-lavoro-nero-e-irregolare-in-6-mesi\/#primaryimage\"},\"image\":{\"@id\":\"https:\/\/www.italiaeconomiaonline.it\/web\/uecoop-21-lavoro-nero-e-irregolare-in-6-mesi\/#primaryimage\"},\"thumbnailUrl\":\"https:\/\/www.italiaeconomiaonline.it\/web\/wp-content\/uploads\/2020\/11\/Schermata-2020-11-13-alle-12.24.06.png\",\"datePublished\":\"2020-11-13T11:26:11+00:00\",\"dateModified\":\"2020-11-13T11:26:11+00:00\",\"author\":{\"@id\":\"https:\/\/www.italiaeconomiaonline.it\/web\/#\/schema\/person\/909a49cce752523b020fbc37d5ab1c31\"},\"breadcrumb\":{\"@id\":\"https:\/\/www.italiaeconomiaonline.it\/web\/uecoop-21-lavoro-nero-e-irregolare-in-6-mesi\/#breadcrumb\"},\"inLanguage\":\"it-IT\",\"potentialAction\":[{\"@type\":\"ReadAction\",\"target\":[\"https:\/\/www.italiaeconomiaonline.it\/web\/uecoop-21-lavoro-nero-e-irregolare-in-6-mesi\/\"]}]},{\"@type\":\"ImageObject\",\"inLanguage\":\"it-IT\",\"@id\":\"https:\/\/www.italiaeconomiaonline.it\/web\/uecoop-21-lavoro-nero-e-irregolare-in-6-mesi\/#primaryimage\",\"url\":\"https:\/\/www.italiaeconomiaonline.it\/web\/wp-content\/uploads\/2020\/11\/Schermata-2020-11-13-alle-12.24.06.png\",\"contentUrl\":\"https:\/\/www.italiaeconomiaonline.it\/web\/wp-content\/uploads\/2020\/11\/Schermata-2020-11-13-alle-12.24.06.png\",\"width\":1514,\"height\":900},{\"@type\":\"BreadcrumbList\",\"@id\":\"https:\/\/www.italiaeconomiaonline.it\/web\/uecoop-21-lavoro-nero-e-irregolare-in-6-mesi\/#breadcrumb\",\"itemListElement\":[{\"@type\":\"ListItem\",\"position\":1,\"name\":\"Home\",\"item\":\"https:\/\/www.italiaeconomiaonline.it\/web\/\"},{\"@type\":\"ListItem\",\"position\":2,\"name\":\"UECOOP, +21% lavoro nero e irregolare in 6 mesi\"}]},{\"@type\":\"WebSite\",\"@id\":\"https:\/\/www.italiaeconomiaonline.it\/web\/#website\",\"url\":\"https:\/\/www.italiaeconomiaonline.it\/web\/\",\"name\":\"ItaliaEconomiaOnline\",\"description\":\"Quotidiano Economico Online\",\"potentialAction\":[{\"@type\":\"SearchAction\",\"target\":{\"@type\":\"EntryPoint\",\"urlTemplate\":\"https:\/\/www.italiaeconomiaonline.it\/web\/?s={search_term_string}\"},\"query-input\":\"required name=search_term_string\"}],\"inLanguage\":\"it-IT\"},{\"@type\":\"Person\",\"@id\":\"https:\/\/www.italiaeconomiaonline.it\/web\/#\/schema\/person\/909a49cce752523b020fbc37d5ab1c31\",\"name\":\"ladyitaliaeconomia\",\"image\":{\"@type\":\"ImageObject\",\"inLanguage\":\"it-IT\",\"@id\":\"https:\/\/www.italiaeconomiaonline.it\/web\/#\/schema\/person\/image\/\",\"url\":\"https:\/\/secure.gravatar.com\/avatar\/cedca10ce7416a579b9fa6bce9c0a8f2?s=96&d=mm&r=g\",\"contentUrl\":\"https:\/\/secure.gravatar.com\/avatar\/cedca10ce7416a579b9fa6bce9c0a8f2?s=96&d=mm&r=g\",\"caption\":\"ladyitaliaeconomia\"},\"url\":\"https:\/\/www.italiaeconomiaonline.it\/web\/author\/ladyitaliaeconomia\/\"}]}<\/script>\n<!-- \/ Yoast SEO plugin. -->","yoast_head_json":{"title":"UECOOP, +21% lavoro nero e irregolare in 6 mesi -","robots":{"index":"index","follow":"follow","max-snippet":"max-snippet:-1","max-image-preview":"max-image-preview:large","max-video-preview":"max-video-preview:-1"},"canonical":"https:\/\/www.italiaeconomiaonline.it\/web\/uecoop-21-lavoro-nero-e-irregolare-in-6-mesi\/","og_locale":"it_IT","og_type":"article","og_title":"UECOOP, +21% lavoro nero e irregolare in 6 mesi -","og_description":"Con l\u2019emergenza Covid nel 2020 \u00e8 boom per il lavoro nero e irregolare con una crescita del +21% per la frenata dell\u2019economia, la chiusura di molte attivit\u00e0 commerciali e produttive e l\u2019incertezza sul futuro. E\u2019 quanto emerge da una analisi dell\u2019Unione europea delle cooperative (Uecoop) su dati dell\u2019Ispettorato del lavoro relativi al primo semestre del [&hellip;]","og_url":"https:\/\/www.italiaeconomiaonline.it\/web\/uecoop-21-lavoro-nero-e-irregolare-in-6-mesi\/","og_site_name":"ItaliaEconomiaOnline","article_published_time":"2020-11-13T11:26:11+00:00","og_image":[{"width":1514,"height":900,"url":"https:\/\/www.italiaeconomiaonline.it\/web\/wp-content\/uploads\/2020\/11\/Schermata-2020-11-13-alle-12.24.06.png","type":"image\/png"}],"author":"ladyitaliaeconomia","twitter_card":"summary_large_image","twitter_misc":{"Scritto da":"ladyitaliaeconomia","Tempo di lettura stimato":"2 minuti"},"schema":{"@context":"https:\/\/schema.org","@graph":[{"@type":"WebPage","@id":"https:\/\/www.italiaeconomiaonline.it\/web\/uecoop-21-lavoro-nero-e-irregolare-in-6-mesi\/","url":"https:\/\/www.italiaeconomiaonline.it\/web\/uecoop-21-lavoro-nero-e-irregolare-in-6-mesi\/","name":"UECOOP, +21% lavoro nero e irregolare in 6 mesi -","isPartOf":{"@id":"https:\/\/www.italiaeconomiaonline.it\/web\/#website"},"primaryImageOfPage":{"@id":"https:\/\/www.italiaeconomiaonline.it\/web\/uecoop-21-lavoro-nero-e-irregolare-in-6-mesi\/#primaryimage"},"image":{"@id":"https:\/\/www.italiaeconomiaonline.it\/web\/uecoop-21-lavoro-nero-e-irregolare-in-6-mesi\/#primaryimage"},"thumbnailUrl":"https:\/\/www.italiaeconomiaonline.it\/web\/wp-content\/uploads\/2020\/11\/Schermata-2020-11-13-alle-12.24.06.png","datePublished":"2020-11-13T11:26:11+00:00","dateModified":"2020-11-13T11:26:11+00:00","author":{"@id":"https:\/\/www.italiaeconomiaonline.it\/web\/#\/schema\/person\/909a49cce752523b020fbc37d5ab1c31"},"breadcrumb":{"@id":"https:\/\/www.italiaeconomiaonline.it\/web\/uecoop-21-lavoro-nero-e-irregolare-in-6-mesi\/#breadcrumb"},"inLanguage":"it-IT","potentialAction":[{"@type":"ReadAction","target":["https:\/\/www.italiaeconomiaonline.it\/web\/uecoop-21-lavoro-nero-e-irregolare-in-6-mesi\/"]}]},{"@type":"ImageObject","inLanguage":"it-IT","@id":"https:\/\/www.italiaeconomiaonline.it\/web\/uecoop-21-lavoro-nero-e-irregolare-in-6-mesi\/#primaryimage","url":"https:\/\/www.italiaeconomiaonline.it\/web\/wp-content\/uploads\/2020\/11\/Schermata-2020-11-13-alle-12.24.06.png","contentUrl":"https:\/\/www.italiaeconomiaonline.it\/web\/wp-content\/uploads\/2020\/11\/Schermata-2020-11-13-alle-12.24.06.png","width":1514,"height":900},{"@type":"BreadcrumbList","@id":"https:\/\/www.italiaeconomiaonline.it\/web\/uecoop-21-lavoro-nero-e-irregolare-in-6-mesi\/#breadcrumb","itemListElement":[{"@type":"ListItem","position":1,"name":"Home","item":"https:\/\/www.italiaeconomiaonline.it\/web\/"},{"@type":"ListItem","position":2,"name":"UECOOP, +21% lavoro nero e irregolare in 6 mesi"}]},{"@type":"WebSite","@id":"https:\/\/www.italiaeconomiaonline.it\/web\/#website","url":"https:\/\/www.italiaeconomiaonline.it\/web\/","name":"ItaliaEconomiaOnline","description":"Quotidiano Economico Online","potentialAction":[{"@type":"SearchAction","target":{"@type":"EntryPoint","urlTemplate":"https:\/\/www.italiaeconomiaonline.it\/web\/?s={search_term_string}"},"query-input":"required name=search_term_string"}],"inLanguage":"it-IT"},{"@type":"Person","@id":"https:\/\/www.italiaeconomiaonline.it\/web\/#\/schema\/person\/909a49cce752523b020fbc37d5ab1c31","name":"ladyitaliaeconomia","image":{"@type":"ImageObject","inLanguage":"it-IT","@id":"https:\/\/www.italiaeconomiaonline.it\/web\/#\/schema\/person\/image\/","url":"https:\/\/secure.gravatar.com\/avatar\/cedca10ce7416a579b9fa6bce9c0a8f2?s=96&d=mm&r=g","contentUrl":"https:\/\/secure.gravatar.com\/avatar\/cedca10ce7416a579b9fa6bce9c0a8f2?s=96&d=mm&r=g","caption":"ladyitaliaeconomia"},"url":"https:\/\/www.italiaeconomiaonline.it\/web\/author\/ladyitaliaeconomia\/"}]}},"_links":{"self":[{"href":"https:\/\/www.italiaeconomiaonline.it\/web\/wp-json\/wp\/v2\/posts\/4626"}],"collection":[{"href":"https:\/\/www.italiaeconomiaonline.it\/web\/wp-json\/wp\/v2\/posts"}],"about":[{"href":"https:\/\/www.italiaeconomiaonline.it\/web\/wp-json\/wp\/v2\/types\/post"}],"author":[{"embeddable":true,"href":"https:\/\/www.italiaeconomiaonline.it\/web\/wp-json\/wp\/v2\/users\/1"}],"replies":[{"embeddable":true,"href":"https:\/\/www.italiaeconomiaonline.it\/web\/wp-json\/wp\/v2\/comments?post=4626"}],"version-history":[{"count":1,"href":"https:\/\/www.italiaeconomiaonline.it\/web\/wp-json\/wp\/v2\/posts\/4626\/revisions"}],"predecessor-version":[{"id":4628,"href":"https:\/\/www.italiaeconomiaonline.it\/web\/wp-json\/wp\/v2\/posts\/4626\/revisions\/4628"}],"wp:featuredmedia":[{"embeddable":true,"href":"https:\/\/www.italiaeconomiaonline.it\/web\/wp-json\/wp\/v2\/media\/4627"}],"wp:attachment":[{"href":"https:\/\/www.italiaeconomiaonline.it\/web\/wp-json\/wp\/v2\/media?parent=4626"}],"wp:term":[{"taxonomy":"category","embeddable":true,"href":"https:\/\/www.italiaeconomiaonline.it\/web\/wp-json\/wp\/v2\/categories?post=4626"},{"taxonomy":"post_tag","embeddable":true,"href":"https:\/\/www.italiaeconomiaonline.it\/web\/wp-json\/wp\/v2\/tags?post=4626"}],"curies":[{"name":"wp","href":"https:\/\/api.w.org\/{rel}","templated":true}]}}