{"id":4634,"date":"2020-11-15T17:23:55","date_gmt":"2020-11-15T16:23:55","guid":{"rendered":"http:\/\/www.italiaeconomiaonline.it\/web\/?p=4634"},"modified":"2020-11-15T17:23:55","modified_gmt":"2020-11-15T16:23:55","slug":"inps-per-covid-azioni-e-spese-straordinarie-per-il-paese-deficit-previsto-e-con-garanzie-di-copertura","status":"publish","type":"post","link":"https:\/\/www.italiaeconomiaonline.it\/web\/inps-per-covid-azioni-e-spese-straordinarie-per-il-paese-deficit-previsto-e-con-garanzie-di-copertura\/","title":{"rendered":"Inps: per covid azioni e spese straordinarie per il Paese, deficit previsto e con garanzie di copertura"},"content":{"rendered":"<p><span class=\"dropcap dropcap3\">L<\/span>\u2019emergenza Covid ha richiesto da inizio anno risposte straordinarie, che hanno impegnato l\u2019Inps in attivit\u00e0 di sostegno al Paese che non hanno precedenti.<\/p>\n<p>L\u2019equilibrio dei conti dell\u2019Istituto non \u00e8 in discussione ed ogni aggravio generato dall\u2019eccezionalit\u00e0 del periodo viene costantemente monitorato e ha garanzia di copertura nel complessivo controllo dei conti pubblici e nelle manovre di Governo e Parlamento.<\/p>\n<p>Il deficit particolare di questo anno, che segue un 2019 dai conti in attivo, non mette a rischio n\u00e9 le future prestazioni n\u00e9 la validit\u00e0 delle misure a sostegno di cittadini e imprese.<\/p>\n","protected":false},"excerpt":{"rendered":"<p>L\u2019emergenza Covid ha richiesto da inizio anno risposte straordinarie, che hanno impegnato l\u2019Inps in attivit\u00e0 di sostegno al Paese che non hanno precedenti. L\u2019equilibrio dei conti dell\u2019Istituto non \u00e8 in discussione ed ogni aggravio generato dall\u2019eccezionalit\u00e0 del periodo viene costantemente monitorato e ha garanzia di copertura nel complessivo controllo dei conti pubblici e nelle manovre [&hellip;]<\/p>\n","protected":false},"author":1,"featured_media":4173,"comment_status":"closed","ping_status":"open","sticky":false,"template":"","format":"standard","meta":{"footnotes":""},"categories":[56],"tags":[],"yoast_head":"<!-- This site is optimized with the Yoast SEO plugin v22.2 - https:\/\/yoast.com\/wordpress\/plugins\/seo\/ -->\n<title>Inps: per covid azioni e spese straordinarie per il Paese, deficit previsto e con garanzie di copertura -<\/title>\n<meta name=\"robots\" content=\"index, follow, max-snippet:-1, max-image-preview:large, max-video-preview:-1\" \/>\n<link rel=\"canonical\" href=\"https:\/\/www.italiaeconomiaonline.it\/web\/inps-per-covid-azioni-e-spese-straordinarie-per-il-paese-deficit-previsto-e-con-garanzie-di-copertura\/\" \/>\n<meta property=\"og:locale\" content=\"it_IT\" \/>\n<meta property=\"og:type\" content=\"article\" \/>\n<meta property=\"og:title\" content=\"Inps: per covid azioni e spese straordinarie per il Paese, deficit previsto e con garanzie di copertura -\" \/>\n<meta property=\"og:description\" content=\"L\u2019emergenza Covid ha richiesto da inizio anno risposte straordinarie, che hanno impegnato l\u2019Inps in attivit\u00e0 di sostegno al Paese che non hanno precedenti. L\u2019equilibrio dei conti dell\u2019Istituto non \u00e8 in discussione ed ogni aggravio generato dall\u2019eccezionalit\u00e0 del periodo viene costantemente monitorato e ha garanzia di copertura nel complessivo controllo dei conti pubblici e nelle manovre [&hellip;]\" \/>\n<meta property=\"og:url\" content=\"https:\/\/www.italiaeconomiaonline.it\/web\/inps-per-covid-azioni-e-spese-straordinarie-per-il-paese-deficit-previsto-e-con-garanzie-di-copertura\/\" \/>\n<meta property=\"og:site_name\" content=\"ItaliaEconomiaOnline\" \/>\n<meta property=\"article:published_time\" content=\"2020-11-15T16:23:55+00:00\" \/>\n<meta property=\"og:image\" content=\"https:\/\/www.italiaeconomiaonline.it\/web\/wp-content\/uploads\/2020\/09\/Schermata-2020-09-22-alle-11.30.55.png\" \/>\n\t<meta property=\"og:image:width\" content=\"1406\" \/>\n\t<meta property=\"og:image:height\" content=\"848\" \/>\n\t<meta property=\"og:image:type\" content=\"image\/png\" \/>\n<meta name=\"author\" content=\"ladyitaliaeconomia\" \/>\n<meta name=\"twitter:card\" content=\"summary_large_image\" \/>\n<meta name=\"twitter:label1\" content=\"Scritto da\" \/>\n\t<meta name=\"twitter:data1\" content=\"ladyitaliaeconomia\" \/>\n<script type=\"application\/ld+json\" class=\"yoast-schema-graph\">{\"@context\":\"https:\/\/schema.org\",\"@graph\":[{\"@type\":\"WebPage\",\"@id\":\"https:\/\/www.italiaeconomiaonline.it\/web\/inps-per-covid-azioni-e-spese-straordinarie-per-il-paese-deficit-previsto-e-con-garanzie-di-copertura\/\",\"url\":\"https:\/\/www.italiaeconomiaonline.it\/web\/inps-per-covid-azioni-e-spese-straordinarie-per-il-paese-deficit-previsto-e-con-garanzie-di-copertura\/\",\"name\":\"Inps: per covid azioni e spese straordinarie per il Paese, deficit previsto e con garanzie di copertura -\",\"isPartOf\":{\"@id\":\"https:\/\/www.italiaeconomiaonline.it\/web\/#website\"},\"primaryImageOfPage\":{\"@id\":\"https:\/\/www.italiaeconomiaonline.it\/web\/inps-per-covid-azioni-e-spese-straordinarie-per-il-paese-deficit-previsto-e-con-garanzie-di-copertura\/#primaryimage\"},\"image\":{\"@id\":\"https:\/\/www.italiaeconomiaonline.it\/web\/inps-per-covid-azioni-e-spese-straordinarie-per-il-paese-deficit-previsto-e-con-garanzie-di-copertura\/#primaryimage\"},\"thumbnailUrl\":\"https:\/\/www.italiaeconomiaonline.it\/web\/wp-content\/uploads\/2020\/09\/Schermata-2020-09-22-alle-11.30.55.png\",\"datePublished\":\"2020-11-15T16:23:55+00:00\",\"dateModified\":\"2020-11-15T16:23:55+00:00\",\"author\":{\"@id\":\"https:\/\/www.italiaeconomiaonline.it\/web\/#\/schema\/person\/909a49cce752523b020fbc37d5ab1c31\"},\"breadcrumb\":{\"@id\":\"https:\/\/www.italiaeconomiaonline.it\/web\/inps-per-covid-azioni-e-spese-straordinarie-per-il-paese-deficit-previsto-e-con-garanzie-di-copertura\/#breadcrumb\"},\"inLanguage\":\"it-IT\",\"potentialAction\":[{\"@type\":\"ReadAction\",\"target\":[\"https:\/\/www.italiaeconomiaonline.it\/web\/inps-per-covid-azioni-e-spese-straordinarie-per-il-paese-deficit-previsto-e-con-garanzie-di-copertura\/\"]}]},{\"@type\":\"ImageObject\",\"inLanguage\":\"it-IT\",\"@id\":\"https:\/\/www.italiaeconomiaonline.it\/web\/inps-per-covid-azioni-e-spese-straordinarie-per-il-paese-deficit-previsto-e-con-garanzie-di-copertura\/#primaryimage\",\"url\":\"https:\/\/www.italiaeconomiaonline.it\/web\/wp-content\/uploads\/2020\/09\/Schermata-2020-09-22-alle-11.30.55.png\",\"contentUrl\":\"https:\/\/www.italiaeconomiaonline.it\/web\/wp-content\/uploads\/2020\/09\/Schermata-2020-09-22-alle-11.30.55.png\",\"width\":1406,\"height\":848},{\"@type\":\"BreadcrumbList\",\"@id\":\"https:\/\/www.italiaeconomiaonline.it\/web\/inps-per-covid-azioni-e-spese-straordinarie-per-il-paese-deficit-previsto-e-con-garanzie-di-copertura\/#breadcrumb\",\"itemListElement\":[{\"@type\":\"ListItem\",\"position\":1,\"name\":\"Home\",\"item\":\"https:\/\/www.italiaeconomiaonline.it\/web\/\"},{\"@type\":\"ListItem\",\"position\":2,\"name\":\"Inps: per covid azioni e spese straordinarie per il Paese, deficit previsto e con garanzie di copertura\"}]},{\"@type\":\"WebSite\",\"@id\":\"https:\/\/www.italiaeconomiaonline.it\/web\/#website\",\"url\":\"https:\/\/www.italiaeconomiaonline.it\/web\/\",\"name\":\"ItaliaEconomiaOnline\",\"description\":\"Quotidiano Economico Online\",\"potentialAction\":[{\"@type\":\"SearchAction\",\"target\":{\"@type\":\"EntryPoint\",\"urlTemplate\":\"https:\/\/www.italiaeconomiaonline.it\/web\/?s={search_term_string}\"},\"query-input\":\"required name=search_term_string\"}],\"inLanguage\":\"it-IT\"},{\"@type\":\"Person\",\"@id\":\"https:\/\/www.italiaeconomiaonline.it\/web\/#\/schema\/person\/909a49cce752523b020fbc37d5ab1c31\",\"name\":\"ladyitaliaeconomia\",\"image\":{\"@type\":\"ImageObject\",\"inLanguage\":\"it-IT\",\"@id\":\"https:\/\/www.italiaeconomiaonline.it\/web\/#\/schema\/person\/image\/\",\"url\":\"https:\/\/secure.gravatar.com\/avatar\/cedca10ce7416a579b9fa6bce9c0a8f2?s=96&d=mm&r=g\",\"contentUrl\":\"https:\/\/secure.gravatar.com\/avatar\/cedca10ce7416a579b9fa6bce9c0a8f2?s=96&d=mm&r=g\",\"caption\":\"ladyitaliaeconomia\"},\"url\":\"https:\/\/www.italiaeconomiaonline.it\/web\/author\/ladyitaliaeconomia\/\"}]}<\/script>\n<!-- \/ Yoast SEO plugin. -->","yoast_head_json":{"title":"Inps: per covid azioni e spese straordinarie per il Paese, deficit previsto e con garanzie di copertura -","robots":{"index":"index","follow":"follow","max-snippet":"max-snippet:-1","max-image-preview":"max-image-preview:large","max-video-preview":"max-video-preview:-1"},"canonical":"https:\/\/www.italiaeconomiaonline.it\/web\/inps-per-covid-azioni-e-spese-straordinarie-per-il-paese-deficit-previsto-e-con-garanzie-di-copertura\/","og_locale":"it_IT","og_type":"article","og_title":"Inps: per covid azioni e spese straordinarie per il Paese, deficit previsto e con garanzie di copertura -","og_description":"L\u2019emergenza Covid ha richiesto da inizio anno risposte straordinarie, che hanno impegnato l\u2019Inps in attivit\u00e0 di sostegno al Paese che non hanno precedenti. L\u2019equilibrio dei conti dell\u2019Istituto non \u00e8 in discussione ed ogni aggravio generato dall\u2019eccezionalit\u00e0 del periodo viene costantemente monitorato e ha garanzia di copertura nel complessivo controllo dei conti pubblici e nelle manovre [&hellip;]","og_url":"https:\/\/www.italiaeconomiaonline.it\/web\/inps-per-covid-azioni-e-spese-straordinarie-per-il-paese-deficit-previsto-e-con-garanzie-di-copertura\/","og_site_name":"ItaliaEconomiaOnline","article_published_time":"2020-11-15T16:23:55+00:00","og_image":[{"width":1406,"height":848,"url":"https:\/\/www.italiaeconomiaonline.it\/web\/wp-content\/uploads\/2020\/09\/Schermata-2020-09-22-alle-11.30.55.png","type":"image\/png"}],"author":"ladyitaliaeconomia","twitter_card":"summary_large_image","twitter_misc":{"Scritto da":"ladyitaliaeconomia"},"schema":{"@context":"https:\/\/schema.org","@graph":[{"@type":"WebPage","@id":"https:\/\/www.italiaeconomiaonline.it\/web\/inps-per-covid-azioni-e-spese-straordinarie-per-il-paese-deficit-previsto-e-con-garanzie-di-copertura\/","url":"https:\/\/www.italiaeconomiaonline.it\/web\/inps-per-covid-azioni-e-spese-straordinarie-per-il-paese-deficit-previsto-e-con-garanzie-di-copertura\/","name":"Inps: per covid azioni e spese straordinarie per il Paese, deficit previsto e con garanzie di copertura -","isPartOf":{"@id":"https:\/\/www.italiaeconomiaonline.it\/web\/#website"},"primaryImageOfPage":{"@id":"https:\/\/www.italiaeconomiaonline.it\/web\/inps-per-covid-azioni-e-spese-straordinarie-per-il-paese-deficit-previsto-e-con-garanzie-di-copertura\/#primaryimage"},"image":{"@id":"https:\/\/www.italiaeconomiaonline.it\/web\/inps-per-covid-azioni-e-spese-straordinarie-per-il-paese-deficit-previsto-e-con-garanzie-di-copertura\/#primaryimage"},"thumbnailUrl":"https:\/\/www.italiaeconomiaonline.it\/web\/wp-content\/uploads\/2020\/09\/Schermata-2020-09-22-alle-11.30.55.png","datePublished":"2020-11-15T16:23:55+00:00","dateModified":"2020-11-15T16:23:55+00:00","author":{"@id":"https:\/\/www.italiaeconomiaonline.it\/web\/#\/schema\/person\/909a49cce752523b020fbc37d5ab1c31"},"breadcrumb":{"@id":"https:\/\/www.italiaeconomiaonline.it\/web\/inps-per-covid-azioni-e-spese-straordinarie-per-il-paese-deficit-previsto-e-con-garanzie-di-copertura\/#breadcrumb"},"inLanguage":"it-IT","potentialAction":[{"@type":"ReadAction","target":["https:\/\/www.italiaeconomiaonline.it\/web\/inps-per-covid-azioni-e-spese-straordinarie-per-il-paese-deficit-previsto-e-con-garanzie-di-copertura\/"]}]},{"@type":"ImageObject","inLanguage":"it-IT","@id":"https:\/\/www.italiaeconomiaonline.it\/web\/inps-per-covid-azioni-e-spese-straordinarie-per-il-paese-deficit-previsto-e-con-garanzie-di-copertura\/#primaryimage","url":"https:\/\/www.italiaeconomiaonline.it\/web\/wp-content\/uploads\/2020\/09\/Schermata-2020-09-22-alle-11.30.55.png","contentUrl":"https:\/\/www.italiaeconomiaonline.it\/web\/wp-content\/uploads\/2020\/09\/Schermata-2020-09-22-alle-11.30.55.png","width":1406,"height":848},{"@type":"BreadcrumbList","@id":"https:\/\/www.italiaeconomiaonline.it\/web\/inps-per-covid-azioni-e-spese-straordinarie-per-il-paese-deficit-previsto-e-con-garanzie-di-copertura\/#breadcrumb","itemListElement":[{"@type":"ListItem","position":1,"name":"Home","item":"https:\/\/www.italiaeconomiaonline.it\/web\/"},{"@type":"ListItem","position":2,"name":"Inps: per covid azioni e spese straordinarie per il Paese, deficit previsto e con garanzie di copertura"}]},{"@type":"WebSite","@id":"https:\/\/www.italiaeconomiaonline.it\/web\/#website","url":"https:\/\/www.italiaeconomiaonline.it\/web\/","name":"ItaliaEconomiaOnline","description":"Quotidiano Economico Online","potentialAction":[{"@type":"SearchAction","target":{"@type":"EntryPoint","urlTemplate":"https:\/\/www.italiaeconomiaonline.it\/web\/?s={search_term_string}"},"query-input":"required name=search_term_string"}],"inLanguage":"it-IT"},{"@type":"Person","@id":"https:\/\/www.italiaeconomiaonline.it\/web\/#\/schema\/person\/909a49cce752523b020fbc37d5ab1c31","name":"ladyitaliaeconomia","image":{"@type":"ImageObject","inLanguage":"it-IT","@id":"https:\/\/www.italiaeconomiaonline.it\/web\/#\/schema\/person\/image\/","url":"https:\/\/secure.gravatar.com\/avatar\/cedca10ce7416a579b9fa6bce9c0a8f2?s=96&d=mm&r=g","contentUrl":"https:\/\/secure.gravatar.com\/avatar\/cedca10ce7416a579b9fa6bce9c0a8f2?s=96&d=mm&r=g","caption":"ladyitaliaeconomia"},"url":"https:\/\/www.italiaeconomiaonline.it\/web\/author\/ladyitaliaeconomia\/"}]}},"_links":{"self":[{"href":"https:\/\/www.italiaeconomiaonline.it\/web\/wp-json\/wp\/v2\/posts\/4634"}],"collection":[{"href":"https:\/\/www.italiaeconomiaonline.it\/web\/wp-json\/wp\/v2\/posts"}],"about":[{"href":"https:\/\/www.italiaeconomiaonline.it\/web\/wp-json\/wp\/v2\/types\/post"}],"author":[{"embeddable":true,"href":"https:\/\/www.italiaeconomiaonline.it\/web\/wp-json\/wp\/v2\/users\/1"}],"replies":[{"embeddable":true,"href":"https:\/\/www.italiaeconomiaonline.it\/web\/wp-json\/wp\/v2\/comments?post=4634"}],"version-history":[{"count":1,"href":"https:\/\/www.italiaeconomiaonline.it\/web\/wp-json\/wp\/v2\/posts\/4634\/revisions"}],"predecessor-version":[{"id":4635,"href":"https:\/\/www.italiaeconomiaonline.it\/web\/wp-json\/wp\/v2\/posts\/4634\/revisions\/4635"}],"wp:featuredmedia":[{"embeddable":true,"href":"https:\/\/www.italiaeconomiaonline.it\/web\/wp-json\/wp\/v2\/media\/4173"}],"wp:attachment":[{"href":"https:\/\/www.italiaeconomiaonline.it\/web\/wp-json\/wp\/v2\/media?parent=4634"}],"wp:term":[{"taxonomy":"category","embeddable":true,"href":"https:\/\/www.italiaeconomiaonline.it\/web\/wp-json\/wp\/v2\/categories?post=4634"},{"taxonomy":"post_tag","embeddable":true,"href":"https:\/\/www.italiaeconomiaonline.it\/web\/wp-json\/wp\/v2\/tags?post=4634"}],"curies":[{"name":"wp","href":"https:\/\/api.w.org\/{rel}","templated":true}]}}