{"id":4645,"date":"2020-11-16T11:53:06","date_gmt":"2020-11-16T10:53:06","guid":{"rendered":"http:\/\/www.italiaeconomiaonline.it\/web\/?p=4645"},"modified":"2020-11-16T11:53:52","modified_gmt":"2020-11-16T10:53:52","slug":"commercialisti-focus-sul-prossimo-bilancio-ue-e-su-nextgenerationeu","status":"publish","type":"post","link":"https:\/\/www.italiaeconomiaonline.it\/web\/commercialisti-focus-sul-prossimo-bilancio-ue-e-su-nextgenerationeu\/","title":{"rendered":"Commercialisti, focus sul prossimo bilancio UE e su NextgenerationEu"},"content":{"rendered":"<p class=\"x_p2\"><span class=\"dropcap dropcap3\">I<\/span>l Consiglio e la Fondazione Nazionale dei Commercialisti hanno pubblicato l\u2019informativa\u00a0periodica \u201cAttivit\u00e0\u00a0Internazionale\u201d, una analisi sulle misure economiche adottate in ambito europeo ed\u00a0internazionale\u00a0per contrastare la pandemia.<\/p>\n<p class=\"x_p6\">Mentre l\u2019esito delle elezioni americane induce l\u2019Europa, a ritenere possibile una rinnovata\u00a0<i>partnership\u00a0<\/i>tra UE e Stati Uniti, pur tenendo conto delle attuali rispettive posizioni su temi fondamentali come clima, emergenza COVID-19 e commercio internazionale, il\u00a0<i>virus\u00a0<\/i>continua la sua corsa mettendo a dura prova sistemi sanitari ed economie. L\u2019Unione europea rinnova il suo impegno per sostenere gli uni e le altre.<span class=\"x_Apple-converted-space\">\u00a0<\/span><\/p>\n<p class=\"x_p7\">Tra le novit\u00e0 di queste settimane, l\u2019accordo raggiunto in sede di Consiglio tra il Parlamento europeo e gli Stati membri sul prossimo bilancio UE a lungo termine e su\u00a0<i>NextGenerationEU<\/i>, il programma per la ripresa che include il\u00a0<i>Recovery Fund<\/i>. Il pacchetto, per complessivi 1.800 miliardi di euro, contribuir\u00e0 a ricostruire un\u2019Europa pi\u00f9 verde, digitale, resiliente e pronta per le sfide presenti e future.<span class=\"x_Apple-converted-space\">\u00a0<\/span><\/p>\n<p class=\"x_p4\"><span class=\"x_s1\">Le previsioni economiche d\u2019autunno, pubblicate nei giorni scorsi dalla Commissione, risentono del clima di incertezza alimentato dall\u2019aumento dei contagi. La netta ripresa registrata nel periodo estivo con la revoca delle misure di contenimento si \u00e8 bruscamente interrotta e secondo le stime riprender\u00e0 nel 2021, ma saranno necessari ancora due anni prima che l\u2019economia europea torni ad avvicinarsi ai livelli pre-pandemici.<\/span><span class=\"x_s1\"><span class=\"x_Apple-converted-space\">\u00a0\u00a0<\/span><\/span><\/p>\n<p class=\"x_p4\"><span class=\"x_s1\">Infatti s<\/span>econdo le previsioni economiche di autunno 2020, l\u2019economia della zona euro subir\u00e0 una contrazione del 7,8% nel 2020, prima di crescere del 4,2% nel 2021 e del 3% nel 2022. Si prevede inoltre che l\u2019economia della zona euro subir\u00e0 una contrazione del 7,4% nel 2020, prima di riprendersi con una crescita del 4,1% nel 2021 e del 3% nel 2022. Rispetto alle previsioni economiche dell\u2019estate 2020, le proiezioni di crescita per la zona euro e per l\u2019UE sono leggermente pi\u00f9 elevate per il 2020 e inferiori per il 2021.<\/p>\n<p class=\"x_p4\">In ogni caso, si prevede che nel 2022 sia il prodotto della zona euro che quello dell\u2019UE non tornino ai livelli precedenti alla pandemia. Se in estate la ripresa \u00e8 stata pi\u00f9 robusta del previsto con il risultato di una leggera attenuazione della recessione 2020, le nuove misure restrittive approvate dai governi di tutta Europa porteranno a un peggioramento dei dati per il prossimo anno.<\/p>\n<p class=\"x_p4\">Si allontana quindi sempre pi\u00f9 la possibilit\u00e0 che l\u2019economia dell\u2019Unione, compresa quella italiana torni ai livelli pre-pandemici prima del 2022.<span class=\"x_Apple-converted-space\">\u00a0\u00a0<\/span>Le previsioni per l\u2019Italia annunciano una recessione del 9,9% nel 2020 rispetto al -11,2% stimato a luglio. Tuttavia il prossimo anno la ripartenza sar\u00e0 del 4,1% anzich\u00e9 del 6,1%. Dati che secondo Bruxelles nel 2021 faranno salire la disoccupazione all\u201911,6% e non permetteranno al Paese di tornare a livelli pre-covid entro la fine del 2022.<\/p>\n<p class=\"x_p4\">Il Consiglio ECOFIN ha approvato il Piano d\u2019azione per una politica integrata dell\u2019Unione in materia di prevenzione del riciclaggio di denaro e del finanziamento del terrorismo che prevede l\u2019istituzione di un\u2019autorit\u00e0 di vigilanza europea che avr\u00e0 poteri di intervento diretto, ma potr\u00e0 anche sostituirsi alle autorit\u00e0 nazionali in situazioni chiaramente definite ed eccezionali.<span class=\"x_Apple-converted-space\">\u00a0<\/span><\/p>\n<p class=\"x_p4\">Infine, il Fondo Monetario Internazionale ha pubblicato i risultati del sondaggio annuale Financial\u00a0<i>Access Survey\u00a0<\/i>(FAS) sull\u2019accessibilit\u00e0 e l\u2019utilizzo dei servizi finanziari, nonostante i progressi registrati, gli indicatori mostrano che numerose sfide rimangono ancora aperte, tra queste quella per le PMI, in favore delle quali l\u2019attivit\u00e0 di prestito rimane ancora troppo limitata.<span class=\"x_Apple-converted-space\">\u00a0<\/span><\/p>\n<p class=\"x_p4\">Chiude l\u2019informativa, una sezione dedicata agli appuntamenti convegnisti e formativi. Tra questi, la 13ma Conferenza europea della CFE dedicata alla professione dei consulenti fiscali, dal titolo \u201c<i>Taxpayer Rights and Legal Certainty in the Digital Era\u201d<\/i>\u00a0(Diritti dei contribuenti e certezza del diritto nell\u2019era del digitale); il summit<i>\u00a0<\/i>virtuale dal titolo,<i>The Anticipatory Accountant:GlobalTrends Transforming Learning &amp; Development.<\/i><span class=\"x_s2\"><i>\u00a0<\/i><\/span>suddiviso in quattro giornate dal 16 al 19 novembre 2020 e, il 19 novembre, il webinar organizzato da ACCA, Accountancy Europe, EACB e SME United,\u00a0<i>How can non-financial information (NFI) reporting work for SMEs? .<\/i><\/p>\n","protected":false},"excerpt":{"rendered":"<p>Il Consiglio e la Fondazione Nazionale dei Commercialisti hanno pubblicato l\u2019informativa\u00a0periodica \u201cAttivit\u00e0\u00a0Internazionale\u201d, una analisi sulle misure economiche adottate in ambito europeo ed\u00a0internazionale\u00a0per contrastare la pandemia. Mentre l\u2019esito delle elezioni americane induce l\u2019Europa, a ritenere possibile una rinnovata\u00a0partnership\u00a0tra UE e Stati Uniti, pur tenendo conto delle attuali rispettive posizioni su temi fondamentali come clima, emergenza COVID-19 [&hellip;]<\/p>\n","protected":false},"author":1,"featured_media":4646,"comment_status":"closed","ping_status":"open","sticky":false,"template":"","format":"standard","meta":{"footnotes":""},"categories":[162],"tags":[1397],"yoast_head":"<!-- This site is optimized with the Yoast SEO plugin v22.2 - https:\/\/yoast.com\/wordpress\/plugins\/seo\/ -->\n<title>Commercialisti, focus sul prossimo bilancio UE e su NextgenerationEu -<\/title>\n<meta name=\"robots\" content=\"index, follow, max-snippet:-1, max-image-preview:large, max-video-preview:-1\" \/>\n<link rel=\"canonical\" href=\"https:\/\/www.italiaeconomiaonline.it\/web\/commercialisti-focus-sul-prossimo-bilancio-ue-e-su-nextgenerationeu\/\" \/>\n<meta property=\"og:locale\" content=\"it_IT\" \/>\n<meta property=\"og:type\" content=\"article\" \/>\n<meta property=\"og:title\" content=\"Commercialisti, focus sul prossimo bilancio UE e su NextgenerationEu -\" \/>\n<meta property=\"og:description\" content=\"Il Consiglio e la Fondazione Nazionale dei Commercialisti hanno pubblicato l\u2019informativa\u00a0periodica \u201cAttivit\u00e0\u00a0Internazionale\u201d, una analisi sulle misure economiche adottate in ambito europeo ed\u00a0internazionale\u00a0per contrastare la pandemia. Mentre l\u2019esito delle elezioni americane induce l\u2019Europa, a ritenere possibile una rinnovata\u00a0partnership\u00a0tra UE e Stati Uniti, pur tenendo conto delle attuali rispettive posizioni su temi fondamentali come clima, emergenza COVID-19 [&hellip;]\" \/>\n<meta property=\"og:url\" content=\"https:\/\/www.italiaeconomiaonline.it\/web\/commercialisti-focus-sul-prossimo-bilancio-ue-e-su-nextgenerationeu\/\" \/>\n<meta property=\"og:site_name\" content=\"ItaliaEconomiaOnline\" \/>\n<meta property=\"article:published_time\" content=\"2020-11-16T10:53:06+00:00\" \/>\n<meta property=\"article:modified_time\" content=\"2020-11-16T10:53:52+00:00\" \/>\n<meta property=\"og:image\" content=\"https:\/\/www.italiaeconomiaonline.it\/web\/wp-content\/uploads\/2020\/11\/Schermata-2020-11-16-alle-11.52.20.png\" \/>\n\t<meta property=\"og:image:width\" content=\"1386\" \/>\n\t<meta property=\"og:image:height\" content=\"928\" \/>\n\t<meta property=\"og:image:type\" content=\"image\/png\" \/>\n<meta name=\"author\" content=\"ladyitaliaeconomia\" \/>\n<meta name=\"twitter:card\" content=\"summary_large_image\" \/>\n<meta name=\"twitter:label1\" content=\"Scritto da\" \/>\n\t<meta name=\"twitter:data1\" content=\"ladyitaliaeconomia\" \/>\n\t<meta name=\"twitter:label2\" content=\"Tempo di lettura stimato\" \/>\n\t<meta name=\"twitter:data2\" content=\"3 minuti\" \/>\n<script type=\"application\/ld+json\" class=\"yoast-schema-graph\">{\"@context\":\"https:\/\/schema.org\",\"@graph\":[{\"@type\":\"WebPage\",\"@id\":\"https:\/\/www.italiaeconomiaonline.it\/web\/commercialisti-focus-sul-prossimo-bilancio-ue-e-su-nextgenerationeu\/\",\"url\":\"https:\/\/www.italiaeconomiaonline.it\/web\/commercialisti-focus-sul-prossimo-bilancio-ue-e-su-nextgenerationeu\/\",\"name\":\"Commercialisti, focus sul prossimo bilancio UE e su NextgenerationEu -\",\"isPartOf\":{\"@id\":\"https:\/\/www.italiaeconomiaonline.it\/web\/#website\"},\"primaryImageOfPage\":{\"@id\":\"https:\/\/www.italiaeconomiaonline.it\/web\/commercialisti-focus-sul-prossimo-bilancio-ue-e-su-nextgenerationeu\/#primaryimage\"},\"image\":{\"@id\":\"https:\/\/www.italiaeconomiaonline.it\/web\/commercialisti-focus-sul-prossimo-bilancio-ue-e-su-nextgenerationeu\/#primaryimage\"},\"thumbnailUrl\":\"https:\/\/www.italiaeconomiaonline.it\/web\/wp-content\/uploads\/2020\/11\/Schermata-2020-11-16-alle-11.52.20.png\",\"datePublished\":\"2020-11-16T10:53:06+00:00\",\"dateModified\":\"2020-11-16T10:53:52+00:00\",\"author\":{\"@id\":\"https:\/\/www.italiaeconomiaonline.it\/web\/#\/schema\/person\/909a49cce752523b020fbc37d5ab1c31\"},\"breadcrumb\":{\"@id\":\"https:\/\/www.italiaeconomiaonline.it\/web\/commercialisti-focus-sul-prossimo-bilancio-ue-e-su-nextgenerationeu\/#breadcrumb\"},\"inLanguage\":\"it-IT\",\"potentialAction\":[{\"@type\":\"ReadAction\",\"target\":[\"https:\/\/www.italiaeconomiaonline.it\/web\/commercialisti-focus-sul-prossimo-bilancio-ue-e-su-nextgenerationeu\/\"]}]},{\"@type\":\"ImageObject\",\"inLanguage\":\"it-IT\",\"@id\":\"https:\/\/www.italiaeconomiaonline.it\/web\/commercialisti-focus-sul-prossimo-bilancio-ue-e-su-nextgenerationeu\/#primaryimage\",\"url\":\"https:\/\/www.italiaeconomiaonline.it\/web\/wp-content\/uploads\/2020\/11\/Schermata-2020-11-16-alle-11.52.20.png\",\"contentUrl\":\"https:\/\/www.italiaeconomiaonline.it\/web\/wp-content\/uploads\/2020\/11\/Schermata-2020-11-16-alle-11.52.20.png\",\"width\":1386,\"height\":928},{\"@type\":\"BreadcrumbList\",\"@id\":\"https:\/\/www.italiaeconomiaonline.it\/web\/commercialisti-focus-sul-prossimo-bilancio-ue-e-su-nextgenerationeu\/#breadcrumb\",\"itemListElement\":[{\"@type\":\"ListItem\",\"position\":1,\"name\":\"Home\",\"item\":\"https:\/\/www.italiaeconomiaonline.it\/web\/\"},{\"@type\":\"ListItem\",\"position\":2,\"name\":\"Commercialisti, focus sul prossimo bilancio UE e su NextgenerationEu\"}]},{\"@type\":\"WebSite\",\"@id\":\"https:\/\/www.italiaeconomiaonline.it\/web\/#website\",\"url\":\"https:\/\/www.italiaeconomiaonline.it\/web\/\",\"name\":\"ItaliaEconomiaOnline\",\"description\":\"Quotidiano Economico Online\",\"potentialAction\":[{\"@type\":\"SearchAction\",\"target\":{\"@type\":\"EntryPoint\",\"urlTemplate\":\"https:\/\/www.italiaeconomiaonline.it\/web\/?s={search_term_string}\"},\"query-input\":\"required name=search_term_string\"}],\"inLanguage\":\"it-IT\"},{\"@type\":\"Person\",\"@id\":\"https:\/\/www.italiaeconomiaonline.it\/web\/#\/schema\/person\/909a49cce752523b020fbc37d5ab1c31\",\"name\":\"ladyitaliaeconomia\",\"image\":{\"@type\":\"ImageObject\",\"inLanguage\":\"it-IT\",\"@id\":\"https:\/\/www.italiaeconomiaonline.it\/web\/#\/schema\/person\/image\/\",\"url\":\"https:\/\/secure.gravatar.com\/avatar\/cedca10ce7416a579b9fa6bce9c0a8f2?s=96&d=mm&r=g\",\"contentUrl\":\"https:\/\/secure.gravatar.com\/avatar\/cedca10ce7416a579b9fa6bce9c0a8f2?s=96&d=mm&r=g\",\"caption\":\"ladyitaliaeconomia\"},\"url\":\"https:\/\/www.italiaeconomiaonline.it\/web\/author\/ladyitaliaeconomia\/\"}]}<\/script>\n<!-- \/ Yoast SEO plugin. -->","yoast_head_json":{"title":"Commercialisti, focus sul prossimo bilancio UE e su NextgenerationEu -","robots":{"index":"index","follow":"follow","max-snippet":"max-snippet:-1","max-image-preview":"max-image-preview:large","max-video-preview":"max-video-preview:-1"},"canonical":"https:\/\/www.italiaeconomiaonline.it\/web\/commercialisti-focus-sul-prossimo-bilancio-ue-e-su-nextgenerationeu\/","og_locale":"it_IT","og_type":"article","og_title":"Commercialisti, focus sul prossimo bilancio UE e su NextgenerationEu -","og_description":"Il Consiglio e la Fondazione Nazionale dei Commercialisti hanno pubblicato l\u2019informativa\u00a0periodica \u201cAttivit\u00e0\u00a0Internazionale\u201d, una analisi sulle misure economiche adottate in ambito europeo ed\u00a0internazionale\u00a0per contrastare la pandemia. Mentre l\u2019esito delle elezioni americane induce l\u2019Europa, a ritenere possibile una rinnovata\u00a0partnership\u00a0tra UE e Stati Uniti, pur tenendo conto delle attuali rispettive posizioni su temi fondamentali come clima, emergenza COVID-19 [&hellip;]","og_url":"https:\/\/www.italiaeconomiaonline.it\/web\/commercialisti-focus-sul-prossimo-bilancio-ue-e-su-nextgenerationeu\/","og_site_name":"ItaliaEconomiaOnline","article_published_time":"2020-11-16T10:53:06+00:00","article_modified_time":"2020-11-16T10:53:52+00:00","og_image":[{"width":1386,"height":928,"url":"https:\/\/www.italiaeconomiaonline.it\/web\/wp-content\/uploads\/2020\/11\/Schermata-2020-11-16-alle-11.52.20.png","type":"image\/png"}],"author":"ladyitaliaeconomia","twitter_card":"summary_large_image","twitter_misc":{"Scritto da":"ladyitaliaeconomia","Tempo di lettura stimato":"3 minuti"},"schema":{"@context":"https:\/\/schema.org","@graph":[{"@type":"WebPage","@id":"https:\/\/www.italiaeconomiaonline.it\/web\/commercialisti-focus-sul-prossimo-bilancio-ue-e-su-nextgenerationeu\/","url":"https:\/\/www.italiaeconomiaonline.it\/web\/commercialisti-focus-sul-prossimo-bilancio-ue-e-su-nextgenerationeu\/","name":"Commercialisti, focus sul prossimo bilancio UE e su NextgenerationEu -","isPartOf":{"@id":"https:\/\/www.italiaeconomiaonline.it\/web\/#website"},"primaryImageOfPage":{"@id":"https:\/\/www.italiaeconomiaonline.it\/web\/commercialisti-focus-sul-prossimo-bilancio-ue-e-su-nextgenerationeu\/#primaryimage"},"image":{"@id":"https:\/\/www.italiaeconomiaonline.it\/web\/commercialisti-focus-sul-prossimo-bilancio-ue-e-su-nextgenerationeu\/#primaryimage"},"thumbnailUrl":"https:\/\/www.italiaeconomiaonline.it\/web\/wp-content\/uploads\/2020\/11\/Schermata-2020-11-16-alle-11.52.20.png","datePublished":"2020-11-16T10:53:06+00:00","dateModified":"2020-11-16T10:53:52+00:00","author":{"@id":"https:\/\/www.italiaeconomiaonline.it\/web\/#\/schema\/person\/909a49cce752523b020fbc37d5ab1c31"},"breadcrumb":{"@id":"https:\/\/www.italiaeconomiaonline.it\/web\/commercialisti-focus-sul-prossimo-bilancio-ue-e-su-nextgenerationeu\/#breadcrumb"},"inLanguage":"it-IT","potentialAction":[{"@type":"ReadAction","target":["https:\/\/www.italiaeconomiaonline.it\/web\/commercialisti-focus-sul-prossimo-bilancio-ue-e-su-nextgenerationeu\/"]}]},{"@type":"ImageObject","inLanguage":"it-IT","@id":"https:\/\/www.italiaeconomiaonline.it\/web\/commercialisti-focus-sul-prossimo-bilancio-ue-e-su-nextgenerationeu\/#primaryimage","url":"https:\/\/www.italiaeconomiaonline.it\/web\/wp-content\/uploads\/2020\/11\/Schermata-2020-11-16-alle-11.52.20.png","contentUrl":"https:\/\/www.italiaeconomiaonline.it\/web\/wp-content\/uploads\/2020\/11\/Schermata-2020-11-16-alle-11.52.20.png","width":1386,"height":928},{"@type":"BreadcrumbList","@id":"https:\/\/www.italiaeconomiaonline.it\/web\/commercialisti-focus-sul-prossimo-bilancio-ue-e-su-nextgenerationeu\/#breadcrumb","itemListElement":[{"@type":"ListItem","position":1,"name":"Home","item":"https:\/\/www.italiaeconomiaonline.it\/web\/"},{"@type":"ListItem","position":2,"name":"Commercialisti, focus sul prossimo bilancio UE e su NextgenerationEu"}]},{"@type":"WebSite","@id":"https:\/\/www.italiaeconomiaonline.it\/web\/#website","url":"https:\/\/www.italiaeconomiaonline.it\/web\/","name":"ItaliaEconomiaOnline","description":"Quotidiano Economico Online","potentialAction":[{"@type":"SearchAction","target":{"@type":"EntryPoint","urlTemplate":"https:\/\/www.italiaeconomiaonline.it\/web\/?s={search_term_string}"},"query-input":"required name=search_term_string"}],"inLanguage":"it-IT"},{"@type":"Person","@id":"https:\/\/www.italiaeconomiaonline.it\/web\/#\/schema\/person\/909a49cce752523b020fbc37d5ab1c31","name":"ladyitaliaeconomia","image":{"@type":"ImageObject","inLanguage":"it-IT","@id":"https:\/\/www.italiaeconomiaonline.it\/web\/#\/schema\/person\/image\/","url":"https:\/\/secure.gravatar.com\/avatar\/cedca10ce7416a579b9fa6bce9c0a8f2?s=96&d=mm&r=g","contentUrl":"https:\/\/secure.gravatar.com\/avatar\/cedca10ce7416a579b9fa6bce9c0a8f2?s=96&d=mm&r=g","caption":"ladyitaliaeconomia"},"url":"https:\/\/www.italiaeconomiaonline.it\/web\/author\/ladyitaliaeconomia\/"}]}},"_links":{"self":[{"href":"https:\/\/www.italiaeconomiaonline.it\/web\/wp-json\/wp\/v2\/posts\/4645"}],"collection":[{"href":"https:\/\/www.italiaeconomiaonline.it\/web\/wp-json\/wp\/v2\/posts"}],"about":[{"href":"https:\/\/www.italiaeconomiaonline.it\/web\/wp-json\/wp\/v2\/types\/post"}],"author":[{"embeddable":true,"href":"https:\/\/www.italiaeconomiaonline.it\/web\/wp-json\/wp\/v2\/users\/1"}],"replies":[{"embeddable":true,"href":"https:\/\/www.italiaeconomiaonline.it\/web\/wp-json\/wp\/v2\/comments?post=4645"}],"version-history":[{"count":1,"href":"https:\/\/www.italiaeconomiaonline.it\/web\/wp-json\/wp\/v2\/posts\/4645\/revisions"}],"predecessor-version":[{"id":4647,"href":"https:\/\/www.italiaeconomiaonline.it\/web\/wp-json\/wp\/v2\/posts\/4645\/revisions\/4647"}],"wp:featuredmedia":[{"embeddable":true,"href":"https:\/\/www.italiaeconomiaonline.it\/web\/wp-json\/wp\/v2\/media\/4646"}],"wp:attachment":[{"href":"https:\/\/www.italiaeconomiaonline.it\/web\/wp-json\/wp\/v2\/media?parent=4645"}],"wp:term":[{"taxonomy":"category","embeddable":true,"href":"https:\/\/www.italiaeconomiaonline.it\/web\/wp-json\/wp\/v2\/categories?post=4645"},{"taxonomy":"post_tag","embeddable":true,"href":"https:\/\/www.italiaeconomiaonline.it\/web\/wp-json\/wp\/v2\/tags?post=4645"}],"curies":[{"name":"wp","href":"https:\/\/api.w.org\/{rel}","templated":true}]}}