{"id":4648,"date":"2020-11-16T12:00:13","date_gmt":"2020-11-16T11:00:13","guid":{"rendered":"http:\/\/www.italiaeconomiaonline.it\/web\/?p=4648"},"modified":"2020-11-16T12:00:13","modified_gmt":"2020-11-16T11:00:13","slug":"federcontribuenti-allarme-redditi-per-il-66-dei-lavoratori","status":"publish","type":"post","link":"https:\/\/www.italiaeconomiaonline.it\/web\/federcontribuenti-allarme-redditi-per-il-66-dei-lavoratori\/","title":{"rendered":"Federcontribuenti: Allarme redditi per il 66% dei lavoratori"},"content":{"rendered":"<p><strong><span class=\"dropcap dropcap3\">F<\/span>edercontribuenti<\/strong>: &#8221;l&#8217;utilizzo massiccio della cassa integrazione ha significato per le famiglie italiane una <strong>riduzione dei redditi <\/strong>pari a 1.600 euro, circa <strong>300 euro<\/strong> in meno al mese, il 22,5% in meno nella<strong> busta paga<\/strong>&#8221;.<\/p>\n<p>Serpeggia la paura tra gli autonomi perch\u00e9 sta per scadere il blocco delle imposte e la ripresa dei pagamenti delle <strong>cartelle esattoriali<\/strong>: &#8221;13 miliardi di imposte sospese solo del 2020 da recuperare, poi ci sono un <strong>centinaio di miliardi <\/strong>di vecchie cartelle esattoriali e a dicembre \u00e8 richiesto il <strong>saldo<\/strong>&#8221;.<\/p>\n<p>La sfida avr\u00e0 inizio nel 2021, quando il governo dovr\u00e0 in ogni modo recuperare, forzatamente i 13 miliardi di imposte, dovr\u00e0 ridurre il deficit pubblico ed impedire il<strong> licenziamento<\/strong> di un <strong>milione di lavoratori <\/strong>ora in cassa integrazione e cosa sar\u00e0 della pressione fiscale? &#8221;O il governo eliminer\u00e0 il reddito di cittadinanza o dovr\u00e0 prevedere una tassa sui ricchi&#8221;. 300 mila lavoratori non hanno visto ancora un solo euro mentre l&#8217;idea politica \u00e8 un ritorno dell&#8217;IMU sulla prima casa! <a class=\"matchTooltip\">Oggi<\/a>, 16 novembre, ogni commerciante dovr\u00e0 sborsare circ<strong>a 2,400 euro<\/strong> tra Inps, rata della dichiarazione dei redditi e anticipo IVA. E le partecipate dallo Stato?<\/p>\n<p>&nbsp;<\/p>\n<p>Degli attuali 5.776 Enti a partecipazione pubblica, quasi un terzo hanno un numero di dipendenti inferiori ai membri del proprio Cda mentre pi\u00f9 di due terzi operano con meno di 20 dipendenti. 2.272 Enti hanno un valore della produzione inferiore a 500mila euro e di questi ben 1.198 risultano in perdita per\u00f2<strong> i debiti <\/strong>ammontano nel complesso a <strong>104,41 miliardi<\/strong> di euro.<\/p>\n<p>Anche questo governo mantiene vivo il clientelismo: &#8221;soldi a pioggia alle grandi aziende a spese delle piccole imprese&#8221;. Un Paese spaccato in due, da un lato abbiamo la muraglia degli statali e dei pensionati, dall&#8217;altro scorre il fiume dove Caronte \u2013 il governo \u2013 accompagna le anime degli autonomi nell&#8217;oltretomba dimenticando che sono proprio loro, i miserabili, a sostenere gli stipendi di tutti gli statali e dei pensionati e cos\u00ec il cane fin\u00ec con il mordersi la gola.<\/p>\n<p>Cambiare rotta subito.<\/p>\n<p>Ricordate l&#8217;Aquila? 11 anni di emergenza e ancora ci sono cumoli di macerie. Questa \u00e8 l&#8217;Italia, un Paese politico che lucra sulle disgrazie, sulle emergenze che drena denaro pubblico senza mai terminare un appalto, un compito. &#8221;Quanto durer\u00e0 l&#8217;emergenza economica post covid? Quanti sucidi, quante morti apparenti in un Paese lento, disorganizzato, pieno di labirinti deviati? Manca la responsabilit\u00e0 penale dei Commissari.<\/p>\n<p><strong>I commissari straordinari non pagano mai, per\u00f2 guadagnano sempre.<\/strong><\/p>\n<p>Lasciate stare le immagini di gente in strada che lasciano intendere lauti guadagni per i commercianti \u2013 qui ci sono intere filiere ferme da da mesi!<\/p>\n<p>Salviamo la produzione, salviamo i lavoratori, gli artigiani, gli autonomi, la nostra economia, il nostro futuro.<\/p>\n<p>&nbsp;<\/p>\n<p>&nbsp;<\/p>\n","protected":false},"excerpt":{"rendered":"<p>Federcontribuenti: &#8221;l&#8217;utilizzo massiccio della cassa integrazione ha significato per le famiglie italiane una riduzione dei redditi pari a 1.600 euro, circa 300 euro in meno al mese, il 22,5% in meno nella busta paga&#8221;. Serpeggia la paura tra gli autonomi perch\u00e9 sta per scadere il blocco delle imposte e la ripresa dei pagamenti delle cartelle [&hellip;]<\/p>\n","protected":false},"author":1,"featured_media":1600,"comment_status":"closed","ping_status":"open","sticky":false,"template":"","format":"standard","meta":{"footnotes":""},"categories":[162],"tags":[999,42,43],"yoast_head":"<!-- This site is optimized with the Yoast SEO plugin v22.2 - https:\/\/yoast.com\/wordpress\/plugins\/seo\/ -->\n<title>Federcontribuenti: Allarme redditi per il 66% dei lavoratori -<\/title>\n<meta name=\"robots\" content=\"index, follow, max-snippet:-1, max-image-preview:large, max-video-preview:-1\" \/>\n<link rel=\"canonical\" href=\"https:\/\/www.italiaeconomiaonline.it\/web\/federcontribuenti-allarme-redditi-per-il-66-dei-lavoratori\/\" \/>\n<meta property=\"og:locale\" content=\"it_IT\" \/>\n<meta property=\"og:type\" content=\"article\" \/>\n<meta property=\"og:title\" content=\"Federcontribuenti: Allarme redditi per il 66% dei lavoratori -\" \/>\n<meta property=\"og:description\" content=\"Federcontribuenti: &#8221;l&#8217;utilizzo massiccio della cassa integrazione ha significato per le famiglie italiane una riduzione dei redditi pari a 1.600 euro, circa 300 euro in meno al mese, il 22,5% in meno nella busta paga&#8221;. Serpeggia la paura tra gli autonomi perch\u00e9 sta per scadere il blocco delle imposte e la ripresa dei pagamenti delle cartelle [&hellip;]\" \/>\n<meta property=\"og:url\" content=\"https:\/\/www.italiaeconomiaonline.it\/web\/federcontribuenti-allarme-redditi-per-il-66-dei-lavoratori\/\" \/>\n<meta property=\"og:site_name\" content=\"ItaliaEconomiaOnline\" \/>\n<meta property=\"article:published_time\" content=\"2020-11-16T11:00:13+00:00\" \/>\n<meta property=\"og:image\" content=\"https:\/\/www.italiaeconomiaonline.it\/web\/wp-content\/uploads\/2019\/08\/Lavoro5.jpg\" \/>\n\t<meta property=\"og:image:width\" content=\"510\" \/>\n\t<meta property=\"og:image:height\" content=\"340\" \/>\n\t<meta property=\"og:image:type\" content=\"image\/jpeg\" \/>\n<meta name=\"author\" content=\"ladyitaliaeconomia\" \/>\n<meta name=\"twitter:card\" content=\"summary_large_image\" \/>\n<meta name=\"twitter:label1\" content=\"Scritto da\" \/>\n\t<meta name=\"twitter:data1\" content=\"ladyitaliaeconomia\" \/>\n\t<meta name=\"twitter:label2\" content=\"Tempo di lettura stimato\" \/>\n\t<meta name=\"twitter:data2\" content=\"2 minuti\" \/>\n<script type=\"application\/ld+json\" class=\"yoast-schema-graph\">{\"@context\":\"https:\/\/schema.org\",\"@graph\":[{\"@type\":\"WebPage\",\"@id\":\"https:\/\/www.italiaeconomiaonline.it\/web\/federcontribuenti-allarme-redditi-per-il-66-dei-lavoratori\/\",\"url\":\"https:\/\/www.italiaeconomiaonline.it\/web\/federcontribuenti-allarme-redditi-per-il-66-dei-lavoratori\/\",\"name\":\"Federcontribuenti: Allarme redditi per il 66% dei lavoratori -\",\"isPartOf\":{\"@id\":\"https:\/\/www.italiaeconomiaonline.it\/web\/#website\"},\"primaryImageOfPage\":{\"@id\":\"https:\/\/www.italiaeconomiaonline.it\/web\/federcontribuenti-allarme-redditi-per-il-66-dei-lavoratori\/#primaryimage\"},\"image\":{\"@id\":\"https:\/\/www.italiaeconomiaonline.it\/web\/federcontribuenti-allarme-redditi-per-il-66-dei-lavoratori\/#primaryimage\"},\"thumbnailUrl\":\"https:\/\/www.italiaeconomiaonline.it\/web\/wp-content\/uploads\/2019\/08\/Lavoro5.jpg\",\"datePublished\":\"2020-11-16T11:00:13+00:00\",\"dateModified\":\"2020-11-16T11:00:13+00:00\",\"author\":{\"@id\":\"https:\/\/www.italiaeconomiaonline.it\/web\/#\/schema\/person\/909a49cce752523b020fbc37d5ab1c31\"},\"breadcrumb\":{\"@id\":\"https:\/\/www.italiaeconomiaonline.it\/web\/federcontribuenti-allarme-redditi-per-il-66-dei-lavoratori\/#breadcrumb\"},\"inLanguage\":\"it-IT\",\"potentialAction\":[{\"@type\":\"ReadAction\",\"target\":[\"https:\/\/www.italiaeconomiaonline.it\/web\/federcontribuenti-allarme-redditi-per-il-66-dei-lavoratori\/\"]}]},{\"@type\":\"ImageObject\",\"inLanguage\":\"it-IT\",\"@id\":\"https:\/\/www.italiaeconomiaonline.it\/web\/federcontribuenti-allarme-redditi-per-il-66-dei-lavoratori\/#primaryimage\",\"url\":\"https:\/\/www.italiaeconomiaonline.it\/web\/wp-content\/uploads\/2019\/08\/Lavoro5.jpg\",\"contentUrl\":\"https:\/\/www.italiaeconomiaonline.it\/web\/wp-content\/uploads\/2019\/08\/Lavoro5.jpg\",\"width\":510,\"height\":340},{\"@type\":\"BreadcrumbList\",\"@id\":\"https:\/\/www.italiaeconomiaonline.it\/web\/federcontribuenti-allarme-redditi-per-il-66-dei-lavoratori\/#breadcrumb\",\"itemListElement\":[{\"@type\":\"ListItem\",\"position\":1,\"name\":\"Home\",\"item\":\"https:\/\/www.italiaeconomiaonline.it\/web\/\"},{\"@type\":\"ListItem\",\"position\":2,\"name\":\"Federcontribuenti: Allarme redditi per il 66% dei lavoratori\"}]},{\"@type\":\"WebSite\",\"@id\":\"https:\/\/www.italiaeconomiaonline.it\/web\/#website\",\"url\":\"https:\/\/www.italiaeconomiaonline.it\/web\/\",\"name\":\"ItaliaEconomiaOnline\",\"description\":\"Quotidiano Economico Online\",\"potentialAction\":[{\"@type\":\"SearchAction\",\"target\":{\"@type\":\"EntryPoint\",\"urlTemplate\":\"https:\/\/www.italiaeconomiaonline.it\/web\/?s={search_term_string}\"},\"query-input\":\"required name=search_term_string\"}],\"inLanguage\":\"it-IT\"},{\"@type\":\"Person\",\"@id\":\"https:\/\/www.italiaeconomiaonline.it\/web\/#\/schema\/person\/909a49cce752523b020fbc37d5ab1c31\",\"name\":\"ladyitaliaeconomia\",\"image\":{\"@type\":\"ImageObject\",\"inLanguage\":\"it-IT\",\"@id\":\"https:\/\/www.italiaeconomiaonline.it\/web\/#\/schema\/person\/image\/\",\"url\":\"https:\/\/secure.gravatar.com\/avatar\/cedca10ce7416a579b9fa6bce9c0a8f2?s=96&d=mm&r=g\",\"contentUrl\":\"https:\/\/secure.gravatar.com\/avatar\/cedca10ce7416a579b9fa6bce9c0a8f2?s=96&d=mm&r=g\",\"caption\":\"ladyitaliaeconomia\"},\"url\":\"https:\/\/www.italiaeconomiaonline.it\/web\/author\/ladyitaliaeconomia\/\"}]}<\/script>\n<!-- \/ Yoast SEO plugin. -->","yoast_head_json":{"title":"Federcontribuenti: Allarme redditi per il 66% dei lavoratori -","robots":{"index":"index","follow":"follow","max-snippet":"max-snippet:-1","max-image-preview":"max-image-preview:large","max-video-preview":"max-video-preview:-1"},"canonical":"https:\/\/www.italiaeconomiaonline.it\/web\/federcontribuenti-allarme-redditi-per-il-66-dei-lavoratori\/","og_locale":"it_IT","og_type":"article","og_title":"Federcontribuenti: Allarme redditi per il 66% dei lavoratori -","og_description":"Federcontribuenti: &#8221;l&#8217;utilizzo massiccio della cassa integrazione ha significato per le famiglie italiane una riduzione dei redditi pari a 1.600 euro, circa 300 euro in meno al mese, il 22,5% in meno nella busta paga&#8221;. Serpeggia la paura tra gli autonomi perch\u00e9 sta per scadere il blocco delle imposte e la ripresa dei pagamenti delle cartelle [&hellip;]","og_url":"https:\/\/www.italiaeconomiaonline.it\/web\/federcontribuenti-allarme-redditi-per-il-66-dei-lavoratori\/","og_site_name":"ItaliaEconomiaOnline","article_published_time":"2020-11-16T11:00:13+00:00","og_image":[{"width":510,"height":340,"url":"https:\/\/www.italiaeconomiaonline.it\/web\/wp-content\/uploads\/2019\/08\/Lavoro5.jpg","type":"image\/jpeg"}],"author":"ladyitaliaeconomia","twitter_card":"summary_large_image","twitter_misc":{"Scritto da":"ladyitaliaeconomia","Tempo di lettura stimato":"2 minuti"},"schema":{"@context":"https:\/\/schema.org","@graph":[{"@type":"WebPage","@id":"https:\/\/www.italiaeconomiaonline.it\/web\/federcontribuenti-allarme-redditi-per-il-66-dei-lavoratori\/","url":"https:\/\/www.italiaeconomiaonline.it\/web\/federcontribuenti-allarme-redditi-per-il-66-dei-lavoratori\/","name":"Federcontribuenti: Allarme redditi per il 66% dei lavoratori -","isPartOf":{"@id":"https:\/\/www.italiaeconomiaonline.it\/web\/#website"},"primaryImageOfPage":{"@id":"https:\/\/www.italiaeconomiaonline.it\/web\/federcontribuenti-allarme-redditi-per-il-66-dei-lavoratori\/#primaryimage"},"image":{"@id":"https:\/\/www.italiaeconomiaonline.it\/web\/federcontribuenti-allarme-redditi-per-il-66-dei-lavoratori\/#primaryimage"},"thumbnailUrl":"https:\/\/www.italiaeconomiaonline.it\/web\/wp-content\/uploads\/2019\/08\/Lavoro5.jpg","datePublished":"2020-11-16T11:00:13+00:00","dateModified":"2020-11-16T11:00:13+00:00","author":{"@id":"https:\/\/www.italiaeconomiaonline.it\/web\/#\/schema\/person\/909a49cce752523b020fbc37d5ab1c31"},"breadcrumb":{"@id":"https:\/\/www.italiaeconomiaonline.it\/web\/federcontribuenti-allarme-redditi-per-il-66-dei-lavoratori\/#breadcrumb"},"inLanguage":"it-IT","potentialAction":[{"@type":"ReadAction","target":["https:\/\/www.italiaeconomiaonline.it\/web\/federcontribuenti-allarme-redditi-per-il-66-dei-lavoratori\/"]}]},{"@type":"ImageObject","inLanguage":"it-IT","@id":"https:\/\/www.italiaeconomiaonline.it\/web\/federcontribuenti-allarme-redditi-per-il-66-dei-lavoratori\/#primaryimage","url":"https:\/\/www.italiaeconomiaonline.it\/web\/wp-content\/uploads\/2019\/08\/Lavoro5.jpg","contentUrl":"https:\/\/www.italiaeconomiaonline.it\/web\/wp-content\/uploads\/2019\/08\/Lavoro5.jpg","width":510,"height":340},{"@type":"BreadcrumbList","@id":"https:\/\/www.italiaeconomiaonline.it\/web\/federcontribuenti-allarme-redditi-per-il-66-dei-lavoratori\/#breadcrumb","itemListElement":[{"@type":"ListItem","position":1,"name":"Home","item":"https:\/\/www.italiaeconomiaonline.it\/web\/"},{"@type":"ListItem","position":2,"name":"Federcontribuenti: Allarme redditi per il 66% dei lavoratori"}]},{"@type":"WebSite","@id":"https:\/\/www.italiaeconomiaonline.it\/web\/#website","url":"https:\/\/www.italiaeconomiaonline.it\/web\/","name":"ItaliaEconomiaOnline","description":"Quotidiano Economico Online","potentialAction":[{"@type":"SearchAction","target":{"@type":"EntryPoint","urlTemplate":"https:\/\/www.italiaeconomiaonline.it\/web\/?s={search_term_string}"},"query-input":"required name=search_term_string"}],"inLanguage":"it-IT"},{"@type":"Person","@id":"https:\/\/www.italiaeconomiaonline.it\/web\/#\/schema\/person\/909a49cce752523b020fbc37d5ab1c31","name":"ladyitaliaeconomia","image":{"@type":"ImageObject","inLanguage":"it-IT","@id":"https:\/\/www.italiaeconomiaonline.it\/web\/#\/schema\/person\/image\/","url":"https:\/\/secure.gravatar.com\/avatar\/cedca10ce7416a579b9fa6bce9c0a8f2?s=96&d=mm&r=g","contentUrl":"https:\/\/secure.gravatar.com\/avatar\/cedca10ce7416a579b9fa6bce9c0a8f2?s=96&d=mm&r=g","caption":"ladyitaliaeconomia"},"url":"https:\/\/www.italiaeconomiaonline.it\/web\/author\/ladyitaliaeconomia\/"}]}},"_links":{"self":[{"href":"https:\/\/www.italiaeconomiaonline.it\/web\/wp-json\/wp\/v2\/posts\/4648"}],"collection":[{"href":"https:\/\/www.italiaeconomiaonline.it\/web\/wp-json\/wp\/v2\/posts"}],"about":[{"href":"https:\/\/www.italiaeconomiaonline.it\/web\/wp-json\/wp\/v2\/types\/post"}],"author":[{"embeddable":true,"href":"https:\/\/www.italiaeconomiaonline.it\/web\/wp-json\/wp\/v2\/users\/1"}],"replies":[{"embeddable":true,"href":"https:\/\/www.italiaeconomiaonline.it\/web\/wp-json\/wp\/v2\/comments?post=4648"}],"version-history":[{"count":1,"href":"https:\/\/www.italiaeconomiaonline.it\/web\/wp-json\/wp\/v2\/posts\/4648\/revisions"}],"predecessor-version":[{"id":4649,"href":"https:\/\/www.italiaeconomiaonline.it\/web\/wp-json\/wp\/v2\/posts\/4648\/revisions\/4649"}],"wp:featuredmedia":[{"embeddable":true,"href":"https:\/\/www.italiaeconomiaonline.it\/web\/wp-json\/wp\/v2\/media\/1600"}],"wp:attachment":[{"href":"https:\/\/www.italiaeconomiaonline.it\/web\/wp-json\/wp\/v2\/media?parent=4648"}],"wp:term":[{"taxonomy":"category","embeddable":true,"href":"https:\/\/www.italiaeconomiaonline.it\/web\/wp-json\/wp\/v2\/categories?post=4648"},{"taxonomy":"post_tag","embeddable":true,"href":"https:\/\/www.italiaeconomiaonline.it\/web\/wp-json\/wp\/v2\/tags?post=4648"}],"curies":[{"name":"wp","href":"https:\/\/api.w.org\/{rel}","templated":true}]}}