{"id":4656,"date":"2020-11-17T10:50:25","date_gmt":"2020-11-17T09:50:25","guid":{"rendered":"http:\/\/www.italiaeconomiaonline.it\/web\/?p=4656"},"modified":"2020-11-17T10:50:25","modified_gmt":"2020-11-17T09:50:25","slug":"congiuntura-confcommercio-e-di-nuovo-emergenza-consumi-81","status":"publish","type":"post","link":"https:\/\/www.italiaeconomiaonline.it\/web\/congiuntura-confcommercio-e-di-nuovo-emergenza-consumi-81\/","title":{"rendered":"Congiuntura Confcommercio: \u00e8 di nuovo emergenza consumi (-8,1%)"},"content":{"rendered":"<p align=\"JUSTIFY\"><span style=\"font-family: Verdana, serif;\"><span style=\"font-size: small;\"><span class=\"dropcap dropcap3\">D<\/span>opo la forte ripresa registrata nel terzo trimestre, periodo che si era peraltro chiuso con alcuni segnali di indebolimento, a partire da ottobre la situazione congiunturale ha conosciuto un rapido deterioramento. <\/span><\/span><\/p>\n<p align=\"JUSTIFY\"><span style=\"font-family: Verdana, serif;\"><span style=\"font-size: small;\">Il riacutizzarsi della pandemia e l\u2019avvio delle prime misure di contenimento hanno determinato per molte filiere produttive l\u2019interruzione del lento e faticoso processo di ritorno a una situazione meno emergenziale. Nel confronto annuo l\u2019ICC di ottobre ha visto amplificarsi il divario rispetto ai livelli registrati nello stesso mese del 2019.<\/span><\/span><\/p>\n<p align=\"JUSTIFY\"><span style=\"font-family: Verdana, serif;\"><span style=\"font-size: small;\"> La variazione si attesta al -8,1% (-5,1% a settembre). Il rallentamento, seppure diffuso, ha interessato in misura pi\u00f9 immediata e significativa la filiera del turismo, dei servizi per il tempo libero ed i trasporti con riduzioni della domanda che si avvicinerebbero a quelle registrate a marzo.<\/span><\/span><\/p>\n<p align=\"JUSTIFY\"><span style=\"font-family: Verdana, serif;\"><span style=\"font-size: small;\">Il deterioramento del contesto economico, associato all\u2019acuirsi del clima d\u2019incertezza, ha determinato un rapido peggioramento del Pil. Per il mese di novembre si stima una riduzione del 7,7% su ottobre e del 12,1% nel confronto annuo. Le dinamiche registrate negli ultimi due mesi, a meno di un eccezionale, ma improbabile, recupero a dicembre, portano a stimare preliminarmente una decrescita congiunturale del Pil nel quarto trimestre superiore al 4%. Queste valutazioni non comporterebbero modifiche nella dinamica complessiva del Pil per il 2020 (tra il -9% e il -9,5%), grazie a un terzo trimestre decisamente pi\u00f9 favorevole rispetto alle stime, ma implicherebbero un\u2019entrata ben peggiore nel 2021, facendo svanire le pi\u00f9 ottimistiche previsioni di rimbalzo statistico per l\u2019anno prossimo. <\/span><\/span><\/p>\n<h3 class=\"western\"><\/h3>\n<h3 class=\"western\"><span style=\"color: #00000a;\"><span style=\"font-family: Verdana, serif;\"><span style=\"font-size: small;\">PIL MENSILE<\/span><\/span><\/span><\/h3>\n<p><span style=\"font-family: Verdana, serif;\"><span style=\"font-size: small;\">Gi\u00e0 nel mese di settembre, in linea con l\u2019emergere dei primi segnali di una seconda ondata della pandemia in molti paesi, il quadro congiunturale ha evidenziato i primi segnali di rallentamento. La produzione industriale ha mostrato un peggioramento congiunturale del 5,6%, al netto dei fattori stagionali, con una flessione del 5,2% su base annua. Gli occupati, pur risultando stabili in termini congiunturali, hanno mostrato, rispetto allo stesso periodo dell\u2019anno precedente una riduzione dell\u20191,7%. Il <\/span><\/span><span style=\"font-family: Verdana, serif;\"><span style=\"font-size: small;\"><i>sentiment<\/i><\/span><\/span><span style=\"font-family: Verdana, serif;\"><span style=\"font-size: small;\"> delle imprese del commercio al dettaglio ha registrato nel mese di ottobre un aumento dell\u20191,9% congiunturale, a fronte per\u00f2 di una riduzione tendenziale del 9,3%.<\/span><\/span><\/p>\n<p><span style=\"font-family: Verdana, serif;\"><span style=\"font-size: small;\">Considerando i provvedimenti susseguitisi nel mese di ottobre e le chiusure a macchia di leopardo iniziate ai primi di novembre, si stima per il mese in corso un calo congiunturale del Pil, al netto dei fattori stagionali, del 7,7%, dato che porterebbe ad una decrescita del 12,1% rispetto allo stesso mese del 2019.<\/span><\/span><\/p>\n<h3 class=\"western\"><span style=\"color: #00000a;\"><span style=\"font-family: Verdana, serif;\"><span style=\"font-size: small;\">ICC (INDICATORE CONSUMI CONFCOMMERCIO)<\/span><\/span><\/span><\/h3>\n<p><span style=\"font-family: Verdana, serif;\"><span style=\"font-size: small;\">Anche i risultati di ottobre 2020 dell\u2019Indicatore dei Consumi Confcommercio (ICC) vengono pubblicati solo in forma grezza e nel confronto annuo, con un\u2019indicazione pi\u00f9 dettagliata degli andamenti delle diverse voci che compongono le macro funzioni di spesa. Ad ottobre, in linea con l\u2019emergere della seconda ondata, la fase di recupero della domanda, che aveva gi\u00e0 mostrato segnali di minor vivacit\u00e0 a settembre, si \u00e8 interrotta. Il peggioramento pur interessando in misura pi\u00f9 significativa la componente relativa ai servizi, appare piuttosto diffuso.<\/span><\/span><\/p>\n<p><span style=\"font-family: Verdana, serif;\"><span style=\"font-size: small;\">L\u2019indicatore dei consumi registra, nel confronto annuo, un calo dell\u20198,1%\u00a0 sintesi di una sostanziale stabilit\u00e0 della domanda per i beni (+0,2%) e di un calo del 27,7% per i servizi.<\/span><\/span><\/p>\n<h3 class=\"western\"><span style=\"color: #00000a;\"><span style=\"font-family: Verdana, serif;\"><span style=\"font-size: small;\">LE DINAMICHE TENDENZIALI<\/span><\/span><\/span><\/h3>\n<p align=\"JUSTIFY\"><span style=\"font-family: Verdana, serif;\"><span style=\"font-size: small;\">Analizzando le dinamiche tendenziali delle diverse funzioni di consumo si conferma un andamento molto articolato. Il deterioramento della crisi sanitaria, anche a livello internazionale, e le progressive restrizioni hanno avuto una ricaduta negativa quasi immediata sui segmenti legati alle spese per la mobilit\u00e0 e per il tempo libero. Tali segmenti, in molti casi, nonostante la ripresa registrata nel terzo trimestre, scontavano ancora ritardi significativi nel confronto annuo, elemento che amplifica lo stato di difficolt\u00e0 delle imprese che operano in questi settori. <\/span><\/span><\/p>\n<p align=\"JUSTIFY\"><span style=\"font-family: Verdana, serif;\"><span style=\"font-size: small;\">Fattori di criticit\u00e0 continuano a interessare la domanda di quei beni come l\u2019abbigliamento e le calzature che, seppure in modo indiretto, risentono delle minori occasioni di socialit\u00e0. Ad ottobre sono emersi rallentamenti anche nelle dinamiche della domanda verso molti beni durevoli. In particolare, per le autovetture vendute a privati, che avevano mostrato un importante recupero ad agosto e settembre, il confronto annuo segnala un andamento meno favorevole, a conferma dei timori di quanti ipotizzavano dinamiche pi\u00f9 contenute negli ultimi mesi dell\u2019anno, anche a seguito del mancato rifinanziamento di alcune misure per il rinnovo del parco auto.<\/span><\/span><\/p>\n<h3 class=\"western\"><span style=\"color: #00000a;\"><span style=\"font-family: Verdana, serif;\"><span style=\"font-size: small;\">PREZZI: LE TENDENZE A BREVE TERMINE DEI PREZZI AL CONSUMO<\/span><\/span><\/span><\/h3>\n<p align=\"JUSTIFY\"><span style=\"font-family: Verdana, serif;\"><span style=\"font-size: small;\">Sulla base delle dinamiche registrate dalle diverse variabili che concorrono alla formazione dei prezzi al consumo, per il mese di novembre 2020 si stima un decremento dello 0,1% in termini congiunturali e dello 0,2% nel confronto con lo stesso mese del 2019, confermando la deflazione in atto da maggio.<\/span><\/span><\/p>\n","protected":false},"excerpt":{"rendered":"<p>Dopo la forte ripresa registrata nel terzo trimestre, periodo che si era peraltro chiuso con alcuni segnali di indebolimento, a partire da ottobre la situazione congiunturale ha conosciuto un rapido deterioramento. Il riacutizzarsi della pandemia e l\u2019avvio delle prime misure di contenimento hanno determinato per molte filiere produttive l\u2019interruzione del lento e faticoso processo di [&hellip;]<\/p>\n","protected":false},"author":1,"featured_media":21,"comment_status":"closed","ping_status":"open","sticky":false,"template":"","format":"standard","meta":{"footnotes":""},"categories":[612],"tags":[726],"yoast_head":"<!-- This site is optimized with the Yoast SEO plugin v22.2 - https:\/\/yoast.com\/wordpress\/plugins\/seo\/ -->\n<title>Congiuntura Confcommercio: \u00e8 di nuovo emergenza consumi (-8,1%) -<\/title>\n<meta name=\"robots\" content=\"index, follow, max-snippet:-1, max-image-preview:large, max-video-preview:-1\" \/>\n<link rel=\"canonical\" href=\"https:\/\/www.italiaeconomiaonline.it\/web\/congiuntura-confcommercio-e-di-nuovo-emergenza-consumi-81\/\" \/>\n<meta property=\"og:locale\" content=\"it_IT\" \/>\n<meta property=\"og:type\" content=\"article\" \/>\n<meta property=\"og:title\" content=\"Congiuntura Confcommercio: \u00e8 di nuovo emergenza consumi (-8,1%) -\" \/>\n<meta property=\"og:description\" content=\"Dopo la forte ripresa registrata nel terzo trimestre, periodo che si era peraltro chiuso con alcuni segnali di indebolimento, a partire da ottobre la situazione congiunturale ha conosciuto un rapido deterioramento. Il riacutizzarsi della pandemia e l\u2019avvio delle prime misure di contenimento hanno determinato per molte filiere produttive l\u2019interruzione del lento e faticoso processo di [&hellip;]\" \/>\n<meta property=\"og:url\" content=\"https:\/\/www.italiaeconomiaonline.it\/web\/congiuntura-confcommercio-e-di-nuovo-emergenza-consumi-81\/\" \/>\n<meta property=\"og:site_name\" content=\"ItaliaEconomiaOnline\" \/>\n<meta property=\"article:published_time\" content=\"2020-11-17T09:50:25+00:00\" \/>\n<meta property=\"og:image\" content=\"https:\/\/www.italiaeconomiaonline.it\/web\/wp-content\/uploads\/2018\/07\/p2-e1531909427362.jpg\" \/>\n\t<meta property=\"og:image:width\" content=\"1065\" \/>\n\t<meta property=\"og:image:height\" content=\"782\" \/>\n\t<meta property=\"og:image:type\" content=\"image\/jpeg\" \/>\n<meta name=\"author\" content=\"ladyitaliaeconomia\" \/>\n<meta name=\"twitter:card\" content=\"summary_large_image\" \/>\n<meta name=\"twitter:label1\" content=\"Scritto da\" \/>\n\t<meta name=\"twitter:data1\" content=\"ladyitaliaeconomia\" \/>\n\t<meta name=\"twitter:label2\" content=\"Tempo di lettura stimato\" \/>\n\t<meta name=\"twitter:data2\" content=\"4 minuti\" \/>\n<script type=\"application\/ld+json\" class=\"yoast-schema-graph\">{\"@context\":\"https:\/\/schema.org\",\"@graph\":[{\"@type\":\"WebPage\",\"@id\":\"https:\/\/www.italiaeconomiaonline.it\/web\/congiuntura-confcommercio-e-di-nuovo-emergenza-consumi-81\/\",\"url\":\"https:\/\/www.italiaeconomiaonline.it\/web\/congiuntura-confcommercio-e-di-nuovo-emergenza-consumi-81\/\",\"name\":\"Congiuntura Confcommercio: \u00e8 di nuovo emergenza consumi (-8,1%) -\",\"isPartOf\":{\"@id\":\"https:\/\/www.italiaeconomiaonline.it\/web\/#website\"},\"primaryImageOfPage\":{\"@id\":\"https:\/\/www.italiaeconomiaonline.it\/web\/congiuntura-confcommercio-e-di-nuovo-emergenza-consumi-81\/#primaryimage\"},\"image\":{\"@id\":\"https:\/\/www.italiaeconomiaonline.it\/web\/congiuntura-confcommercio-e-di-nuovo-emergenza-consumi-81\/#primaryimage\"},\"thumbnailUrl\":\"https:\/\/www.italiaeconomiaonline.it\/web\/wp-content\/uploads\/2018\/07\/p2-e1531909427362.jpg\",\"datePublished\":\"2020-11-17T09:50:25+00:00\",\"dateModified\":\"2020-11-17T09:50:25+00:00\",\"author\":{\"@id\":\"https:\/\/www.italiaeconomiaonline.it\/web\/#\/schema\/person\/909a49cce752523b020fbc37d5ab1c31\"},\"breadcrumb\":{\"@id\":\"https:\/\/www.italiaeconomiaonline.it\/web\/congiuntura-confcommercio-e-di-nuovo-emergenza-consumi-81\/#breadcrumb\"},\"inLanguage\":\"it-IT\",\"potentialAction\":[{\"@type\":\"ReadAction\",\"target\":[\"https:\/\/www.italiaeconomiaonline.it\/web\/congiuntura-confcommercio-e-di-nuovo-emergenza-consumi-81\/\"]}]},{\"@type\":\"ImageObject\",\"inLanguage\":\"it-IT\",\"@id\":\"https:\/\/www.italiaeconomiaonline.it\/web\/congiuntura-confcommercio-e-di-nuovo-emergenza-consumi-81\/#primaryimage\",\"url\":\"https:\/\/www.italiaeconomiaonline.it\/web\/wp-content\/uploads\/2018\/07\/p2-e1531909427362.jpg\",\"contentUrl\":\"https:\/\/www.italiaeconomiaonline.it\/web\/wp-content\/uploads\/2018\/07\/p2-e1531909427362.jpg\",\"width\":1065,\"height\":782},{\"@type\":\"BreadcrumbList\",\"@id\":\"https:\/\/www.italiaeconomiaonline.it\/web\/congiuntura-confcommercio-e-di-nuovo-emergenza-consumi-81\/#breadcrumb\",\"itemListElement\":[{\"@type\":\"ListItem\",\"position\":1,\"name\":\"Home\",\"item\":\"https:\/\/www.italiaeconomiaonline.it\/web\/\"},{\"@type\":\"ListItem\",\"position\":2,\"name\":\"Congiuntura Confcommercio: \u00e8 di nuovo emergenza consumi (-8,1%)\"}]},{\"@type\":\"WebSite\",\"@id\":\"https:\/\/www.italiaeconomiaonline.it\/web\/#website\",\"url\":\"https:\/\/www.italiaeconomiaonline.it\/web\/\",\"name\":\"ItaliaEconomiaOnline\",\"description\":\"Quotidiano Economico Online\",\"potentialAction\":[{\"@type\":\"SearchAction\",\"target\":{\"@type\":\"EntryPoint\",\"urlTemplate\":\"https:\/\/www.italiaeconomiaonline.it\/web\/?s={search_term_string}\"},\"query-input\":\"required name=search_term_string\"}],\"inLanguage\":\"it-IT\"},{\"@type\":\"Person\",\"@id\":\"https:\/\/www.italiaeconomiaonline.it\/web\/#\/schema\/person\/909a49cce752523b020fbc37d5ab1c31\",\"name\":\"ladyitaliaeconomia\",\"image\":{\"@type\":\"ImageObject\",\"inLanguage\":\"it-IT\",\"@id\":\"https:\/\/www.italiaeconomiaonline.it\/web\/#\/schema\/person\/image\/\",\"url\":\"https:\/\/secure.gravatar.com\/avatar\/cedca10ce7416a579b9fa6bce9c0a8f2?s=96&d=mm&r=g\",\"contentUrl\":\"https:\/\/secure.gravatar.com\/avatar\/cedca10ce7416a579b9fa6bce9c0a8f2?s=96&d=mm&r=g\",\"caption\":\"ladyitaliaeconomia\"},\"url\":\"https:\/\/www.italiaeconomiaonline.it\/web\/author\/ladyitaliaeconomia\/\"}]}<\/script>\n<!-- \/ Yoast SEO plugin. -->","yoast_head_json":{"title":"Congiuntura Confcommercio: \u00e8 di nuovo emergenza consumi (-8,1%) -","robots":{"index":"index","follow":"follow","max-snippet":"max-snippet:-1","max-image-preview":"max-image-preview:large","max-video-preview":"max-video-preview:-1"},"canonical":"https:\/\/www.italiaeconomiaonline.it\/web\/congiuntura-confcommercio-e-di-nuovo-emergenza-consumi-81\/","og_locale":"it_IT","og_type":"article","og_title":"Congiuntura Confcommercio: \u00e8 di nuovo emergenza consumi (-8,1%) -","og_description":"Dopo la forte ripresa registrata nel terzo trimestre, periodo che si era peraltro chiuso con alcuni segnali di indebolimento, a partire da ottobre la situazione congiunturale ha conosciuto un rapido deterioramento. Il riacutizzarsi della pandemia e l\u2019avvio delle prime misure di contenimento hanno determinato per molte filiere produttive l\u2019interruzione del lento e faticoso processo di [&hellip;]","og_url":"https:\/\/www.italiaeconomiaonline.it\/web\/congiuntura-confcommercio-e-di-nuovo-emergenza-consumi-81\/","og_site_name":"ItaliaEconomiaOnline","article_published_time":"2020-11-17T09:50:25+00:00","og_image":[{"width":1065,"height":782,"url":"https:\/\/www.italiaeconomiaonline.it\/web\/wp-content\/uploads\/2018\/07\/p2-e1531909427362.jpg","type":"image\/jpeg"}],"author":"ladyitaliaeconomia","twitter_card":"summary_large_image","twitter_misc":{"Scritto da":"ladyitaliaeconomia","Tempo di lettura stimato":"4 minuti"},"schema":{"@context":"https:\/\/schema.org","@graph":[{"@type":"WebPage","@id":"https:\/\/www.italiaeconomiaonline.it\/web\/congiuntura-confcommercio-e-di-nuovo-emergenza-consumi-81\/","url":"https:\/\/www.italiaeconomiaonline.it\/web\/congiuntura-confcommercio-e-di-nuovo-emergenza-consumi-81\/","name":"Congiuntura Confcommercio: \u00e8 di nuovo emergenza consumi (-8,1%) -","isPartOf":{"@id":"https:\/\/www.italiaeconomiaonline.it\/web\/#website"},"primaryImageOfPage":{"@id":"https:\/\/www.italiaeconomiaonline.it\/web\/congiuntura-confcommercio-e-di-nuovo-emergenza-consumi-81\/#primaryimage"},"image":{"@id":"https:\/\/www.italiaeconomiaonline.it\/web\/congiuntura-confcommercio-e-di-nuovo-emergenza-consumi-81\/#primaryimage"},"thumbnailUrl":"https:\/\/www.italiaeconomiaonline.it\/web\/wp-content\/uploads\/2018\/07\/p2-e1531909427362.jpg","datePublished":"2020-11-17T09:50:25+00:00","dateModified":"2020-11-17T09:50:25+00:00","author":{"@id":"https:\/\/www.italiaeconomiaonline.it\/web\/#\/schema\/person\/909a49cce752523b020fbc37d5ab1c31"},"breadcrumb":{"@id":"https:\/\/www.italiaeconomiaonline.it\/web\/congiuntura-confcommercio-e-di-nuovo-emergenza-consumi-81\/#breadcrumb"},"inLanguage":"it-IT","potentialAction":[{"@type":"ReadAction","target":["https:\/\/www.italiaeconomiaonline.it\/web\/congiuntura-confcommercio-e-di-nuovo-emergenza-consumi-81\/"]}]},{"@type":"ImageObject","inLanguage":"it-IT","@id":"https:\/\/www.italiaeconomiaonline.it\/web\/congiuntura-confcommercio-e-di-nuovo-emergenza-consumi-81\/#primaryimage","url":"https:\/\/www.italiaeconomiaonline.it\/web\/wp-content\/uploads\/2018\/07\/p2-e1531909427362.jpg","contentUrl":"https:\/\/www.italiaeconomiaonline.it\/web\/wp-content\/uploads\/2018\/07\/p2-e1531909427362.jpg","width":1065,"height":782},{"@type":"BreadcrumbList","@id":"https:\/\/www.italiaeconomiaonline.it\/web\/congiuntura-confcommercio-e-di-nuovo-emergenza-consumi-81\/#breadcrumb","itemListElement":[{"@type":"ListItem","position":1,"name":"Home","item":"https:\/\/www.italiaeconomiaonline.it\/web\/"},{"@type":"ListItem","position":2,"name":"Congiuntura Confcommercio: \u00e8 di nuovo emergenza consumi (-8,1%)"}]},{"@type":"WebSite","@id":"https:\/\/www.italiaeconomiaonline.it\/web\/#website","url":"https:\/\/www.italiaeconomiaonline.it\/web\/","name":"ItaliaEconomiaOnline","description":"Quotidiano Economico Online","potentialAction":[{"@type":"SearchAction","target":{"@type":"EntryPoint","urlTemplate":"https:\/\/www.italiaeconomiaonline.it\/web\/?s={search_term_string}"},"query-input":"required name=search_term_string"}],"inLanguage":"it-IT"},{"@type":"Person","@id":"https:\/\/www.italiaeconomiaonline.it\/web\/#\/schema\/person\/909a49cce752523b020fbc37d5ab1c31","name":"ladyitaliaeconomia","image":{"@type":"ImageObject","inLanguage":"it-IT","@id":"https:\/\/www.italiaeconomiaonline.it\/web\/#\/schema\/person\/image\/","url":"https:\/\/secure.gravatar.com\/avatar\/cedca10ce7416a579b9fa6bce9c0a8f2?s=96&d=mm&r=g","contentUrl":"https:\/\/secure.gravatar.com\/avatar\/cedca10ce7416a579b9fa6bce9c0a8f2?s=96&d=mm&r=g","caption":"ladyitaliaeconomia"},"url":"https:\/\/www.italiaeconomiaonline.it\/web\/author\/ladyitaliaeconomia\/"}]}},"_links":{"self":[{"href":"https:\/\/www.italiaeconomiaonline.it\/web\/wp-json\/wp\/v2\/posts\/4656"}],"collection":[{"href":"https:\/\/www.italiaeconomiaonline.it\/web\/wp-json\/wp\/v2\/posts"}],"about":[{"href":"https:\/\/www.italiaeconomiaonline.it\/web\/wp-json\/wp\/v2\/types\/post"}],"author":[{"embeddable":true,"href":"https:\/\/www.italiaeconomiaonline.it\/web\/wp-json\/wp\/v2\/users\/1"}],"replies":[{"embeddable":true,"href":"https:\/\/www.italiaeconomiaonline.it\/web\/wp-json\/wp\/v2\/comments?post=4656"}],"version-history":[{"count":1,"href":"https:\/\/www.italiaeconomiaonline.it\/web\/wp-json\/wp\/v2\/posts\/4656\/revisions"}],"predecessor-version":[{"id":4657,"href":"https:\/\/www.italiaeconomiaonline.it\/web\/wp-json\/wp\/v2\/posts\/4656\/revisions\/4657"}],"wp:featuredmedia":[{"embeddable":true,"href":"https:\/\/www.italiaeconomiaonline.it\/web\/wp-json\/wp\/v2\/media\/21"}],"wp:attachment":[{"href":"https:\/\/www.italiaeconomiaonline.it\/web\/wp-json\/wp\/v2\/media?parent=4656"}],"wp:term":[{"taxonomy":"category","embeddable":true,"href":"https:\/\/www.italiaeconomiaonline.it\/web\/wp-json\/wp\/v2\/categories?post=4656"},{"taxonomy":"post_tag","embeddable":true,"href":"https:\/\/www.italiaeconomiaonline.it\/web\/wp-json\/wp\/v2\/tags?post=4656"}],"curies":[{"name":"wp","href":"https:\/\/api.w.org\/{rel}","templated":true}]}}